{"id":11519,"date":"2017-03-21T08:17:11","date_gmt":"2017-03-21T08:17:11","guid":{"rendered":"http:\/\/www.reciplasa.es\/2017\/03\/21\/reciplasa-aprueba-las-cuentas-de-2016-que-arrojan-un-resultado-positivo\/"},"modified":"2023-07-25T14:57:47","modified_gmt":"2023-07-25T14:57:47","slug":"reciplasa-aprova-els-comptes-de-2016-que-llancen-un-resultat-positiu","status":"publish","type":"post","link":"https:\/\/www.reciplasa.es\/va\/reciplasa-aprova-els-comptes-de-2016-que-llancen-un-resultat-positiu\/","title":{"rendered":"Reciplasa aprova els comptes de 2016 que llancen un resultat positiu"},"content":{"rendered":"<p><i><span style=\"font-weight: 400;\">Despr\u00e9s del tancament de dos exercicis anteriors amb p\u00e8rdues es recupera la senda positiva per la major aportaci\u00f3 dels Ajuntaments a trav\u00e9s del c\u00e0non.<\/span><\/i><\/p>\n<p>El Consell d&#8217;Administraci\u00f3 de Reciplasa, Reciclats de Residus La Plana, S.A. celebrat avui ha aprovat els comptes de l&#8217;any 2016. El balan\u00e7 de resultats llan\u00e7a que s&#8217;ha recuperat la senda dels beneficis per l&#8217;augment dels c\u00e0nons als ajuntaments clients de l&#8217;empresa p\u00fablica.<\/p>\n<p>A\u00e7\u00f2 es produeix despr\u00e9s de dos anys en els quals els resultats no havien pogut ser aix\u00ed per una s\u00e8rie de circumst\u00e0ncies, entre les quals destaca el rebliment de l&#8217;abocador d&#8217;Onda i l&#8217;obligaci\u00f3 de traslladar el rebuig a abocadors externs. Durant el 2016, tal com s&#8217;extrau de l&#8217;informe econ\u00f2mic, la societat ha desenvolupat la seua activitat centrant-se en una millora constant del servei prestat als ajuntaments socis i s&#8217;ha continuat amb una renovaci\u00f3 i modernitzaci\u00f3 de les instal\u00b7lacions, que s\u00f3n mod\u00e8liques en el sector de tractament de residus.<\/p>\n<p>La presidenta de Reciplasa i vicealcaldessa de Castell\u00f3, Ali Brancal, destaca que \u201caquesta empresa p\u00fablica no t\u00e9 \u00e0nim de lucre, per tant, aquest benefici ser\u00e0 reinvertit en la societat per a la millora del tractament dels residus. Tenim un llarg cam\u00ed per davant, per\u00f2 afrontem aquest 2017 amb optimisme, ja que anem a invertir en la millora de les instal\u00b7lacions de les plantes d&#8217;Onda i Almassora perqu\u00e8 siguen encara m\u00e9s ecol\u00f2giques i mantinguen millor relaci\u00f3 amb el medi ambient\u201d.<\/p>\n<p>Cal recordar que Reciplasa va a dur a terme en els pr\u00f2xims anys una inversi\u00f3 de 40 milions d&#8217;euros, en els pr\u00f2xims quatre anys, en la modernitzaci\u00f3 de la planta, sempre des del respecte m\u00e9s absolut i la cura mediambiental, tal com es contempla en el Pla de Gesti\u00f3 del Pla Zonal de Residus C2 que es va aprovar a l&#8217;octubre del 2016. \u201cPretenem millorar els processos i invertir en tecnologia per a augmentar el reciclatge, a\u00e7\u00f2 ens permetr\u00e0 treballar per a intentar que en el 2020 la cota d&#8217;abocament no siga superior al 35% i el 2030 al 10%\u201d, explica Brancal.<\/p>\n<p>La presidenta conclou que \u201cles inversions solucionaran la problem\u00e0tica existent i ens permetran seguir avan\u00e7ant en la cura del nostre entorn. A m\u00e9s, anem a treballar perqu\u00e8 cada vegada es genere menys residu en les nostres ciutats, \u00e9s necessari que entre totes i tots ens conscienciem i aconseguim aquest objectiu perqu\u00e8 est\u00e0 en joc el futur\u201d.<\/p>\n","protected":false},"excerpt":{"rendered":"<p>Despr\u00e9s del tancament de dos exercicis anteriors amb p\u00e8rdues es recupera la senda positiva per la major aportaci\u00f3 dels Ajuntaments a trav\u00e9s del c\u00e0non. El Consell d&#8217;Administraci\u00f3 de Reciplasa, Reciclats de Residus La Plana, S.A. celebrat avui ha aprovat els comptes de l&#8217;any 2016. El balan\u00e7 de resultats llan\u00e7a que s&#8217;ha recuperat la senda delsDale que hay m\u00e1s &#8230;<\/p>\n","protected":false},"author":1,"featured_media":12089,"comment_status":"closed","ping_status":"closed","sticky":false,"template":"","format":"standard","meta":{"footnotes":""},"categories":[87],"tags":[],"class_list":["post-11519","post","type-post","status-publish","format-standard","has-post-thumbnail","hentry","category-noticies-corporatives"],"yoast_head":"<!-- This site is optimized with the Yoast SEO plugin v27.4 - https:\/\/yoast.com\/product\/yoast-seo-wordpress\/ -->\n<title>Reciplasa aprova els comptes de 2016 que llancen un resultat positiu - RECIPLASA<\/title>\n<meta name=\"robots\" content=\"index, follow, max-snippet:-1, max-image-preview:large, max-video-preview:-1\" \/>\n<link rel=\"canonical\" href=\"https:\/\/www.reciplasa.es\/reciplasa-aprova-els-comptes-de-2016-que-llancen-un-resultat-positiu\/\" \/>\n<meta property=\"og:locale\" content=\"en_US\" \/>\n<meta property=\"og:type\" content=\"article\" \/>\n<meta property=\"og:title\" content=\"Reciplasa aprova els comptes de 2016 que llancen un resultat positiu - RECIPLASA\" \/>\n<meta property=\"og:description\" content=\"Despr\u00e9s del tancament de dos exercicis anteriors amb p\u00e8rdues es recupera la senda positiva per la major aportaci\u00f3 dels Ajuntaments a trav\u00e9s del c\u00e0non. El Consell d&#8217;Administraci\u00f3 de Reciplasa, Reciclats de Residus La Plana, S.A. celebrat avui ha aprovat els comptes de l&#8217;any 2016. El balan\u00e7 de resultats llan\u00e7a que s&#8217;ha recuperat la senda delsDale que hay m\u00e1s ...\" \/>\n<meta property=\"og:url\" content=\"https:\/\/www.reciplasa.es\/reciplasa-aprova-els-comptes-de-2016-que-llancen-un-resultat-positiu\/\" \/>\n<meta property=\"og:site_name\" content=\"RECIPLASA\" \/>\n<meta property=\"article:published_time\" content=\"2017-03-21T08:17:11+00:00\" \/>\n<meta property=\"article:modified_time\" content=\"2023-07-25T14:57:47+00:00\" \/>\n<meta property=\"og:image\" content=\"https:\/\/www.reciplasa.es\/wp-content\/uploads\/2016\/11\/U2B0838-como-objeto-inteligente-1-copia.jpg\" \/>\n\t<meta property=\"og:image:width\" content=\"3543\" \/>\n\t<meta property=\"og:image:height\" content=\"2380\" \/>\n\t<meta property=\"og:image:type\" content=\"image\/jpeg\" \/>\n<meta name=\"author\" content=\"admin\" \/>\n<meta name=\"twitter:card\" content=\"summary_large_image\" \/>\n<meta name=\"twitter:label1\" content=\"Written by\" \/>\n\t<meta name=\"twitter:data1\" content=\"admin\" \/>\n\t<meta name=\"twitter:label2\" content=\"Est. reading time\" \/>\n\t<meta name=\"twitter:data2\" content=\"2 minutes\" \/>\n<script type=\"application\/ld+json\" class=\"yoast-schema-graph\">{\"@context\":\"https:\\\/\\\/schema.org\",\"@graph\":[{\"@type\":\"Article\",\"@id\":\"https:\\\/\\\/www.reciplasa.es\\\/reciplasa-aprova-els-comptes-de-2016-que-llancen-un-resultat-positiu\\\/#article\",\"isPartOf\":{\"@id\":\"https:\\\/\\\/www.reciplasa.es\\\/reciplasa-aprova-els-comptes-de-2016-que-llancen-un-resultat-positiu\\\/\"},\"author\":{\"name\":\"admin\",\"@id\":\"https:\\\/\\\/www.reciplasa.es\\\/#\\\/schema\\\/person\\\/83956c0809d24aff6f2d007e72ba3962\"},\"headline\":\"Reciplasa aprova els comptes de 2016 que llancen un resultat positiu\",\"datePublished\":\"2017-03-21T08:17:11+00:00\",\"dateModified\":\"2023-07-25T14:57:47+00:00\",\"mainEntityOfPage\":{\"@id\":\"https:\\\/\\\/www.reciplasa.es\\\/reciplasa-aprova-els-comptes-de-2016-que-llancen-un-resultat-positiu\\\/\"},\"wordCount\":432,\"image\":{\"@id\":\"https:\\\/\\\/www.reciplasa.es\\\/reciplasa-aprova-els-comptes-de-2016-que-llancen-un-resultat-positiu\\\/#primaryimage\"},\"thumbnailUrl\":\"https:\\\/\\\/www.reciplasa.es\\\/wp-content\\\/uploads\\\/2016\\\/11\\\/U2B0838-como-objeto-inteligente-1-copia.jpg\",\"articleSection\":[\"Not\u00edcies corporatives\"],\"inLanguage\":\"va-VA\"},{\"@type\":\"WebPage\",\"@id\":\"https:\\\/\\\/www.reciplasa.es\\\/reciplasa-aprova-els-comptes-de-2016-que-llancen-un-resultat-positiu\\\/\",\"url\":\"https:\\\/\\\/www.reciplasa.es\\\/reciplasa-aprova-els-comptes-de-2016-que-llancen-un-resultat-positiu\\\/\",\"name\":\"Reciplasa aprova els comptes de 2016 que llancen un resultat positiu - RECIPLASA\",\"isPartOf\":{\"@id\":\"https:\\\/\\\/www.reciplasa.es\\\/#website\"},\"primaryImageOfPage\":{\"@id\":\"https:\\\/\\\/www.reciplasa.es\\\/reciplasa-aprova-els-comptes-de-2016-que-llancen-un-resultat-positiu\\\/#primaryimage\"},\"image\":{\"@id\":\"https:\\\/\\\/www.reciplasa.es\\\/reciplasa-aprova-els-comptes-de-2016-que-llancen-un-resultat-positiu\\\/#primaryimage\"},\"thumbnailUrl\":\"https:\\\/\\\/www.reciplasa.es\\\/wp-content\\\/uploads\\\/2016\\\/11\\\/U2B0838-como-objeto-inteligente-1-copia.jpg\",\"datePublished\":\"2017-03-21T08:17:11+00:00\",\"dateModified\":\"2023-07-25T14:57:47+00:00\",\"author\":{\"@id\":\"https:\\\/\\\/www.reciplasa.es\\\/#\\\/schema\\\/person\\\/83956c0809d24aff6f2d007e72ba3962\"},\"breadcrumb\":{\"@id\":\"https:\\\/\\\/www.reciplasa.es\\\/reciplasa-aprova-els-comptes-de-2016-que-llancen-un-resultat-positiu\\\/#breadcrumb\"},\"inLanguage\":\"va-VA\",\"potentialAction\":[{\"@type\":\"ReadAction\",\"target\":[\"https:\\\/\\\/www.reciplasa.es\\\/reciplasa-aprova-els-comptes-de-2016-que-llancen-un-resultat-positiu\\\/\"]}]},{\"@type\":\"ImageObject\",\"inLanguage\":\"va-VA\",\"@id\":\"https:\\\/\\\/www.reciplasa.es\\\/reciplasa-aprova-els-comptes-de-2016-que-llancen-un-resultat-positiu\\\/#primaryimage\",\"url\":\"https:\\\/\\\/www.reciplasa.es\\\/wp-content\\\/uploads\\\/2016\\\/11\\\/U2B0838-como-objeto-inteligente-1-copia.jpg\",\"contentUrl\":\"https:\\\/\\\/www.reciplasa.es\\\/wp-content\\\/uploads\\\/2016\\\/11\\\/U2B0838-como-objeto-inteligente-1-copia.jpg\",\"width\":3543,\"height\":2380},{\"@type\":\"BreadcrumbList\",\"@id\":\"https:\\\/\\\/www.reciplasa.es\\\/reciplasa-aprova-els-comptes-de-2016-que-llancen-un-resultat-positiu\\\/#breadcrumb\",\"itemListElement\":[{\"@type\":\"ListItem\",\"position\":1,\"name\":\"Portada\",\"item\":\"https:\\\/\\\/www.reciplasa.es\\\/va\\\/\"},{\"@type\":\"ListItem\",\"position\":2,\"name\":\"Reciplasa aprova els comptes de 2016 que llancen un resultat positiu\"}]},{\"@type\":\"WebSite\",\"@id\":\"https:\\\/\\\/www.reciplasa.es\\\/#website\",\"url\":\"https:\\\/\\\/www.reciplasa.es\\\/\",\"name\":\"RECIPLASA\",\"description\":\"Reciclats de Residus La Plana SA\",\"potentialAction\":[{\"@type\":\"SearchAction\",\"target\":{\"@type\":\"EntryPoint\",\"urlTemplate\":\"https:\\\/\\\/www.reciplasa.es\\\/?s={search_term_string}\"},\"query-input\":{\"@type\":\"PropertyValueSpecification\",\"valueRequired\":true,\"valueName\":\"search_term_string\"}}],\"inLanguage\":\"va-VA\"},{\"@type\":\"Person\",\"@id\":\"https:\\\/\\\/www.reciplasa.es\\\/#\\\/schema\\\/person\\\/83956c0809d24aff6f2d007e72ba3962\",\"name\":\"admin\",\"image\":{\"@type\":\"ImageObject\",\"inLanguage\":\"va-VA\",\"@id\":\"https:\\\/\\\/secure.gravatar.com\\\/avatar\\\/48f95f42a3ccc324f3a3458e4b9e6fb070b083e99d388e170c1afb061fa99b63?s=96&d=mm&r=g\",\"url\":\"https:\\\/\\\/secure.gravatar.com\\\/avatar\\\/48f95f42a3ccc324f3a3458e4b9e6fb070b083e99d388e170c1afb061fa99b63?s=96&d=mm&r=g\",\"contentUrl\":\"https:\\\/\\\/secure.gravatar.com\\\/avatar\\\/48f95f42a3ccc324f3a3458e4b9e6fb070b083e99d388e170c1afb061fa99b63?s=96&d=mm&r=g\",\"caption\":\"admin\"},\"url\":\"https:\\\/\\\/www.reciplasa.es\\\/va\\\/author\\\/admin\\\/\"}]}<\/script>\n<!-- \/ Yoast SEO plugin. -->","yoast_head_json":{"title":"Reciplasa aprova els comptes de 2016 que llancen un resultat positiu - RECIPLASA","robots":{"index":"index","follow":"follow","max-snippet":"max-snippet:-1","max-image-preview":"max-image-preview:large","max-video-preview":"max-video-preview:-1"},"canonical":"https:\/\/www.reciplasa.es\/reciplasa-aprova-els-comptes-de-2016-que-llancen-un-resultat-positiu\/","og_locale":"en_US","og_type":"article","og_title":"Reciplasa aprova els comptes de 2016 que llancen un resultat positiu - RECIPLASA","og_description":"Despr\u00e9s del tancament de dos exercicis anteriors amb p\u00e8rdues es recupera la senda positiva per la major aportaci\u00f3 dels Ajuntaments a trav\u00e9s del c\u00e0non. El Consell d&#8217;Administraci\u00f3 de Reciplasa, Reciclats de Residus La Plana, S.A. celebrat avui ha aprovat els comptes de l&#8217;any 2016. El balan\u00e7 de resultats llan\u00e7a que s&#8217;ha recuperat la senda delsDale que hay m\u00e1s ...","og_url":"https:\/\/www.reciplasa.es\/reciplasa-aprova-els-comptes-de-2016-que-llancen-un-resultat-positiu\/","og_site_name":"RECIPLASA","article_published_time":"2017-03-21T08:17:11+00:00","article_modified_time":"2023-07-25T14:57:47+00:00","og_image":[{"width":3543,"height":2380,"url":"https:\/\/www.reciplasa.es\/wp-content\/uploads\/2016\/11\/U2B0838-como-objeto-inteligente-1-copia.jpg","type":"image\/jpeg"}],"author":"admin","twitter_card":"summary_large_image","twitter_misc":{"Written by":"admin","Est. reading time":"2 minutes"},"schema":{"@context":"https:\/\/schema.org","@graph":[{"@type":"Article","@id":"https:\/\/www.reciplasa.es\/reciplasa-aprova-els-comptes-de-2016-que-llancen-un-resultat-positiu\/#article","isPartOf":{"@id":"https:\/\/www.reciplasa.es\/reciplasa-aprova-els-comptes-de-2016-que-llancen-un-resultat-positiu\/"},"author":{"name":"admin","@id":"https:\/\/www.reciplasa.es\/#\/schema\/person\/83956c0809d24aff6f2d007e72ba3962"},"headline":"Reciplasa aprova els comptes de 2016 que llancen un resultat positiu","datePublished":"2017-03-21T08:17:11+00:00","dateModified":"2023-07-25T14:57:47+00:00","mainEntityOfPage":{"@id":"https:\/\/www.reciplasa.es\/reciplasa-aprova-els-comptes-de-2016-que-llancen-un-resultat-positiu\/"},"wordCount":432,"image":{"@id":"https:\/\/www.reciplasa.es\/reciplasa-aprova-els-comptes-de-2016-que-llancen-un-resultat-positiu\/#primaryimage"},"thumbnailUrl":"https:\/\/www.reciplasa.es\/wp-content\/uploads\/2016\/11\/U2B0838-como-objeto-inteligente-1-copia.jpg","articleSection":["Not\u00edcies corporatives"],"inLanguage":"va-VA"},{"@type":"WebPage","@id":"https:\/\/www.reciplasa.es\/reciplasa-aprova-els-comptes-de-2016-que-llancen-un-resultat-positiu\/","url":"https:\/\/www.reciplasa.es\/reciplasa-aprova-els-comptes-de-2016-que-llancen-un-resultat-positiu\/","name":"Reciplasa aprova els comptes de 2016 que llancen un resultat positiu - RECIPLASA","isPartOf":{"@id":"https:\/\/www.reciplasa.es\/#website"},"primaryImageOfPage":{"@id":"https:\/\/www.reciplasa.es\/reciplasa-aprova-els-comptes-de-2016-que-llancen-un-resultat-positiu\/#primaryimage"},"image":{"@id":"https:\/\/www.reciplasa.es\/reciplasa-aprova-els-comptes-de-2016-que-llancen-un-resultat-positiu\/#primaryimage"},"thumbnailUrl":"https:\/\/www.reciplasa.es\/wp-content\/uploads\/2016\/11\/U2B0838-como-objeto-inteligente-1-copia.jpg","datePublished":"2017-03-21T08:17:11+00:00","dateModified":"2023-07-25T14:57:47+00:00","author":{"@id":"https:\/\/www.reciplasa.es\/#\/schema\/person\/83956c0809d24aff6f2d007e72ba3962"},"breadcrumb":{"@id":"https:\/\/www.reciplasa.es\/reciplasa-aprova-els-comptes-de-2016-que-llancen-un-resultat-positiu\/#breadcrumb"},"inLanguage":"va-VA","potentialAction":[{"@type":"ReadAction","target":["https:\/\/www.reciplasa.es\/reciplasa-aprova-els-comptes-de-2016-que-llancen-un-resultat-positiu\/"]}]},{"@type":"ImageObject","inLanguage":"va-VA","@id":"https:\/\/www.reciplasa.es\/reciplasa-aprova-els-comptes-de-2016-que-llancen-un-resultat-positiu\/#primaryimage","url":"https:\/\/www.reciplasa.es\/wp-content\/uploads\/2016\/11\/U2B0838-como-objeto-inteligente-1-copia.jpg","contentUrl":"https:\/\/www.reciplasa.es\/wp-content\/uploads\/2016\/11\/U2B0838-como-objeto-inteligente-1-copia.jpg","width":3543,"height":2380},{"@type":"BreadcrumbList","@id":"https:\/\/www.reciplasa.es\/reciplasa-aprova-els-comptes-de-2016-que-llancen-un-resultat-positiu\/#breadcrumb","itemListElement":[{"@type":"ListItem","position":1,"name":"Portada","item":"https:\/\/www.reciplasa.es\/va\/"},{"@type":"ListItem","position":2,"name":"Reciplasa aprova els comptes de 2016 que llancen un resultat positiu"}]},{"@type":"WebSite","@id":"https:\/\/www.reciplasa.es\/#website","url":"https:\/\/www.reciplasa.es\/","name":"RECIPLASA","description":"Reciclats de Residus La Plana SA","potentialAction":[{"@type":"SearchAction","target":{"@type":"EntryPoint","urlTemplate":"https:\/\/www.reciplasa.es\/?s={search_term_string}"},"query-input":{"@type":"PropertyValueSpecification","valueRequired":true,"valueName":"search_term_string"}}],"inLanguage":"va-VA"},{"@type":"Person","@id":"https:\/\/www.reciplasa.es\/#\/schema\/person\/83956c0809d24aff6f2d007e72ba3962","name":"admin","image":{"@type":"ImageObject","inLanguage":"va-VA","@id":"https:\/\/secure.gravatar.com\/avatar\/48f95f42a3ccc324f3a3458e4b9e6fb070b083e99d388e170c1afb061fa99b63?s=96&d=mm&r=g","url":"https:\/\/secure.gravatar.com\/avatar\/48f95f42a3ccc324f3a3458e4b9e6fb070b083e99d388e170c1afb061fa99b63?s=96&d=mm&r=g","contentUrl":"https:\/\/secure.gravatar.com\/avatar\/48f95f42a3ccc324f3a3458e4b9e6fb070b083e99d388e170c1afb061fa99b63?s=96&d=mm&r=g","caption":"admin"},"url":"https:\/\/www.reciplasa.es\/va\/author\/admin\/"}]}},"_links":{"self":[{"href":"https:\/\/www.reciplasa.es\/va\/wp-json\/wp\/v2\/posts\/11519","targetHints":{"allow":["GET"]}}],"collection":[{"href":"https:\/\/www.reciplasa.es\/va\/wp-json\/wp\/v2\/posts"}],"about":[{"href":"https:\/\/www.reciplasa.es\/va\/wp-json\/wp\/v2\/types\/post"}],"author":[{"embeddable":true,"href":"https:\/\/www.reciplasa.es\/va\/wp-json\/wp\/v2\/users\/1"}],"replies":[{"embeddable":true,"href":"https:\/\/www.reciplasa.es\/va\/wp-json\/wp\/v2\/comments?post=11519"}],"version-history":[{"count":6,"href":"https:\/\/www.reciplasa.es\/va\/wp-json\/wp\/v2\/posts\/11519\/revisions"}],"predecessor-version":[{"id":12824,"href":"https:\/\/www.reciplasa.es\/va\/wp-json\/wp\/v2\/posts\/11519\/revisions\/12824"}],"wp:featuredmedia":[{"embeddable":true,"href":"https:\/\/www.reciplasa.es\/va\/wp-json\/wp\/v2\/media\/12089"}],"wp:attachment":[{"href":"https:\/\/www.reciplasa.es\/va\/wp-json\/wp\/v2\/media?parent=11519"}],"wp:term":[{"taxonomy":"category","embeddable":true,"href":"https:\/\/www.reciplasa.es\/va\/wp-json\/wp\/v2\/categories?post=11519"},{"taxonomy":"post_tag","embeddable":true,"href":"https:\/\/www.reciplasa.es\/va\/wp-json\/wp\/v2\/tags?post=11519"}],"curies":[{"name":"wp","href":"https:\/\/api.w.org\/{rel}","templated":true}]}}