{"id":11522,"date":"2017-03-01T08:01:13","date_gmt":"2017-03-01T08:01:13","guid":{"rendered":"http:\/\/www.reciplasa.es\/2017\/03\/01\/la-catedra-reciplasa-de-la-uji-hace-un-balance-positivo-del-primer-ano-de-trabajo-y-se-propone-llegar-a-mas-ciudadanos-con-la-divulgacion\/"},"modified":"2017-08-16T09:19:44","modified_gmt":"2017-08-16T09:19:44","slug":"la-catedra-reciplasa-de-luji-fa-un-balanc-positiu-del-seu-primer-any-de-treball-i-es-proposa-arribar-a-mes-ciutadans-amb-la-divulgacio","status":"publish","type":"post","link":"https:\/\/www.reciplasa.es\/va\/la-catedra-reciplasa-de-luji-fa-un-balanc-positiu-del-seu-primer-any-de-treball-i-es-proposa-arribar-a-mes-ciutadans-amb-la-divulgacio\/","title":{"rendered":"La C\u00e0tedra Reciplasa de l\u2019UJI fa un balan\u00e7 positiu del seu primer any de treball i es proposa arribar a m\u00e9s ciutadans amb la divulgaci\u00f3"},"content":{"rendered":"<p>&nbsp;<\/p>\n<p><span style=\"font-weight: 400; color: #000000;\">La C\u00e0tedra Reciplasa de Gesti\u00f3 de Residus Urbans de la Universitat Jaume I ha presentat avui dimecres 1 de mar\u00e7 de 2017 la mem\u00f2ria de les activitats realitzades durant el seu primer any de vida, sota el doble objectiu, d&#8217;una banda, de donar visibilitat a les recerques que es realitzen en el camp dels residus urbans, i, per una altra, d&#8217;afavorir la divulgaci\u00f3 d&#8217;aquesta tem\u00e0tica entre la poblaci\u00f3 amb el prop\u00f2sit d&#8217;augmentar el seu coneixement.<\/span><\/p>\n<p><span style=\"font-weight: 400; color: #000000;\">En l&#8217;acte han participat els membres de la comissi\u00f3 de seguiment de la C\u00e0tedra: la presidenta de Reciplasa i vicealcaldessa de Castell\u00f3, Ali Brancal; el vicerector d&#8217;Economia i PAS de la UJI, Miguel \u00c1ngel Moliner; el director t\u00e8cnic de Reciplasa, Fernando Albarr\u00e1n; i el director de la C\u00e0tedra Reciplasa de la UJI, el catedr\u00e0tic de Qu\u00edmica Anal\u00edtica, F\u00e9lix Hern\u00e1ndez.<\/span><\/p>\n<p><span style=\"font-weight: 400; color: #000000;\">La presidenta, Ali Brancal, ha explicat durant la presentaci\u00f3 que la C\u00e0tedra va n\u00e0ixer amb \u00abla voluntat d&#8217;implicar la recerca en la soluci\u00f3 dels problemes t\u00e8cnics i millorar la gesti\u00f3 de residus urbans\u00bb i el vicerector d&#8217;Economia i PAS, Miguel \u00c1ngel Moliner, ha incidit en l&#8217;aspecte m\u00e9s divulgatiu de la C\u00e0tedra amb la finalitat \u00abd&#8217;informar encara m\u00e9s al p\u00fablic sobre aquest tema i sobre els estudis de recerca que es realitzen\u00bb.<\/span><\/p>\n<p><span style=\"font-weight: 400; color: #000000;\">A continuaci\u00f3, el director de la C\u00e0tedra, F\u00e9lix Hern\u00e1ndez, ha realitzat un rep\u00e0s de les activitats m\u00e9s destacades de 2016. Despr\u00e9s de la seua creaci\u00f3, el 18 de febrer, al maig els grups de recerca que han col\u00b7laborat amb Reciplasa durant els \u00faltims 10 anys van explicar els seus projectes. Un mes despr\u00e9s es van signar sengles convenis amb el IUPA i el Grup INGRES per a desenvolupar dos projectes de recerca. I finalment, en el mes de novembre, coincidint amb la commemoraci\u00f3 de la Setmana de la Ci\u00e8ncia, es va organitzar la conferencia \u00abGesti\u00f3 de residus urbans i canvi clim\u00e0tic. Alian\u00e7a per la sostenibilitat\u00bb a c\u00e0rrec de la periodista especialitzada al mig ambient Maria Josep Pic\u00f3 qui va explicar que \u00abs\u00f3n priorit\u00e0ries mesures actives per a frenar l&#8217;impacte del tractament de residus s\u00f2lids en el canvi clim\u00e0tic\u00bb.<\/span><\/p>\n<p><span style=\"font-weight: 400; color: #000000;\">El catedr\u00e0tic de Qu\u00edmica Anal\u00edtica tamb\u00e9 ha avan\u00e7at algunes de les activitats d&#8217;enguany, que consistiran, entre unes altres, en la realitzaci\u00f3 d&#8217;una taula redona sobre residus en qu\u00e8 s&#8217;espera la participaci\u00f3 ciutadana i l&#8217;assist\u00e8ncia a la Ecofira. Hern\u00e1ndez, qui s&#8217;ha mostrat molt satisfet dels resultats del primer any de funcionament ha comentat tamb\u00e9 que es continuar\u00e0 amb els dos projectes de recerca i que \u00e9s d&#8217;inter\u00e8s de les persones que formen l&#8217;equip de la C\u00e0tedra \u00abacostar el que es fa al gran p\u00fablic\u00bb.<\/span><\/p>\n<p><span style=\"font-weight: 400; color: #000000;\">Finalment, el gerent de Reciplasa, Fernando Albarr\u00e1n, ha comentat el projecte sobre combustibles s\u00f2lids recuperats, que es duu a terme des de 2005, \u00e9s un estudi de llarg recorregut que continuar\u00e0 amb la determinaci\u00f3 de \u00abquins aspectes s&#8217;han de millorar o implementar a la planta per a aconseguir que els rebutjos canvien la seua catalogaci\u00f3 de residu i siguen aprofitables com a combustibles per la ind\u00fastria\u00bb.<\/span><\/p>\n<p><span style=\"color: #000000;\"><b>Treball de recerca de l&#8217;Institut Universitari de Plaguicides i Aig\u00fces de Busot (IUPA)<\/b><\/span><\/p>\n<p><span style=\"font-weight: 400; color: #000000;\">El IUPA ha realitzat durant l&#8217;any 2016 un estudi sobre els contaminants org\u00e0nics en les aig\u00fces de l&#8217;entorn a la planta de tractament de residus s\u00f2lids urbans (RSU) del terme municipal d&#8217;Onda, amb el prop\u00f2sit de controlar la pres\u00e8ncia de determinats compostos, protegir la qualitat de l&#8217;aigua i evitar, si escau, el consum d&#8217;aigua contaminada que poguera provocar problemes de salut.<\/span><\/p>\n<p><span style=\"font-weight: 400; color: #000000;\">Els resultats obtinguts han indicat que la contaminaci\u00f3 de les aig\u00fces de l&#8217;entorn de la planta de Reciplasa prov\u00e9, quasi exclusivament, de les activitats agr\u00edcoles, perqu\u00e8 els contaminants detectats amb major freq\u00fc\u00e8ncia i en alts nivells han sigut els plaguicides. A m\u00e9s, no s&#8217;han trobat evid\u00e8ncies d&#8217;un impacte negatiu de la planta de tractament en les aig\u00fces de l&#8217;entorn. El projecte preveu una continu\u00eftat de l&#8217;estudi incloent a m\u00e9s els contaminants emergents (f\u00e0rmacs, productes d&#8217;higiene personal, etc).<\/span><\/p>\n<p><span style=\"color: #000000;\"><b>Treball de recerca del Grup d&#8217;Enginyeria de Residus<\/b><\/span><\/p>\n<p><span style=\"font-weight: 400; color: #000000;\">El Grup d&#8217;Enginyeria de Residus de la UJI ha iniciat una recerca que t\u00e9 per objectiu determinar la situaci\u00f3 actual del combustible s\u00f2lid recuperat (CSR) que es produeix en la planta d&#8217;Onda amb altres combustibles alternatius del mercat i estudiar la possibilitat de fer-ho viable energ\u00e8ticament.<\/span><\/p>\n<p><span style=\"font-weight: 400; color: #000000;\">Actualment en les plantes de tractament de residus s\u00f2lids urbans, a m\u00e9s de recuperar els materials destinats al reciclatge, es generen uns \u00abrebutjos\u00bb amb un alt contingut energ\u00e8tic. La principal alternativa \u00e9s convertir-los en combustible s\u00f2lid recuperat (CSR) per a reduir els residus en els abocadors i proporcionar combustibles alternatius a les ind\u00fastries que fan un \u00fas intensiu d&#8217;energia no renovable.<\/span><\/p>\n<p><span style=\"font-weight: 400; color: #000000;\">La producci\u00f3 de rebutjos en les plantes espanyoles en el 2012 va ser d&#8217;uns 7,3 milions de tones, de les quals nom\u00e9s el 3% es va convertir en combustible s\u00f2lid recuperat (CSR). El treball de recerca ha estimat que si tot el rebuig es converteix en CSR es podrien generar al voltant de 6.000 GWh d&#8217;electricitat, la qual cosa podria satisfer la demanda de 5,2 milions de ciutadans.<\/span><\/p>\n<p><span style=\"font-weight: 400; color: #000000;\">Mem\u00f2ria de la C\u00e1tedra:<\/span><\/p>\n<p><a href=\"http:\/\/catedrareciplasa.uji.es\/es\/2017\/02\/28\/memoria-investigacion-2016\/\" target=\"_blank\" rel=\"noopener noreferrer\"><span style=\"color: #0000ff;\">http:\/\/catedrareciplasa.uji.es\/es\/2017\/02\/28\/memoria-investigacion-2016\/\u00a0<\/span><\/a><\/p>\n<p><span style=\"font-weight: 400; color: #000000;\">Imatges de la reuni\u00f3 de la comissi\u00f3 i de la presentaci\u00f3:<\/span><\/p>\n<p><a href=\"https:\/\/www.uji.es\/com\/fotonoticies\/arxiu\/2017\/03\/01\/reunio-catedra-reciplasa\/\" target=\"_blank\" rel=\"noopener noreferrer\"><span style=\"color: #0000ff;\">https:\/\/www.uji.es\/com\/fotonoticies\/arxiu\/2017\/03\/01\/reunio-catedra-reciplasa\/<\/span><\/a><\/p>\n","protected":false},"excerpt":{"rendered":"<p>&nbsp; La C\u00e0tedra Reciplasa de Gesti\u00f3 de Residus Urbans de la Universitat Jaume I ha presentat avui dimecres 1 de mar\u00e7 de 2017 la mem\u00f2ria de les activitats realitzades durant el seu primer any de vida, sota el doble objectiu, d&#8217;una banda, de donar visibilitat a les recerques que es realitzen en el camp delsDale que hay m\u00e1s &#8230;<\/p>\n","protected":false},"author":1,"featured_media":12094,"comment_status":"closed","ping_status":"closed","sticky":false,"template":"","format":"standard","meta":{"footnotes":""},"categories":[88],"tags":[],"class_list":["post-11522","post","type-post","status-publish","format-standard","has-post-thumbnail","hentry","category-catedra-reciplasa-uji"],"yoast_head":"<!-- This site is optimized with the Yoast SEO plugin v27.4 - https:\/\/yoast.com\/product\/yoast-seo-wordpress\/ -->\n<title>La C\u00e0tedra Reciplasa de l\u2019UJI fa un balan\u00e7 positiu del seu primer any de treball i es proposa arribar a m\u00e9s ciutadans amb la divulgaci\u00f3 - RECIPLASA<\/title>\n<meta name=\"robots\" content=\"index, follow, max-snippet:-1, max-image-preview:large, max-video-preview:-1\" \/>\n<link rel=\"canonical\" href=\"https:\/\/www.reciplasa.es\/la-catedra-reciplasa-de-la-uji-hace-un-balance-positivo-del-primer-ano-de-trabajo-y-se-propone-llegar-a-mas-ciudadanos-con-la-divulgacion\/\" \/>\n<meta property=\"og:locale\" content=\"en_US\" \/>\n<meta property=\"og:type\" content=\"article\" \/>\n<meta property=\"og:title\" content=\"La C\u00e0tedra Reciplasa de l\u2019UJI fa un balan\u00e7 positiu del seu primer any de treball i es proposa arribar a m\u00e9s ciutadans amb la divulgaci\u00f3 - RECIPLASA\" \/>\n<meta property=\"og:description\" content=\"&nbsp; La C\u00e0tedra Reciplasa de Gesti\u00f3 de Residus Urbans de la Universitat Jaume I ha presentat avui dimecres 1 de mar\u00e7 de 2017 la mem\u00f2ria de les activitats realitzades durant el seu primer any de vida, sota el doble objectiu, d&#8217;una banda, de donar visibilitat a les recerques que es realitzen en el camp delsDale que hay m\u00e1s ...\" \/>\n<meta property=\"og:url\" content=\"https:\/\/www.reciplasa.es\/la-catedra-reciplasa-de-la-uji-hace-un-balance-positivo-del-primer-ano-de-trabajo-y-se-propone-llegar-a-mas-ciudadanos-con-la-divulgacion\/\" \/>\n<meta property=\"og:site_name\" content=\"RECIPLASA\" \/>\n<meta property=\"article:published_time\" content=\"2017-03-01T08:01:13+00:00\" \/>\n<meta property=\"article:modified_time\" content=\"2017-08-16T09:19:44+00:00\" \/>\n<meta property=\"og:image\" content=\"https:\/\/www.reciplasa.es\/wp-content\/uploads\/2017\/03\/Catedra_RECIPLASA_17DLL23.jpg\" \/>\n\t<meta property=\"og:image:width\" content=\"3072\" \/>\n\t<meta property=\"og:image:height\" content=\"2048\" \/>\n\t<meta property=\"og:image:type\" content=\"image\/jpeg\" \/>\n<meta name=\"author\" content=\"admin\" \/>\n<meta name=\"twitter:card\" content=\"summary_large_image\" \/>\n<meta name=\"twitter:label1\" content=\"Written by\" \/>\n\t<meta name=\"twitter:data1\" content=\"admin\" \/>\n\t<meta name=\"twitter:label2\" content=\"Est. reading time\" \/>\n\t<meta name=\"twitter:data2\" content=\"5 minutes\" \/>\n<script type=\"application\/ld+json\" class=\"yoast-schema-graph\">{\"@context\":\"https:\\\/\\\/schema.org\",\"@graph\":[{\"@type\":\"Article\",\"@id\":\"https:\\\/\\\/www.reciplasa.es\\\/la-catedra-reciplasa-de-la-uji-hace-un-balance-positivo-del-primer-ano-de-trabajo-y-se-propone-llegar-a-mas-ciudadanos-con-la-divulgacion\\\/#article\",\"isPartOf\":{\"@id\":\"https:\\\/\\\/www.reciplasa.es\\\/la-catedra-reciplasa-de-la-uji-hace-un-balance-positivo-del-primer-ano-de-trabajo-y-se-propone-llegar-a-mas-ciudadanos-con-la-divulgacion\\\/\"},\"author\":{\"name\":\"admin\",\"@id\":\"https:\\\/\\\/www.reciplasa.es\\\/#\\\/schema\\\/person\\\/83956c0809d24aff6f2d007e72ba3962\"},\"headline\":\"La C\u00e0tedra Reciplasa de l\u2019UJI fa un balan\u00e7 positiu del seu primer any de treball i es proposa arribar a m\u00e9s ciutadans amb la divulgaci\u00f3\",\"datePublished\":\"2017-03-01T08:01:13+00:00\",\"dateModified\":\"2017-08-16T09:19:44+00:00\",\"mainEntityOfPage\":{\"@id\":\"https:\\\/\\\/www.reciplasa.es\\\/la-catedra-reciplasa-de-la-uji-hace-un-balance-positivo-del-primer-ano-de-trabajo-y-se-propone-llegar-a-mas-ciudadanos-con-la-divulgacion\\\/\"},\"wordCount\":983,\"image\":{\"@id\":\"https:\\\/\\\/www.reciplasa.es\\\/la-catedra-reciplasa-de-la-uji-hace-un-balance-positivo-del-primer-ano-de-trabajo-y-se-propone-llegar-a-mas-ciudadanos-con-la-divulgacion\\\/#primaryimage\"},\"thumbnailUrl\":\"https:\\\/\\\/www.reciplasa.es\\\/wp-content\\\/uploads\\\/2017\\\/03\\\/Catedra_RECIPLASA_17DLL23.jpg\",\"articleSection\":[\"C\u00e0tedra Reciplasa-UJI\"],\"inLanguage\":\"va-VA\"},{\"@type\":\"WebPage\",\"@id\":\"https:\\\/\\\/www.reciplasa.es\\\/la-catedra-reciplasa-de-la-uji-hace-un-balance-positivo-del-primer-ano-de-trabajo-y-se-propone-llegar-a-mas-ciudadanos-con-la-divulgacion\\\/\",\"url\":\"https:\\\/\\\/www.reciplasa.es\\\/la-catedra-reciplasa-de-la-uji-hace-un-balance-positivo-del-primer-ano-de-trabajo-y-se-propone-llegar-a-mas-ciudadanos-con-la-divulgacion\\\/\",\"name\":\"La C\u00e0tedra Reciplasa de l\u2019UJI fa un balan\u00e7 positiu del seu primer any de treball i es proposa arribar a m\u00e9s ciutadans amb la divulgaci\u00f3 - RECIPLASA\",\"isPartOf\":{\"@id\":\"https:\\\/\\\/www.reciplasa.es\\\/#website\"},\"primaryImageOfPage\":{\"@id\":\"https:\\\/\\\/www.reciplasa.es\\\/la-catedra-reciplasa-de-la-uji-hace-un-balance-positivo-del-primer-ano-de-trabajo-y-se-propone-llegar-a-mas-ciudadanos-con-la-divulgacion\\\/#primaryimage\"},\"image\":{\"@id\":\"https:\\\/\\\/www.reciplasa.es\\\/la-catedra-reciplasa-de-la-uji-hace-un-balance-positivo-del-primer-ano-de-trabajo-y-se-propone-llegar-a-mas-ciudadanos-con-la-divulgacion\\\/#primaryimage\"},\"thumbnailUrl\":\"https:\\\/\\\/www.reciplasa.es\\\/wp-content\\\/uploads\\\/2017\\\/03\\\/Catedra_RECIPLASA_17DLL23.jpg\",\"datePublished\":\"2017-03-01T08:01:13+00:00\",\"dateModified\":\"2017-08-16T09:19:44+00:00\",\"author\":{\"@id\":\"https:\\\/\\\/www.reciplasa.es\\\/#\\\/schema\\\/person\\\/83956c0809d24aff6f2d007e72ba3962\"},\"breadcrumb\":{\"@id\":\"https:\\\/\\\/www.reciplasa.es\\\/la-catedra-reciplasa-de-la-uji-hace-un-balance-positivo-del-primer-ano-de-trabajo-y-se-propone-llegar-a-mas-ciudadanos-con-la-divulgacion\\\/#breadcrumb\"},\"inLanguage\":\"va-VA\",\"potentialAction\":[{\"@type\":\"ReadAction\",\"target\":[\"https:\\\/\\\/www.reciplasa.es\\\/la-catedra-reciplasa-de-la-uji-hace-un-balance-positivo-del-primer-ano-de-trabajo-y-se-propone-llegar-a-mas-ciudadanos-con-la-divulgacion\\\/\"]}]},{\"@type\":\"ImageObject\",\"inLanguage\":\"va-VA\",\"@id\":\"https:\\\/\\\/www.reciplasa.es\\\/la-catedra-reciplasa-de-la-uji-hace-un-balance-positivo-del-primer-ano-de-trabajo-y-se-propone-llegar-a-mas-ciudadanos-con-la-divulgacion\\\/#primaryimage\",\"url\":\"https:\\\/\\\/www.reciplasa.es\\\/wp-content\\\/uploads\\\/2017\\\/03\\\/Catedra_RECIPLASA_17DLL23.jpg\",\"contentUrl\":\"https:\\\/\\\/www.reciplasa.es\\\/wp-content\\\/uploads\\\/2017\\\/03\\\/Catedra_RECIPLASA_17DLL23.jpg\",\"width\":3072,\"height\":2048},{\"@type\":\"BreadcrumbList\",\"@id\":\"https:\\\/\\\/www.reciplasa.es\\\/la-catedra-reciplasa-de-la-uji-hace-un-balance-positivo-del-primer-ano-de-trabajo-y-se-propone-llegar-a-mas-ciudadanos-con-la-divulgacion\\\/#breadcrumb\",\"itemListElement\":[{\"@type\":\"ListItem\",\"position\":1,\"name\":\"Portada\",\"item\":\"https:\\\/\\\/www.reciplasa.es\\\/va\\\/\"},{\"@type\":\"ListItem\",\"position\":2,\"name\":\"La C\u00e0tedra Reciplasa de l\u2019UJI fa un balan\u00e7 positiu del seu primer any de treball i es proposa arribar a m\u00e9s ciutadans amb la divulgaci\u00f3\"}]},{\"@type\":\"WebSite\",\"@id\":\"https:\\\/\\\/www.reciplasa.es\\\/#website\",\"url\":\"https:\\\/\\\/www.reciplasa.es\\\/\",\"name\":\"RECIPLASA\",\"description\":\"Reciclats de Residus La Plana SA\",\"potentialAction\":[{\"@type\":\"SearchAction\",\"target\":{\"@type\":\"EntryPoint\",\"urlTemplate\":\"https:\\\/\\\/www.reciplasa.es\\\/?s={search_term_string}\"},\"query-input\":{\"@type\":\"PropertyValueSpecification\",\"valueRequired\":true,\"valueName\":\"search_term_string\"}}],\"inLanguage\":\"va-VA\"},{\"@type\":\"Person\",\"@id\":\"https:\\\/\\\/www.reciplasa.es\\\/#\\\/schema\\\/person\\\/83956c0809d24aff6f2d007e72ba3962\",\"name\":\"admin\",\"image\":{\"@type\":\"ImageObject\",\"inLanguage\":\"va-VA\",\"@id\":\"https:\\\/\\\/secure.gravatar.com\\\/avatar\\\/48f95f42a3ccc324f3a3458e4b9e6fb070b083e99d388e170c1afb061fa99b63?s=96&d=mm&r=g\",\"url\":\"https:\\\/\\\/secure.gravatar.com\\\/avatar\\\/48f95f42a3ccc324f3a3458e4b9e6fb070b083e99d388e170c1afb061fa99b63?s=96&d=mm&r=g\",\"contentUrl\":\"https:\\\/\\\/secure.gravatar.com\\\/avatar\\\/48f95f42a3ccc324f3a3458e4b9e6fb070b083e99d388e170c1afb061fa99b63?s=96&d=mm&r=g\",\"caption\":\"admin\"},\"url\":\"https:\\\/\\\/www.reciplasa.es\\\/va\\\/author\\\/admin\\\/\"}]}<\/script>\n<!-- \/ Yoast SEO plugin. -->","yoast_head_json":{"title":"La C\u00e0tedra Reciplasa de l\u2019UJI fa un balan\u00e7 positiu del seu primer any de treball i es proposa arribar a m\u00e9s ciutadans amb la divulgaci\u00f3 - RECIPLASA","robots":{"index":"index","follow":"follow","max-snippet":"max-snippet:-1","max-image-preview":"max-image-preview:large","max-video-preview":"max-video-preview:-1"},"canonical":"https:\/\/www.reciplasa.es\/la-catedra-reciplasa-de-la-uji-hace-un-balance-positivo-del-primer-ano-de-trabajo-y-se-propone-llegar-a-mas-ciudadanos-con-la-divulgacion\/","og_locale":"en_US","og_type":"article","og_title":"La C\u00e0tedra Reciplasa de l\u2019UJI fa un balan\u00e7 positiu del seu primer any de treball i es proposa arribar a m\u00e9s ciutadans amb la divulgaci\u00f3 - RECIPLASA","og_description":"&nbsp; La C\u00e0tedra Reciplasa de Gesti\u00f3 de Residus Urbans de la Universitat Jaume I ha presentat avui dimecres 1 de mar\u00e7 de 2017 la mem\u00f2ria de les activitats realitzades durant el seu primer any de vida, sota el doble objectiu, d&#8217;una banda, de donar visibilitat a les recerques que es realitzen en el camp delsDale que hay m\u00e1s ...","og_url":"https:\/\/www.reciplasa.es\/la-catedra-reciplasa-de-la-uji-hace-un-balance-positivo-del-primer-ano-de-trabajo-y-se-propone-llegar-a-mas-ciudadanos-con-la-divulgacion\/","og_site_name":"RECIPLASA","article_published_time":"2017-03-01T08:01:13+00:00","article_modified_time":"2017-08-16T09:19:44+00:00","og_image":[{"width":3072,"height":2048,"url":"https:\/\/www.reciplasa.es\/wp-content\/uploads\/2017\/03\/Catedra_RECIPLASA_17DLL23.jpg","type":"image\/jpeg"}],"author":"admin","twitter_card":"summary_large_image","twitter_misc":{"Written by":"admin","Est. reading time":"5 minutes"},"schema":{"@context":"https:\/\/schema.org","@graph":[{"@type":"Article","@id":"https:\/\/www.reciplasa.es\/la-catedra-reciplasa-de-la-uji-hace-un-balance-positivo-del-primer-ano-de-trabajo-y-se-propone-llegar-a-mas-ciudadanos-con-la-divulgacion\/#article","isPartOf":{"@id":"https:\/\/www.reciplasa.es\/la-catedra-reciplasa-de-la-uji-hace-un-balance-positivo-del-primer-ano-de-trabajo-y-se-propone-llegar-a-mas-ciudadanos-con-la-divulgacion\/"},"author":{"name":"admin","@id":"https:\/\/www.reciplasa.es\/#\/schema\/person\/83956c0809d24aff6f2d007e72ba3962"},"headline":"La C\u00e0tedra Reciplasa de l\u2019UJI fa un balan\u00e7 positiu del seu primer any de treball i es proposa arribar a m\u00e9s ciutadans amb la divulgaci\u00f3","datePublished":"2017-03-01T08:01:13+00:00","dateModified":"2017-08-16T09:19:44+00:00","mainEntityOfPage":{"@id":"https:\/\/www.reciplasa.es\/la-catedra-reciplasa-de-la-uji-hace-un-balance-positivo-del-primer-ano-de-trabajo-y-se-propone-llegar-a-mas-ciudadanos-con-la-divulgacion\/"},"wordCount":983,"image":{"@id":"https:\/\/www.reciplasa.es\/la-catedra-reciplasa-de-la-uji-hace-un-balance-positivo-del-primer-ano-de-trabajo-y-se-propone-llegar-a-mas-ciudadanos-con-la-divulgacion\/#primaryimage"},"thumbnailUrl":"https:\/\/www.reciplasa.es\/wp-content\/uploads\/2017\/03\/Catedra_RECIPLASA_17DLL23.jpg","articleSection":["C\u00e0tedra Reciplasa-UJI"],"inLanguage":"va-VA"},{"@type":"WebPage","@id":"https:\/\/www.reciplasa.es\/la-catedra-reciplasa-de-la-uji-hace-un-balance-positivo-del-primer-ano-de-trabajo-y-se-propone-llegar-a-mas-ciudadanos-con-la-divulgacion\/","url":"https:\/\/www.reciplasa.es\/la-catedra-reciplasa-de-la-uji-hace-un-balance-positivo-del-primer-ano-de-trabajo-y-se-propone-llegar-a-mas-ciudadanos-con-la-divulgacion\/","name":"La C\u00e0tedra Reciplasa de l\u2019UJI fa un balan\u00e7 positiu del seu primer any de treball i es proposa arribar a m\u00e9s ciutadans amb la divulgaci\u00f3 - RECIPLASA","isPartOf":{"@id":"https:\/\/www.reciplasa.es\/#website"},"primaryImageOfPage":{"@id":"https:\/\/www.reciplasa.es\/la-catedra-reciplasa-de-la-uji-hace-un-balance-positivo-del-primer-ano-de-trabajo-y-se-propone-llegar-a-mas-ciudadanos-con-la-divulgacion\/#primaryimage"},"image":{"@id":"https:\/\/www.reciplasa.es\/la-catedra-reciplasa-de-la-uji-hace-un-balance-positivo-del-primer-ano-de-trabajo-y-se-propone-llegar-a-mas-ciudadanos-con-la-divulgacion\/#primaryimage"},"thumbnailUrl":"https:\/\/www.reciplasa.es\/wp-content\/uploads\/2017\/03\/Catedra_RECIPLASA_17DLL23.jpg","datePublished":"2017-03-01T08:01:13+00:00","dateModified":"2017-08-16T09:19:44+00:00","author":{"@id":"https:\/\/www.reciplasa.es\/#\/schema\/person\/83956c0809d24aff6f2d007e72ba3962"},"breadcrumb":{"@id":"https:\/\/www.reciplasa.es\/la-catedra-reciplasa-de-la-uji-hace-un-balance-positivo-del-primer-ano-de-trabajo-y-se-propone-llegar-a-mas-ciudadanos-con-la-divulgacion\/#breadcrumb"},"inLanguage":"va-VA","potentialAction":[{"@type":"ReadAction","target":["https:\/\/www.reciplasa.es\/la-catedra-reciplasa-de-la-uji-hace-un-balance-positivo-del-primer-ano-de-trabajo-y-se-propone-llegar-a-mas-ciudadanos-con-la-divulgacion\/"]}]},{"@type":"ImageObject","inLanguage":"va-VA","@id":"https:\/\/www.reciplasa.es\/la-catedra-reciplasa-de-la-uji-hace-un-balance-positivo-del-primer-ano-de-trabajo-y-se-propone-llegar-a-mas-ciudadanos-con-la-divulgacion\/#primaryimage","url":"https:\/\/www.reciplasa.es\/wp-content\/uploads\/2017\/03\/Catedra_RECIPLASA_17DLL23.jpg","contentUrl":"https:\/\/www.reciplasa.es\/wp-content\/uploads\/2017\/03\/Catedra_RECIPLASA_17DLL23.jpg","width":3072,"height":2048},{"@type":"BreadcrumbList","@id":"https:\/\/www.reciplasa.es\/la-catedra-reciplasa-de-la-uji-hace-un-balance-positivo-del-primer-ano-de-trabajo-y-se-propone-llegar-a-mas-ciudadanos-con-la-divulgacion\/#breadcrumb","itemListElement":[{"@type":"ListItem","position":1,"name":"Portada","item":"https:\/\/www.reciplasa.es\/va\/"},{"@type":"ListItem","position":2,"name":"La C\u00e0tedra Reciplasa de l\u2019UJI fa un balan\u00e7 positiu del seu primer any de treball i es proposa arribar a m\u00e9s ciutadans amb la divulgaci\u00f3"}]},{"@type":"WebSite","@id":"https:\/\/www.reciplasa.es\/#website","url":"https:\/\/www.reciplasa.es\/","name":"RECIPLASA","description":"Reciclats de Residus La Plana SA","potentialAction":[{"@type":"SearchAction","target":{"@type":"EntryPoint","urlTemplate":"https:\/\/www.reciplasa.es\/?s={search_term_string}"},"query-input":{"@type":"PropertyValueSpecification","valueRequired":true,"valueName":"search_term_string"}}],"inLanguage":"va-VA"},{"@type":"Person","@id":"https:\/\/www.reciplasa.es\/#\/schema\/person\/83956c0809d24aff6f2d007e72ba3962","name":"admin","image":{"@type":"ImageObject","inLanguage":"va-VA","@id":"https:\/\/secure.gravatar.com\/avatar\/48f95f42a3ccc324f3a3458e4b9e6fb070b083e99d388e170c1afb061fa99b63?s=96&d=mm&r=g","url":"https:\/\/secure.gravatar.com\/avatar\/48f95f42a3ccc324f3a3458e4b9e6fb070b083e99d388e170c1afb061fa99b63?s=96&d=mm&r=g","contentUrl":"https:\/\/secure.gravatar.com\/avatar\/48f95f42a3ccc324f3a3458e4b9e6fb070b083e99d388e170c1afb061fa99b63?s=96&d=mm&r=g","caption":"admin"},"url":"https:\/\/www.reciplasa.es\/va\/author\/admin\/"}]}},"_links":{"self":[{"href":"https:\/\/www.reciplasa.es\/va\/wp-json\/wp\/v2\/posts\/11522","targetHints":{"allow":["GET"]}}],"collection":[{"href":"https:\/\/www.reciplasa.es\/va\/wp-json\/wp\/v2\/posts"}],"about":[{"href":"https:\/\/www.reciplasa.es\/va\/wp-json\/wp\/v2\/types\/post"}],"author":[{"embeddable":true,"href":"https:\/\/www.reciplasa.es\/va\/wp-json\/wp\/v2\/users\/1"}],"replies":[{"embeddable":true,"href":"https:\/\/www.reciplasa.es\/va\/wp-json\/wp\/v2\/comments?post=11522"}],"version-history":[{"count":3,"href":"https:\/\/www.reciplasa.es\/va\/wp-json\/wp\/v2\/posts\/11522\/revisions"}],"predecessor-version":[{"id":12830,"href":"https:\/\/www.reciplasa.es\/va\/wp-json\/wp\/v2\/posts\/11522\/revisions\/12830"}],"wp:featuredmedia":[{"embeddable":true,"href":"https:\/\/www.reciplasa.es\/va\/wp-json\/wp\/v2\/media\/12094"}],"wp:attachment":[{"href":"https:\/\/www.reciplasa.es\/va\/wp-json\/wp\/v2\/media?parent=11522"}],"wp:term":[{"taxonomy":"category","embeddable":true,"href":"https:\/\/www.reciplasa.es\/va\/wp-json\/wp\/v2\/categories?post=11522"},{"taxonomy":"post_tag","embeddable":true,"href":"https:\/\/www.reciplasa.es\/va\/wp-json\/wp\/v2\/tags?post=11522"}],"curies":[{"name":"wp","href":"https:\/\/api.w.org\/{rel}","templated":true}]}}