{"id":11527,"date":"2016-12-16T08:57:41","date_gmt":"2016-12-16T08:57:41","guid":{"rendered":"http:\/\/www.reciplasa.es\/2016\/12\/16\/reciplasa-se-reune-en-el-ayuntamiento-de-almassora-para-repasar-el-estado-de-los-proyectos-iniciados\/"},"modified":"2017-05-15T08:52:37","modified_gmt":"2017-05-15T08:52:37","slug":"reciplasa-es-reuneix-en-lajuntament-dalmassora-per-a-repassar-lestat-dels-projectes-iniciats","status":"publish","type":"post","link":"https:\/\/www.reciplasa.es\/va\/reciplasa-es-reuneix-en-lajuntament-dalmassora-per-a-repassar-lestat-dels-projectes-iniciats\/","title":{"rendered":"Reciplasa es reuneix en l&#8217;ajuntament d&#8217;Almassora per a repassar l&#8217;estat dels projectes iniciats"},"content":{"rendered":"<p>&nbsp;<\/p>\n<p>El Consell d&#8217;Administraci\u00f3 de Reciplasa, Reciclats de Residus La Plana, S. a. s&#8217;ha reunit en l&#8217;Ajuntament d&#8217;Almassora amb la finalitat de con\u00e8ixer els informes d&#8217;estat dels diferents projectes que t\u00e9 iniciats. Cal recordar que entre el 2017 i el 2020 l&#8217;entitat pret\u00e9n dur a terme unes obres que contemplen inversions de 40 milions d&#8217;euros per a solucionar els problemes d&#8217;espai i log\u00edstics que existeixen avui dia en la societat per al tractament de les brosses, tal com contempla el projecte de gesti\u00f3 que s&#8217;ha aprovat en 2016.<\/p>\n<p>En aquesta ocasi\u00f3, la trobada del consell d&#8217;administraci\u00f3 de l&#8217;entitat es va dur a terme a Almassora perqu\u00e8 existeix una intenci\u00f3 des de la presid\u00e8ncia, que ostenta la vicealcaldessa de Castell\u00f3 Ali Brancal, i els directius de visibilitzar l&#8217;activitat que duu a terme Reciplasa en els diferents municipis que formen part de la societat. \u201c\u00c9s b\u00e9 que la ciutadania de cada poblaci\u00f3 conega el treball que realitza l&#8217;entitat de tractament i reciclatge de brosses i aprofitem aquestes reunions de tr\u00e0mit per a donar-ho a con\u00e8ixer. \u00c9s un exercici m\u00e9s de transpar\u00e8ncia perqu\u00e8 les ve\u00efnes i ve\u00efns tinguen consci\u00e8ncia que Reciplasa est\u00e0 vetlant pels seus interessos, ja que no es tracta de cap ens lucratiu\u201d, indica Brancal.<\/p>\n","protected":false},"excerpt":{"rendered":"<p>&nbsp; El Consell d&#8217;Administraci\u00f3 de Reciplasa, Reciclats de Residus La Plana, S. a. s&#8217;ha reunit en l&#8217;Ajuntament d&#8217;Almassora amb la finalitat de con\u00e8ixer els informes d&#8217;estat dels diferents projectes que t\u00e9 iniciats. Cal recordar que entre el 2017 i el 2020 l&#8217;entitat pret\u00e9n dur a terme unes obres que contemplen inversions de 40 milions d&#8217;eurosDale que hay m\u00e1s &#8230;<\/p>\n","protected":false},"author":1,"featured_media":12045,"comment_status":"closed","ping_status":"closed","sticky":false,"template":"","format":"standard","meta":{"footnotes":""},"categories":[87],"tags":[],"class_list":["post-11527","post","type-post","status-publish","format-standard","has-post-thumbnail","hentry","category-noticies-corporatives"],"yoast_head":"<!-- This site is optimized with the Yoast SEO plugin v27.4 - https:\/\/yoast.com\/product\/yoast-seo-wordpress\/ -->\n<title>Reciplasa es reuneix en l&#039;ajuntament d&#039;Almassora per a repassar l&#039;estat dels projectes iniciats - RECIPLASA<\/title>\n<meta name=\"robots\" content=\"index, follow, max-snippet:-1, max-image-preview:large, max-video-preview:-1\" \/>\n<link rel=\"canonical\" href=\"https:\/\/www.reciplasa.es\/reciplasa-se-reune-en-el-ayuntamiento-de-almassora-para-repasar-el-estado-de-los-proyectos-iniciados\/\" \/>\n<meta property=\"og:locale\" content=\"en_US\" \/>\n<meta property=\"og:type\" content=\"article\" \/>\n<meta property=\"og:title\" content=\"Reciplasa es reuneix en l&#039;ajuntament d&#039;Almassora per a repassar l&#039;estat dels projectes iniciats - RECIPLASA\" \/>\n<meta property=\"og:description\" content=\"&nbsp; El Consell d&#8217;Administraci\u00f3 de Reciplasa, Reciclats de Residus La Plana, S. a. s&#8217;ha reunit en l&#8217;Ajuntament d&#8217;Almassora amb la finalitat de con\u00e8ixer els informes d&#8217;estat dels diferents projectes que t\u00e9 iniciats. Cal recordar que entre el 2017 i el 2020 l&#8217;entitat pret\u00e9n dur a terme unes obres que contemplen inversions de 40 milions d&#8217;eurosDale que hay m\u00e1s ...\" \/>\n<meta property=\"og:url\" content=\"https:\/\/www.reciplasa.es\/reciplasa-se-reune-en-el-ayuntamiento-de-almassora-para-repasar-el-estado-de-los-proyectos-iniciados\/\" \/>\n<meta property=\"og:site_name\" content=\"RECIPLASA\" \/>\n<meta property=\"article:published_time\" content=\"2016-12-16T08:57:41+00:00\" \/>\n<meta property=\"article:modified_time\" content=\"2017-05-15T08:52:37+00:00\" \/>\n<meta property=\"og:image\" content=\"https:\/\/www.reciplasa.es\/wp-content\/uploads\/2013\/12\/almassora_-_reunion_reciplasa.jpg\" \/>\n\t<meta property=\"og:image:width\" content=\"1200\" \/>\n\t<meta property=\"og:image:height\" content=\"799\" \/>\n\t<meta property=\"og:image:type\" content=\"image\/jpeg\" \/>\n<meta name=\"author\" content=\"admin\" \/>\n<meta name=\"twitter:card\" content=\"summary_large_image\" \/>\n<meta name=\"twitter:label1\" content=\"Written by\" \/>\n\t<meta name=\"twitter:data1\" content=\"admin\" \/>\n\t<meta name=\"twitter:label2\" content=\"Est. reading time\" \/>\n\t<meta name=\"twitter:data2\" content=\"1 minute\" \/>\n<script type=\"application\/ld+json\" class=\"yoast-schema-graph\">{\"@context\":\"https:\\\/\\\/schema.org\",\"@graph\":[{\"@type\":\"Article\",\"@id\":\"https:\\\/\\\/www.reciplasa.es\\\/reciplasa-se-reune-en-el-ayuntamiento-de-almassora-para-repasar-el-estado-de-los-proyectos-iniciados\\\/#article\",\"isPartOf\":{\"@id\":\"https:\\\/\\\/www.reciplasa.es\\\/reciplasa-se-reune-en-el-ayuntamiento-de-almassora-para-repasar-el-estado-de-los-proyectos-iniciados\\\/\"},\"author\":{\"name\":\"admin\",\"@id\":\"https:\\\/\\\/www.reciplasa.es\\\/#\\\/schema\\\/person\\\/83956c0809d24aff6f2d007e72ba3962\"},\"headline\":\"Reciplasa es reuneix en l&#8217;ajuntament d&#8217;Almassora per a repassar l&#8217;estat dels projectes iniciats\",\"datePublished\":\"2016-12-16T08:57:41+00:00\",\"dateModified\":\"2017-05-15T08:52:37+00:00\",\"mainEntityOfPage\":{\"@id\":\"https:\\\/\\\/www.reciplasa.es\\\/reciplasa-se-reune-en-el-ayuntamiento-de-almassora-para-repasar-el-estado-de-los-proyectos-iniciados\\\/\"},\"wordCount\":240,\"image\":{\"@id\":\"https:\\\/\\\/www.reciplasa.es\\\/reciplasa-se-reune-en-el-ayuntamiento-de-almassora-para-repasar-el-estado-de-los-proyectos-iniciados\\\/#primaryimage\"},\"thumbnailUrl\":\"https:\\\/\\\/www.reciplasa.es\\\/wp-content\\\/uploads\\\/2013\\\/12\\\/almassora_-_reunion_reciplasa.jpg\",\"articleSection\":[\"Not\u00edcies corporatives\"],\"inLanguage\":\"va-VA\"},{\"@type\":\"WebPage\",\"@id\":\"https:\\\/\\\/www.reciplasa.es\\\/reciplasa-se-reune-en-el-ayuntamiento-de-almassora-para-repasar-el-estado-de-los-proyectos-iniciados\\\/\",\"url\":\"https:\\\/\\\/www.reciplasa.es\\\/reciplasa-se-reune-en-el-ayuntamiento-de-almassora-para-repasar-el-estado-de-los-proyectos-iniciados\\\/\",\"name\":\"Reciplasa es reuneix en l'ajuntament d'Almassora per a repassar l'estat dels projectes iniciats - RECIPLASA\",\"isPartOf\":{\"@id\":\"https:\\\/\\\/www.reciplasa.es\\\/#website\"},\"primaryImageOfPage\":{\"@id\":\"https:\\\/\\\/www.reciplasa.es\\\/reciplasa-se-reune-en-el-ayuntamiento-de-almassora-para-repasar-el-estado-de-los-proyectos-iniciados\\\/#primaryimage\"},\"image\":{\"@id\":\"https:\\\/\\\/www.reciplasa.es\\\/reciplasa-se-reune-en-el-ayuntamiento-de-almassora-para-repasar-el-estado-de-los-proyectos-iniciados\\\/#primaryimage\"},\"thumbnailUrl\":\"https:\\\/\\\/www.reciplasa.es\\\/wp-content\\\/uploads\\\/2013\\\/12\\\/almassora_-_reunion_reciplasa.jpg\",\"datePublished\":\"2016-12-16T08:57:41+00:00\",\"dateModified\":\"2017-05-15T08:52:37+00:00\",\"author\":{\"@id\":\"https:\\\/\\\/www.reciplasa.es\\\/#\\\/schema\\\/person\\\/83956c0809d24aff6f2d007e72ba3962\"},\"breadcrumb\":{\"@id\":\"https:\\\/\\\/www.reciplasa.es\\\/reciplasa-se-reune-en-el-ayuntamiento-de-almassora-para-repasar-el-estado-de-los-proyectos-iniciados\\\/#breadcrumb\"},\"inLanguage\":\"va-VA\",\"potentialAction\":[{\"@type\":\"ReadAction\",\"target\":[\"https:\\\/\\\/www.reciplasa.es\\\/reciplasa-se-reune-en-el-ayuntamiento-de-almassora-para-repasar-el-estado-de-los-proyectos-iniciados\\\/\"]}]},{\"@type\":\"ImageObject\",\"inLanguage\":\"va-VA\",\"@id\":\"https:\\\/\\\/www.reciplasa.es\\\/reciplasa-se-reune-en-el-ayuntamiento-de-almassora-para-repasar-el-estado-de-los-proyectos-iniciados\\\/#primaryimage\",\"url\":\"https:\\\/\\\/www.reciplasa.es\\\/wp-content\\\/uploads\\\/2013\\\/12\\\/almassora_-_reunion_reciplasa.jpg\",\"contentUrl\":\"https:\\\/\\\/www.reciplasa.es\\\/wp-content\\\/uploads\\\/2013\\\/12\\\/almassora_-_reunion_reciplasa.jpg\",\"width\":1200,\"height\":799},{\"@type\":\"BreadcrumbList\",\"@id\":\"https:\\\/\\\/www.reciplasa.es\\\/reciplasa-se-reune-en-el-ayuntamiento-de-almassora-para-repasar-el-estado-de-los-proyectos-iniciados\\\/#breadcrumb\",\"itemListElement\":[{\"@type\":\"ListItem\",\"position\":1,\"name\":\"Portada\",\"item\":\"https:\\\/\\\/www.reciplasa.es\\\/va\\\/\"},{\"@type\":\"ListItem\",\"position\":2,\"name\":\"Reciplasa es reuneix en l&#8217;ajuntament d&#8217;Almassora per a repassar l&#8217;estat dels projectes iniciats\"}]},{\"@type\":\"WebSite\",\"@id\":\"https:\\\/\\\/www.reciplasa.es\\\/#website\",\"url\":\"https:\\\/\\\/www.reciplasa.es\\\/\",\"name\":\"RECIPLASA\",\"description\":\"Reciclats de Residus La Plana SA\",\"potentialAction\":[{\"@type\":\"SearchAction\",\"target\":{\"@type\":\"EntryPoint\",\"urlTemplate\":\"https:\\\/\\\/www.reciplasa.es\\\/?s={search_term_string}\"},\"query-input\":{\"@type\":\"PropertyValueSpecification\",\"valueRequired\":true,\"valueName\":\"search_term_string\"}}],\"inLanguage\":\"va-VA\"},{\"@type\":\"Person\",\"@id\":\"https:\\\/\\\/www.reciplasa.es\\\/#\\\/schema\\\/person\\\/83956c0809d24aff6f2d007e72ba3962\",\"name\":\"admin\",\"image\":{\"@type\":\"ImageObject\",\"inLanguage\":\"va-VA\",\"@id\":\"https:\\\/\\\/secure.gravatar.com\\\/avatar\\\/48f95f42a3ccc324f3a3458e4b9e6fb070b083e99d388e170c1afb061fa99b63?s=96&d=mm&r=g\",\"url\":\"https:\\\/\\\/secure.gravatar.com\\\/avatar\\\/48f95f42a3ccc324f3a3458e4b9e6fb070b083e99d388e170c1afb061fa99b63?s=96&d=mm&r=g\",\"contentUrl\":\"https:\\\/\\\/secure.gravatar.com\\\/avatar\\\/48f95f42a3ccc324f3a3458e4b9e6fb070b083e99d388e170c1afb061fa99b63?s=96&d=mm&r=g\",\"caption\":\"admin\"},\"url\":\"https:\\\/\\\/www.reciplasa.es\\\/va\\\/author\\\/admin\\\/\"}]}<\/script>\n<!-- \/ Yoast SEO plugin. -->","yoast_head_json":{"title":"Reciplasa es reuneix en l'ajuntament d'Almassora per a repassar l'estat dels projectes iniciats - RECIPLASA","robots":{"index":"index","follow":"follow","max-snippet":"max-snippet:-1","max-image-preview":"max-image-preview:large","max-video-preview":"max-video-preview:-1"},"canonical":"https:\/\/www.reciplasa.es\/reciplasa-se-reune-en-el-ayuntamiento-de-almassora-para-repasar-el-estado-de-los-proyectos-iniciados\/","og_locale":"en_US","og_type":"article","og_title":"Reciplasa es reuneix en l'ajuntament d'Almassora per a repassar l'estat dels projectes iniciats - RECIPLASA","og_description":"&nbsp; El Consell d&#8217;Administraci\u00f3 de Reciplasa, Reciclats de Residus La Plana, S. a. s&#8217;ha reunit en l&#8217;Ajuntament d&#8217;Almassora amb la finalitat de con\u00e8ixer els informes d&#8217;estat dels diferents projectes que t\u00e9 iniciats. Cal recordar que entre el 2017 i el 2020 l&#8217;entitat pret\u00e9n dur a terme unes obres que contemplen inversions de 40 milions d&#8217;eurosDale que hay m\u00e1s ...","og_url":"https:\/\/www.reciplasa.es\/reciplasa-se-reune-en-el-ayuntamiento-de-almassora-para-repasar-el-estado-de-los-proyectos-iniciados\/","og_site_name":"RECIPLASA","article_published_time":"2016-12-16T08:57:41+00:00","article_modified_time":"2017-05-15T08:52:37+00:00","og_image":[{"width":1200,"height":799,"url":"https:\/\/www.reciplasa.es\/wp-content\/uploads\/2013\/12\/almassora_-_reunion_reciplasa.jpg","type":"image\/jpeg"}],"author":"admin","twitter_card":"summary_large_image","twitter_misc":{"Written by":"admin","Est. reading time":"1 minute"},"schema":{"@context":"https:\/\/schema.org","@graph":[{"@type":"Article","@id":"https:\/\/www.reciplasa.es\/reciplasa-se-reune-en-el-ayuntamiento-de-almassora-para-repasar-el-estado-de-los-proyectos-iniciados\/#article","isPartOf":{"@id":"https:\/\/www.reciplasa.es\/reciplasa-se-reune-en-el-ayuntamiento-de-almassora-para-repasar-el-estado-de-los-proyectos-iniciados\/"},"author":{"name":"admin","@id":"https:\/\/www.reciplasa.es\/#\/schema\/person\/83956c0809d24aff6f2d007e72ba3962"},"headline":"Reciplasa es reuneix en l&#8217;ajuntament d&#8217;Almassora per a repassar l&#8217;estat dels projectes iniciats","datePublished":"2016-12-16T08:57:41+00:00","dateModified":"2017-05-15T08:52:37+00:00","mainEntityOfPage":{"@id":"https:\/\/www.reciplasa.es\/reciplasa-se-reune-en-el-ayuntamiento-de-almassora-para-repasar-el-estado-de-los-proyectos-iniciados\/"},"wordCount":240,"image":{"@id":"https:\/\/www.reciplasa.es\/reciplasa-se-reune-en-el-ayuntamiento-de-almassora-para-repasar-el-estado-de-los-proyectos-iniciados\/#primaryimage"},"thumbnailUrl":"https:\/\/www.reciplasa.es\/wp-content\/uploads\/2013\/12\/almassora_-_reunion_reciplasa.jpg","articleSection":["Not\u00edcies corporatives"],"inLanguage":"va-VA"},{"@type":"WebPage","@id":"https:\/\/www.reciplasa.es\/reciplasa-se-reune-en-el-ayuntamiento-de-almassora-para-repasar-el-estado-de-los-proyectos-iniciados\/","url":"https:\/\/www.reciplasa.es\/reciplasa-se-reune-en-el-ayuntamiento-de-almassora-para-repasar-el-estado-de-los-proyectos-iniciados\/","name":"Reciplasa es reuneix en l'ajuntament d'Almassora per a repassar l'estat dels projectes iniciats - RECIPLASA","isPartOf":{"@id":"https:\/\/www.reciplasa.es\/#website"},"primaryImageOfPage":{"@id":"https:\/\/www.reciplasa.es\/reciplasa-se-reune-en-el-ayuntamiento-de-almassora-para-repasar-el-estado-de-los-proyectos-iniciados\/#primaryimage"},"image":{"@id":"https:\/\/www.reciplasa.es\/reciplasa-se-reune-en-el-ayuntamiento-de-almassora-para-repasar-el-estado-de-los-proyectos-iniciados\/#primaryimage"},"thumbnailUrl":"https:\/\/www.reciplasa.es\/wp-content\/uploads\/2013\/12\/almassora_-_reunion_reciplasa.jpg","datePublished":"2016-12-16T08:57:41+00:00","dateModified":"2017-05-15T08:52:37+00:00","author":{"@id":"https:\/\/www.reciplasa.es\/#\/schema\/person\/83956c0809d24aff6f2d007e72ba3962"},"breadcrumb":{"@id":"https:\/\/www.reciplasa.es\/reciplasa-se-reune-en-el-ayuntamiento-de-almassora-para-repasar-el-estado-de-los-proyectos-iniciados\/#breadcrumb"},"inLanguage":"va-VA","potentialAction":[{"@type":"ReadAction","target":["https:\/\/www.reciplasa.es\/reciplasa-se-reune-en-el-ayuntamiento-de-almassora-para-repasar-el-estado-de-los-proyectos-iniciados\/"]}]},{"@type":"ImageObject","inLanguage":"va-VA","@id":"https:\/\/www.reciplasa.es\/reciplasa-se-reune-en-el-ayuntamiento-de-almassora-para-repasar-el-estado-de-los-proyectos-iniciados\/#primaryimage","url":"https:\/\/www.reciplasa.es\/wp-content\/uploads\/2013\/12\/almassora_-_reunion_reciplasa.jpg","contentUrl":"https:\/\/www.reciplasa.es\/wp-content\/uploads\/2013\/12\/almassora_-_reunion_reciplasa.jpg","width":1200,"height":799},{"@type":"BreadcrumbList","@id":"https:\/\/www.reciplasa.es\/reciplasa-se-reune-en-el-ayuntamiento-de-almassora-para-repasar-el-estado-de-los-proyectos-iniciados\/#breadcrumb","itemListElement":[{"@type":"ListItem","position":1,"name":"Portada","item":"https:\/\/www.reciplasa.es\/va\/"},{"@type":"ListItem","position":2,"name":"Reciplasa es reuneix en l&#8217;ajuntament d&#8217;Almassora per a repassar l&#8217;estat dels projectes iniciats"}]},{"@type":"WebSite","@id":"https:\/\/www.reciplasa.es\/#website","url":"https:\/\/www.reciplasa.es\/","name":"RECIPLASA","description":"Reciclats de Residus La Plana SA","potentialAction":[{"@type":"SearchAction","target":{"@type":"EntryPoint","urlTemplate":"https:\/\/www.reciplasa.es\/?s={search_term_string}"},"query-input":{"@type":"PropertyValueSpecification","valueRequired":true,"valueName":"search_term_string"}}],"inLanguage":"va-VA"},{"@type":"Person","@id":"https:\/\/www.reciplasa.es\/#\/schema\/person\/83956c0809d24aff6f2d007e72ba3962","name":"admin","image":{"@type":"ImageObject","inLanguage":"va-VA","@id":"https:\/\/secure.gravatar.com\/avatar\/48f95f42a3ccc324f3a3458e4b9e6fb070b083e99d388e170c1afb061fa99b63?s=96&d=mm&r=g","url":"https:\/\/secure.gravatar.com\/avatar\/48f95f42a3ccc324f3a3458e4b9e6fb070b083e99d388e170c1afb061fa99b63?s=96&d=mm&r=g","contentUrl":"https:\/\/secure.gravatar.com\/avatar\/48f95f42a3ccc324f3a3458e4b9e6fb070b083e99d388e170c1afb061fa99b63?s=96&d=mm&r=g","caption":"admin"},"url":"https:\/\/www.reciplasa.es\/va\/author\/admin\/"}]}},"_links":{"self":[{"href":"https:\/\/www.reciplasa.es\/va\/wp-json\/wp\/v2\/posts\/11527","targetHints":{"allow":["GET"]}}],"collection":[{"href":"https:\/\/www.reciplasa.es\/va\/wp-json\/wp\/v2\/posts"}],"about":[{"href":"https:\/\/www.reciplasa.es\/va\/wp-json\/wp\/v2\/types\/post"}],"author":[{"embeddable":true,"href":"https:\/\/www.reciplasa.es\/va\/wp-json\/wp\/v2\/users\/1"}],"replies":[{"embeddable":true,"href":"https:\/\/www.reciplasa.es\/va\/wp-json\/wp\/v2\/comments?post=11527"}],"version-history":[{"count":2,"href":"https:\/\/www.reciplasa.es\/va\/wp-json\/wp\/v2\/posts\/11527\/revisions"}],"predecessor-version":[{"id":11529,"href":"https:\/\/www.reciplasa.es\/va\/wp-json\/wp\/v2\/posts\/11527\/revisions\/11529"}],"wp:featuredmedia":[{"embeddable":true,"href":"https:\/\/www.reciplasa.es\/va\/wp-json\/wp\/v2\/media\/12045"}],"wp:attachment":[{"href":"https:\/\/www.reciplasa.es\/va\/wp-json\/wp\/v2\/media?parent=11527"}],"wp:term":[{"taxonomy":"category","embeddable":true,"href":"https:\/\/www.reciplasa.es\/va\/wp-json\/wp\/v2\/categories?post=11527"},{"taxonomy":"post_tag","embeddable":true,"href":"https:\/\/www.reciplasa.es\/va\/wp-json\/wp\/v2\/tags?post=11527"}],"curies":[{"name":"wp","href":"https:\/\/api.w.org\/{rel}","templated":true}]}}