{"id":11533,"date":"2016-09-23T07:42:30","date_gmt":"2016-09-23T07:42:30","guid":{"rendered":"http:\/\/www.reciplasa.es\/2016\/09\/23\/ali-brancal-nombrada-presidenta-del-consejo-de-administracion-de-reciplasa\/"},"modified":"2023-07-25T14:57:52","modified_gmt":"2023-07-25T14:57:52","slug":"ali-brancal-nombrada-presidenta-del-consejo-de-administracion-de-reciplasa","status":"publish","type":"post","link":"https:\/\/www.reciplasa.es\/va\/ali-brancal-nombrada-presidenta-del-consejo-de-administracion-de-reciplasa\/","title":{"rendered":"Ali Brancal nomenada presidenta del Consell d&#8217;Administraci\u00f3 de Reciplasa"},"content":{"rendered":"<p><i><span style=\"font-weight: 400;\">La regidora de l&#8217;Ajuntament de Castell\u00f3 substitueix a Enric Nomded\u00e9u despr\u00e9s del seu cessament com a regidor en el consistori castellonenc.<\/span><\/i><\/p>\n<p>El Consell d&#8217;Administraci\u00f3 de Reciplasa ha nomenat a Ali Brancal com la seua nova presidenta despr\u00e9s del cessament en el c\u00e0rrec de regidor de Castell\u00f3 d&#8217;Enric Nomded\u00e9u pel seu nomenament com a secretari auton\u00f2mic d&#8217;Ocupaci\u00f3. En una Junta General Universal convocada pr\u00e8viament, la regidora castellonenca ha sigut designada en el c\u00e0rrec de representant de l&#8217;Ajuntament de Castell\u00f3 en el consell d&#8217;administraci\u00f3 de Reciplasa. Tot seguit, per unanimitat, el consell d&#8217;administraci\u00f3 l&#8217;ha escollit com a presidenta.<\/p>\n<p>Aix\u00ed mateix, el consell d&#8217;administraci\u00f3 de Reciplasa, Reciclats de Residus La Plana, S.A., ha fixat per al pr\u00f2xim 11 d&#8217;octubre la reuni\u00f3 en la qual es debatran els pressupostos de l&#8217;entitat i es fixaran els c\u00e0nons que ha d&#8217;aportar cada ajuntament membre.<\/p>\n","protected":false},"excerpt":{"rendered":"<p>La regidora de l&#8217;Ajuntament de Castell\u00f3 substitueix a Enric Nomded\u00e9u despr\u00e9s del seu cessament com a regidor en el consistori castellonenc. El Consell d&#8217;Administraci\u00f3 de Reciplasa ha nomenat a Ali Brancal com la seua nova presidenta despr\u00e9s del cessament en el c\u00e0rrec de regidor de Castell\u00f3 d&#8217;Enric Nomded\u00e9u pel seu nomenament com a secretari auton\u00f2micDale que hay m\u00e1s &#8230;<\/p>\n","protected":false},"author":1,"featured_media":12085,"comment_status":"closed","ping_status":"closed","sticky":false,"template":"","format":"standard","meta":{"footnotes":""},"categories":[87],"tags":[],"class_list":["post-11533","post","type-post","status-publish","format-standard","has-post-thumbnail","hentry","category-noticies-corporatives"],"yoast_head":"<!-- This site is optimized with the Yoast SEO plugin v27.4 - https:\/\/yoast.com\/product\/yoast-seo-wordpress\/ -->\n<title>Ali Brancal nomenada presidenta del Consell d&#039;Administraci\u00f3 de Reciplasa - RECIPLASA<\/title>\n<meta name=\"robots\" content=\"index, follow, max-snippet:-1, max-image-preview:large, max-video-preview:-1\" \/>\n<link rel=\"canonical\" href=\"https:\/\/www.reciplasa.es\/ali-brancal-nomenada-presidenta-del-consell-dadministracio-de-reciplasa-del-consejo-de-administracion-de-reciplasa\/\" \/>\n<meta property=\"og:locale\" content=\"en_US\" \/>\n<meta property=\"og:type\" content=\"article\" \/>\n<meta property=\"og:title\" content=\"Ali Brancal nomenada presidenta del Consell d&#039;Administraci\u00f3 de Reciplasa - RECIPLASA\" \/>\n<meta property=\"og:description\" content=\"La regidora de l&#8217;Ajuntament de Castell\u00f3 substitueix a Enric Nomded\u00e9u despr\u00e9s del seu cessament com a regidor en el consistori castellonenc. El Consell d&#8217;Administraci\u00f3 de Reciplasa ha nomenat a Ali Brancal com la seua nova presidenta despr\u00e9s del cessament en el c\u00e0rrec de regidor de Castell\u00f3 d&#8217;Enric Nomded\u00e9u pel seu nomenament com a secretari auton\u00f2micDale que hay m\u00e1s ...\" \/>\n<meta property=\"og:url\" content=\"https:\/\/www.reciplasa.es\/ali-brancal-nomenada-presidenta-del-consell-dadministracio-de-reciplasa-del-consejo-de-administracion-de-reciplasa\/\" \/>\n<meta property=\"og:site_name\" content=\"RECIPLASA\" \/>\n<meta property=\"article:published_time\" content=\"2016-09-23T07:42:30+00:00\" \/>\n<meta property=\"article:modified_time\" content=\"2023-07-25T14:57:52+00:00\" \/>\n<meta property=\"og:image\" content=\"https:\/\/www.reciplasa.es\/wp-content\/uploads\/2016\/09\/MG_9442-1-1024x683.jpg\" \/>\n\t<meta property=\"og:image:width\" content=\"1024\" \/>\n\t<meta property=\"og:image:height\" content=\"683\" \/>\n\t<meta property=\"og:image:type\" content=\"image\/jpeg\" \/>\n<meta name=\"author\" content=\"admin\" \/>\n<meta name=\"twitter:card\" content=\"summary_large_image\" \/>\n<meta name=\"twitter:label1\" content=\"Written by\" \/>\n\t<meta name=\"twitter:data1\" content=\"admin\" \/>\n\t<meta name=\"twitter:label2\" content=\"Est. reading time\" \/>\n\t<meta name=\"twitter:data2\" content=\"1 minute\" \/>\n<script type=\"application\/ld+json\" class=\"yoast-schema-graph\">{\"@context\":\"https:\\\/\\\/schema.org\",\"@graph\":[{\"@type\":\"Article\",\"@id\":\"https:\\\/\\\/www.reciplasa.es\\\/ali-brancal-nomenada-presidenta-del-consell-dadministracio-de-reciplasa-del-consejo-de-administracion-de-reciplasa\\\/#article\",\"isPartOf\":{\"@id\":\"https:\\\/\\\/www.reciplasa.es\\\/ali-brancal-nomenada-presidenta-del-consell-dadministracio-de-reciplasa-del-consejo-de-administracion-de-reciplasa\\\/\"},\"author\":{\"name\":\"admin\",\"@id\":\"https:\\\/\\\/www.reciplasa.es\\\/#\\\/schema\\\/person\\\/83956c0809d24aff6f2d007e72ba3962\"},\"headline\":\"Ali Brancal nomenada presidenta del Consell d&#8217;Administraci\u00f3 de Reciplasa\",\"datePublished\":\"2016-09-23T07:42:30+00:00\",\"dateModified\":\"2023-07-25T14:57:52+00:00\",\"mainEntityOfPage\":{\"@id\":\"https:\\\/\\\/www.reciplasa.es\\\/ali-brancal-nomenada-presidenta-del-consell-dadministracio-de-reciplasa-del-consejo-de-administracion-de-reciplasa\\\/\"},\"wordCount\":170,\"image\":{\"@id\":\"https:\\\/\\\/www.reciplasa.es\\\/ali-brancal-nomenada-presidenta-del-consell-dadministracio-de-reciplasa-del-consejo-de-administracion-de-reciplasa\\\/#primaryimage\"},\"thumbnailUrl\":\"https:\\\/\\\/www.reciplasa.es\\\/wp-content\\\/uploads\\\/2016\\\/09\\\/MG_9442-1.jpg\",\"articleSection\":[\"Not\u00edcies corporatives\"],\"inLanguage\":\"va-VA\"},{\"@type\":\"WebPage\",\"@id\":\"https:\\\/\\\/www.reciplasa.es\\\/ali-brancal-nomenada-presidenta-del-consell-dadministracio-de-reciplasa-del-consejo-de-administracion-de-reciplasa\\\/\",\"url\":\"https:\\\/\\\/www.reciplasa.es\\\/ali-brancal-nomenada-presidenta-del-consell-dadministracio-de-reciplasa-del-consejo-de-administracion-de-reciplasa\\\/\",\"name\":\"Ali Brancal nomenada presidenta del Consell d'Administraci\u00f3 de Reciplasa - RECIPLASA\",\"isPartOf\":{\"@id\":\"https:\\\/\\\/www.reciplasa.es\\\/#website\"},\"primaryImageOfPage\":{\"@id\":\"https:\\\/\\\/www.reciplasa.es\\\/ali-brancal-nomenada-presidenta-del-consell-dadministracio-de-reciplasa-del-consejo-de-administracion-de-reciplasa\\\/#primaryimage\"},\"image\":{\"@id\":\"https:\\\/\\\/www.reciplasa.es\\\/ali-brancal-nomenada-presidenta-del-consell-dadministracio-de-reciplasa-del-consejo-de-administracion-de-reciplasa\\\/#primaryimage\"},\"thumbnailUrl\":\"https:\\\/\\\/www.reciplasa.es\\\/wp-content\\\/uploads\\\/2016\\\/09\\\/MG_9442-1.jpg\",\"datePublished\":\"2016-09-23T07:42:30+00:00\",\"dateModified\":\"2023-07-25T14:57:52+00:00\",\"author\":{\"@id\":\"https:\\\/\\\/www.reciplasa.es\\\/#\\\/schema\\\/person\\\/83956c0809d24aff6f2d007e72ba3962\"},\"breadcrumb\":{\"@id\":\"https:\\\/\\\/www.reciplasa.es\\\/ali-brancal-nomenada-presidenta-del-consell-dadministracio-de-reciplasa-del-consejo-de-administracion-de-reciplasa\\\/#breadcrumb\"},\"inLanguage\":\"va-VA\",\"potentialAction\":[{\"@type\":\"ReadAction\",\"target\":[\"https:\\\/\\\/www.reciplasa.es\\\/ali-brancal-nomenada-presidenta-del-consell-dadministracio-de-reciplasa-del-consejo-de-administracion-de-reciplasa\\\/\"]}]},{\"@type\":\"ImageObject\",\"inLanguage\":\"va-VA\",\"@id\":\"https:\\\/\\\/www.reciplasa.es\\\/ali-brancal-nomenada-presidenta-del-consell-dadministracio-de-reciplasa-del-consejo-de-administracion-de-reciplasa\\\/#primaryimage\",\"url\":\"https:\\\/\\\/www.reciplasa.es\\\/wp-content\\\/uploads\\\/2016\\\/09\\\/MG_9442-1.jpg\",\"contentUrl\":\"https:\\\/\\\/www.reciplasa.es\\\/wp-content\\\/uploads\\\/2016\\\/09\\\/MG_9442-1.jpg\",\"width\":3504,\"height\":2336},{\"@type\":\"BreadcrumbList\",\"@id\":\"https:\\\/\\\/www.reciplasa.es\\\/ali-brancal-nomenada-presidenta-del-consell-dadministracio-de-reciplasa-del-consejo-de-administracion-de-reciplasa\\\/#breadcrumb\",\"itemListElement\":[{\"@type\":\"ListItem\",\"position\":1,\"name\":\"Portada\",\"item\":\"https:\\\/\\\/www.reciplasa.es\\\/va\\\/\"},{\"@type\":\"ListItem\",\"position\":2,\"name\":\"Ali Brancal nomenada presidenta del Consell d&#8217;Administraci\u00f3 de Reciplasa\"}]},{\"@type\":\"WebSite\",\"@id\":\"https:\\\/\\\/www.reciplasa.es\\\/#website\",\"url\":\"https:\\\/\\\/www.reciplasa.es\\\/\",\"name\":\"RECIPLASA\",\"description\":\"Reciclats de Residus La Plana SA\",\"potentialAction\":[{\"@type\":\"SearchAction\",\"target\":{\"@type\":\"EntryPoint\",\"urlTemplate\":\"https:\\\/\\\/www.reciplasa.es\\\/?s={search_term_string}\"},\"query-input\":{\"@type\":\"PropertyValueSpecification\",\"valueRequired\":true,\"valueName\":\"search_term_string\"}}],\"inLanguage\":\"va-VA\"},{\"@type\":\"Person\",\"@id\":\"https:\\\/\\\/www.reciplasa.es\\\/#\\\/schema\\\/person\\\/83956c0809d24aff6f2d007e72ba3962\",\"name\":\"admin\",\"image\":{\"@type\":\"ImageObject\",\"inLanguage\":\"va-VA\",\"@id\":\"https:\\\/\\\/secure.gravatar.com\\\/avatar\\\/48f95f42a3ccc324f3a3458e4b9e6fb070b083e99d388e170c1afb061fa99b63?s=96&d=mm&r=g\",\"url\":\"https:\\\/\\\/secure.gravatar.com\\\/avatar\\\/48f95f42a3ccc324f3a3458e4b9e6fb070b083e99d388e170c1afb061fa99b63?s=96&d=mm&r=g\",\"contentUrl\":\"https:\\\/\\\/secure.gravatar.com\\\/avatar\\\/48f95f42a3ccc324f3a3458e4b9e6fb070b083e99d388e170c1afb061fa99b63?s=96&d=mm&r=g\",\"caption\":\"admin\"},\"url\":\"https:\\\/\\\/www.reciplasa.es\\\/va\\\/author\\\/admin\\\/\"}]}<\/script>\n<!-- \/ Yoast SEO plugin. -->","yoast_head_json":{"title":"Ali Brancal nomenada presidenta del Consell d'Administraci\u00f3 de Reciplasa - RECIPLASA","robots":{"index":"index","follow":"follow","max-snippet":"max-snippet:-1","max-image-preview":"max-image-preview:large","max-video-preview":"max-video-preview:-1"},"canonical":"https:\/\/www.reciplasa.es\/ali-brancal-nomenada-presidenta-del-consell-dadministracio-de-reciplasa-del-consejo-de-administracion-de-reciplasa\/","og_locale":"en_US","og_type":"article","og_title":"Ali Brancal nomenada presidenta del Consell d'Administraci\u00f3 de Reciplasa - RECIPLASA","og_description":"La regidora de l&#8217;Ajuntament de Castell\u00f3 substitueix a Enric Nomded\u00e9u despr\u00e9s del seu cessament com a regidor en el consistori castellonenc. El Consell d&#8217;Administraci\u00f3 de Reciplasa ha nomenat a Ali Brancal com la seua nova presidenta despr\u00e9s del cessament en el c\u00e0rrec de regidor de Castell\u00f3 d&#8217;Enric Nomded\u00e9u pel seu nomenament com a secretari auton\u00f2micDale que hay m\u00e1s ...","og_url":"https:\/\/www.reciplasa.es\/ali-brancal-nomenada-presidenta-del-consell-dadministracio-de-reciplasa-del-consejo-de-administracion-de-reciplasa\/","og_site_name":"RECIPLASA","article_published_time":"2016-09-23T07:42:30+00:00","article_modified_time":"2023-07-25T14:57:52+00:00","og_image":[{"width":1024,"height":683,"url":"https:\/\/www.reciplasa.es\/wp-content\/uploads\/2016\/09\/MG_9442-1-1024x683.jpg","type":"image\/jpeg"}],"author":"admin","twitter_card":"summary_large_image","twitter_misc":{"Written by":"admin","Est. reading time":"1 minute"},"schema":{"@context":"https:\/\/schema.org","@graph":[{"@type":"Article","@id":"https:\/\/www.reciplasa.es\/ali-brancal-nomenada-presidenta-del-consell-dadministracio-de-reciplasa-del-consejo-de-administracion-de-reciplasa\/#article","isPartOf":{"@id":"https:\/\/www.reciplasa.es\/ali-brancal-nomenada-presidenta-del-consell-dadministracio-de-reciplasa-del-consejo-de-administracion-de-reciplasa\/"},"author":{"name":"admin","@id":"https:\/\/www.reciplasa.es\/#\/schema\/person\/83956c0809d24aff6f2d007e72ba3962"},"headline":"Ali Brancal nomenada presidenta del Consell d&#8217;Administraci\u00f3 de Reciplasa","datePublished":"2016-09-23T07:42:30+00:00","dateModified":"2023-07-25T14:57:52+00:00","mainEntityOfPage":{"@id":"https:\/\/www.reciplasa.es\/ali-brancal-nomenada-presidenta-del-consell-dadministracio-de-reciplasa-del-consejo-de-administracion-de-reciplasa\/"},"wordCount":170,"image":{"@id":"https:\/\/www.reciplasa.es\/ali-brancal-nomenada-presidenta-del-consell-dadministracio-de-reciplasa-del-consejo-de-administracion-de-reciplasa\/#primaryimage"},"thumbnailUrl":"https:\/\/www.reciplasa.es\/wp-content\/uploads\/2016\/09\/MG_9442-1.jpg","articleSection":["Not\u00edcies corporatives"],"inLanguage":"va-VA"},{"@type":"WebPage","@id":"https:\/\/www.reciplasa.es\/ali-brancal-nomenada-presidenta-del-consell-dadministracio-de-reciplasa-del-consejo-de-administracion-de-reciplasa\/","url":"https:\/\/www.reciplasa.es\/ali-brancal-nomenada-presidenta-del-consell-dadministracio-de-reciplasa-del-consejo-de-administracion-de-reciplasa\/","name":"Ali Brancal nomenada presidenta del Consell d'Administraci\u00f3 de Reciplasa - RECIPLASA","isPartOf":{"@id":"https:\/\/www.reciplasa.es\/#website"},"primaryImageOfPage":{"@id":"https:\/\/www.reciplasa.es\/ali-brancal-nomenada-presidenta-del-consell-dadministracio-de-reciplasa-del-consejo-de-administracion-de-reciplasa\/#primaryimage"},"image":{"@id":"https:\/\/www.reciplasa.es\/ali-brancal-nomenada-presidenta-del-consell-dadministracio-de-reciplasa-del-consejo-de-administracion-de-reciplasa\/#primaryimage"},"thumbnailUrl":"https:\/\/www.reciplasa.es\/wp-content\/uploads\/2016\/09\/MG_9442-1.jpg","datePublished":"2016-09-23T07:42:30+00:00","dateModified":"2023-07-25T14:57:52+00:00","author":{"@id":"https:\/\/www.reciplasa.es\/#\/schema\/person\/83956c0809d24aff6f2d007e72ba3962"},"breadcrumb":{"@id":"https:\/\/www.reciplasa.es\/ali-brancal-nomenada-presidenta-del-consell-dadministracio-de-reciplasa-del-consejo-de-administracion-de-reciplasa\/#breadcrumb"},"inLanguage":"va-VA","potentialAction":[{"@type":"ReadAction","target":["https:\/\/www.reciplasa.es\/ali-brancal-nomenada-presidenta-del-consell-dadministracio-de-reciplasa-del-consejo-de-administracion-de-reciplasa\/"]}]},{"@type":"ImageObject","inLanguage":"va-VA","@id":"https:\/\/www.reciplasa.es\/ali-brancal-nomenada-presidenta-del-consell-dadministracio-de-reciplasa-del-consejo-de-administracion-de-reciplasa\/#primaryimage","url":"https:\/\/www.reciplasa.es\/wp-content\/uploads\/2016\/09\/MG_9442-1.jpg","contentUrl":"https:\/\/www.reciplasa.es\/wp-content\/uploads\/2016\/09\/MG_9442-1.jpg","width":3504,"height":2336},{"@type":"BreadcrumbList","@id":"https:\/\/www.reciplasa.es\/ali-brancal-nomenada-presidenta-del-consell-dadministracio-de-reciplasa-del-consejo-de-administracion-de-reciplasa\/#breadcrumb","itemListElement":[{"@type":"ListItem","position":1,"name":"Portada","item":"https:\/\/www.reciplasa.es\/va\/"},{"@type":"ListItem","position":2,"name":"Ali Brancal nomenada presidenta del Consell d&#8217;Administraci\u00f3 de Reciplasa"}]},{"@type":"WebSite","@id":"https:\/\/www.reciplasa.es\/#website","url":"https:\/\/www.reciplasa.es\/","name":"RECIPLASA","description":"Reciclats de Residus La Plana SA","potentialAction":[{"@type":"SearchAction","target":{"@type":"EntryPoint","urlTemplate":"https:\/\/www.reciplasa.es\/?s={search_term_string}"},"query-input":{"@type":"PropertyValueSpecification","valueRequired":true,"valueName":"search_term_string"}}],"inLanguage":"va-VA"},{"@type":"Person","@id":"https:\/\/www.reciplasa.es\/#\/schema\/person\/83956c0809d24aff6f2d007e72ba3962","name":"admin","image":{"@type":"ImageObject","inLanguage":"va-VA","@id":"https:\/\/secure.gravatar.com\/avatar\/48f95f42a3ccc324f3a3458e4b9e6fb070b083e99d388e170c1afb061fa99b63?s=96&d=mm&r=g","url":"https:\/\/secure.gravatar.com\/avatar\/48f95f42a3ccc324f3a3458e4b9e6fb070b083e99d388e170c1afb061fa99b63?s=96&d=mm&r=g","contentUrl":"https:\/\/secure.gravatar.com\/avatar\/48f95f42a3ccc324f3a3458e4b9e6fb070b083e99d388e170c1afb061fa99b63?s=96&d=mm&r=g","caption":"admin"},"url":"https:\/\/www.reciplasa.es\/va\/author\/admin\/"}]}},"_links":{"self":[{"href":"https:\/\/www.reciplasa.es\/va\/wp-json\/wp\/v2\/posts\/11533","targetHints":{"allow":["GET"]}}],"collection":[{"href":"https:\/\/www.reciplasa.es\/va\/wp-json\/wp\/v2\/posts"}],"about":[{"href":"https:\/\/www.reciplasa.es\/va\/wp-json\/wp\/v2\/types\/post"}],"author":[{"embeddable":true,"href":"https:\/\/www.reciplasa.es\/va\/wp-json\/wp\/v2\/users\/1"}],"replies":[{"embeddable":true,"href":"https:\/\/www.reciplasa.es\/va\/wp-json\/wp\/v2\/comments?post=11533"}],"version-history":[{"count":2,"href":"https:\/\/www.reciplasa.es\/va\/wp-json\/wp\/v2\/posts\/11533\/revisions"}],"predecessor-version":[{"id":12771,"href":"https:\/\/www.reciplasa.es\/va\/wp-json\/wp\/v2\/posts\/11533\/revisions\/12771"}],"wp:featuredmedia":[{"embeddable":true,"href":"https:\/\/www.reciplasa.es\/va\/wp-json\/wp\/v2\/media\/12085"}],"wp:attachment":[{"href":"https:\/\/www.reciplasa.es\/va\/wp-json\/wp\/v2\/media?parent=11533"}],"wp:term":[{"taxonomy":"category","embeddable":true,"href":"https:\/\/www.reciplasa.es\/va\/wp-json\/wp\/v2\/categories?post=11533"},{"taxonomy":"post_tag","embeddable":true,"href":"https:\/\/www.reciplasa.es\/va\/wp-json\/wp\/v2\/tags?post=11533"}],"curies":[{"name":"wp","href":"https:\/\/api.w.org\/{rel}","templated":true}]}}