{"id":11536,"date":"2016-09-29T09:07:19","date_gmt":"2016-09-29T09:07:19","guid":{"rendered":"http:\/\/www.reciplasa.es\/2016\/09\/29\/visita-de-la-consellera-de-medio-ambiente-al-stand-de-reciplasa-en-la-ecofira\/"},"modified":"2017-05-15T08:52:55","modified_gmt":"2017-05-15T08:52:55","slug":"visita-de-la-consellera-de-medi-ambient-al-stand-de-reciplasa-en-la-ecofira","status":"publish","type":"post","link":"https:\/\/www.reciplasa.es\/va\/visita-de-la-consellera-de-medi-ambient-al-stand-de-reciplasa-en-la-ecofira\/","title":{"rendered":"Visita de la consellera de Medi Ambient al stand de Reciplasa en la Ecofira"},"content":{"rendered":"<p>&nbsp;<\/p>\n<p>La consellera de Medi ambient, Elena Cebrian, va visitar el stand de Reciplasa en la 14\u00aa Fira Internacional de les Solucions Mediambientals Ecofira. Durant la visita va poder comprovar el treball que realitza l&#8217;entitat per al tractament de residus urbans de la zona centre de la prov\u00edncia de Castell\u00f3. Aix\u00ed mateix, Cebri\u00e1n va fer lliurament d&#8217;un diploma de participaci\u00f3 al gerent de l&#8217;empresa p\u00fablica, Fernando Albarr\u00e1n. Durant el lliurament del diploma, la consellera va estar acompanyada pel president de la fira, Jorge Tejedo, qui va destacar la implicaci\u00f3 de Reciplasa en l&#8217;esdeveniment.<\/p>\n<p>L&#8217;expositor de Reciplasa es troba en la fira al costat de les empreses m\u00e9s destacades del sector mediambiental. Durant les dues jornades ha rebut una gran quantitat de visites de persones que s&#8217;interessen pel treball de l&#8217;entitat, aix\u00ed com de prove\u00efdors i d&#8217;altres personalitats. Entre els visitants, destaca l&#8217;alcaldessa de Borriana i membre del Consell d&#8217;Administraci\u00f3 de l&#8217;ens, Maria Josep Safont, el diputat de Medi ambient de la Diputaci\u00f3 de Castell\u00f3, Mario Garc\u00eda o l&#8217;expresident de Reciplasa i actual Secretari Auton\u00f2mic d&#8217;Ocupaci\u00f3, Enric Nomded\u00e9u.<\/p>\n","protected":false},"excerpt":{"rendered":"<p>&nbsp; La consellera de Medi ambient, Elena Cebrian, va visitar el stand de Reciplasa en la 14\u00aa Fira Internacional de les Solucions Mediambientals Ecofira. Durant la visita va poder comprovar el treball que realitza l&#8217;entitat per al tractament de residus urbans de la zona centre de la prov\u00edncia de Castell\u00f3. Aix\u00ed mateix, Cebri\u00e1n va ferDale que hay m\u00e1s &#8230;<\/p>\n","protected":false},"author":1,"featured_media":12086,"comment_status":"closed","ping_status":"closed","sticky":false,"template":"","format":"standard","meta":{"footnotes":""},"categories":[87],"tags":[],"class_list":["post-11536","post","type-post","status-publish","format-standard","has-post-thumbnail","hentry","category-noticies-corporatives"],"yoast_head":"<!-- This site is optimized with the Yoast SEO plugin v27.4 - https:\/\/yoast.com\/product\/yoast-seo-wordpress\/ -->\n<title>Visita de la consellera de Medi Ambient al stand de Reciplasa en la Ecofira - RECIPLASA<\/title>\n<meta name=\"robots\" content=\"index, follow, max-snippet:-1, max-image-preview:large, max-video-preview:-1\" \/>\n<link rel=\"canonical\" href=\"https:\/\/www.reciplasa.es\/visita-de-la-consellera-de-medio-ambiente-al-stand-de-reciplasa-en-la-ecofira\/\" \/>\n<meta property=\"og:locale\" content=\"en_US\" \/>\n<meta property=\"og:type\" content=\"article\" \/>\n<meta property=\"og:title\" content=\"Visita de la consellera de Medi Ambient al stand de Reciplasa en la Ecofira - RECIPLASA\" \/>\n<meta property=\"og:description\" content=\"&nbsp; La consellera de Medi ambient, Elena Cebrian, va visitar el stand de Reciplasa en la 14\u00aa Fira Internacional de les Solucions Mediambientals Ecofira. Durant la visita va poder comprovar el treball que realitza l&#8217;entitat per al tractament de residus urbans de la zona centre de la prov\u00edncia de Castell\u00f3. Aix\u00ed mateix, Cebri\u00e1n va ferDale que hay m\u00e1s ...\" \/>\n<meta property=\"og:url\" content=\"https:\/\/www.reciplasa.es\/visita-de-la-consellera-de-medio-ambiente-al-stand-de-reciplasa-en-la-ecofira\/\" \/>\n<meta property=\"og:site_name\" content=\"RECIPLASA\" \/>\n<meta property=\"article:published_time\" content=\"2016-09-29T09:07:19+00:00\" \/>\n<meta property=\"article:modified_time\" content=\"2017-05-15T08:52:55+00:00\" \/>\n<meta property=\"og:image\" content=\"https:\/\/www.reciplasa.es\/wp-content\/uploads\/2016\/09\/IMG_9514-1024x683.jpg\" \/>\n\t<meta property=\"og:image:width\" content=\"1024\" \/>\n\t<meta property=\"og:image:height\" content=\"683\" \/>\n\t<meta property=\"og:image:type\" content=\"image\/jpeg\" \/>\n<meta name=\"author\" content=\"admin\" \/>\n<meta name=\"twitter:card\" content=\"summary_large_image\" \/>\n<meta name=\"twitter:label1\" content=\"Written by\" \/>\n\t<meta name=\"twitter:data1\" content=\"admin\" \/>\n\t<meta name=\"twitter:label2\" content=\"Est. reading time\" \/>\n\t<meta name=\"twitter:data2\" content=\"1 minute\" \/>\n<script type=\"application\/ld+json\" class=\"yoast-schema-graph\">{\"@context\":\"https:\\\/\\\/schema.org\",\"@graph\":[{\"@type\":\"Article\",\"@id\":\"https:\\\/\\\/www.reciplasa.es\\\/visita-de-la-consellera-de-medio-ambiente-al-stand-de-reciplasa-en-la-ecofira\\\/#article\",\"isPartOf\":{\"@id\":\"https:\\\/\\\/www.reciplasa.es\\\/visita-de-la-consellera-de-medio-ambiente-al-stand-de-reciplasa-en-la-ecofira\\\/\"},\"author\":{\"name\":\"admin\",\"@id\":\"https:\\\/\\\/www.reciplasa.es\\\/#\\\/schema\\\/person\\\/83956c0809d24aff6f2d007e72ba3962\"},\"headline\":\"Visita de la consellera de Medi Ambient al stand de Reciplasa en la Ecofira\",\"datePublished\":\"2016-09-29T09:07:19+00:00\",\"dateModified\":\"2017-05-15T08:52:55+00:00\",\"mainEntityOfPage\":{\"@id\":\"https:\\\/\\\/www.reciplasa.es\\\/visita-de-la-consellera-de-medio-ambiente-al-stand-de-reciplasa-en-la-ecofira\\\/\"},\"wordCount\":212,\"image\":{\"@id\":\"https:\\\/\\\/www.reciplasa.es\\\/visita-de-la-consellera-de-medio-ambiente-al-stand-de-reciplasa-en-la-ecofira\\\/#primaryimage\"},\"thumbnailUrl\":\"https:\\\/\\\/www.reciplasa.es\\\/wp-content\\\/uploads\\\/2016\\\/09\\\/IMG_9514.jpg\",\"articleSection\":[\"Not\u00edcies corporatives\"],\"inLanguage\":\"va-VA\"},{\"@type\":\"WebPage\",\"@id\":\"https:\\\/\\\/www.reciplasa.es\\\/visita-de-la-consellera-de-medio-ambiente-al-stand-de-reciplasa-en-la-ecofira\\\/\",\"url\":\"https:\\\/\\\/www.reciplasa.es\\\/visita-de-la-consellera-de-medio-ambiente-al-stand-de-reciplasa-en-la-ecofira\\\/\",\"name\":\"Visita de la consellera de Medi Ambient al stand de Reciplasa en la Ecofira - RECIPLASA\",\"isPartOf\":{\"@id\":\"https:\\\/\\\/www.reciplasa.es\\\/#website\"},\"primaryImageOfPage\":{\"@id\":\"https:\\\/\\\/www.reciplasa.es\\\/visita-de-la-consellera-de-medio-ambiente-al-stand-de-reciplasa-en-la-ecofira\\\/#primaryimage\"},\"image\":{\"@id\":\"https:\\\/\\\/www.reciplasa.es\\\/visita-de-la-consellera-de-medio-ambiente-al-stand-de-reciplasa-en-la-ecofira\\\/#primaryimage\"},\"thumbnailUrl\":\"https:\\\/\\\/www.reciplasa.es\\\/wp-content\\\/uploads\\\/2016\\\/09\\\/IMG_9514.jpg\",\"datePublished\":\"2016-09-29T09:07:19+00:00\",\"dateModified\":\"2017-05-15T08:52:55+00:00\",\"author\":{\"@id\":\"https:\\\/\\\/www.reciplasa.es\\\/#\\\/schema\\\/person\\\/83956c0809d24aff6f2d007e72ba3962\"},\"breadcrumb\":{\"@id\":\"https:\\\/\\\/www.reciplasa.es\\\/visita-de-la-consellera-de-medio-ambiente-al-stand-de-reciplasa-en-la-ecofira\\\/#breadcrumb\"},\"inLanguage\":\"va-VA\",\"potentialAction\":[{\"@type\":\"ReadAction\",\"target\":[\"https:\\\/\\\/www.reciplasa.es\\\/visita-de-la-consellera-de-medio-ambiente-al-stand-de-reciplasa-en-la-ecofira\\\/\"]}]},{\"@type\":\"ImageObject\",\"inLanguage\":\"va-VA\",\"@id\":\"https:\\\/\\\/www.reciplasa.es\\\/visita-de-la-consellera-de-medio-ambiente-al-stand-de-reciplasa-en-la-ecofira\\\/#primaryimage\",\"url\":\"https:\\\/\\\/www.reciplasa.es\\\/wp-content\\\/uploads\\\/2016\\\/09\\\/IMG_9514.jpg\",\"contentUrl\":\"https:\\\/\\\/www.reciplasa.es\\\/wp-content\\\/uploads\\\/2016\\\/09\\\/IMG_9514.jpg\",\"width\":3504,\"height\":2336},{\"@type\":\"BreadcrumbList\",\"@id\":\"https:\\\/\\\/www.reciplasa.es\\\/visita-de-la-consellera-de-medio-ambiente-al-stand-de-reciplasa-en-la-ecofira\\\/#breadcrumb\",\"itemListElement\":[{\"@type\":\"ListItem\",\"position\":1,\"name\":\"Portada\",\"item\":\"https:\\\/\\\/www.reciplasa.es\\\/va\\\/\"},{\"@type\":\"ListItem\",\"position\":2,\"name\":\"Visita de la consellera de Medi Ambient al stand de Reciplasa en la Ecofira\"}]},{\"@type\":\"WebSite\",\"@id\":\"https:\\\/\\\/www.reciplasa.es\\\/#website\",\"url\":\"https:\\\/\\\/www.reciplasa.es\\\/\",\"name\":\"RECIPLASA\",\"description\":\"Reciclats de Residus La Plana SA\",\"potentialAction\":[{\"@type\":\"SearchAction\",\"target\":{\"@type\":\"EntryPoint\",\"urlTemplate\":\"https:\\\/\\\/www.reciplasa.es\\\/?s={search_term_string}\"},\"query-input\":{\"@type\":\"PropertyValueSpecification\",\"valueRequired\":true,\"valueName\":\"search_term_string\"}}],\"inLanguage\":\"va-VA\"},{\"@type\":\"Person\",\"@id\":\"https:\\\/\\\/www.reciplasa.es\\\/#\\\/schema\\\/person\\\/83956c0809d24aff6f2d007e72ba3962\",\"name\":\"admin\",\"image\":{\"@type\":\"ImageObject\",\"inLanguage\":\"va-VA\",\"@id\":\"https:\\\/\\\/secure.gravatar.com\\\/avatar\\\/48f95f42a3ccc324f3a3458e4b9e6fb070b083e99d388e170c1afb061fa99b63?s=96&d=mm&r=g\",\"url\":\"https:\\\/\\\/secure.gravatar.com\\\/avatar\\\/48f95f42a3ccc324f3a3458e4b9e6fb070b083e99d388e170c1afb061fa99b63?s=96&d=mm&r=g\",\"contentUrl\":\"https:\\\/\\\/secure.gravatar.com\\\/avatar\\\/48f95f42a3ccc324f3a3458e4b9e6fb070b083e99d388e170c1afb061fa99b63?s=96&d=mm&r=g\",\"caption\":\"admin\"},\"url\":\"https:\\\/\\\/www.reciplasa.es\\\/va\\\/author\\\/admin\\\/\"}]}<\/script>\n<!-- \/ Yoast SEO plugin. -->","yoast_head_json":{"title":"Visita de la consellera de Medi Ambient al stand de Reciplasa en la Ecofira - RECIPLASA","robots":{"index":"index","follow":"follow","max-snippet":"max-snippet:-1","max-image-preview":"max-image-preview:large","max-video-preview":"max-video-preview:-1"},"canonical":"https:\/\/www.reciplasa.es\/visita-de-la-consellera-de-medio-ambiente-al-stand-de-reciplasa-en-la-ecofira\/","og_locale":"en_US","og_type":"article","og_title":"Visita de la consellera de Medi Ambient al stand de Reciplasa en la Ecofira - RECIPLASA","og_description":"&nbsp; La consellera de Medi ambient, Elena Cebrian, va visitar el stand de Reciplasa en la 14\u00aa Fira Internacional de les Solucions Mediambientals Ecofira. Durant la visita va poder comprovar el treball que realitza l&#8217;entitat per al tractament de residus urbans de la zona centre de la prov\u00edncia de Castell\u00f3. Aix\u00ed mateix, Cebri\u00e1n va ferDale que hay m\u00e1s ...","og_url":"https:\/\/www.reciplasa.es\/visita-de-la-consellera-de-medio-ambiente-al-stand-de-reciplasa-en-la-ecofira\/","og_site_name":"RECIPLASA","article_published_time":"2016-09-29T09:07:19+00:00","article_modified_time":"2017-05-15T08:52:55+00:00","og_image":[{"width":1024,"height":683,"url":"https:\/\/www.reciplasa.es\/wp-content\/uploads\/2016\/09\/IMG_9514-1024x683.jpg","type":"image\/jpeg"}],"author":"admin","twitter_card":"summary_large_image","twitter_misc":{"Written by":"admin","Est. reading time":"1 minute"},"schema":{"@context":"https:\/\/schema.org","@graph":[{"@type":"Article","@id":"https:\/\/www.reciplasa.es\/visita-de-la-consellera-de-medio-ambiente-al-stand-de-reciplasa-en-la-ecofira\/#article","isPartOf":{"@id":"https:\/\/www.reciplasa.es\/visita-de-la-consellera-de-medio-ambiente-al-stand-de-reciplasa-en-la-ecofira\/"},"author":{"name":"admin","@id":"https:\/\/www.reciplasa.es\/#\/schema\/person\/83956c0809d24aff6f2d007e72ba3962"},"headline":"Visita de la consellera de Medi Ambient al stand de Reciplasa en la Ecofira","datePublished":"2016-09-29T09:07:19+00:00","dateModified":"2017-05-15T08:52:55+00:00","mainEntityOfPage":{"@id":"https:\/\/www.reciplasa.es\/visita-de-la-consellera-de-medio-ambiente-al-stand-de-reciplasa-en-la-ecofira\/"},"wordCount":212,"image":{"@id":"https:\/\/www.reciplasa.es\/visita-de-la-consellera-de-medio-ambiente-al-stand-de-reciplasa-en-la-ecofira\/#primaryimage"},"thumbnailUrl":"https:\/\/www.reciplasa.es\/wp-content\/uploads\/2016\/09\/IMG_9514.jpg","articleSection":["Not\u00edcies corporatives"],"inLanguage":"va-VA"},{"@type":"WebPage","@id":"https:\/\/www.reciplasa.es\/visita-de-la-consellera-de-medio-ambiente-al-stand-de-reciplasa-en-la-ecofira\/","url":"https:\/\/www.reciplasa.es\/visita-de-la-consellera-de-medio-ambiente-al-stand-de-reciplasa-en-la-ecofira\/","name":"Visita de la consellera de Medi Ambient al stand de Reciplasa en la Ecofira - RECIPLASA","isPartOf":{"@id":"https:\/\/www.reciplasa.es\/#website"},"primaryImageOfPage":{"@id":"https:\/\/www.reciplasa.es\/visita-de-la-consellera-de-medio-ambiente-al-stand-de-reciplasa-en-la-ecofira\/#primaryimage"},"image":{"@id":"https:\/\/www.reciplasa.es\/visita-de-la-consellera-de-medio-ambiente-al-stand-de-reciplasa-en-la-ecofira\/#primaryimage"},"thumbnailUrl":"https:\/\/www.reciplasa.es\/wp-content\/uploads\/2016\/09\/IMG_9514.jpg","datePublished":"2016-09-29T09:07:19+00:00","dateModified":"2017-05-15T08:52:55+00:00","author":{"@id":"https:\/\/www.reciplasa.es\/#\/schema\/person\/83956c0809d24aff6f2d007e72ba3962"},"breadcrumb":{"@id":"https:\/\/www.reciplasa.es\/visita-de-la-consellera-de-medio-ambiente-al-stand-de-reciplasa-en-la-ecofira\/#breadcrumb"},"inLanguage":"va-VA","potentialAction":[{"@type":"ReadAction","target":["https:\/\/www.reciplasa.es\/visita-de-la-consellera-de-medio-ambiente-al-stand-de-reciplasa-en-la-ecofira\/"]}]},{"@type":"ImageObject","inLanguage":"va-VA","@id":"https:\/\/www.reciplasa.es\/visita-de-la-consellera-de-medio-ambiente-al-stand-de-reciplasa-en-la-ecofira\/#primaryimage","url":"https:\/\/www.reciplasa.es\/wp-content\/uploads\/2016\/09\/IMG_9514.jpg","contentUrl":"https:\/\/www.reciplasa.es\/wp-content\/uploads\/2016\/09\/IMG_9514.jpg","width":3504,"height":2336},{"@type":"BreadcrumbList","@id":"https:\/\/www.reciplasa.es\/visita-de-la-consellera-de-medio-ambiente-al-stand-de-reciplasa-en-la-ecofira\/#breadcrumb","itemListElement":[{"@type":"ListItem","position":1,"name":"Portada","item":"https:\/\/www.reciplasa.es\/va\/"},{"@type":"ListItem","position":2,"name":"Visita de la consellera de Medi Ambient al stand de Reciplasa en la Ecofira"}]},{"@type":"WebSite","@id":"https:\/\/www.reciplasa.es\/#website","url":"https:\/\/www.reciplasa.es\/","name":"RECIPLASA","description":"Reciclats de Residus La Plana SA","potentialAction":[{"@type":"SearchAction","target":{"@type":"EntryPoint","urlTemplate":"https:\/\/www.reciplasa.es\/?s={search_term_string}"},"query-input":{"@type":"PropertyValueSpecification","valueRequired":true,"valueName":"search_term_string"}}],"inLanguage":"va-VA"},{"@type":"Person","@id":"https:\/\/www.reciplasa.es\/#\/schema\/person\/83956c0809d24aff6f2d007e72ba3962","name":"admin","image":{"@type":"ImageObject","inLanguage":"va-VA","@id":"https:\/\/secure.gravatar.com\/avatar\/48f95f42a3ccc324f3a3458e4b9e6fb070b083e99d388e170c1afb061fa99b63?s=96&d=mm&r=g","url":"https:\/\/secure.gravatar.com\/avatar\/48f95f42a3ccc324f3a3458e4b9e6fb070b083e99d388e170c1afb061fa99b63?s=96&d=mm&r=g","contentUrl":"https:\/\/secure.gravatar.com\/avatar\/48f95f42a3ccc324f3a3458e4b9e6fb070b083e99d388e170c1afb061fa99b63?s=96&d=mm&r=g","caption":"admin"},"url":"https:\/\/www.reciplasa.es\/va\/author\/admin\/"}]}},"_links":{"self":[{"href":"https:\/\/www.reciplasa.es\/va\/wp-json\/wp\/v2\/posts\/11536","targetHints":{"allow":["GET"]}}],"collection":[{"href":"https:\/\/www.reciplasa.es\/va\/wp-json\/wp\/v2\/posts"}],"about":[{"href":"https:\/\/www.reciplasa.es\/va\/wp-json\/wp\/v2\/types\/post"}],"author":[{"embeddable":true,"href":"https:\/\/www.reciplasa.es\/va\/wp-json\/wp\/v2\/users\/1"}],"replies":[{"embeddable":true,"href":"https:\/\/www.reciplasa.es\/va\/wp-json\/wp\/v2\/comments?post=11536"}],"version-history":[{"count":2,"href":"https:\/\/www.reciplasa.es\/va\/wp-json\/wp\/v2\/posts\/11536\/revisions"}],"predecessor-version":[{"id":11553,"href":"https:\/\/www.reciplasa.es\/va\/wp-json\/wp\/v2\/posts\/11536\/revisions\/11553"}],"wp:featuredmedia":[{"embeddable":true,"href":"https:\/\/www.reciplasa.es\/va\/wp-json\/wp\/v2\/media\/12086"}],"wp:attachment":[{"href":"https:\/\/www.reciplasa.es\/va\/wp-json\/wp\/v2\/media?parent=11536"}],"wp:term":[{"taxonomy":"category","embeddable":true,"href":"https:\/\/www.reciplasa.es\/va\/wp-json\/wp\/v2\/categories?post=11536"},{"taxonomy":"post_tag","embeddable":true,"href":"https:\/\/www.reciplasa.es\/va\/wp-json\/wp\/v2\/tags?post=11536"}],"curies":[{"name":"wp","href":"https:\/\/api.w.org\/{rel}","templated":true}]}}