{"id":12114,"date":"2017-05-12T12:36:44","date_gmt":"2017-05-12T12:36:44","guid":{"rendered":"http:\/\/www.reciplasa.es\/?p=12114\/"},"modified":"2017-05-15T08:51:00","modified_gmt":"2017-05-15T08:51:00","slug":"lajuntament-betxi-utilitza-compost-reciplasa-per-jardi-public","status":"publish","type":"post","link":"https:\/\/www.reciplasa.es\/va\/lajuntament-betxi-utilitza-compost-reciplasa-per-jardi-public\/","title":{"rendered":"L&#8217;Ajuntament de Betx\u00ed utilitza el compost de Reciplasa per a un jard\u00ed p\u00fablic"},"content":{"rendered":"<p>L&#8217;Ajuntament de Betx\u00ed, membre de la Societat Reciplasa, empresa p\u00fablica dedicada al tractament i reciclat de residus de la Plana, va a utilitzar el compost que s&#8217;obt\u00e9 en la planta de l&#8217;entitat per a abonar un jard\u00ed p\u00fablic del seu terme municipal. El consistori ha pres aquesta decisi\u00f3 per la qualitat d&#8217;aquest material que s&#8217;obt\u00e9 de la fracci\u00f3 org\u00e0nica dels residus que arriben a la planta d&#8217;Onda, pr\u00e8viament separats i tractats.<\/p>\n<p>Aix\u00ed, Betx\u00ed ha obtingut 25 tones d&#8217;aquest material que pot considerar-se com una esmena org\u00e0nica i que li aporta al terreny una textura que permet reduir les p\u00e8rdues d&#8217;aigua, millorant l&#8217;efici\u00e8ncia del reg efectuat. Per aquest motiu, el material que s&#8217;obt\u00e9 en Reciplasa t\u00e9 unes caracter\u00edstiques adequades perqu\u00e8 puga ser utilitzat en aquesta aplicaci\u00f3, com expliquen des de l&#8217;entitat p\u00fablica.<\/p>\n<p>Cal destacar que aquest material compostat s&#8217;obt\u00e9 despr\u00e9s del proc\u00e9s de separaci\u00f3 de la mat\u00e8ria org\u00e0nica que es duu a terme en el tractament mec\u00e0nic. Una vegada separada la fracci\u00f3 org\u00e0nica, \u00e9s sotmesa a un proc\u00e9s de tractament biol\u00f2gic en els t\u00fanels de fermentaci\u00f3 i de maduraci\u00f3, on roman unes quatre setmanes. Finalment, es duu a terme un minuci\u00f3s proc\u00e9s d&#8217;afinament amb la finalitat d&#8217;eliminar impureses i poder obtenir un compost org\u00e0nic final de qualitat.<\/p>\n","protected":false},"excerpt":{"rendered":"<p>L&#8217;Ajuntament de Betx\u00ed, membre de la Societat Reciplasa, empresa p\u00fablica dedicada al tractament i reciclat de residus de la Plana, va a utilitzar el compost que s&#8217;obt\u00e9 en la planta de l&#8217;entitat per a abonar un jard\u00ed p\u00fablic del seu terme municipal. El consistori ha pres aquesta decisi\u00f3 per la qualitat d&#8217;aquest material que s&#8217;obt\u00e9Dale que hay m\u00e1s &#8230;<\/p>\n","protected":false},"author":2,"featured_media":12112,"comment_status":"closed","ping_status":"closed","sticky":false,"template":"","format":"standard","meta":{"footnotes":""},"categories":[87],"tags":[],"class_list":["post-12114","post","type-post","status-publish","format-standard","has-post-thumbnail","hentry","category-noticies-corporatives"],"yoast_head":"<!-- This site is optimized with the Yoast SEO plugin v27.4 - https:\/\/yoast.com\/product\/yoast-seo-wordpress\/ -->\n<title>L&#039;Ajuntament de Betx\u00ed utilitza el compost de Reciplasa per a un jard\u00ed p\u00fablic - RECIPLASA<\/title>\n<meta name=\"robots\" content=\"index, follow, max-snippet:-1, max-image-preview:large, max-video-preview:-1\" \/>\n<link rel=\"canonical\" href=\"https:\/\/www.reciplasa.es\/ayuntamiento-betxi-utiliza-compost-reciplasa-jardin-publico\/\" \/>\n<meta property=\"og:locale\" content=\"en_US\" \/>\n<meta property=\"og:type\" content=\"article\" \/>\n<meta property=\"og:title\" content=\"L&#039;Ajuntament de Betx\u00ed utilitza el compost de Reciplasa per a un jard\u00ed p\u00fablic - RECIPLASA\" \/>\n<meta property=\"og:description\" content=\"L&#8217;Ajuntament de Betx\u00ed, membre de la Societat Reciplasa, empresa p\u00fablica dedicada al tractament i reciclat de residus de la Plana, va a utilitzar el compost que s&#8217;obt\u00e9 en la planta de l&#8217;entitat per a abonar un jard\u00ed p\u00fablic del seu terme municipal. El consistori ha pres aquesta decisi\u00f3 per la qualitat d&#8217;aquest material que s&#8217;obt\u00e9Dale que hay m\u00e1s ...\" \/>\n<meta property=\"og:url\" content=\"https:\/\/www.reciplasa.es\/ayuntamiento-betxi-utiliza-compost-reciplasa-jardin-publico\/\" \/>\n<meta property=\"og:site_name\" content=\"RECIPLASA\" \/>\n<meta property=\"article:published_time\" content=\"2017-05-12T12:36:44+00:00\" \/>\n<meta property=\"article:modified_time\" content=\"2017-05-15T08:51:00+00:00\" \/>\n<meta property=\"og:image\" content=\"https:\/\/www.reciplasa.es\/wp-content\/uploads\/2017\/05\/Carga-compost-1.jpg\" \/>\n\t<meta property=\"og:image:width\" content=\"3872\" \/>\n\t<meta property=\"og:image:height\" content=\"2592\" \/>\n\t<meta property=\"og:image:type\" content=\"image\/jpeg\" \/>\n<meta name=\"author\" content=\"Xus Sempere\" \/>\n<meta name=\"twitter:card\" content=\"summary_large_image\" \/>\n<meta name=\"twitter:label1\" content=\"Written by\" \/>\n\t<meta name=\"twitter:data1\" content=\"Xus Sempere\" \/>\n\t<meta name=\"twitter:label2\" content=\"Est. reading time\" \/>\n\t<meta name=\"twitter:data2\" content=\"1 minute\" \/>\n<script type=\"application\/ld+json\" class=\"yoast-schema-graph\">{\"@context\":\"https:\\\/\\\/schema.org\",\"@graph\":[{\"@type\":\"Article\",\"@id\":\"https:\\\/\\\/www.reciplasa.es\\\/ayuntamiento-betxi-utiliza-compost-reciplasa-jardin-publico\\\/#article\",\"isPartOf\":{\"@id\":\"https:\\\/\\\/www.reciplasa.es\\\/ayuntamiento-betxi-utiliza-compost-reciplasa-jardin-publico\\\/\"},\"author\":{\"name\":\"Xus Sempere\",\"@id\":\"https:\\\/\\\/www.reciplasa.es\\\/#\\\/schema\\\/person\\\/de23619ae851cbe272320d75be592452\"},\"headline\":\"L&#8217;Ajuntament de Betx\u00ed utilitza el compost de Reciplasa per a un jard\u00ed p\u00fablic\",\"datePublished\":\"2017-05-12T12:36:44+00:00\",\"dateModified\":\"2017-05-15T08:51:00+00:00\",\"mainEntityOfPage\":{\"@id\":\"https:\\\/\\\/www.reciplasa.es\\\/ayuntamiento-betxi-utiliza-compost-reciplasa-jardin-publico\\\/\"},\"wordCount\":255,\"image\":{\"@id\":\"https:\\\/\\\/www.reciplasa.es\\\/ayuntamiento-betxi-utiliza-compost-reciplasa-jardin-publico\\\/#primaryimage\"},\"thumbnailUrl\":\"https:\\\/\\\/www.reciplasa.es\\\/wp-content\\\/uploads\\\/2017\\\/05\\\/Carga-compost-1.jpg\",\"articleSection\":[\"Not\u00edcies corporatives\"],\"inLanguage\":\"va-VA\"},{\"@type\":\"WebPage\",\"@id\":\"https:\\\/\\\/www.reciplasa.es\\\/ayuntamiento-betxi-utiliza-compost-reciplasa-jardin-publico\\\/\",\"url\":\"https:\\\/\\\/www.reciplasa.es\\\/ayuntamiento-betxi-utiliza-compost-reciplasa-jardin-publico\\\/\",\"name\":\"L'Ajuntament de Betx\u00ed utilitza el compost de Reciplasa per a un jard\u00ed p\u00fablic - RECIPLASA\",\"isPartOf\":{\"@id\":\"https:\\\/\\\/www.reciplasa.es\\\/#website\"},\"primaryImageOfPage\":{\"@id\":\"https:\\\/\\\/www.reciplasa.es\\\/ayuntamiento-betxi-utiliza-compost-reciplasa-jardin-publico\\\/#primaryimage\"},\"image\":{\"@id\":\"https:\\\/\\\/www.reciplasa.es\\\/ayuntamiento-betxi-utiliza-compost-reciplasa-jardin-publico\\\/#primaryimage\"},\"thumbnailUrl\":\"https:\\\/\\\/www.reciplasa.es\\\/wp-content\\\/uploads\\\/2017\\\/05\\\/Carga-compost-1.jpg\",\"datePublished\":\"2017-05-12T12:36:44+00:00\",\"dateModified\":\"2017-05-15T08:51:00+00:00\",\"author\":{\"@id\":\"https:\\\/\\\/www.reciplasa.es\\\/#\\\/schema\\\/person\\\/de23619ae851cbe272320d75be592452\"},\"breadcrumb\":{\"@id\":\"https:\\\/\\\/www.reciplasa.es\\\/ayuntamiento-betxi-utiliza-compost-reciplasa-jardin-publico\\\/#breadcrumb\"},\"inLanguage\":\"va-VA\",\"potentialAction\":[{\"@type\":\"ReadAction\",\"target\":[\"https:\\\/\\\/www.reciplasa.es\\\/ayuntamiento-betxi-utiliza-compost-reciplasa-jardin-publico\\\/\"]}]},{\"@type\":\"ImageObject\",\"inLanguage\":\"va-VA\",\"@id\":\"https:\\\/\\\/www.reciplasa.es\\\/ayuntamiento-betxi-utiliza-compost-reciplasa-jardin-publico\\\/#primaryimage\",\"url\":\"https:\\\/\\\/www.reciplasa.es\\\/wp-content\\\/uploads\\\/2017\\\/05\\\/Carga-compost-1.jpg\",\"contentUrl\":\"https:\\\/\\\/www.reciplasa.es\\\/wp-content\\\/uploads\\\/2017\\\/05\\\/Carga-compost-1.jpg\",\"width\":3872,\"height\":2592,\"caption\":\"SONY DSC\"},{\"@type\":\"BreadcrumbList\",\"@id\":\"https:\\\/\\\/www.reciplasa.es\\\/ayuntamiento-betxi-utiliza-compost-reciplasa-jardin-publico\\\/#breadcrumb\",\"itemListElement\":[{\"@type\":\"ListItem\",\"position\":1,\"name\":\"Portada\",\"item\":\"https:\\\/\\\/www.reciplasa.es\\\/va\\\/\"},{\"@type\":\"ListItem\",\"position\":2,\"name\":\"L&#8217;Ajuntament de Betx\u00ed utilitza el compost de Reciplasa per a un jard\u00ed p\u00fablic\"}]},{\"@type\":\"WebSite\",\"@id\":\"https:\\\/\\\/www.reciplasa.es\\\/#website\",\"url\":\"https:\\\/\\\/www.reciplasa.es\\\/\",\"name\":\"RECIPLASA\",\"description\":\"Reciclats de Residus La Plana SA\",\"potentialAction\":[{\"@type\":\"SearchAction\",\"target\":{\"@type\":\"EntryPoint\",\"urlTemplate\":\"https:\\\/\\\/www.reciplasa.es\\\/?s={search_term_string}\"},\"query-input\":{\"@type\":\"PropertyValueSpecification\",\"valueRequired\":true,\"valueName\":\"search_term_string\"}}],\"inLanguage\":\"va-VA\"},{\"@type\":\"Person\",\"@id\":\"https:\\\/\\\/www.reciplasa.es\\\/#\\\/schema\\\/person\\\/de23619ae851cbe272320d75be592452\",\"name\":\"Xus Sempere\",\"image\":{\"@type\":\"ImageObject\",\"inLanguage\":\"va-VA\",\"@id\":\"https:\\\/\\\/secure.gravatar.com\\\/avatar\\\/cefcf4851b2cdef7e188cdeab95c54dda6ede00e3fef0d3d9a316e63ecf9ec0f?s=96&d=mm&r=g\",\"url\":\"https:\\\/\\\/secure.gravatar.com\\\/avatar\\\/cefcf4851b2cdef7e188cdeab95c54dda6ede00e3fef0d3d9a316e63ecf9ec0f?s=96&d=mm&r=g\",\"contentUrl\":\"https:\\\/\\\/secure.gravatar.com\\\/avatar\\\/cefcf4851b2cdef7e188cdeab95c54dda6ede00e3fef0d3d9a316e63ecf9ec0f?s=96&d=mm&r=g\",\"caption\":\"Xus Sempere\"},\"url\":\"https:\\\/\\\/www.reciplasa.es\\\/va\\\/author\\\/xus\\\/\"}]}<\/script>\n<!-- \/ Yoast SEO plugin. -->","yoast_head_json":{"title":"L'Ajuntament de Betx\u00ed utilitza el compost de Reciplasa per a un jard\u00ed p\u00fablic - RECIPLASA","robots":{"index":"index","follow":"follow","max-snippet":"max-snippet:-1","max-image-preview":"max-image-preview:large","max-video-preview":"max-video-preview:-1"},"canonical":"https:\/\/www.reciplasa.es\/ayuntamiento-betxi-utiliza-compost-reciplasa-jardin-publico\/","og_locale":"en_US","og_type":"article","og_title":"L'Ajuntament de Betx\u00ed utilitza el compost de Reciplasa per a un jard\u00ed p\u00fablic - RECIPLASA","og_description":"L&#8217;Ajuntament de Betx\u00ed, membre de la Societat Reciplasa, empresa p\u00fablica dedicada al tractament i reciclat de residus de la Plana, va a utilitzar el compost que s&#8217;obt\u00e9 en la planta de l&#8217;entitat per a abonar un jard\u00ed p\u00fablic del seu terme municipal. El consistori ha pres aquesta decisi\u00f3 per la qualitat d&#8217;aquest material que s&#8217;obt\u00e9Dale que hay m\u00e1s ...","og_url":"https:\/\/www.reciplasa.es\/ayuntamiento-betxi-utiliza-compost-reciplasa-jardin-publico\/","og_site_name":"RECIPLASA","article_published_time":"2017-05-12T12:36:44+00:00","article_modified_time":"2017-05-15T08:51:00+00:00","og_image":[{"width":3872,"height":2592,"url":"https:\/\/www.reciplasa.es\/wp-content\/uploads\/2017\/05\/Carga-compost-1.jpg","type":"image\/jpeg"}],"author":"Xus Sempere","twitter_card":"summary_large_image","twitter_misc":{"Written by":"Xus Sempere","Est. reading time":"1 minute"},"schema":{"@context":"https:\/\/schema.org","@graph":[{"@type":"Article","@id":"https:\/\/www.reciplasa.es\/ayuntamiento-betxi-utiliza-compost-reciplasa-jardin-publico\/#article","isPartOf":{"@id":"https:\/\/www.reciplasa.es\/ayuntamiento-betxi-utiliza-compost-reciplasa-jardin-publico\/"},"author":{"name":"Xus Sempere","@id":"https:\/\/www.reciplasa.es\/#\/schema\/person\/de23619ae851cbe272320d75be592452"},"headline":"L&#8217;Ajuntament de Betx\u00ed utilitza el compost de Reciplasa per a un jard\u00ed p\u00fablic","datePublished":"2017-05-12T12:36:44+00:00","dateModified":"2017-05-15T08:51:00+00:00","mainEntityOfPage":{"@id":"https:\/\/www.reciplasa.es\/ayuntamiento-betxi-utiliza-compost-reciplasa-jardin-publico\/"},"wordCount":255,"image":{"@id":"https:\/\/www.reciplasa.es\/ayuntamiento-betxi-utiliza-compost-reciplasa-jardin-publico\/#primaryimage"},"thumbnailUrl":"https:\/\/www.reciplasa.es\/wp-content\/uploads\/2017\/05\/Carga-compost-1.jpg","articleSection":["Not\u00edcies corporatives"],"inLanguage":"va-VA"},{"@type":"WebPage","@id":"https:\/\/www.reciplasa.es\/ayuntamiento-betxi-utiliza-compost-reciplasa-jardin-publico\/","url":"https:\/\/www.reciplasa.es\/ayuntamiento-betxi-utiliza-compost-reciplasa-jardin-publico\/","name":"L'Ajuntament de Betx\u00ed utilitza el compost de Reciplasa per a un jard\u00ed p\u00fablic - RECIPLASA","isPartOf":{"@id":"https:\/\/www.reciplasa.es\/#website"},"primaryImageOfPage":{"@id":"https:\/\/www.reciplasa.es\/ayuntamiento-betxi-utiliza-compost-reciplasa-jardin-publico\/#primaryimage"},"image":{"@id":"https:\/\/www.reciplasa.es\/ayuntamiento-betxi-utiliza-compost-reciplasa-jardin-publico\/#primaryimage"},"thumbnailUrl":"https:\/\/www.reciplasa.es\/wp-content\/uploads\/2017\/05\/Carga-compost-1.jpg","datePublished":"2017-05-12T12:36:44+00:00","dateModified":"2017-05-15T08:51:00+00:00","author":{"@id":"https:\/\/www.reciplasa.es\/#\/schema\/person\/de23619ae851cbe272320d75be592452"},"breadcrumb":{"@id":"https:\/\/www.reciplasa.es\/ayuntamiento-betxi-utiliza-compost-reciplasa-jardin-publico\/#breadcrumb"},"inLanguage":"va-VA","potentialAction":[{"@type":"ReadAction","target":["https:\/\/www.reciplasa.es\/ayuntamiento-betxi-utiliza-compost-reciplasa-jardin-publico\/"]}]},{"@type":"ImageObject","inLanguage":"va-VA","@id":"https:\/\/www.reciplasa.es\/ayuntamiento-betxi-utiliza-compost-reciplasa-jardin-publico\/#primaryimage","url":"https:\/\/www.reciplasa.es\/wp-content\/uploads\/2017\/05\/Carga-compost-1.jpg","contentUrl":"https:\/\/www.reciplasa.es\/wp-content\/uploads\/2017\/05\/Carga-compost-1.jpg","width":3872,"height":2592,"caption":"SONY DSC"},{"@type":"BreadcrumbList","@id":"https:\/\/www.reciplasa.es\/ayuntamiento-betxi-utiliza-compost-reciplasa-jardin-publico\/#breadcrumb","itemListElement":[{"@type":"ListItem","position":1,"name":"Portada","item":"https:\/\/www.reciplasa.es\/va\/"},{"@type":"ListItem","position":2,"name":"L&#8217;Ajuntament de Betx\u00ed utilitza el compost de Reciplasa per a un jard\u00ed p\u00fablic"}]},{"@type":"WebSite","@id":"https:\/\/www.reciplasa.es\/#website","url":"https:\/\/www.reciplasa.es\/","name":"RECIPLASA","description":"Reciclats de Residus La Plana SA","potentialAction":[{"@type":"SearchAction","target":{"@type":"EntryPoint","urlTemplate":"https:\/\/www.reciplasa.es\/?s={search_term_string}"},"query-input":{"@type":"PropertyValueSpecification","valueRequired":true,"valueName":"search_term_string"}}],"inLanguage":"va-VA"},{"@type":"Person","@id":"https:\/\/www.reciplasa.es\/#\/schema\/person\/de23619ae851cbe272320d75be592452","name":"Xus Sempere","image":{"@type":"ImageObject","inLanguage":"va-VA","@id":"https:\/\/secure.gravatar.com\/avatar\/cefcf4851b2cdef7e188cdeab95c54dda6ede00e3fef0d3d9a316e63ecf9ec0f?s=96&d=mm&r=g","url":"https:\/\/secure.gravatar.com\/avatar\/cefcf4851b2cdef7e188cdeab95c54dda6ede00e3fef0d3d9a316e63ecf9ec0f?s=96&d=mm&r=g","contentUrl":"https:\/\/secure.gravatar.com\/avatar\/cefcf4851b2cdef7e188cdeab95c54dda6ede00e3fef0d3d9a316e63ecf9ec0f?s=96&d=mm&r=g","caption":"Xus Sempere"},"url":"https:\/\/www.reciplasa.es\/va\/author\/xus\/"}]}},"_links":{"self":[{"href":"https:\/\/www.reciplasa.es\/va\/wp-json\/wp\/v2\/posts\/12114","targetHints":{"allow":["GET"]}}],"collection":[{"href":"https:\/\/www.reciplasa.es\/va\/wp-json\/wp\/v2\/posts"}],"about":[{"href":"https:\/\/www.reciplasa.es\/va\/wp-json\/wp\/v2\/types\/post"}],"author":[{"embeddable":true,"href":"https:\/\/www.reciplasa.es\/va\/wp-json\/wp\/v2\/users\/2"}],"replies":[{"embeddable":true,"href":"https:\/\/www.reciplasa.es\/va\/wp-json\/wp\/v2\/comments?post=12114"}],"version-history":[{"count":1,"href":"https:\/\/www.reciplasa.es\/va\/wp-json\/wp\/v2\/posts\/12114\/revisions"}],"predecessor-version":[{"id":12115,"href":"https:\/\/www.reciplasa.es\/va\/wp-json\/wp\/v2\/posts\/12114\/revisions\/12115"}],"wp:featuredmedia":[{"embeddable":true,"href":"https:\/\/www.reciplasa.es\/va\/wp-json\/wp\/v2\/media\/12112"}],"wp:attachment":[{"href":"https:\/\/www.reciplasa.es\/va\/wp-json\/wp\/v2\/media?parent=12114"}],"wp:term":[{"taxonomy":"category","embeddable":true,"href":"https:\/\/www.reciplasa.es\/va\/wp-json\/wp\/v2\/categories?post=12114"},{"taxonomy":"post_tag","embeddable":true,"href":"https:\/\/www.reciplasa.es\/va\/wp-json\/wp\/v2\/tags?post=12114"}],"curies":[{"name":"wp","href":"https:\/\/api.w.org\/{rel}","templated":true}]}}