{"id":12265,"date":"2017-06-01T12:17:32","date_gmt":"2017-06-01T12:17:32","guid":{"rendered":"http:\/\/www.reciplasa.es\/?p=12265\/"},"modified":"2023-07-25T14:57:42","modified_gmt":"2023-07-25T14:57:42","slug":"reciplasa-i-cefire-col%c2%b7laboren-per-conscienciar-als-escolars-la-importancia-del-reciclatge","status":"publish","type":"post","link":"https:\/\/www.reciplasa.es\/va\/reciplasa-i-cefire-col%c2%b7laboren-per-conscienciar-als-escolars-la-importancia-del-reciclatge\/","title":{"rendered":"Reciplasa i CEFIRE col\u00b7laboren per a conscienciar als escolars sobre la import\u00e0ncia del reciclatge"},"content":{"rendered":"<p>Reciplasa i CEFIRE col\u00b7laboraran en una campanya escolar per a tractar de conscienciar a les xiquetes i xiquets sobre el reciclatge a partir del mes de setembre. L&#8217;objectiu \u00e9s que coneguen la import\u00e0ncia que t\u00e9 el consum responsable, la separaci\u00f3 en origen i el reciclatge de cara a reduir quantitat de residus que es generen i que al final arriba a la planta de Reciplasa. La vicealcaldesa de Castell\u00f3 i presidenta de Reciplasa, Ali Brancal, afirma que \u201cles xiquetes i xiquets s\u00f3n el futur de la nostra societat, per la qual cosa ensenyar-los a reduir els residus i l&#8217;impacte que t\u00e9 en el medi ambient \u00e9s una forma de millorar la situaci\u00f3 en els propers anys. L&#8217;objectiu \u00e9s que el que els xiquets i xiquetes interioritzen com a important, es transmeta a les seues fam\u00edlies, canviant d&#8217;aquesta manera, els h\u00e0bits de consum i reciclatge de forma exponencial\u201d.<\/p>\n<p>A pesar que Reciplasa \u00e9s l&#8217;empresa p\u00fablica de reciclat i tractament dels residus de la zona centre de la prov\u00edncia de Castell\u00f3 des de 1998, encara es desconeix en gran manera quines activitats realitza. Per aquest motiu s&#8217;est\u00e0 duent a terme diverses iniciatives per a donar major difusi\u00f3 i conscienciar a la poblaci\u00f3 sobre la problem\u00e0tica dels residus urbans. La col\u00b7laboraci\u00f3 entre CEFIRE i Reciplasa \u00e9s una d&#8217;aquestes iniciatives i consta de dues fases. La primera s&#8217;iniciar\u00e0 en el mes d&#8217;octubre, en la qual es formar\u00e0 al professorat per a ensenyar en l&#8217;aula el cicle que realitza la brossa, des que la llancem al contenidor fins que es converteix en compost. \u201cExplicar el professorat \u00e9s fonamental a l&#8217;hora de crear consci\u00e8ncia en l&#8217;alumnat. Per a\u00e7\u00f2 contactem amb el CEFIRE de Castell\u00f3 i es van posar de seguida a la nostra disposici\u00f3 per a col\u00b7laborar en aquesta iniciativa educativa, facilitant la seua implicaci\u00f3\u201d, indica Brancal.<\/p>\n<p>La segona fase, abasta de gener a juny, en la qual els alumnes de prim\u00e0ria podran participar en el concurs \u2018Qu\u00e8 fem amb el fem?\u2019 en el qual tamb\u00e9 es comptar\u00e0 amb la col\u00b7laboraci\u00f3 de la C\u00e0tedra Reciplasa. Per a aconseguir el premi proposaran una manera de reduir el nombre de residus que es generen tant en la llar com en els altres \u00e0mbits de la vida quotidiana. El 5 de juny, Dia Mundial del Medi ambient, es presentaran les propostes i es decidir\u00e0 el treball guanyador.<\/p>\n<p>Ali Brancal confia que \u201cla col\u00b7laboraci\u00f3 entre tots dos siga tot un \u00e8xit i aconseguim conscienciar sobre la import\u00e0ncia del reciclatge i el consum responsable, ja que \u00e9s un problema que ens concerneix a tots\u201d, a m\u00e9s, tamb\u00e9 espera que \u201cels xiquets passen una bona experi\u00e8ncia coneixent m\u00e9s sobre aquest m\u00f3n\u201d.<\/p>\n","protected":false},"excerpt":{"rendered":"<p>Reciplasa i CEFIRE col\u00b7laboraran en una campanya escolar per a tractar de conscienciar a les xiquetes i xiquets sobre el reciclatge a partir del mes de setembre. L&#8217;objectiu \u00e9s que coneguen la import\u00e0ncia que t\u00e9 el consum responsable, la separaci\u00f3 en origen i el reciclatge de cara a reduir quantitat de residus que es generenDale que hay m\u00e1s &#8230;<\/p>\n","protected":false},"author":2,"featured_media":13112,"comment_status":"closed","ping_status":"closed","sticky":false,"template":"","format":"standard","meta":{"footnotes":""},"categories":[87],"tags":[],"class_list":["post-12265","post","type-post","status-publish","format-standard","has-post-thumbnail","hentry","category-noticies-corporatives"],"yoast_head":"<!-- This site is optimized with the Yoast SEO plugin v27.4 - https:\/\/yoast.com\/product\/yoast-seo-wordpress\/ -->\n<title>Reciplasa i CEFIRE col\u00b7laboren per a conscienciar als escolars sobre la import\u00e0ncia del reciclatge - RECIPLASA<\/title>\n<meta name=\"robots\" content=\"index, follow, max-snippet:-1, max-image-preview:large, max-video-preview:-1\" \/>\n<link rel=\"canonical\" href=\"https:\/\/www.reciplasa.es\/reciplasa-cefire-colaboran-concienciar-los-escolares-la-importancia-del-reciclaje\/\" \/>\n<meta property=\"og:locale\" content=\"en_US\" \/>\n<meta property=\"og:type\" content=\"article\" \/>\n<meta property=\"og:title\" content=\"Reciplasa i CEFIRE col\u00b7laboren per a conscienciar als escolars sobre la import\u00e0ncia del reciclatge - RECIPLASA\" \/>\n<meta property=\"og:description\" content=\"Reciplasa i CEFIRE col\u00b7laboraran en una campanya escolar per a tractar de conscienciar a les xiquetes i xiquets sobre el reciclatge a partir del mes de setembre. L&#8217;objectiu \u00e9s que coneguen la import\u00e0ncia que t\u00e9 el consum responsable, la separaci\u00f3 en origen i el reciclatge de cara a reduir quantitat de residus que es generenDale que hay m\u00e1s ...\" \/>\n<meta property=\"og:url\" content=\"https:\/\/www.reciplasa.es\/reciplasa-cefire-colaboran-concienciar-los-escolares-la-importancia-del-reciclaje\/\" \/>\n<meta property=\"og:site_name\" content=\"RECIPLASA\" \/>\n<meta property=\"article:published_time\" content=\"2017-06-01T12:17:32+00:00\" \/>\n<meta property=\"article:modified_time\" content=\"2023-07-25T14:57:42+00:00\" \/>\n<meta property=\"og:image\" content=\"https:\/\/www.reciplasa.es\/wp-content\/uploads\/2017\/06\/celia-ortega-497023.jpg\" \/>\n\t<meta property=\"og:image:width\" content=\"1800\" \/>\n\t<meta property=\"og:image:height\" content=\"1200\" \/>\n\t<meta property=\"og:image:type\" content=\"image\/jpeg\" \/>\n<meta name=\"author\" content=\"Xus Sempere\" \/>\n<meta name=\"twitter:card\" content=\"summary_large_image\" \/>\n<meta name=\"twitter:label1\" content=\"Written by\" \/>\n\t<meta name=\"twitter:data1\" content=\"Xus Sempere\" \/>\n\t<meta name=\"twitter:label2\" content=\"Est. reading time\" \/>\n\t<meta name=\"twitter:data2\" content=\"2 minutes\" \/>\n<script type=\"application\/ld+json\" class=\"yoast-schema-graph\">{\"@context\":\"https:\\\/\\\/schema.org\",\"@graph\":[{\"@type\":\"Article\",\"@id\":\"https:\\\/\\\/www.reciplasa.es\\\/reciplasa-cefire-colaboran-concienciar-los-escolares-la-importancia-del-reciclaje\\\/#article\",\"isPartOf\":{\"@id\":\"https:\\\/\\\/www.reciplasa.es\\\/reciplasa-cefire-colaboran-concienciar-los-escolares-la-importancia-del-reciclaje\\\/\"},\"author\":{\"name\":\"Xus Sempere\",\"@id\":\"https:\\\/\\\/www.reciplasa.es\\\/#\\\/schema\\\/person\\\/de23619ae851cbe272320d75be592452\"},\"headline\":\"Reciplasa i CEFIRE col\u00b7laboren per a conscienciar als escolars sobre la import\u00e0ncia del reciclatge\",\"datePublished\":\"2017-06-01T12:17:32+00:00\",\"dateModified\":\"2023-07-25T14:57:42+00:00\",\"mainEntityOfPage\":{\"@id\":\"https:\\\/\\\/www.reciplasa.es\\\/reciplasa-cefire-colaboran-concienciar-los-escolares-la-importancia-del-reciclaje\\\/\"},\"wordCount\":485,\"image\":{\"@id\":\"https:\\\/\\\/www.reciplasa.es\\\/reciplasa-cefire-colaboran-concienciar-los-escolares-la-importancia-del-reciclaje\\\/#primaryimage\"},\"thumbnailUrl\":\"https:\\\/\\\/www.reciplasa.es\\\/wp-content\\\/uploads\\\/2017\\\/06\\\/celia-ortega-497023.jpg\",\"articleSection\":[\"Not\u00edcies corporatives\"],\"inLanguage\":\"va-VA\"},{\"@type\":\"WebPage\",\"@id\":\"https:\\\/\\\/www.reciplasa.es\\\/reciplasa-cefire-colaboran-concienciar-los-escolares-la-importancia-del-reciclaje\\\/\",\"url\":\"https:\\\/\\\/www.reciplasa.es\\\/reciplasa-cefire-colaboran-concienciar-los-escolares-la-importancia-del-reciclaje\\\/\",\"name\":\"Reciplasa i CEFIRE col\u00b7laboren per a conscienciar als escolars sobre la import\u00e0ncia del reciclatge - RECIPLASA\",\"isPartOf\":{\"@id\":\"https:\\\/\\\/www.reciplasa.es\\\/#website\"},\"primaryImageOfPage\":{\"@id\":\"https:\\\/\\\/www.reciplasa.es\\\/reciplasa-cefire-colaboran-concienciar-los-escolares-la-importancia-del-reciclaje\\\/#primaryimage\"},\"image\":{\"@id\":\"https:\\\/\\\/www.reciplasa.es\\\/reciplasa-cefire-colaboran-concienciar-los-escolares-la-importancia-del-reciclaje\\\/#primaryimage\"},\"thumbnailUrl\":\"https:\\\/\\\/www.reciplasa.es\\\/wp-content\\\/uploads\\\/2017\\\/06\\\/celia-ortega-497023.jpg\",\"datePublished\":\"2017-06-01T12:17:32+00:00\",\"dateModified\":\"2023-07-25T14:57:42+00:00\",\"author\":{\"@id\":\"https:\\\/\\\/www.reciplasa.es\\\/#\\\/schema\\\/person\\\/de23619ae851cbe272320d75be592452\"},\"breadcrumb\":{\"@id\":\"https:\\\/\\\/www.reciplasa.es\\\/reciplasa-cefire-colaboran-concienciar-los-escolares-la-importancia-del-reciclaje\\\/#breadcrumb\"},\"inLanguage\":\"va-VA\",\"potentialAction\":[{\"@type\":\"ReadAction\",\"target\":[\"https:\\\/\\\/www.reciplasa.es\\\/reciplasa-cefire-colaboran-concienciar-los-escolares-la-importancia-del-reciclaje\\\/\"]}]},{\"@type\":\"ImageObject\",\"inLanguage\":\"va-VA\",\"@id\":\"https:\\\/\\\/www.reciplasa.es\\\/reciplasa-cefire-colaboran-concienciar-los-escolares-la-importancia-del-reciclaje\\\/#primaryimage\",\"url\":\"https:\\\/\\\/www.reciplasa.es\\\/wp-content\\\/uploads\\\/2017\\\/06\\\/celia-ortega-497023.jpg\",\"contentUrl\":\"https:\\\/\\\/www.reciplasa.es\\\/wp-content\\\/uploads\\\/2017\\\/06\\\/celia-ortega-497023.jpg\",\"width\":1800,\"height\":1200},{\"@type\":\"BreadcrumbList\",\"@id\":\"https:\\\/\\\/www.reciplasa.es\\\/reciplasa-cefire-colaboran-concienciar-los-escolares-la-importancia-del-reciclaje\\\/#breadcrumb\",\"itemListElement\":[{\"@type\":\"ListItem\",\"position\":1,\"name\":\"Portada\",\"item\":\"https:\\\/\\\/www.reciplasa.es\\\/va\\\/\"},{\"@type\":\"ListItem\",\"position\":2,\"name\":\"Reciplasa i CEFIRE col\u00b7laboren per a conscienciar als escolars sobre la import\u00e0ncia del reciclatge\"}]},{\"@type\":\"WebSite\",\"@id\":\"https:\\\/\\\/www.reciplasa.es\\\/#website\",\"url\":\"https:\\\/\\\/www.reciplasa.es\\\/\",\"name\":\"RECIPLASA\",\"description\":\"Reciclats de Residus La Plana SA\",\"potentialAction\":[{\"@type\":\"SearchAction\",\"target\":{\"@type\":\"EntryPoint\",\"urlTemplate\":\"https:\\\/\\\/www.reciplasa.es\\\/?s={search_term_string}\"},\"query-input\":{\"@type\":\"PropertyValueSpecification\",\"valueRequired\":true,\"valueName\":\"search_term_string\"}}],\"inLanguage\":\"va-VA\"},{\"@type\":\"Person\",\"@id\":\"https:\\\/\\\/www.reciplasa.es\\\/#\\\/schema\\\/person\\\/de23619ae851cbe272320d75be592452\",\"name\":\"Xus Sempere\",\"image\":{\"@type\":\"ImageObject\",\"inLanguage\":\"va-VA\",\"@id\":\"https:\\\/\\\/secure.gravatar.com\\\/avatar\\\/cefcf4851b2cdef7e188cdeab95c54dda6ede00e3fef0d3d9a316e63ecf9ec0f?s=96&d=mm&r=g\",\"url\":\"https:\\\/\\\/secure.gravatar.com\\\/avatar\\\/cefcf4851b2cdef7e188cdeab95c54dda6ede00e3fef0d3d9a316e63ecf9ec0f?s=96&d=mm&r=g\",\"contentUrl\":\"https:\\\/\\\/secure.gravatar.com\\\/avatar\\\/cefcf4851b2cdef7e188cdeab95c54dda6ede00e3fef0d3d9a316e63ecf9ec0f?s=96&d=mm&r=g\",\"caption\":\"Xus Sempere\"},\"url\":\"https:\\\/\\\/www.reciplasa.es\\\/va\\\/author\\\/xus\\\/\"}]}<\/script>\n<!-- \/ Yoast SEO plugin. -->","yoast_head_json":{"title":"Reciplasa i CEFIRE col\u00b7laboren per a conscienciar als escolars sobre la import\u00e0ncia del reciclatge - RECIPLASA","robots":{"index":"index","follow":"follow","max-snippet":"max-snippet:-1","max-image-preview":"max-image-preview:large","max-video-preview":"max-video-preview:-1"},"canonical":"https:\/\/www.reciplasa.es\/reciplasa-cefire-colaboran-concienciar-los-escolares-la-importancia-del-reciclaje\/","og_locale":"en_US","og_type":"article","og_title":"Reciplasa i CEFIRE col\u00b7laboren per a conscienciar als escolars sobre la import\u00e0ncia del reciclatge - RECIPLASA","og_description":"Reciplasa i CEFIRE col\u00b7laboraran en una campanya escolar per a tractar de conscienciar a les xiquetes i xiquets sobre el reciclatge a partir del mes de setembre. L&#8217;objectiu \u00e9s que coneguen la import\u00e0ncia que t\u00e9 el consum responsable, la separaci\u00f3 en origen i el reciclatge de cara a reduir quantitat de residus que es generenDale que hay m\u00e1s ...","og_url":"https:\/\/www.reciplasa.es\/reciplasa-cefire-colaboran-concienciar-los-escolares-la-importancia-del-reciclaje\/","og_site_name":"RECIPLASA","article_published_time":"2017-06-01T12:17:32+00:00","article_modified_time":"2023-07-25T14:57:42+00:00","og_image":[{"width":1800,"height":1200,"url":"https:\/\/www.reciplasa.es\/wp-content\/uploads\/2017\/06\/celia-ortega-497023.jpg","type":"image\/jpeg"}],"author":"Xus Sempere","twitter_card":"summary_large_image","twitter_misc":{"Written by":"Xus Sempere","Est. reading time":"2 minutes"},"schema":{"@context":"https:\/\/schema.org","@graph":[{"@type":"Article","@id":"https:\/\/www.reciplasa.es\/reciplasa-cefire-colaboran-concienciar-los-escolares-la-importancia-del-reciclaje\/#article","isPartOf":{"@id":"https:\/\/www.reciplasa.es\/reciplasa-cefire-colaboran-concienciar-los-escolares-la-importancia-del-reciclaje\/"},"author":{"name":"Xus Sempere","@id":"https:\/\/www.reciplasa.es\/#\/schema\/person\/de23619ae851cbe272320d75be592452"},"headline":"Reciplasa i CEFIRE col\u00b7laboren per a conscienciar als escolars sobre la import\u00e0ncia del reciclatge","datePublished":"2017-06-01T12:17:32+00:00","dateModified":"2023-07-25T14:57:42+00:00","mainEntityOfPage":{"@id":"https:\/\/www.reciplasa.es\/reciplasa-cefire-colaboran-concienciar-los-escolares-la-importancia-del-reciclaje\/"},"wordCount":485,"image":{"@id":"https:\/\/www.reciplasa.es\/reciplasa-cefire-colaboran-concienciar-los-escolares-la-importancia-del-reciclaje\/#primaryimage"},"thumbnailUrl":"https:\/\/www.reciplasa.es\/wp-content\/uploads\/2017\/06\/celia-ortega-497023.jpg","articleSection":["Not\u00edcies corporatives"],"inLanguage":"va-VA"},{"@type":"WebPage","@id":"https:\/\/www.reciplasa.es\/reciplasa-cefire-colaboran-concienciar-los-escolares-la-importancia-del-reciclaje\/","url":"https:\/\/www.reciplasa.es\/reciplasa-cefire-colaboran-concienciar-los-escolares-la-importancia-del-reciclaje\/","name":"Reciplasa i CEFIRE col\u00b7laboren per a conscienciar als escolars sobre la import\u00e0ncia del reciclatge - RECIPLASA","isPartOf":{"@id":"https:\/\/www.reciplasa.es\/#website"},"primaryImageOfPage":{"@id":"https:\/\/www.reciplasa.es\/reciplasa-cefire-colaboran-concienciar-los-escolares-la-importancia-del-reciclaje\/#primaryimage"},"image":{"@id":"https:\/\/www.reciplasa.es\/reciplasa-cefire-colaboran-concienciar-los-escolares-la-importancia-del-reciclaje\/#primaryimage"},"thumbnailUrl":"https:\/\/www.reciplasa.es\/wp-content\/uploads\/2017\/06\/celia-ortega-497023.jpg","datePublished":"2017-06-01T12:17:32+00:00","dateModified":"2023-07-25T14:57:42+00:00","author":{"@id":"https:\/\/www.reciplasa.es\/#\/schema\/person\/de23619ae851cbe272320d75be592452"},"breadcrumb":{"@id":"https:\/\/www.reciplasa.es\/reciplasa-cefire-colaboran-concienciar-los-escolares-la-importancia-del-reciclaje\/#breadcrumb"},"inLanguage":"va-VA","potentialAction":[{"@type":"ReadAction","target":["https:\/\/www.reciplasa.es\/reciplasa-cefire-colaboran-concienciar-los-escolares-la-importancia-del-reciclaje\/"]}]},{"@type":"ImageObject","inLanguage":"va-VA","@id":"https:\/\/www.reciplasa.es\/reciplasa-cefire-colaboran-concienciar-los-escolares-la-importancia-del-reciclaje\/#primaryimage","url":"https:\/\/www.reciplasa.es\/wp-content\/uploads\/2017\/06\/celia-ortega-497023.jpg","contentUrl":"https:\/\/www.reciplasa.es\/wp-content\/uploads\/2017\/06\/celia-ortega-497023.jpg","width":1800,"height":1200},{"@type":"BreadcrumbList","@id":"https:\/\/www.reciplasa.es\/reciplasa-cefire-colaboran-concienciar-los-escolares-la-importancia-del-reciclaje\/#breadcrumb","itemListElement":[{"@type":"ListItem","position":1,"name":"Portada","item":"https:\/\/www.reciplasa.es\/va\/"},{"@type":"ListItem","position":2,"name":"Reciplasa i CEFIRE col\u00b7laboren per a conscienciar als escolars sobre la import\u00e0ncia del reciclatge"}]},{"@type":"WebSite","@id":"https:\/\/www.reciplasa.es\/#website","url":"https:\/\/www.reciplasa.es\/","name":"RECIPLASA","description":"Reciclats de Residus La Plana SA","potentialAction":[{"@type":"SearchAction","target":{"@type":"EntryPoint","urlTemplate":"https:\/\/www.reciplasa.es\/?s={search_term_string}"},"query-input":{"@type":"PropertyValueSpecification","valueRequired":true,"valueName":"search_term_string"}}],"inLanguage":"va-VA"},{"@type":"Person","@id":"https:\/\/www.reciplasa.es\/#\/schema\/person\/de23619ae851cbe272320d75be592452","name":"Xus Sempere","image":{"@type":"ImageObject","inLanguage":"va-VA","@id":"https:\/\/secure.gravatar.com\/avatar\/cefcf4851b2cdef7e188cdeab95c54dda6ede00e3fef0d3d9a316e63ecf9ec0f?s=96&d=mm&r=g","url":"https:\/\/secure.gravatar.com\/avatar\/cefcf4851b2cdef7e188cdeab95c54dda6ede00e3fef0d3d9a316e63ecf9ec0f?s=96&d=mm&r=g","contentUrl":"https:\/\/secure.gravatar.com\/avatar\/cefcf4851b2cdef7e188cdeab95c54dda6ede00e3fef0d3d9a316e63ecf9ec0f?s=96&d=mm&r=g","caption":"Xus Sempere"},"url":"https:\/\/www.reciplasa.es\/va\/author\/xus\/"}]}},"_links":{"self":[{"href":"https:\/\/www.reciplasa.es\/va\/wp-json\/wp\/v2\/posts\/12265","targetHints":{"allow":["GET"]}}],"collection":[{"href":"https:\/\/www.reciplasa.es\/va\/wp-json\/wp\/v2\/posts"}],"about":[{"href":"https:\/\/www.reciplasa.es\/va\/wp-json\/wp\/v2\/types\/post"}],"author":[{"embeddable":true,"href":"https:\/\/www.reciplasa.es\/va\/wp-json\/wp\/v2\/users\/2"}],"replies":[{"embeddable":true,"href":"https:\/\/www.reciplasa.es\/va\/wp-json\/wp\/v2\/comments?post=12265"}],"version-history":[{"count":1,"href":"https:\/\/www.reciplasa.es\/va\/wp-json\/wp\/v2\/posts\/12265\/revisions"}],"predecessor-version":[{"id":12266,"href":"https:\/\/www.reciplasa.es\/va\/wp-json\/wp\/v2\/posts\/12265\/revisions\/12266"}],"wp:featuredmedia":[{"embeddable":true,"href":"https:\/\/www.reciplasa.es\/va\/wp-json\/wp\/v2\/media\/13112"}],"wp:attachment":[{"href":"https:\/\/www.reciplasa.es\/va\/wp-json\/wp\/v2\/media?parent=12265"}],"wp:term":[{"taxonomy":"category","embeddable":true,"href":"https:\/\/www.reciplasa.es\/va\/wp-json\/wp\/v2\/categories?post=12265"},{"taxonomy":"post_tag","embeddable":true,"href":"https:\/\/www.reciplasa.es\/va\/wp-json\/wp\/v2\/tags?post=12265"}],"curies":[{"name":"wp","href":"https:\/\/api.w.org\/{rel}","templated":true}]}}