{"id":12426,"date":"2017-06-06T07:56:08","date_gmt":"2017-06-06T07:56:08","guid":{"rendered":"http:\/\/www.reciplasa.es\/?p=12426\/"},"modified":"2023-07-25T15:01:24","modified_gmt":"2023-07-25T15:01:24","slug":"reciplasa-celebra-dia-mundial-del-medi-ambient-amb-una-taula-rodona-els-reptes-la-gestio-residus","status":"publish","type":"post","link":"https:\/\/www.reciplasa.es\/va\/reciplasa-celebra-dia-mundial-del-medi-ambient-amb-una-taula-rodona-els-reptes-la-gestio-residus\/","title":{"rendered":"Reciplasa celebra el Dia Mundial del Medi Ambient amb una taula rodona sobre els reptes en la gesti\u00f3 de residus"},"content":{"rendered":"<p><i><span style=\"font-weight: 400;\">El debat, celebrat a l\u2019edifici del Menador, va comptar amb la participaci\u00f3 d\u2019experts de diversos \u00e0mbits i va comptar amb la col\u00b7laboraci\u00f3 de la C\u00e0tedra Reciplasa-UJI<\/span><\/i><\/p>\n<p>L\u2019empresa p\u00fablica per a la gesti\u00f3 de residus de la zona centre de la prov\u00edncia de Castell\u00f3, Reciplasa ha celebrat el Dia Mundial del Medi Ambient amb una taula rodona sobre els reptes en la gesti\u00f3 de residus. Sota el t\u00edtol, Gesti\u00f3 de Residus S\u00f2lids Urbans (RSU): reptes i alternatives de futur, representants de diversos \u00e0mbits van exposar la seua visi\u00f3 sobre aquesta mat\u00e8ria en el edifici del Menador de Castell\u00f3.<\/p>\n<p>Aix\u00ed, F\u00e9lix Hern\u00e1ndez, director de la C\u00e0tedra Reciplasa de Gesti\u00f3 de Residus Urbans de la Universitat Jaume I ha exercit de moderador durant el debat. Els ponents han sigut C\u00e9sar Rico Vallejo &#8211; Vocal de la Junta Directiva de Associaci\u00f3 Nacional d\u2019Empreses P\u00fabliques de Medi Ambient (ANEPMA) i director de Producci\u00f3 de LYMA, empresa p\u00fablica de neteja i medi ambient de Getafe que ha parlat sobre la Recollida selectiva de Residus Urbans; Jos\u00e9 Mar\u00eda S\u00e1nchez Herv\u00e1s cap de la Unitat de Valoritzaci\u00f3 Energ\u00e8tica de Combustibles y Residus, del departament d\u2019Energia del CIEMAT (Centro de Investigaciones Energ\u00e9ticas, Medioambientales y Tecnol\u00f3gicas) amb una pon\u00e8ncia sobre la valoritzaci\u00f3 energ\u00e8tica dels residus; Alodia P\u00e9rez Mu\u00f1oz, responsable de recursos naturals i residus en Amigos de la Tierra, ha explicat quins s\u00f3n els reptes de la gesti\u00f3 de residus front a l\u2019Horitz\u00f3 2020\/2030 i, finalment, el director general de Canvi Clim\u00e0tic i qualitat ambiental de la Generalitat Valenciana, Joan Piquer, ha parlat sobre la visi\u00f3 de l\u2019administraci\u00f3 auton\u00f2mica sobre la Gesti\u00f3 de Residus.<\/p>\n<p>La presidenta de Reciplasa i vicealcaldessa de Castell\u00f3, Ali Brancal, ha sigut l\u2019encarregada d\u2019obrir l\u2019acte expressant la v\u00e0lua d\u2019iniciatives com aquesta que poden obrir un debat sobre quina \u00e9s la gesti\u00f3 que estem fent dels nostres residus. \u201cEst\u00e0 b\u00e9 que parlem sobre qu\u00e8 fem amb el fem. Anem a estar molt pendents del debat per tal de veure quines idees podem aplicar a la gesti\u00f3 de Reciplasa. El tractament de residus urbans genera costos ecol\u00f2gics i econ\u00f2mics, a m\u00e9s d\u2019algunes controv\u00e8rsies sobre les t\u00e8cniques que s\u2019apliquen, per aix\u00f2 hem d\u2019anar buscant solucions per tal de reduir aquests costos i ser el m\u00e9s responsables possible amb el medi ambient\u201d, ha concl\u00f2s Brancal.<\/p>\n<p><img loading=\"lazy\" decoding=\"async\" class=\"alignnone wp-image-12433 size-large\" src=\"http:\/\/www.reciplasa.es\/wp-content\/uploads\/2017\/06\/IMG_0309-1-1024x655.jpg\" alt=\"\" width=\"800\" height=\"512\" srcset=\"https:\/\/www.reciplasa.es\/wp-content\/uploads\/2017\/06\/IMG_0309-1-1024x655.jpg 1024w, https:\/\/www.reciplasa.es\/wp-content\/uploads\/2017\/06\/IMG_0309-1-300x192.jpg 300w, https:\/\/www.reciplasa.es\/wp-content\/uploads\/2017\/06\/IMG_0309-1-768x492.jpg 768w\" sizes=\"auto, (max-width: 800px) 100vw, 800px\" \/> <img loading=\"lazy\" decoding=\"async\" class=\"alignnone wp-image-12434 size-large\" src=\"http:\/\/www.reciplasa.es\/wp-content\/uploads\/2017\/06\/IMG_0311-1024x623.jpg\" alt=\"\" width=\"800\" height=\"487\" srcset=\"https:\/\/www.reciplasa.es\/wp-content\/uploads\/2017\/06\/IMG_0311-1024x623.jpg 1024w, https:\/\/www.reciplasa.es\/wp-content\/uploads\/2017\/06\/IMG_0311-300x183.jpg 300w, https:\/\/www.reciplasa.es\/wp-content\/uploads\/2017\/06\/IMG_0311-768x467.jpg 768w, https:\/\/www.reciplasa.es\/wp-content\/uploads\/2017\/06\/IMG_0311-280x170.jpg 280w, https:\/\/www.reciplasa.es\/wp-content\/uploads\/2017\/06\/IMG_0311-180x110.jpg 180w, https:\/\/www.reciplasa.es\/wp-content\/uploads\/2017\/06\/IMG_0311-400x245.jpg 400w\" sizes=\"auto, (max-width: 800px) 100vw, 800px\" \/> <img loading=\"lazy\" decoding=\"async\" class=\"alignnone wp-image-12435 size-large\" src=\"http:\/\/www.reciplasa.es\/wp-content\/uploads\/2017\/06\/IMG_0314_1-1024x666.jpg\" alt=\"\" width=\"800\" height=\"520\" srcset=\"https:\/\/www.reciplasa.es\/wp-content\/uploads\/2017\/06\/IMG_0314_1-1024x666.jpg 1024w, https:\/\/www.reciplasa.es\/wp-content\/uploads\/2017\/06\/IMG_0314_1-300x195.jpg 300w, https:\/\/www.reciplasa.es\/wp-content\/uploads\/2017\/06\/IMG_0314_1-768x499.jpg 768w\" sizes=\"auto, (max-width: 800px) 100vw, 800px\" \/> <img loading=\"lazy\" decoding=\"async\" class=\"alignnone wp-image-12436 size-large\" src=\"http:\/\/www.reciplasa.es\/wp-content\/uploads\/2017\/06\/IMG_0316-865x1024.jpg\" alt=\"\" width=\"800\" height=\"947\" srcset=\"https:\/\/www.reciplasa.es\/wp-content\/uploads\/2017\/06\/IMG_0316-865x1024.jpg 865w, https:\/\/www.reciplasa.es\/wp-content\/uploads\/2017\/06\/IMG_0316-253x300.jpg 253w, https:\/\/www.reciplasa.es\/wp-content\/uploads\/2017\/06\/IMG_0316-768x910.jpg 768w\" sizes=\"auto, (max-width: 800px) 100vw, 800px\" \/> <img loading=\"lazy\" decoding=\"async\" class=\"alignnone wp-image-12438 size-large\" src=\"http:\/\/www.reciplasa.es\/wp-content\/uploads\/2017\/06\/IMG_0321-1024x683.jpg\" alt=\"\" width=\"800\" height=\"534\" srcset=\"https:\/\/www.reciplasa.es\/wp-content\/uploads\/2017\/06\/IMG_0321-1024x683.jpg 1024w, https:\/\/www.reciplasa.es\/wp-content\/uploads\/2017\/06\/IMG_0321-300x200.jpg 300w, https:\/\/www.reciplasa.es\/wp-content\/uploads\/2017\/06\/IMG_0321-768x512.jpg 768w\" sizes=\"auto, (max-width: 800px) 100vw, 800px\" \/> <img loading=\"lazy\" decoding=\"async\" class=\"alignnone wp-image-12439 size-large\" src=\"http:\/\/www.reciplasa.es\/wp-content\/uploads\/2017\/06\/IMG_0322-1024x683.jpg\" alt=\"\" width=\"800\" height=\"534\" srcset=\"https:\/\/www.reciplasa.es\/wp-content\/uploads\/2017\/06\/IMG_0322-1024x683.jpg 1024w, https:\/\/www.reciplasa.es\/wp-content\/uploads\/2017\/06\/IMG_0322-300x200.jpg 300w, https:\/\/www.reciplasa.es\/wp-content\/uploads\/2017\/06\/IMG_0322-768x512.jpg 768w\" sizes=\"auto, (max-width: 800px) 100vw, 800px\" \/> <img loading=\"lazy\" decoding=\"async\" class=\"alignnone wp-image-12437 size-large\" src=\"http:\/\/www.reciplasa.es\/wp-content\/uploads\/2017\/06\/IMG_0319-1024x683.jpg\" alt=\"\" width=\"800\" height=\"534\" srcset=\"https:\/\/www.reciplasa.es\/wp-content\/uploads\/2017\/06\/IMG_0319-1024x683.jpg 1024w, https:\/\/www.reciplasa.es\/wp-content\/uploads\/2017\/06\/IMG_0319-300x200.jpg 300w, https:\/\/www.reciplasa.es\/wp-content\/uploads\/2017\/06\/IMG_0319-768x512.jpg 768w\" sizes=\"auto, (max-width: 800px) 100vw, 800px\" \/> <img loading=\"lazy\" decoding=\"async\" class=\"alignnone wp-image-12440 size-large\" src=\"http:\/\/www.reciplasa.es\/wp-content\/uploads\/2017\/06\/IMG_0325-668x1024.jpg\" alt=\"\" width=\"668\" height=\"1024\" srcset=\"https:\/\/www.reciplasa.es\/wp-content\/uploads\/2017\/06\/IMG_0325-668x1024.jpg 668w, https:\/\/www.reciplasa.es\/wp-content\/uploads\/2017\/06\/IMG_0325-196x300.jpg 196w, https:\/\/www.reciplasa.es\/wp-content\/uploads\/2017\/06\/IMG_0325-768x1177.jpg 768w\" sizes=\"auto, (max-width: 668px) 100vw, 668px\" \/> <img loading=\"lazy\" decoding=\"async\" class=\"alignnone wp-image-12441 size-large\" src=\"http:\/\/www.reciplasa.es\/wp-content\/uploads\/2017\/06\/IMG_0327-1024x683.jpg\" alt=\"\" width=\"800\" height=\"534\" srcset=\"https:\/\/www.reciplasa.es\/wp-content\/uploads\/2017\/06\/IMG_0327-1024x683.jpg 1024w, https:\/\/www.reciplasa.es\/wp-content\/uploads\/2017\/06\/IMG_0327-300x200.jpg 300w, https:\/\/www.reciplasa.es\/wp-content\/uploads\/2017\/06\/IMG_0327-768x512.jpg 768w\" sizes=\"auto, (max-width: 800px) 100vw, 800px\" \/><\/p>\n","protected":false},"excerpt":{"rendered":"<p>El debat, celebrat a l\u2019edifici del Menador, va comptar amb la participaci\u00f3 d\u2019experts de diversos \u00e0mbits i va comptar amb la col\u00b7laboraci\u00f3 de la C\u00e0tedra Reciplasa-UJI L\u2019empresa p\u00fablica per a la gesti\u00f3 de residus de la zona centre de la prov\u00edncia de Castell\u00f3, Reciplasa ha celebrat el Dia Mundial del Medi Ambient amb una taulaDale que hay m\u00e1s &#8230;<\/p>\n","protected":false},"author":3,"featured_media":12432,"comment_status":"closed","ping_status":"closed","sticky":false,"template":"","format":"standard","meta":{"footnotes":""},"categories":[88],"tags":[],"class_list":["post-12426","post","type-post","status-publish","format-standard","has-post-thumbnail","hentry","category-catedra-reciplasa-uji"],"yoast_head":"<!-- This site is optimized with the Yoast SEO plugin v27.4 - https:\/\/yoast.com\/product\/yoast-seo-wordpress\/ -->\n<title>Reciplasa celebra el Dia Mundial del Medi Ambient amb una taula rodona sobre els reptes en la gesti\u00f3 de residus - RECIPLASA<\/title>\n<meta name=\"robots\" content=\"index, follow, max-snippet:-1, max-image-preview:large, max-video-preview:-1\" \/>\n<link rel=\"canonical\" href=\"https:\/\/www.reciplasa.es\/reciplasa-celebra-dia-mundial-del-medio-ambiente-una-mesa-redonda-los-retos-la-gestion-residuos\/\" \/>\n<meta property=\"og:locale\" content=\"en_US\" \/>\n<meta property=\"og:type\" content=\"article\" \/>\n<meta property=\"og:title\" content=\"Reciplasa celebra el Dia Mundial del Medi Ambient amb una taula rodona sobre els reptes en la gesti\u00f3 de residus - RECIPLASA\" \/>\n<meta property=\"og:description\" content=\"El debat, celebrat a l\u2019edifici del Menador, va comptar amb la participaci\u00f3 d\u2019experts de diversos \u00e0mbits i va comptar amb la col\u00b7laboraci\u00f3 de la C\u00e0tedra Reciplasa-UJI L\u2019empresa p\u00fablica per a la gesti\u00f3 de residus de la zona centre de la prov\u00edncia de Castell\u00f3, Reciplasa ha celebrat el Dia Mundial del Medi Ambient amb una taulaDale que hay m\u00e1s ...\" \/>\n<meta property=\"og:url\" content=\"https:\/\/www.reciplasa.es\/reciplasa-celebra-dia-mundial-del-medio-ambiente-una-mesa-redonda-los-retos-la-gestion-residuos\/\" \/>\n<meta property=\"og:site_name\" content=\"RECIPLASA\" \/>\n<meta property=\"article:published_time\" content=\"2017-06-06T07:56:08+00:00\" \/>\n<meta property=\"article:modified_time\" content=\"2023-07-25T15:01:24+00:00\" \/>\n<meta property=\"og:image\" content=\"https:\/\/www.reciplasa.es\/wp-content\/uploads\/2017\/06\/IMG_0309.jpg\" \/>\n\t<meta property=\"og:image:width\" content=\"3800\" \/>\n\t<meta property=\"og:image:height\" content=\"2432\" \/>\n\t<meta property=\"og:image:type\" content=\"image\/jpeg\" \/>\n<meta name=\"author\" content=\"Cristina Marco\" \/>\n<meta name=\"twitter:card\" content=\"summary_large_image\" \/>\n<meta name=\"twitter:label1\" content=\"Written by\" \/>\n\t<meta name=\"twitter:data1\" content=\"Cristina Marco\" \/>\n\t<meta name=\"twitter:label2\" content=\"Est. reading time\" \/>\n\t<meta name=\"twitter:data2\" content=\"2 minutes\" \/>\n<script type=\"application\/ld+json\" class=\"yoast-schema-graph\">{\"@context\":\"https:\\\/\\\/schema.org\",\"@graph\":[{\"@type\":\"Article\",\"@id\":\"https:\\\/\\\/www.reciplasa.es\\\/reciplasa-celebra-dia-mundial-del-medio-ambiente-una-mesa-redonda-los-retos-la-gestion-residuos\\\/#article\",\"isPartOf\":{\"@id\":\"https:\\\/\\\/www.reciplasa.es\\\/reciplasa-celebra-dia-mundial-del-medio-ambiente-una-mesa-redonda-los-retos-la-gestion-residuos\\\/\"},\"author\":{\"name\":\"Cristina Marco\",\"@id\":\"https:\\\/\\\/www.reciplasa.es\\\/#\\\/schema\\\/person\\\/608ffc094e3c56d49e6c6ec8f1ea0e82\"},\"headline\":\"Reciplasa celebra el Dia Mundial del Medi Ambient amb una taula rodona sobre els reptes en la gesti\u00f3 de residus\",\"datePublished\":\"2017-06-06T07:56:08+00:00\",\"dateModified\":\"2023-07-25T15:01:24+00:00\",\"mainEntityOfPage\":{\"@id\":\"https:\\\/\\\/www.reciplasa.es\\\/reciplasa-celebra-dia-mundial-del-medio-ambiente-una-mesa-redonda-los-retos-la-gestion-residuos\\\/\"},\"wordCount\":442,\"image\":{\"@id\":\"https:\\\/\\\/www.reciplasa.es\\\/reciplasa-celebra-dia-mundial-del-medio-ambiente-una-mesa-redonda-los-retos-la-gestion-residuos\\\/#primaryimage\"},\"thumbnailUrl\":\"https:\\\/\\\/www.reciplasa.es\\\/wp-content\\\/uploads\\\/2017\\\/06\\\/IMG_0309.jpg\",\"articleSection\":[\"C\u00e0tedra Reciplasa-UJI\"],\"inLanguage\":\"va-VA\"},{\"@type\":\"WebPage\",\"@id\":\"https:\\\/\\\/www.reciplasa.es\\\/reciplasa-celebra-dia-mundial-del-medio-ambiente-una-mesa-redonda-los-retos-la-gestion-residuos\\\/\",\"url\":\"https:\\\/\\\/www.reciplasa.es\\\/reciplasa-celebra-dia-mundial-del-medio-ambiente-una-mesa-redonda-los-retos-la-gestion-residuos\\\/\",\"name\":\"Reciplasa celebra el Dia Mundial del Medi Ambient amb una taula rodona sobre els reptes en la gesti\u00f3 de residus - RECIPLASA\",\"isPartOf\":{\"@id\":\"https:\\\/\\\/www.reciplasa.es\\\/#website\"},\"primaryImageOfPage\":{\"@id\":\"https:\\\/\\\/www.reciplasa.es\\\/reciplasa-celebra-dia-mundial-del-medio-ambiente-una-mesa-redonda-los-retos-la-gestion-residuos\\\/#primaryimage\"},\"image\":{\"@id\":\"https:\\\/\\\/www.reciplasa.es\\\/reciplasa-celebra-dia-mundial-del-medio-ambiente-una-mesa-redonda-los-retos-la-gestion-residuos\\\/#primaryimage\"},\"thumbnailUrl\":\"https:\\\/\\\/www.reciplasa.es\\\/wp-content\\\/uploads\\\/2017\\\/06\\\/IMG_0309.jpg\",\"datePublished\":\"2017-06-06T07:56:08+00:00\",\"dateModified\":\"2023-07-25T15:01:24+00:00\",\"author\":{\"@id\":\"https:\\\/\\\/www.reciplasa.es\\\/#\\\/schema\\\/person\\\/608ffc094e3c56d49e6c6ec8f1ea0e82\"},\"breadcrumb\":{\"@id\":\"https:\\\/\\\/www.reciplasa.es\\\/reciplasa-celebra-dia-mundial-del-medio-ambiente-una-mesa-redonda-los-retos-la-gestion-residuos\\\/#breadcrumb\"},\"inLanguage\":\"va-VA\",\"potentialAction\":[{\"@type\":\"ReadAction\",\"target\":[\"https:\\\/\\\/www.reciplasa.es\\\/reciplasa-celebra-dia-mundial-del-medio-ambiente-una-mesa-redonda-los-retos-la-gestion-residuos\\\/\"]}]},{\"@type\":\"ImageObject\",\"inLanguage\":\"va-VA\",\"@id\":\"https:\\\/\\\/www.reciplasa.es\\\/reciplasa-celebra-dia-mundial-del-medio-ambiente-una-mesa-redonda-los-retos-la-gestion-residuos\\\/#primaryimage\",\"url\":\"https:\\\/\\\/www.reciplasa.es\\\/wp-content\\\/uploads\\\/2017\\\/06\\\/IMG_0309.jpg\",\"contentUrl\":\"https:\\\/\\\/www.reciplasa.es\\\/wp-content\\\/uploads\\\/2017\\\/06\\\/IMG_0309.jpg\",\"width\":3800,\"height\":2432},{\"@type\":\"BreadcrumbList\",\"@id\":\"https:\\\/\\\/www.reciplasa.es\\\/reciplasa-celebra-dia-mundial-del-medio-ambiente-una-mesa-redonda-los-retos-la-gestion-residuos\\\/#breadcrumb\",\"itemListElement\":[{\"@type\":\"ListItem\",\"position\":1,\"name\":\"Portada\",\"item\":\"https:\\\/\\\/www.reciplasa.es\\\/va\\\/\"},{\"@type\":\"ListItem\",\"position\":2,\"name\":\"Reciplasa celebra el Dia Mundial del Medi Ambient amb una taula rodona sobre els reptes en la gesti\u00f3 de residus\"}]},{\"@type\":\"WebSite\",\"@id\":\"https:\\\/\\\/www.reciplasa.es\\\/#website\",\"url\":\"https:\\\/\\\/www.reciplasa.es\\\/\",\"name\":\"RECIPLASA\",\"description\":\"Reciclats de Residus La Plana SA\",\"potentialAction\":[{\"@type\":\"SearchAction\",\"target\":{\"@type\":\"EntryPoint\",\"urlTemplate\":\"https:\\\/\\\/www.reciplasa.es\\\/?s={search_term_string}\"},\"query-input\":{\"@type\":\"PropertyValueSpecification\",\"valueRequired\":true,\"valueName\":\"search_term_string\"}}],\"inLanguage\":\"va-VA\"},{\"@type\":\"Person\",\"@id\":\"https:\\\/\\\/www.reciplasa.es\\\/#\\\/schema\\\/person\\\/608ffc094e3c56d49e6c6ec8f1ea0e82\",\"name\":\"Cristina Marco\",\"image\":{\"@type\":\"ImageObject\",\"inLanguage\":\"va-VA\",\"@id\":\"https:\\\/\\\/secure.gravatar.com\\\/avatar\\\/6da7e00dc41d26d3c4245f3b2d70d687293df0dfc18f03719354383f7be4f34b?s=96&d=mm&r=g\",\"url\":\"https:\\\/\\\/secure.gravatar.com\\\/avatar\\\/6da7e00dc41d26d3c4245f3b2d70d687293df0dfc18f03719354383f7be4f34b?s=96&d=mm&r=g\",\"contentUrl\":\"https:\\\/\\\/secure.gravatar.com\\\/avatar\\\/6da7e00dc41d26d3c4245f3b2d70d687293df0dfc18f03719354383f7be4f34b?s=96&d=mm&r=g\",\"caption\":\"Cristina Marco\"},\"url\":\"https:\\\/\\\/www.reciplasa.es\\\/va\\\/author\\\/cristina\\\/\"}]}<\/script>\n<!-- \/ Yoast SEO plugin. -->","yoast_head_json":{"title":"Reciplasa celebra el Dia Mundial del Medi Ambient amb una taula rodona sobre els reptes en la gesti\u00f3 de residus - RECIPLASA","robots":{"index":"index","follow":"follow","max-snippet":"max-snippet:-1","max-image-preview":"max-image-preview:large","max-video-preview":"max-video-preview:-1"},"canonical":"https:\/\/www.reciplasa.es\/reciplasa-celebra-dia-mundial-del-medio-ambiente-una-mesa-redonda-los-retos-la-gestion-residuos\/","og_locale":"en_US","og_type":"article","og_title":"Reciplasa celebra el Dia Mundial del Medi Ambient amb una taula rodona sobre els reptes en la gesti\u00f3 de residus - RECIPLASA","og_description":"El debat, celebrat a l\u2019edifici del Menador, va comptar amb la participaci\u00f3 d\u2019experts de diversos \u00e0mbits i va comptar amb la col\u00b7laboraci\u00f3 de la C\u00e0tedra Reciplasa-UJI L\u2019empresa p\u00fablica per a la gesti\u00f3 de residus de la zona centre de la prov\u00edncia de Castell\u00f3, Reciplasa ha celebrat el Dia Mundial del Medi Ambient amb una taulaDale que hay m\u00e1s ...","og_url":"https:\/\/www.reciplasa.es\/reciplasa-celebra-dia-mundial-del-medio-ambiente-una-mesa-redonda-los-retos-la-gestion-residuos\/","og_site_name":"RECIPLASA","article_published_time":"2017-06-06T07:56:08+00:00","article_modified_time":"2023-07-25T15:01:24+00:00","og_image":[{"width":3800,"height":2432,"url":"https:\/\/www.reciplasa.es\/wp-content\/uploads\/2017\/06\/IMG_0309.jpg","type":"image\/jpeg"}],"author":"Cristina Marco","twitter_card":"summary_large_image","twitter_misc":{"Written by":"Cristina Marco","Est. reading time":"2 minutes"},"schema":{"@context":"https:\/\/schema.org","@graph":[{"@type":"Article","@id":"https:\/\/www.reciplasa.es\/reciplasa-celebra-dia-mundial-del-medio-ambiente-una-mesa-redonda-los-retos-la-gestion-residuos\/#article","isPartOf":{"@id":"https:\/\/www.reciplasa.es\/reciplasa-celebra-dia-mundial-del-medio-ambiente-una-mesa-redonda-los-retos-la-gestion-residuos\/"},"author":{"name":"Cristina Marco","@id":"https:\/\/www.reciplasa.es\/#\/schema\/person\/608ffc094e3c56d49e6c6ec8f1ea0e82"},"headline":"Reciplasa celebra el Dia Mundial del Medi Ambient amb una taula rodona sobre els reptes en la gesti\u00f3 de residus","datePublished":"2017-06-06T07:56:08+00:00","dateModified":"2023-07-25T15:01:24+00:00","mainEntityOfPage":{"@id":"https:\/\/www.reciplasa.es\/reciplasa-celebra-dia-mundial-del-medio-ambiente-una-mesa-redonda-los-retos-la-gestion-residuos\/"},"wordCount":442,"image":{"@id":"https:\/\/www.reciplasa.es\/reciplasa-celebra-dia-mundial-del-medio-ambiente-una-mesa-redonda-los-retos-la-gestion-residuos\/#primaryimage"},"thumbnailUrl":"https:\/\/www.reciplasa.es\/wp-content\/uploads\/2017\/06\/IMG_0309.jpg","articleSection":["C\u00e0tedra Reciplasa-UJI"],"inLanguage":"va-VA"},{"@type":"WebPage","@id":"https:\/\/www.reciplasa.es\/reciplasa-celebra-dia-mundial-del-medio-ambiente-una-mesa-redonda-los-retos-la-gestion-residuos\/","url":"https:\/\/www.reciplasa.es\/reciplasa-celebra-dia-mundial-del-medio-ambiente-una-mesa-redonda-los-retos-la-gestion-residuos\/","name":"Reciplasa celebra el Dia Mundial del Medi Ambient amb una taula rodona sobre els reptes en la gesti\u00f3 de residus - RECIPLASA","isPartOf":{"@id":"https:\/\/www.reciplasa.es\/#website"},"primaryImageOfPage":{"@id":"https:\/\/www.reciplasa.es\/reciplasa-celebra-dia-mundial-del-medio-ambiente-una-mesa-redonda-los-retos-la-gestion-residuos\/#primaryimage"},"image":{"@id":"https:\/\/www.reciplasa.es\/reciplasa-celebra-dia-mundial-del-medio-ambiente-una-mesa-redonda-los-retos-la-gestion-residuos\/#primaryimage"},"thumbnailUrl":"https:\/\/www.reciplasa.es\/wp-content\/uploads\/2017\/06\/IMG_0309.jpg","datePublished":"2017-06-06T07:56:08+00:00","dateModified":"2023-07-25T15:01:24+00:00","author":{"@id":"https:\/\/www.reciplasa.es\/#\/schema\/person\/608ffc094e3c56d49e6c6ec8f1ea0e82"},"breadcrumb":{"@id":"https:\/\/www.reciplasa.es\/reciplasa-celebra-dia-mundial-del-medio-ambiente-una-mesa-redonda-los-retos-la-gestion-residuos\/#breadcrumb"},"inLanguage":"va-VA","potentialAction":[{"@type":"ReadAction","target":["https:\/\/www.reciplasa.es\/reciplasa-celebra-dia-mundial-del-medio-ambiente-una-mesa-redonda-los-retos-la-gestion-residuos\/"]}]},{"@type":"ImageObject","inLanguage":"va-VA","@id":"https:\/\/www.reciplasa.es\/reciplasa-celebra-dia-mundial-del-medio-ambiente-una-mesa-redonda-los-retos-la-gestion-residuos\/#primaryimage","url":"https:\/\/www.reciplasa.es\/wp-content\/uploads\/2017\/06\/IMG_0309.jpg","contentUrl":"https:\/\/www.reciplasa.es\/wp-content\/uploads\/2017\/06\/IMG_0309.jpg","width":3800,"height":2432},{"@type":"BreadcrumbList","@id":"https:\/\/www.reciplasa.es\/reciplasa-celebra-dia-mundial-del-medio-ambiente-una-mesa-redonda-los-retos-la-gestion-residuos\/#breadcrumb","itemListElement":[{"@type":"ListItem","position":1,"name":"Portada","item":"https:\/\/www.reciplasa.es\/va\/"},{"@type":"ListItem","position":2,"name":"Reciplasa celebra el Dia Mundial del Medi Ambient amb una taula rodona sobre els reptes en la gesti\u00f3 de residus"}]},{"@type":"WebSite","@id":"https:\/\/www.reciplasa.es\/#website","url":"https:\/\/www.reciplasa.es\/","name":"RECIPLASA","description":"Reciclats de Residus La Plana SA","potentialAction":[{"@type":"SearchAction","target":{"@type":"EntryPoint","urlTemplate":"https:\/\/www.reciplasa.es\/?s={search_term_string}"},"query-input":{"@type":"PropertyValueSpecification","valueRequired":true,"valueName":"search_term_string"}}],"inLanguage":"va-VA"},{"@type":"Person","@id":"https:\/\/www.reciplasa.es\/#\/schema\/person\/608ffc094e3c56d49e6c6ec8f1ea0e82","name":"Cristina Marco","image":{"@type":"ImageObject","inLanguage":"va-VA","@id":"https:\/\/secure.gravatar.com\/avatar\/6da7e00dc41d26d3c4245f3b2d70d687293df0dfc18f03719354383f7be4f34b?s=96&d=mm&r=g","url":"https:\/\/secure.gravatar.com\/avatar\/6da7e00dc41d26d3c4245f3b2d70d687293df0dfc18f03719354383f7be4f34b?s=96&d=mm&r=g","contentUrl":"https:\/\/secure.gravatar.com\/avatar\/6da7e00dc41d26d3c4245f3b2d70d687293df0dfc18f03719354383f7be4f34b?s=96&d=mm&r=g","caption":"Cristina Marco"},"url":"https:\/\/www.reciplasa.es\/va\/author\/cristina\/"}]}},"_links":{"self":[{"href":"https:\/\/www.reciplasa.es\/va\/wp-json\/wp\/v2\/posts\/12426","targetHints":{"allow":["GET"]}}],"collection":[{"href":"https:\/\/www.reciplasa.es\/va\/wp-json\/wp\/v2\/posts"}],"about":[{"href":"https:\/\/www.reciplasa.es\/va\/wp-json\/wp\/v2\/types\/post"}],"author":[{"embeddable":true,"href":"https:\/\/www.reciplasa.es\/va\/wp-json\/wp\/v2\/users\/3"}],"replies":[{"embeddable":true,"href":"https:\/\/www.reciplasa.es\/va\/wp-json\/wp\/v2\/comments?post=12426"}],"version-history":[{"count":6,"href":"https:\/\/www.reciplasa.es\/va\/wp-json\/wp\/v2\/posts\/12426\/revisions"}],"predecessor-version":[{"id":12524,"href":"https:\/\/www.reciplasa.es\/va\/wp-json\/wp\/v2\/posts\/12426\/revisions\/12524"}],"wp:featuredmedia":[{"embeddable":true,"href":"https:\/\/www.reciplasa.es\/va\/wp-json\/wp\/v2\/media\/12432"}],"wp:attachment":[{"href":"https:\/\/www.reciplasa.es\/va\/wp-json\/wp\/v2\/media?parent=12426"}],"wp:term":[{"taxonomy":"category","embeddable":true,"href":"https:\/\/www.reciplasa.es\/va\/wp-json\/wp\/v2\/categories?post=12426"},{"taxonomy":"post_tag","embeddable":true,"href":"https:\/\/www.reciplasa.es\/va\/wp-json\/wp\/v2\/tags?post=12426"}],"curies":[{"name":"wp","href":"https:\/\/api.w.org\/{rel}","templated":true}]}}