{"id":12736,"date":"2017-06-28T08:16:07","date_gmt":"2017-06-28T08:16:07","guid":{"rendered":"http:\/\/www.reciplasa.es\/?p=12736\/"},"modified":"2017-07-12T09:58:13","modified_gmt":"2017-07-12T09:58:13","slug":"reciplasa-aprova-les-ajudes-per-projectes-mediambientals-2017","status":"publish","type":"post","link":"https:\/\/www.reciplasa.es\/va\/reciplasa-aprova-les-ajudes-per-projectes-mediambientals-2017\/","title":{"rendered":"Reciplasa aprova les ajudes per a projectes mediambientals en el 2017"},"content":{"rendered":"<p><em><span style=\"font-weight: 400;\">El consell d&#8217;administraci\u00f3 ha acceptat la dimissi\u00f3 de V\u00edctor Garcia i Susanna Nicolau com a consellers perqu\u00e8 entren Samuel Falomir i Mercedes Gal\u00ed<\/span><\/em><\/p>\n<p>L&#8217;empresa p\u00fablica per a la gesti\u00f3 de residus de la zona centre de la prov\u00edncia de Castell\u00f3, Reciplasa, ha celebrat un consell d&#8217;administraci\u00f3 en el qual s&#8217;han aprovat les ajudes per als plans mediambientals que estan xifrades en 200.000 euros. Aix\u00ed, els municipis que formen part del consell d&#8217;administraci\u00f3 de l&#8217;entitat podran optar a aquestes ajudes i hauran de destinar-les a projectes de millora de la gesti\u00f3 dels residus.<\/p>\n<p>La presidenta de Reciplasa i vicealcaldesa de Castell\u00f3, Ali Brancal, ha comentat que \u201caquesta inversi\u00f3 \u00e9s necess\u00e0ria perqu\u00e8 hem de progressar i innovar cont\u00ednuament per a aconseguir una gesti\u00f3 sostenible dels residus urbans que generem en la prov\u00edncia i ajudar a millorar la situaci\u00f3 mediambiental\u201d i ha afegit que \u201c\u00e9s voluntat de Reciplasa conscienciar a la poblaci\u00f3 de la problem\u00e0tica que suposa el tractament de la brossa i donar a con\u00e8ixer els xicotets gestos que pot fer la ciutadania per a reduir el cost econ\u00f2mic i ecol\u00f2gic d&#8217;aquest tractament\u201d. Una vegada aprovat el calendari, els municipis tenen fins al final del mes de setembre per a presentar les seues propostes per a optar a les ajudes.<\/p>\n<p>Aix\u00ed mateix, s&#8217;ha acceptat la dimissi\u00f3 de V\u00edctor Garcia i Susanna Nicolau com a consellers de l&#8217;empresa p\u00fablica per a donar entrada a Samuel Falomir i Mercedes Gal\u00ed, despr\u00e9s de la substituci\u00f3 d&#8217;aquests com a alcaldes en els seus respectius municipis, l&#8217;Alcora i Almassora. Aquests canvis es confirmaran en la junta general d&#8217;accionistes que se celebrar\u00e0 el pr\u00f2xim 25 de juliol.<\/p>\n<p>Acc\u00e9s a les <a href=\"http:\/\/www.reciplasa.es\/wp-content\/uploads\/2013\/12\/Bases-Proyectos-medioambientales-2017.pdf\">bases del concurs &#8220;Projecte de millora en la gesti\u00f3 de residus 2017&#8221;<\/a><\/p>\n<p><img loading=\"lazy\" decoding=\"async\" class=\"alignnone size-medium wp-image-12737\" src=\"http:\/\/www.reciplasa.es\/wp-content\/uploads\/2017\/06\/IMG_0355-300x192.jpg\" alt=\"\" width=\"300\" height=\"192\" srcset=\"https:\/\/www.reciplasa.es\/wp-content\/uploads\/2017\/06\/IMG_0355-300x192.jpg 300w, https:\/\/www.reciplasa.es\/wp-content\/uploads\/2017\/06\/IMG_0355-768x492.jpg 768w, https:\/\/www.reciplasa.es\/wp-content\/uploads\/2017\/06\/IMG_0355-1024x656.jpg 1024w\" sizes=\"auto, (max-width: 300px) 100vw, 300px\" \/> <img loading=\"lazy\" decoding=\"async\" class=\"alignnone size-medium wp-image-12738\" src=\"http:\/\/www.reciplasa.es\/wp-content\/uploads\/2017\/06\/IMG_0360-300x169.jpg\" alt=\"\" width=\"300\" height=\"169\" srcset=\"https:\/\/www.reciplasa.es\/wp-content\/uploads\/2017\/06\/IMG_0360-300x169.jpg 300w, https:\/\/www.reciplasa.es\/wp-content\/uploads\/2017\/06\/IMG_0360-768x434.jpg 768w, https:\/\/www.reciplasa.es\/wp-content\/uploads\/2017\/06\/IMG_0360-1024x578.jpg 1024w\" sizes=\"auto, (max-width: 300px) 100vw, 300px\" \/> <img loading=\"lazy\" decoding=\"async\" class=\"alignnone size-medium wp-image-12739\" src=\"http:\/\/www.reciplasa.es\/wp-content\/uploads\/2017\/06\/IMG_0372-300x200.jpg\" alt=\"\" width=\"300\" height=\"200\" srcset=\"https:\/\/www.reciplasa.es\/wp-content\/uploads\/2017\/06\/IMG_0372-300x200.jpg 300w, https:\/\/www.reciplasa.es\/wp-content\/uploads\/2017\/06\/IMG_0372-768x512.jpg 768w, https:\/\/www.reciplasa.es\/wp-content\/uploads\/2017\/06\/IMG_0372-1024x683.jpg 1024w\" sizes=\"auto, (max-width: 300px) 100vw, 300px\" \/> <img loading=\"lazy\" decoding=\"async\" class=\"alignnone size-medium wp-image-12740\" src=\"http:\/\/www.reciplasa.es\/wp-content\/uploads\/2017\/06\/IMG_0373-300x200.jpg\" alt=\"\" width=\"300\" height=\"200\" srcset=\"https:\/\/www.reciplasa.es\/wp-content\/uploads\/2017\/06\/IMG_0373-300x200.jpg 300w, https:\/\/www.reciplasa.es\/wp-content\/uploads\/2017\/06\/IMG_0373-768x512.jpg 768w, https:\/\/www.reciplasa.es\/wp-content\/uploads\/2017\/06\/IMG_0373-1024x683.jpg 1024w\" sizes=\"auto, (max-width: 300px) 100vw, 300px\" \/> <img loading=\"lazy\" decoding=\"async\" class=\"alignnone size-medium wp-image-12741\" src=\"http:\/\/www.reciplasa.es\/wp-content\/uploads\/2017\/06\/IMG_0379-300x200.jpg\" alt=\"\" width=\"300\" height=\"200\" srcset=\"https:\/\/www.reciplasa.es\/wp-content\/uploads\/2017\/06\/IMG_0379-300x200.jpg 300w, https:\/\/www.reciplasa.es\/wp-content\/uploads\/2017\/06\/IMG_0379-768x512.jpg 768w, https:\/\/www.reciplasa.es\/wp-content\/uploads\/2017\/06\/IMG_0379-1024x683.jpg 1024w\" sizes=\"auto, (max-width: 300px) 100vw, 300px\" \/> <img loading=\"lazy\" decoding=\"async\" class=\"alignnone size-medium wp-image-12742\" src=\"http:\/\/www.reciplasa.es\/wp-content\/uploads\/2017\/06\/IMG_0380-200x300.jpg\" alt=\"\" width=\"200\" height=\"300\" srcset=\"https:\/\/www.reciplasa.es\/wp-content\/uploads\/2017\/06\/IMG_0380-200x300.jpg 200w, https:\/\/www.reciplasa.es\/wp-content\/uploads\/2017\/06\/IMG_0380-768x1152.jpg 768w, https:\/\/www.reciplasa.es\/wp-content\/uploads\/2017\/06\/IMG_0380-683x1024.jpg 683w\" sizes=\"auto, (max-width: 200px) 100vw, 200px\" \/><\/p>\n","protected":false},"excerpt":{"rendered":"<p>El consell d&#8217;administraci\u00f3 ha acceptat la dimissi\u00f3 de V\u00edctor Garcia i Susanna Nicolau com a consellers perqu\u00e8 entren Samuel Falomir i Mercedes Gal\u00ed L&#8217;empresa p\u00fablica per a la gesti\u00f3 de residus de la zona centre de la prov\u00edncia de Castell\u00f3, Reciplasa, ha celebrat un consell d&#8217;administraci\u00f3 en el qual s&#8217;han aprovat les ajudes per alsDale que hay m\u00e1s &#8230;<\/p>\n","protected":false},"author":3,"featured_media":12741,"comment_status":"closed","ping_status":"closed","sticky":false,"template":"","format":"standard","meta":{"footnotes":""},"categories":[87],"tags":[],"class_list":["post-12736","post","type-post","status-publish","format-standard","has-post-thumbnail","hentry","category-noticies-corporatives"],"yoast_head":"<!-- This site is optimized with the Yoast SEO plugin v27.4 - https:\/\/yoast.com\/product\/yoast-seo-wordpress\/ -->\n<title>Reciplasa aprova les ajudes per a projectes mediambientals en el 2017 - RECIPLASA<\/title>\n<meta name=\"robots\" content=\"index, follow, max-snippet:-1, max-image-preview:large, max-video-preview:-1\" \/>\n<link rel=\"canonical\" href=\"https:\/\/www.reciplasa.es\/reciplasa-aprueba-las-ayudas-proyectos-medioambientales-2017\/\" \/>\n<meta property=\"og:locale\" content=\"en_US\" \/>\n<meta property=\"og:type\" content=\"article\" \/>\n<meta property=\"og:title\" content=\"Reciplasa aprova les ajudes per a projectes mediambientals en el 2017 - RECIPLASA\" \/>\n<meta property=\"og:description\" content=\"El consell d&#8217;administraci\u00f3 ha acceptat la dimissi\u00f3 de V\u00edctor Garcia i Susanna Nicolau com a consellers perqu\u00e8 entren Samuel Falomir i Mercedes Gal\u00ed L&#8217;empresa p\u00fablica per a la gesti\u00f3 de residus de la zona centre de la prov\u00edncia de Castell\u00f3, Reciplasa, ha celebrat un consell d&#8217;administraci\u00f3 en el qual s&#8217;han aprovat les ajudes per alsDale que hay m\u00e1s ...\" \/>\n<meta property=\"og:url\" content=\"https:\/\/www.reciplasa.es\/reciplasa-aprueba-las-ayudas-proyectos-medioambientales-2017\/\" \/>\n<meta property=\"og:site_name\" content=\"RECIPLASA\" \/>\n<meta property=\"article:published_time\" content=\"2017-06-28T08:16:07+00:00\" \/>\n<meta property=\"article:modified_time\" content=\"2017-07-12T09:58:13+00:00\" \/>\n<meta property=\"og:image\" content=\"https:\/\/www.reciplasa.es\/wp-content\/uploads\/2017\/06\/IMG_0379-1024x683.jpg\" \/>\n\t<meta property=\"og:image:width\" content=\"1024\" \/>\n\t<meta property=\"og:image:height\" content=\"683\" \/>\n\t<meta property=\"og:image:type\" content=\"image\/jpeg\" \/>\n<meta name=\"author\" content=\"Cristina Marco\" \/>\n<meta name=\"twitter:card\" content=\"summary_large_image\" \/>\n<meta name=\"twitter:label1\" content=\"Written by\" \/>\n\t<meta name=\"twitter:data1\" content=\"Cristina Marco\" \/>\n\t<meta name=\"twitter:label2\" content=\"Est. reading time\" \/>\n\t<meta name=\"twitter:data2\" content=\"1 minute\" \/>\n<script type=\"application\/ld+json\" class=\"yoast-schema-graph\">{\"@context\":\"https:\\\/\\\/schema.org\",\"@graph\":[{\"@type\":\"Article\",\"@id\":\"https:\\\/\\\/www.reciplasa.es\\\/reciplasa-aprueba-las-ayudas-proyectos-medioambientales-2017\\\/#article\",\"isPartOf\":{\"@id\":\"https:\\\/\\\/www.reciplasa.es\\\/reciplasa-aprueba-las-ayudas-proyectos-medioambientales-2017\\\/\"},\"author\":{\"name\":\"Cristina Marco\",\"@id\":\"https:\\\/\\\/www.reciplasa.es\\\/#\\\/schema\\\/person\\\/608ffc094e3c56d49e6c6ec8f1ea0e82\"},\"headline\":\"Reciplasa aprova les ajudes per a projectes mediambientals en el 2017\",\"datePublished\":\"2017-06-28T08:16:07+00:00\",\"dateModified\":\"2017-07-12T09:58:13+00:00\",\"mainEntityOfPage\":{\"@id\":\"https:\\\/\\\/www.reciplasa.es\\\/reciplasa-aprueba-las-ayudas-proyectos-medioambientales-2017\\\/\"},\"wordCount\":318,\"image\":{\"@id\":\"https:\\\/\\\/www.reciplasa.es\\\/reciplasa-aprueba-las-ayudas-proyectos-medioambientales-2017\\\/#primaryimage\"},\"thumbnailUrl\":\"https:\\\/\\\/www.reciplasa.es\\\/wp-content\\\/uploads\\\/2017\\\/06\\\/IMG_0379.jpg\",\"articleSection\":[\"Not\u00edcies corporatives\"],\"inLanguage\":\"va-VA\"},{\"@type\":\"WebPage\",\"@id\":\"https:\\\/\\\/www.reciplasa.es\\\/reciplasa-aprueba-las-ayudas-proyectos-medioambientales-2017\\\/\",\"url\":\"https:\\\/\\\/www.reciplasa.es\\\/reciplasa-aprueba-las-ayudas-proyectos-medioambientales-2017\\\/\",\"name\":\"Reciplasa aprova les ajudes per a projectes mediambientals en el 2017 - RECIPLASA\",\"isPartOf\":{\"@id\":\"https:\\\/\\\/www.reciplasa.es\\\/#website\"},\"primaryImageOfPage\":{\"@id\":\"https:\\\/\\\/www.reciplasa.es\\\/reciplasa-aprueba-las-ayudas-proyectos-medioambientales-2017\\\/#primaryimage\"},\"image\":{\"@id\":\"https:\\\/\\\/www.reciplasa.es\\\/reciplasa-aprueba-las-ayudas-proyectos-medioambientales-2017\\\/#primaryimage\"},\"thumbnailUrl\":\"https:\\\/\\\/www.reciplasa.es\\\/wp-content\\\/uploads\\\/2017\\\/06\\\/IMG_0379.jpg\",\"datePublished\":\"2017-06-28T08:16:07+00:00\",\"dateModified\":\"2017-07-12T09:58:13+00:00\",\"author\":{\"@id\":\"https:\\\/\\\/www.reciplasa.es\\\/#\\\/schema\\\/person\\\/608ffc094e3c56d49e6c6ec8f1ea0e82\"},\"breadcrumb\":{\"@id\":\"https:\\\/\\\/www.reciplasa.es\\\/reciplasa-aprueba-las-ayudas-proyectos-medioambientales-2017\\\/#breadcrumb\"},\"inLanguage\":\"va-VA\",\"potentialAction\":[{\"@type\":\"ReadAction\",\"target\":[\"https:\\\/\\\/www.reciplasa.es\\\/reciplasa-aprueba-las-ayudas-proyectos-medioambientales-2017\\\/\"]}]},{\"@type\":\"ImageObject\",\"inLanguage\":\"va-VA\",\"@id\":\"https:\\\/\\\/www.reciplasa.es\\\/reciplasa-aprueba-las-ayudas-proyectos-medioambientales-2017\\\/#primaryimage\",\"url\":\"https:\\\/\\\/www.reciplasa.es\\\/wp-content\\\/uploads\\\/2017\\\/06\\\/IMG_0379.jpg\",\"contentUrl\":\"https:\\\/\\\/www.reciplasa.es\\\/wp-content\\\/uploads\\\/2017\\\/06\\\/IMG_0379.jpg\",\"width\":3888,\"height\":2592},{\"@type\":\"BreadcrumbList\",\"@id\":\"https:\\\/\\\/www.reciplasa.es\\\/reciplasa-aprueba-las-ayudas-proyectos-medioambientales-2017\\\/#breadcrumb\",\"itemListElement\":[{\"@type\":\"ListItem\",\"position\":1,\"name\":\"Portada\",\"item\":\"https:\\\/\\\/www.reciplasa.es\\\/va\\\/\"},{\"@type\":\"ListItem\",\"position\":2,\"name\":\"Reciplasa aprova les ajudes per a projectes mediambientals en el 2017\"}]},{\"@type\":\"WebSite\",\"@id\":\"https:\\\/\\\/www.reciplasa.es\\\/#website\",\"url\":\"https:\\\/\\\/www.reciplasa.es\\\/\",\"name\":\"RECIPLASA\",\"description\":\"Reciclats de Residus La Plana SA\",\"potentialAction\":[{\"@type\":\"SearchAction\",\"target\":{\"@type\":\"EntryPoint\",\"urlTemplate\":\"https:\\\/\\\/www.reciplasa.es\\\/?s={search_term_string}\"},\"query-input\":{\"@type\":\"PropertyValueSpecification\",\"valueRequired\":true,\"valueName\":\"search_term_string\"}}],\"inLanguage\":\"va-VA\"},{\"@type\":\"Person\",\"@id\":\"https:\\\/\\\/www.reciplasa.es\\\/#\\\/schema\\\/person\\\/608ffc094e3c56d49e6c6ec8f1ea0e82\",\"name\":\"Cristina Marco\",\"image\":{\"@type\":\"ImageObject\",\"inLanguage\":\"va-VA\",\"@id\":\"https:\\\/\\\/secure.gravatar.com\\\/avatar\\\/6da7e00dc41d26d3c4245f3b2d70d687293df0dfc18f03719354383f7be4f34b?s=96&d=mm&r=g\",\"url\":\"https:\\\/\\\/secure.gravatar.com\\\/avatar\\\/6da7e00dc41d26d3c4245f3b2d70d687293df0dfc18f03719354383f7be4f34b?s=96&d=mm&r=g\",\"contentUrl\":\"https:\\\/\\\/secure.gravatar.com\\\/avatar\\\/6da7e00dc41d26d3c4245f3b2d70d687293df0dfc18f03719354383f7be4f34b?s=96&d=mm&r=g\",\"caption\":\"Cristina Marco\"},\"url\":\"https:\\\/\\\/www.reciplasa.es\\\/va\\\/author\\\/cristina\\\/\"}]}<\/script>\n<!-- \/ Yoast SEO plugin. -->","yoast_head_json":{"title":"Reciplasa aprova les ajudes per a projectes mediambientals en el 2017 - RECIPLASA","robots":{"index":"index","follow":"follow","max-snippet":"max-snippet:-1","max-image-preview":"max-image-preview:large","max-video-preview":"max-video-preview:-1"},"canonical":"https:\/\/www.reciplasa.es\/reciplasa-aprueba-las-ayudas-proyectos-medioambientales-2017\/","og_locale":"en_US","og_type":"article","og_title":"Reciplasa aprova les ajudes per a projectes mediambientals en el 2017 - RECIPLASA","og_description":"El consell d&#8217;administraci\u00f3 ha acceptat la dimissi\u00f3 de V\u00edctor Garcia i Susanna Nicolau com a consellers perqu\u00e8 entren Samuel Falomir i Mercedes Gal\u00ed L&#8217;empresa p\u00fablica per a la gesti\u00f3 de residus de la zona centre de la prov\u00edncia de Castell\u00f3, Reciplasa, ha celebrat un consell d&#8217;administraci\u00f3 en el qual s&#8217;han aprovat les ajudes per alsDale que hay m\u00e1s ...","og_url":"https:\/\/www.reciplasa.es\/reciplasa-aprueba-las-ayudas-proyectos-medioambientales-2017\/","og_site_name":"RECIPLASA","article_published_time":"2017-06-28T08:16:07+00:00","article_modified_time":"2017-07-12T09:58:13+00:00","og_image":[{"width":1024,"height":683,"url":"https:\/\/www.reciplasa.es\/wp-content\/uploads\/2017\/06\/IMG_0379-1024x683.jpg","type":"image\/jpeg"}],"author":"Cristina Marco","twitter_card":"summary_large_image","twitter_misc":{"Written by":"Cristina Marco","Est. reading time":"1 minute"},"schema":{"@context":"https:\/\/schema.org","@graph":[{"@type":"Article","@id":"https:\/\/www.reciplasa.es\/reciplasa-aprueba-las-ayudas-proyectos-medioambientales-2017\/#article","isPartOf":{"@id":"https:\/\/www.reciplasa.es\/reciplasa-aprueba-las-ayudas-proyectos-medioambientales-2017\/"},"author":{"name":"Cristina Marco","@id":"https:\/\/www.reciplasa.es\/#\/schema\/person\/608ffc094e3c56d49e6c6ec8f1ea0e82"},"headline":"Reciplasa aprova les ajudes per a projectes mediambientals en el 2017","datePublished":"2017-06-28T08:16:07+00:00","dateModified":"2017-07-12T09:58:13+00:00","mainEntityOfPage":{"@id":"https:\/\/www.reciplasa.es\/reciplasa-aprueba-las-ayudas-proyectos-medioambientales-2017\/"},"wordCount":318,"image":{"@id":"https:\/\/www.reciplasa.es\/reciplasa-aprueba-las-ayudas-proyectos-medioambientales-2017\/#primaryimage"},"thumbnailUrl":"https:\/\/www.reciplasa.es\/wp-content\/uploads\/2017\/06\/IMG_0379.jpg","articleSection":["Not\u00edcies corporatives"],"inLanguage":"va-VA"},{"@type":"WebPage","@id":"https:\/\/www.reciplasa.es\/reciplasa-aprueba-las-ayudas-proyectos-medioambientales-2017\/","url":"https:\/\/www.reciplasa.es\/reciplasa-aprueba-las-ayudas-proyectos-medioambientales-2017\/","name":"Reciplasa aprova les ajudes per a projectes mediambientals en el 2017 - RECIPLASA","isPartOf":{"@id":"https:\/\/www.reciplasa.es\/#website"},"primaryImageOfPage":{"@id":"https:\/\/www.reciplasa.es\/reciplasa-aprueba-las-ayudas-proyectos-medioambientales-2017\/#primaryimage"},"image":{"@id":"https:\/\/www.reciplasa.es\/reciplasa-aprueba-las-ayudas-proyectos-medioambientales-2017\/#primaryimage"},"thumbnailUrl":"https:\/\/www.reciplasa.es\/wp-content\/uploads\/2017\/06\/IMG_0379.jpg","datePublished":"2017-06-28T08:16:07+00:00","dateModified":"2017-07-12T09:58:13+00:00","author":{"@id":"https:\/\/www.reciplasa.es\/#\/schema\/person\/608ffc094e3c56d49e6c6ec8f1ea0e82"},"breadcrumb":{"@id":"https:\/\/www.reciplasa.es\/reciplasa-aprueba-las-ayudas-proyectos-medioambientales-2017\/#breadcrumb"},"inLanguage":"va-VA","potentialAction":[{"@type":"ReadAction","target":["https:\/\/www.reciplasa.es\/reciplasa-aprueba-las-ayudas-proyectos-medioambientales-2017\/"]}]},{"@type":"ImageObject","inLanguage":"va-VA","@id":"https:\/\/www.reciplasa.es\/reciplasa-aprueba-las-ayudas-proyectos-medioambientales-2017\/#primaryimage","url":"https:\/\/www.reciplasa.es\/wp-content\/uploads\/2017\/06\/IMG_0379.jpg","contentUrl":"https:\/\/www.reciplasa.es\/wp-content\/uploads\/2017\/06\/IMG_0379.jpg","width":3888,"height":2592},{"@type":"BreadcrumbList","@id":"https:\/\/www.reciplasa.es\/reciplasa-aprueba-las-ayudas-proyectos-medioambientales-2017\/#breadcrumb","itemListElement":[{"@type":"ListItem","position":1,"name":"Portada","item":"https:\/\/www.reciplasa.es\/va\/"},{"@type":"ListItem","position":2,"name":"Reciplasa aprova les ajudes per a projectes mediambientals en el 2017"}]},{"@type":"WebSite","@id":"https:\/\/www.reciplasa.es\/#website","url":"https:\/\/www.reciplasa.es\/","name":"RECIPLASA","description":"Reciclats de Residus La Plana SA","potentialAction":[{"@type":"SearchAction","target":{"@type":"EntryPoint","urlTemplate":"https:\/\/www.reciplasa.es\/?s={search_term_string}"},"query-input":{"@type":"PropertyValueSpecification","valueRequired":true,"valueName":"search_term_string"}}],"inLanguage":"va-VA"},{"@type":"Person","@id":"https:\/\/www.reciplasa.es\/#\/schema\/person\/608ffc094e3c56d49e6c6ec8f1ea0e82","name":"Cristina Marco","image":{"@type":"ImageObject","inLanguage":"va-VA","@id":"https:\/\/secure.gravatar.com\/avatar\/6da7e00dc41d26d3c4245f3b2d70d687293df0dfc18f03719354383f7be4f34b?s=96&d=mm&r=g","url":"https:\/\/secure.gravatar.com\/avatar\/6da7e00dc41d26d3c4245f3b2d70d687293df0dfc18f03719354383f7be4f34b?s=96&d=mm&r=g","contentUrl":"https:\/\/secure.gravatar.com\/avatar\/6da7e00dc41d26d3c4245f3b2d70d687293df0dfc18f03719354383f7be4f34b?s=96&d=mm&r=g","caption":"Cristina Marco"},"url":"https:\/\/www.reciplasa.es\/va\/author\/cristina\/"}]}},"_links":{"self":[{"href":"https:\/\/www.reciplasa.es\/va\/wp-json\/wp\/v2\/posts\/12736","targetHints":{"allow":["GET"]}}],"collection":[{"href":"https:\/\/www.reciplasa.es\/va\/wp-json\/wp\/v2\/posts"}],"about":[{"href":"https:\/\/www.reciplasa.es\/va\/wp-json\/wp\/v2\/types\/post"}],"author":[{"embeddable":true,"href":"https:\/\/www.reciplasa.es\/va\/wp-json\/wp\/v2\/users\/3"}],"replies":[{"embeddable":true,"href":"https:\/\/www.reciplasa.es\/va\/wp-json\/wp\/v2\/comments?post=12736"}],"version-history":[{"count":3,"href":"https:\/\/www.reciplasa.es\/va\/wp-json\/wp\/v2\/posts\/12736\/revisions"}],"predecessor-version":[{"id":12778,"href":"https:\/\/www.reciplasa.es\/va\/wp-json\/wp\/v2\/posts\/12736\/revisions\/12778"}],"wp:featuredmedia":[{"embeddable":true,"href":"https:\/\/www.reciplasa.es\/va\/wp-json\/wp\/v2\/media\/12741"}],"wp:attachment":[{"href":"https:\/\/www.reciplasa.es\/va\/wp-json\/wp\/v2\/media?parent=12736"}],"wp:term":[{"taxonomy":"category","embeddable":true,"href":"https:\/\/www.reciplasa.es\/va\/wp-json\/wp\/v2\/categories?post=12736"},{"taxonomy":"post_tag","embeddable":true,"href":"https:\/\/www.reciplasa.es\/va\/wp-json\/wp\/v2\/tags?post=12736"}],"curies":[{"name":"wp","href":"https:\/\/api.w.org\/{rel}","templated":true}]}}