{"id":12793,"date":"2017-07-26T07:31:50","date_gmt":"2017-07-26T07:31:50","guid":{"rendered":"http:\/\/www.reciplasa.es\/?p=12793\/"},"modified":"2017-07-26T07:37:49","modified_gmt":"2017-07-26T07:37:49","slug":"merche-gali-samuel-falomir-sincorporen-al-consell-dadministracio-reciplasa","status":"publish","type":"post","link":"https:\/\/www.reciplasa.es\/va\/merche-gali-samuel-falomir-sincorporen-al-consell-dadministracio-reciplasa\/","title":{"rendered":"Merche Gal\u00ed i Samuel Falomir s&#8217;incorporen al consell d&#8217;administraci\u00f3 de Reciplasa"},"content":{"rendered":"<p><i><span style=\"font-weight: 400;\">Substitueixen a Susanna Nicolau i V\u00edctor Garcia despr\u00e9s del seu relleu com a alcaldes d&#8217;Almassora i l&#8217;Alcora respectivament.<\/span><\/i><\/p>\n<p>Merche Gal\u00ed, alcaldessa d&#8217;Almassora, i Samuel Falomir, alcalde de l&#8217;Alcora s&#8217;han incorporat al consell d&#8217;administraci\u00f3 de Reciplasa despr\u00e9s de la Junta General d&#8217;Accionistes que s&#8217;ha celebrat avui en l&#8217;Ajuntament de Castell\u00f3. Gal\u00ed i Falomir han substitu\u00eft a Susanna Nicolau i V\u00edctor Garcia despr\u00e9s que es produ\u00efra el relleu com a primers edils en els seus respectius ajuntaments.<\/p>\n<p>La presidenta de Reciplasa i vicealcaldesa de Castell\u00f3, Ali Brancal, ha donat la benvinguda a la consellera i el conseller i els ha animat a \u201ccontinuar amb el treball que s&#8217;ha iniciat en l&#8217;entitat per a fer que Reciplasa siga m\u00e9s sostenible econ\u00f2mica i ecol\u00f2gicament. Hem iniciat una s\u00e8rie de projectes que van a millorar la gesti\u00f3 de residus en la zona centre de la prov\u00edncia de Castell\u00f3, per\u00f2 entre totes i tots hem de reduir els quilos de brossa que arriben a la planta, reduir el consum i reciclar en origen s\u00f3n claus per a aquest objectiu\u201d.<\/p>\n<p><img loading=\"lazy\" decoding=\"async\" class=\"alignnone size-medium wp-image-12782\" src=\"http:\/\/www.reciplasa.es\/wp-content\/uploads\/2017\/07\/DSC_0708_1-300x199.jpg\" alt=\"\" width=\"300\" height=\"199\" srcset=\"https:\/\/www.reciplasa.es\/wp-content\/uploads\/2017\/07\/DSC_0708_1-300x199.jpg 300w, https:\/\/www.reciplasa.es\/wp-content\/uploads\/2017\/07\/DSC_0708_1-768x509.jpg 768w, https:\/\/www.reciplasa.es\/wp-content\/uploads\/2017\/07\/DSC_0708_1-1024x678.jpg 1024w\" sizes=\"auto, (max-width: 300px) 100vw, 300px\" \/><img loading=\"lazy\" decoding=\"async\" class=\"alignnone size-medium wp-image-12783\" src=\"http:\/\/www.reciplasa.es\/wp-content\/uploads\/2017\/07\/DSC_0711_1-300x199.jpg\" alt=\"\" width=\"300\" height=\"199\" srcset=\"https:\/\/www.reciplasa.es\/wp-content\/uploads\/2017\/07\/DSC_0711_1-300x199.jpg 300w, https:\/\/www.reciplasa.es\/wp-content\/uploads\/2017\/07\/DSC_0711_1-768x509.jpg 768w, https:\/\/www.reciplasa.es\/wp-content\/uploads\/2017\/07\/DSC_0711_1-1024x678.jpg 1024w\" sizes=\"auto, (max-width: 300px) 100vw, 300px\" \/><img loading=\"lazy\" decoding=\"async\" class=\"alignnone size-medium wp-image-12785\" src=\"http:\/\/www.reciplasa.es\/wp-content\/uploads\/2017\/07\/DSC_0718-300x199.jpg\" alt=\"\" width=\"300\" height=\"199\" srcset=\"https:\/\/www.reciplasa.es\/wp-content\/uploads\/2017\/07\/DSC_0718-300x199.jpg 300w, https:\/\/www.reciplasa.es\/wp-content\/uploads\/2017\/07\/DSC_0718-768x509.jpg 768w, https:\/\/www.reciplasa.es\/wp-content\/uploads\/2017\/07\/DSC_0718-1024x678.jpg 1024w\" sizes=\"auto, (max-width: 300px) 100vw, 300px\" \/> <img loading=\"lazy\" decoding=\"async\" class=\"alignnone size-medium wp-image-12784\" src=\"http:\/\/www.reciplasa.es\/wp-content\/uploads\/2017\/07\/DSC_0717-300x199.jpg\" alt=\"\" width=\"300\" height=\"199\" srcset=\"https:\/\/www.reciplasa.es\/wp-content\/uploads\/2017\/07\/DSC_0717-300x199.jpg 300w, https:\/\/www.reciplasa.es\/wp-content\/uploads\/2017\/07\/DSC_0717-768x509.jpg 768w, https:\/\/www.reciplasa.es\/wp-content\/uploads\/2017\/07\/DSC_0717-1024x678.jpg 1024w\" sizes=\"auto, (max-width: 300px) 100vw, 300px\" \/><img loading=\"lazy\" decoding=\"async\" class=\"alignnone size-medium wp-image-12786\" src=\"http:\/\/www.reciplasa.es\/wp-content\/uploads\/2017\/07\/DSC_0721_1-300x195.jpg\" alt=\"\" width=\"300\" height=\"195\" srcset=\"https:\/\/www.reciplasa.es\/wp-content\/uploads\/2017\/07\/DSC_0721_1-300x195.jpg 300w, https:\/\/www.reciplasa.es\/wp-content\/uploads\/2017\/07\/DSC_0721_1-768x500.jpg 768w, https:\/\/www.reciplasa.es\/wp-content\/uploads\/2017\/07\/DSC_0721_1-1024x667.jpg 1024w\" sizes=\"auto, (max-width: 300px) 100vw, 300px\" \/><img loading=\"lazy\" decoding=\"async\" class=\"alignnone size-medium wp-image-12788\" src=\"http:\/\/www.reciplasa.es\/wp-content\/uploads\/2017\/07\/DSC_0729_1-300x199.jpg\" alt=\"\" width=\"300\" height=\"199\" srcset=\"https:\/\/www.reciplasa.es\/wp-content\/uploads\/2017\/07\/DSC_0729_1-300x199.jpg 300w, https:\/\/www.reciplasa.es\/wp-content\/uploads\/2017\/07\/DSC_0729_1-768x509.jpg 768w, https:\/\/www.reciplasa.es\/wp-content\/uploads\/2017\/07\/DSC_0729_1-1024x678.jpg 1024w\" sizes=\"auto, (max-width: 300px) 100vw, 300px\" \/>\u00a0\u00a0<img loading=\"lazy\" decoding=\"async\" class=\"alignnone size-medium wp-image-12787\" src=\"http:\/\/www.reciplasa.es\/wp-content\/uploads\/2017\/07\/DSC_0726_1-300x199.jpg\" alt=\"\" width=\"300\" height=\"199\" srcset=\"https:\/\/www.reciplasa.es\/wp-content\/uploads\/2017\/07\/DSC_0726_1-300x199.jpg 300w, https:\/\/www.reciplasa.es\/wp-content\/uploads\/2017\/07\/DSC_0726_1-768x509.jpg 768w, https:\/\/www.reciplasa.es\/wp-content\/uploads\/2017\/07\/DSC_0726_1-1024x678.jpg 1024w\" sizes=\"auto, (max-width: 300px) 100vw, 300px\" \/><img loading=\"lazy\" decoding=\"async\" class=\"alignnone size-medium wp-image-12789\" src=\"http:\/\/www.reciplasa.es\/wp-content\/uploads\/2017\/07\/DSC_0732_1-300x199.jpg\" alt=\"\" width=\"300\" height=\"199\" srcset=\"https:\/\/www.reciplasa.es\/wp-content\/uploads\/2017\/07\/DSC_0732_1-300x199.jpg 300w, https:\/\/www.reciplasa.es\/wp-content\/uploads\/2017\/07\/DSC_0732_1-768x509.jpg 768w, https:\/\/www.reciplasa.es\/wp-content\/uploads\/2017\/07\/DSC_0732_1-1024x678.jpg 1024w\" sizes=\"auto, (max-width: 300px) 100vw, 300px\" \/><\/p>\n","protected":false},"excerpt":{"rendered":"<p>Substitueixen a Susanna Nicolau i V\u00edctor Garcia despr\u00e9s del seu relleu com a alcaldes d&#8217;Almassora i l&#8217;Alcora respectivament. Merche Gal\u00ed, alcaldessa d&#8217;Almassora, i Samuel Falomir, alcalde de l&#8217;Alcora s&#8217;han incorporat al consell d&#8217;administraci\u00f3 de Reciplasa despr\u00e9s de la Junta General d&#8217;Accionistes que s&#8217;ha celebrat avui en l&#8217;Ajuntament de Castell\u00f3. Gal\u00ed i Falomir han substitu\u00eft aDale que hay m\u00e1s &#8230;<\/p>\n","protected":false},"author":3,"featured_media":12782,"comment_status":"closed","ping_status":"closed","sticky":false,"template":"","format":"standard","meta":{"footnotes":""},"categories":[87],"tags":[],"class_list":["post-12793","post","type-post","status-publish","format-standard","has-post-thumbnail","hentry","category-noticies-corporatives"],"yoast_head":"<!-- This site is optimized with the Yoast SEO plugin v27.4 - https:\/\/yoast.com\/product\/yoast-seo-wordpress\/ -->\n<title>Merche Gal\u00ed i Samuel Falomir s&#039;incorporen al consell d&#039;administraci\u00f3 de Reciplasa - RECIPLASA<\/title>\n<meta name=\"robots\" content=\"index, follow, max-snippet:-1, max-image-preview:large, max-video-preview:-1\" \/>\n<link rel=\"canonical\" href=\"https:\/\/www.reciplasa.es\/va\/merche-gali-samuel-falomir-sincorporen-al-consell-dadministracio-reciplasa\/\" \/>\n<meta property=\"og:locale\" content=\"en_US\" \/>\n<meta property=\"og:type\" content=\"article\" \/>\n<meta property=\"og:title\" content=\"Merche Gal\u00ed i Samuel Falomir s&#039;incorporen al consell d&#039;administraci\u00f3 de Reciplasa - RECIPLASA\" \/>\n<meta property=\"og:description\" content=\"Substitueixen a Susanna Nicolau i V\u00edctor Garcia despr\u00e9s del seu relleu com a alcaldes d&#8217;Almassora i l&#8217;Alcora respectivament. Merche Gal\u00ed, alcaldessa d&#8217;Almassora, i Samuel Falomir, alcalde de l&#8217;Alcora s&#8217;han incorporat al consell d&#8217;administraci\u00f3 de Reciplasa despr\u00e9s de la Junta General d&#8217;Accionistes que s&#8217;ha celebrat avui en l&#8217;Ajuntament de Castell\u00f3. Gal\u00ed i Falomir han substitu\u00eft aDale que hay m\u00e1s ...\" \/>\n<meta property=\"og:url\" content=\"https:\/\/www.reciplasa.es\/va\/merche-gali-samuel-falomir-sincorporen-al-consell-dadministracio-reciplasa\/\" \/>\n<meta property=\"og:site_name\" content=\"RECIPLASA\" \/>\n<meta property=\"article:published_time\" content=\"2017-07-26T07:31:50+00:00\" \/>\n<meta property=\"article:modified_time\" content=\"2017-07-26T07:37:49+00:00\" \/>\n<meta property=\"og:image\" content=\"https:\/\/www.reciplasa.es\/wp-content\/uploads\/2017\/07\/DSC_0708_1-1024x678.jpg\" \/>\n\t<meta property=\"og:image:width\" content=\"1024\" \/>\n\t<meta property=\"og:image:height\" content=\"678\" \/>\n\t<meta property=\"og:image:type\" content=\"image\/jpeg\" \/>\n<meta name=\"author\" content=\"Cristina Marco\" \/>\n<meta name=\"twitter:card\" content=\"summary_large_image\" \/>\n<meta name=\"twitter:label1\" content=\"Written by\" \/>\n\t<meta name=\"twitter:data1\" content=\"Cristina Marco\" \/>\n\t<meta name=\"twitter:label2\" content=\"Est. reading time\" \/>\n\t<meta name=\"twitter:data2\" content=\"1 minute\" \/>\n<script type=\"application\/ld+json\" class=\"yoast-schema-graph\">{\"@context\":\"https:\\\/\\\/schema.org\",\"@graph\":[{\"@type\":\"Article\",\"@id\":\"https:\\\/\\\/www.reciplasa.es\\\/va\\\/merche-gali-samuel-falomir-sincorporen-al-consell-dadministracio-reciplasa\\\/#article\",\"isPartOf\":{\"@id\":\"https:\\\/\\\/www.reciplasa.es\\\/va\\\/merche-gali-samuel-falomir-sincorporen-al-consell-dadministracio-reciplasa\\\/\"},\"author\":{\"name\":\"Cristina Marco\",\"@id\":\"https:\\\/\\\/www.reciplasa.es\\\/#\\\/schema\\\/person\\\/608ffc094e3c56d49e6c6ec8f1ea0e82\"},\"headline\":\"Merche Gal\u00ed i Samuel Falomir s&#8217;incorporen al consell d&#8217;administraci\u00f3 de Reciplasa\",\"datePublished\":\"2017-07-26T07:31:50+00:00\",\"dateModified\":\"2017-07-26T07:37:49+00:00\",\"mainEntityOfPage\":{\"@id\":\"https:\\\/\\\/www.reciplasa.es\\\/va\\\/merche-gali-samuel-falomir-sincorporen-al-consell-dadministracio-reciplasa\\\/\"},\"wordCount\":210,\"image\":{\"@id\":\"https:\\\/\\\/www.reciplasa.es\\\/va\\\/merche-gali-samuel-falomir-sincorporen-al-consell-dadministracio-reciplasa\\\/#primaryimage\"},\"thumbnailUrl\":\"https:\\\/\\\/www.reciplasa.es\\\/wp-content\\\/uploads\\\/2017\\\/07\\\/DSC_0708_1.jpg\",\"articleSection\":[\"Not\u00edcies corporatives\"],\"inLanguage\":\"va-VA\"},{\"@type\":\"WebPage\",\"@id\":\"https:\\\/\\\/www.reciplasa.es\\\/va\\\/merche-gali-samuel-falomir-sincorporen-al-consell-dadministracio-reciplasa\\\/\",\"url\":\"https:\\\/\\\/www.reciplasa.es\\\/va\\\/merche-gali-samuel-falomir-sincorporen-al-consell-dadministracio-reciplasa\\\/\",\"name\":\"Merche Gal\u00ed i Samuel Falomir s'incorporen al consell d'administraci\u00f3 de Reciplasa - RECIPLASA\",\"isPartOf\":{\"@id\":\"https:\\\/\\\/www.reciplasa.es\\\/#website\"},\"primaryImageOfPage\":{\"@id\":\"https:\\\/\\\/www.reciplasa.es\\\/va\\\/merche-gali-samuel-falomir-sincorporen-al-consell-dadministracio-reciplasa\\\/#primaryimage\"},\"image\":{\"@id\":\"https:\\\/\\\/www.reciplasa.es\\\/va\\\/merche-gali-samuel-falomir-sincorporen-al-consell-dadministracio-reciplasa\\\/#primaryimage\"},\"thumbnailUrl\":\"https:\\\/\\\/www.reciplasa.es\\\/wp-content\\\/uploads\\\/2017\\\/07\\\/DSC_0708_1.jpg\",\"datePublished\":\"2017-07-26T07:31:50+00:00\",\"dateModified\":\"2017-07-26T07:37:49+00:00\",\"author\":{\"@id\":\"https:\\\/\\\/www.reciplasa.es\\\/#\\\/schema\\\/person\\\/608ffc094e3c56d49e6c6ec8f1ea0e82\"},\"breadcrumb\":{\"@id\":\"https:\\\/\\\/www.reciplasa.es\\\/va\\\/merche-gali-samuel-falomir-sincorporen-al-consell-dadministracio-reciplasa\\\/#breadcrumb\"},\"inLanguage\":\"va-VA\",\"potentialAction\":[{\"@type\":\"ReadAction\",\"target\":[\"https:\\\/\\\/www.reciplasa.es\\\/va\\\/merche-gali-samuel-falomir-sincorporen-al-consell-dadministracio-reciplasa\\\/\"]}]},{\"@type\":\"ImageObject\",\"inLanguage\":\"va-VA\",\"@id\":\"https:\\\/\\\/www.reciplasa.es\\\/va\\\/merche-gali-samuel-falomir-sincorporen-al-consell-dadministracio-reciplasa\\\/#primaryimage\",\"url\":\"https:\\\/\\\/www.reciplasa.es\\\/wp-content\\\/uploads\\\/2017\\\/07\\\/DSC_0708_1.jpg\",\"contentUrl\":\"https:\\\/\\\/www.reciplasa.es\\\/wp-content\\\/uploads\\\/2017\\\/07\\\/DSC_0708_1.jpg\",\"width\":4928,\"height\":3264},{\"@type\":\"BreadcrumbList\",\"@id\":\"https:\\\/\\\/www.reciplasa.es\\\/va\\\/merche-gali-samuel-falomir-sincorporen-al-consell-dadministracio-reciplasa\\\/#breadcrumb\",\"itemListElement\":[{\"@type\":\"ListItem\",\"position\":1,\"name\":\"Portada\",\"item\":\"https:\\\/\\\/www.reciplasa.es\\\/va\\\/\"},{\"@type\":\"ListItem\",\"position\":2,\"name\":\"Merche Gal\u00ed i Samuel Falomir s&#8217;incorporen al consell d&#8217;administraci\u00f3 de Reciplasa\"}]},{\"@type\":\"WebSite\",\"@id\":\"https:\\\/\\\/www.reciplasa.es\\\/#website\",\"url\":\"https:\\\/\\\/www.reciplasa.es\\\/\",\"name\":\"RECIPLASA\",\"description\":\"Reciclats de Residus La Plana SA\",\"potentialAction\":[{\"@type\":\"SearchAction\",\"target\":{\"@type\":\"EntryPoint\",\"urlTemplate\":\"https:\\\/\\\/www.reciplasa.es\\\/?s={search_term_string}\"},\"query-input\":{\"@type\":\"PropertyValueSpecification\",\"valueRequired\":true,\"valueName\":\"search_term_string\"}}],\"inLanguage\":\"va-VA\"},{\"@type\":\"Person\",\"@id\":\"https:\\\/\\\/www.reciplasa.es\\\/#\\\/schema\\\/person\\\/608ffc094e3c56d49e6c6ec8f1ea0e82\",\"name\":\"Cristina Marco\",\"image\":{\"@type\":\"ImageObject\",\"inLanguage\":\"va-VA\",\"@id\":\"https:\\\/\\\/secure.gravatar.com\\\/avatar\\\/6da7e00dc41d26d3c4245f3b2d70d687293df0dfc18f03719354383f7be4f34b?s=96&d=mm&r=g\",\"url\":\"https:\\\/\\\/secure.gravatar.com\\\/avatar\\\/6da7e00dc41d26d3c4245f3b2d70d687293df0dfc18f03719354383f7be4f34b?s=96&d=mm&r=g\",\"contentUrl\":\"https:\\\/\\\/secure.gravatar.com\\\/avatar\\\/6da7e00dc41d26d3c4245f3b2d70d687293df0dfc18f03719354383f7be4f34b?s=96&d=mm&r=g\",\"caption\":\"Cristina Marco\"},\"url\":\"https:\\\/\\\/www.reciplasa.es\\\/va\\\/author\\\/cristina\\\/\"}]}<\/script>\n<!-- \/ Yoast SEO plugin. -->","yoast_head_json":{"title":"Merche Gal\u00ed i Samuel Falomir s'incorporen al consell d'administraci\u00f3 de Reciplasa - RECIPLASA","robots":{"index":"index","follow":"follow","max-snippet":"max-snippet:-1","max-image-preview":"max-image-preview:large","max-video-preview":"max-video-preview:-1"},"canonical":"https:\/\/www.reciplasa.es\/va\/merche-gali-samuel-falomir-sincorporen-al-consell-dadministracio-reciplasa\/","og_locale":"en_US","og_type":"article","og_title":"Merche Gal\u00ed i Samuel Falomir s'incorporen al consell d'administraci\u00f3 de Reciplasa - RECIPLASA","og_description":"Substitueixen a Susanna Nicolau i V\u00edctor Garcia despr\u00e9s del seu relleu com a alcaldes d&#8217;Almassora i l&#8217;Alcora respectivament. Merche Gal\u00ed, alcaldessa d&#8217;Almassora, i Samuel Falomir, alcalde de l&#8217;Alcora s&#8217;han incorporat al consell d&#8217;administraci\u00f3 de Reciplasa despr\u00e9s de la Junta General d&#8217;Accionistes que s&#8217;ha celebrat avui en l&#8217;Ajuntament de Castell\u00f3. Gal\u00ed i Falomir han substitu\u00eft aDale que hay m\u00e1s ...","og_url":"https:\/\/www.reciplasa.es\/va\/merche-gali-samuel-falomir-sincorporen-al-consell-dadministracio-reciplasa\/","og_site_name":"RECIPLASA","article_published_time":"2017-07-26T07:31:50+00:00","article_modified_time":"2017-07-26T07:37:49+00:00","og_image":[{"width":1024,"height":678,"url":"https:\/\/www.reciplasa.es\/wp-content\/uploads\/2017\/07\/DSC_0708_1-1024x678.jpg","type":"image\/jpeg"}],"author":"Cristina Marco","twitter_card":"summary_large_image","twitter_misc":{"Written by":"Cristina Marco","Est. reading time":"1 minute"},"schema":{"@context":"https:\/\/schema.org","@graph":[{"@type":"Article","@id":"https:\/\/www.reciplasa.es\/va\/merche-gali-samuel-falomir-sincorporen-al-consell-dadministracio-reciplasa\/#article","isPartOf":{"@id":"https:\/\/www.reciplasa.es\/va\/merche-gali-samuel-falomir-sincorporen-al-consell-dadministracio-reciplasa\/"},"author":{"name":"Cristina Marco","@id":"https:\/\/www.reciplasa.es\/#\/schema\/person\/608ffc094e3c56d49e6c6ec8f1ea0e82"},"headline":"Merche Gal\u00ed i Samuel Falomir s&#8217;incorporen al consell d&#8217;administraci\u00f3 de Reciplasa","datePublished":"2017-07-26T07:31:50+00:00","dateModified":"2017-07-26T07:37:49+00:00","mainEntityOfPage":{"@id":"https:\/\/www.reciplasa.es\/va\/merche-gali-samuel-falomir-sincorporen-al-consell-dadministracio-reciplasa\/"},"wordCount":210,"image":{"@id":"https:\/\/www.reciplasa.es\/va\/merche-gali-samuel-falomir-sincorporen-al-consell-dadministracio-reciplasa\/#primaryimage"},"thumbnailUrl":"https:\/\/www.reciplasa.es\/wp-content\/uploads\/2017\/07\/DSC_0708_1.jpg","articleSection":["Not\u00edcies corporatives"],"inLanguage":"va-VA"},{"@type":"WebPage","@id":"https:\/\/www.reciplasa.es\/va\/merche-gali-samuel-falomir-sincorporen-al-consell-dadministracio-reciplasa\/","url":"https:\/\/www.reciplasa.es\/va\/merche-gali-samuel-falomir-sincorporen-al-consell-dadministracio-reciplasa\/","name":"Merche Gal\u00ed i Samuel Falomir s'incorporen al consell d'administraci\u00f3 de Reciplasa - RECIPLASA","isPartOf":{"@id":"https:\/\/www.reciplasa.es\/#website"},"primaryImageOfPage":{"@id":"https:\/\/www.reciplasa.es\/va\/merche-gali-samuel-falomir-sincorporen-al-consell-dadministracio-reciplasa\/#primaryimage"},"image":{"@id":"https:\/\/www.reciplasa.es\/va\/merche-gali-samuel-falomir-sincorporen-al-consell-dadministracio-reciplasa\/#primaryimage"},"thumbnailUrl":"https:\/\/www.reciplasa.es\/wp-content\/uploads\/2017\/07\/DSC_0708_1.jpg","datePublished":"2017-07-26T07:31:50+00:00","dateModified":"2017-07-26T07:37:49+00:00","author":{"@id":"https:\/\/www.reciplasa.es\/#\/schema\/person\/608ffc094e3c56d49e6c6ec8f1ea0e82"},"breadcrumb":{"@id":"https:\/\/www.reciplasa.es\/va\/merche-gali-samuel-falomir-sincorporen-al-consell-dadministracio-reciplasa\/#breadcrumb"},"inLanguage":"va-VA","potentialAction":[{"@type":"ReadAction","target":["https:\/\/www.reciplasa.es\/va\/merche-gali-samuel-falomir-sincorporen-al-consell-dadministracio-reciplasa\/"]}]},{"@type":"ImageObject","inLanguage":"va-VA","@id":"https:\/\/www.reciplasa.es\/va\/merche-gali-samuel-falomir-sincorporen-al-consell-dadministracio-reciplasa\/#primaryimage","url":"https:\/\/www.reciplasa.es\/wp-content\/uploads\/2017\/07\/DSC_0708_1.jpg","contentUrl":"https:\/\/www.reciplasa.es\/wp-content\/uploads\/2017\/07\/DSC_0708_1.jpg","width":4928,"height":3264},{"@type":"BreadcrumbList","@id":"https:\/\/www.reciplasa.es\/va\/merche-gali-samuel-falomir-sincorporen-al-consell-dadministracio-reciplasa\/#breadcrumb","itemListElement":[{"@type":"ListItem","position":1,"name":"Portada","item":"https:\/\/www.reciplasa.es\/va\/"},{"@type":"ListItem","position":2,"name":"Merche Gal\u00ed i Samuel Falomir s&#8217;incorporen al consell d&#8217;administraci\u00f3 de Reciplasa"}]},{"@type":"WebSite","@id":"https:\/\/www.reciplasa.es\/#website","url":"https:\/\/www.reciplasa.es\/","name":"RECIPLASA","description":"Reciclats de Residus La Plana SA","potentialAction":[{"@type":"SearchAction","target":{"@type":"EntryPoint","urlTemplate":"https:\/\/www.reciplasa.es\/?s={search_term_string}"},"query-input":{"@type":"PropertyValueSpecification","valueRequired":true,"valueName":"search_term_string"}}],"inLanguage":"va-VA"},{"@type":"Person","@id":"https:\/\/www.reciplasa.es\/#\/schema\/person\/608ffc094e3c56d49e6c6ec8f1ea0e82","name":"Cristina Marco","image":{"@type":"ImageObject","inLanguage":"va-VA","@id":"https:\/\/secure.gravatar.com\/avatar\/6da7e00dc41d26d3c4245f3b2d70d687293df0dfc18f03719354383f7be4f34b?s=96&d=mm&r=g","url":"https:\/\/secure.gravatar.com\/avatar\/6da7e00dc41d26d3c4245f3b2d70d687293df0dfc18f03719354383f7be4f34b?s=96&d=mm&r=g","contentUrl":"https:\/\/secure.gravatar.com\/avatar\/6da7e00dc41d26d3c4245f3b2d70d687293df0dfc18f03719354383f7be4f34b?s=96&d=mm&r=g","caption":"Cristina Marco"},"url":"https:\/\/www.reciplasa.es\/va\/author\/cristina\/"}]}},"_links":{"self":[{"href":"https:\/\/www.reciplasa.es\/va\/wp-json\/wp\/v2\/posts\/12793","targetHints":{"allow":["GET"]}}],"collection":[{"href":"https:\/\/www.reciplasa.es\/va\/wp-json\/wp\/v2\/posts"}],"about":[{"href":"https:\/\/www.reciplasa.es\/va\/wp-json\/wp\/v2\/types\/post"}],"author":[{"embeddable":true,"href":"https:\/\/www.reciplasa.es\/va\/wp-json\/wp\/v2\/users\/3"}],"replies":[{"embeddable":true,"href":"https:\/\/www.reciplasa.es\/va\/wp-json\/wp\/v2\/comments?post=12793"}],"version-history":[{"count":3,"href":"https:\/\/www.reciplasa.es\/va\/wp-json\/wp\/v2\/posts\/12793\/revisions"}],"predecessor-version":[{"id":12796,"href":"https:\/\/www.reciplasa.es\/va\/wp-json\/wp\/v2\/posts\/12793\/revisions\/12796"}],"wp:featuredmedia":[{"embeddable":true,"href":"https:\/\/www.reciplasa.es\/va\/wp-json\/wp\/v2\/media\/12782"}],"wp:attachment":[{"href":"https:\/\/www.reciplasa.es\/va\/wp-json\/wp\/v2\/media?parent=12793"}],"wp:term":[{"taxonomy":"category","embeddable":true,"href":"https:\/\/www.reciplasa.es\/va\/wp-json\/wp\/v2\/categories?post=12793"},{"taxonomy":"post_tag","embeddable":true,"href":"https:\/\/www.reciplasa.es\/va\/wp-json\/wp\/v2\/tags?post=12793"}],"curies":[{"name":"wp","href":"https:\/\/api.w.org\/{rel}","templated":true}]}}