{"id":12826,"date":"2017-06-21T08:16:38","date_gmt":"2017-06-21T08:16:38","guid":{"rendered":"http:\/\/www.reciplasa.es\/?p=12826\/"},"modified":"2023-07-25T15:01:02","modified_gmt":"2023-07-25T15:01:02","slug":"les-ponencies-la-taula-redona-del-5-juny-ja-estan-disponibles-la-web-reciplasa","status":"publish","type":"post","link":"https:\/\/www.reciplasa.es\/va\/les-ponencies-la-taula-redona-del-5-juny-ja-estan-disponibles-la-web-reciplasa\/","title":{"rendered":"Les pon\u00e8ncies de la taula redona del 5 de juny ja estan disponibles en la web de Reciplasa"},"content":{"rendered":"<p><em><span style=\"font-weight: 400;\">El passat 5 de juny, Dia Mundial del Medi ambient, es va celebrar la taula redona organitzada per la C\u00e0tedra Reciplasa, en la qual es va tractar els reptes en la gesti\u00f3 dels residus.\u00a0<\/span><\/em><\/p>\n<p>Les pon\u00e8ncies de la taula redona del 5 de juny estan disponibles en la p\u00e0gina web de Reciplasa en l&#8217;apartat <a href=\"http:\/\/www.reciplasa.es\/ponencias\/\">&#8220;Pon\u00e8ncies&#8221;<\/a>. En ell estan les intervencions dels quatre potents: Alodia P\u00e9rez de\u00a0<a class=\"profileLink\" href=\"https:\/\/www.facebook.com\/AmigosTierra\/?fref=mentions\" data-hovercard=\"\/ajax\/hovercard\/page.php?id=160583000852&amp;extragetparams=%7B%22fref%22%3A%22mentions%22%7D\" data-hovercard-prefer-more-content-show=\"1\">Amigos de la Tierra<\/a>\u00a0amb\u00a0el t\u00edtol &#8220;Reptes de Gesti\u00f3 de Residus davant l&#8217;Horitz\u00f3 2020&#8221;, Jos\u00e9 Mar\u00eda S\u00e1nchez director general de CIEMAT amb el t\u00edtol &#8220;Valoritzaci\u00f3 Energ\u00e8tica de Residus&#8221;, Joan Piquer director general de Canvi Clim\u00e0tic i Qualitat Ambiental de la <a class=\"profileLink\" href=\"https:\/\/www.facebook.com\/generalitatvalenciana\/?fref=mentions\" data-hovercard=\"\/ajax\/hovercard\/page.php?id=123031777750622&amp;extragetparams=%7B%22fref%22%3A%22mentions%22%7D\" data-hovercard-prefer-more-content-show=\"1\">Generalitat Valenciana<\/a> amb la &#8220;Gesti\u00f3 de residus i economia circular&#8221; i finalment, C\u00e9sar Rico, director de ANEPMA que va tractar la &#8220;Recollida selectiva de residus humans&#8221;.<\/p>\n<p>Totes elles pertanyen a la taula redona del 5 de juny en la qual es va celebrar el Dia Mundial del Medi ambient, amb el t\u00edtol &#8220;Gesti\u00f3 de Residus S\u00f2lids Urbans (RSU): reptes i alternatives de futur&#8221;. Amb aquest acci\u00f3 d&#8217;oferir les pon\u00e8ncies de manera online, Reciplasa vol acostar les idees que es van tractar aqueix dia en el Menador de Castell\u00f3 a les persones que no van poder assistir o que estan interessades en el tema. La soluci\u00f3 d&#8217;aquesta problem\u00e0tica est\u00e0 en mans de tots i hem de conscienciar-nos a tenir un consum responsable i reciclar en origen.<\/p>\n","protected":false},"excerpt":{"rendered":"<p>El passat 5 de juny, Dia Mundial del Medi ambient, es va celebrar la taula redona organitzada per la C\u00e0tedra Reciplasa, en la qual es va tractar els reptes en la gesti\u00f3 dels residus.\u00a0 Les pon\u00e8ncies de la taula redona del 5 de juny estan disponibles en la p\u00e0gina web de Reciplasa en l&#8217;apartat &#8220;Pon\u00e8ncies&#8221;.Dale que hay m\u00e1s &#8230;<\/p>\n","protected":false},"author":3,"featured_media":12438,"comment_status":"closed","ping_status":"closed","sticky":false,"template":"","format":"standard","meta":{"footnotes":""},"categories":[88],"tags":[],"class_list":["post-12826","post","type-post","status-publish","format-standard","has-post-thumbnail","hentry","category-catedra-reciplasa-uji"],"yoast_head":"<!-- This site is optimized with the Yoast SEO plugin v27.4 - https:\/\/yoast.com\/product\/yoast-seo-wordpress\/ -->\n<title>Les pon\u00e8ncies de la taula redona del 5 de juny ja estan disponibles en la web de Reciplasa - RECIPLASA<\/title>\n<meta name=\"robots\" content=\"index, follow, max-snippet:-1, max-image-preview:large, max-video-preview:-1\" \/>\n<link rel=\"canonical\" href=\"https:\/\/www.reciplasa.es\/las-ponencias-la-mesa-redonda-del-5-junio-ya-estan-disponibles-la-web-reciplasa\/\" \/>\n<meta property=\"og:locale\" content=\"en_US\" \/>\n<meta property=\"og:type\" content=\"article\" \/>\n<meta property=\"og:title\" content=\"Les pon\u00e8ncies de la taula redona del 5 de juny ja estan disponibles en la web de Reciplasa - RECIPLASA\" \/>\n<meta property=\"og:description\" content=\"El passat 5 de juny, Dia Mundial del Medi ambient, es va celebrar la taula redona organitzada per la C\u00e0tedra Reciplasa, en la qual es va tractar els reptes en la gesti\u00f3 dels residus.\u00a0 Les pon\u00e8ncies de la taula redona del 5 de juny estan disponibles en la p\u00e0gina web de Reciplasa en l&#8217;apartat &#8220;Pon\u00e8ncies&#8221;.Dale que hay m\u00e1s ...\" \/>\n<meta property=\"og:url\" content=\"https:\/\/www.reciplasa.es\/las-ponencias-la-mesa-redonda-del-5-junio-ya-estan-disponibles-la-web-reciplasa\/\" \/>\n<meta property=\"og:site_name\" content=\"RECIPLASA\" \/>\n<meta property=\"article:published_time\" content=\"2017-06-21T08:16:38+00:00\" \/>\n<meta property=\"article:modified_time\" content=\"2023-07-25T15:01:02+00:00\" \/>\n<meta property=\"og:image\" content=\"https:\/\/www.reciplasa.es\/wp-content\/uploads\/2017\/06\/IMG_0321.jpg\" \/>\n\t<meta property=\"og:image:width\" content=\"3888\" \/>\n\t<meta property=\"og:image:height\" content=\"2592\" \/>\n\t<meta property=\"og:image:type\" content=\"image\/jpeg\" \/>\n<meta name=\"author\" content=\"Cristina Marco\" \/>\n<meta name=\"twitter:card\" content=\"summary_large_image\" \/>\n<meta name=\"twitter:label1\" content=\"Written by\" \/>\n\t<meta name=\"twitter:data1\" content=\"Cristina Marco\" \/>\n\t<meta name=\"twitter:label2\" content=\"Est. reading time\" \/>\n\t<meta name=\"twitter:data2\" content=\"1 minute\" \/>\n<script type=\"application\/ld+json\" class=\"yoast-schema-graph\">{\"@context\":\"https:\\\/\\\/schema.org\",\"@graph\":[{\"@type\":\"Article\",\"@id\":\"https:\\\/\\\/www.reciplasa.es\\\/las-ponencias-la-mesa-redonda-del-5-junio-ya-estan-disponibles-la-web-reciplasa\\\/#article\",\"isPartOf\":{\"@id\":\"https:\\\/\\\/www.reciplasa.es\\\/las-ponencias-la-mesa-redonda-del-5-junio-ya-estan-disponibles-la-web-reciplasa\\\/\"},\"author\":{\"name\":\"Cristina Marco\",\"@id\":\"https:\\\/\\\/www.reciplasa.es\\\/#\\\/schema\\\/person\\\/608ffc094e3c56d49e6c6ec8f1ea0e82\"},\"headline\":\"Les pon\u00e8ncies de la taula redona del 5 de juny ja estan disponibles en la web de Reciplasa\",\"datePublished\":\"2017-06-21T08:16:38+00:00\",\"dateModified\":\"2023-07-25T15:01:02+00:00\",\"mainEntityOfPage\":{\"@id\":\"https:\\\/\\\/www.reciplasa.es\\\/las-ponencias-la-mesa-redonda-del-5-junio-ya-estan-disponibles-la-web-reciplasa\\\/\"},\"wordCount\":266,\"image\":{\"@id\":\"https:\\\/\\\/www.reciplasa.es\\\/las-ponencias-la-mesa-redonda-del-5-junio-ya-estan-disponibles-la-web-reciplasa\\\/#primaryimage\"},\"thumbnailUrl\":\"https:\\\/\\\/www.reciplasa.es\\\/wp-content\\\/uploads\\\/2017\\\/06\\\/IMG_0321.jpg\",\"articleSection\":[\"C\u00e0tedra Reciplasa-UJI\"],\"inLanguage\":\"va-VA\"},{\"@type\":\"WebPage\",\"@id\":\"https:\\\/\\\/www.reciplasa.es\\\/las-ponencias-la-mesa-redonda-del-5-junio-ya-estan-disponibles-la-web-reciplasa\\\/\",\"url\":\"https:\\\/\\\/www.reciplasa.es\\\/las-ponencias-la-mesa-redonda-del-5-junio-ya-estan-disponibles-la-web-reciplasa\\\/\",\"name\":\"Les pon\u00e8ncies de la taula redona del 5 de juny ja estan disponibles en la web de Reciplasa - RECIPLASA\",\"isPartOf\":{\"@id\":\"https:\\\/\\\/www.reciplasa.es\\\/#website\"},\"primaryImageOfPage\":{\"@id\":\"https:\\\/\\\/www.reciplasa.es\\\/las-ponencias-la-mesa-redonda-del-5-junio-ya-estan-disponibles-la-web-reciplasa\\\/#primaryimage\"},\"image\":{\"@id\":\"https:\\\/\\\/www.reciplasa.es\\\/las-ponencias-la-mesa-redonda-del-5-junio-ya-estan-disponibles-la-web-reciplasa\\\/#primaryimage\"},\"thumbnailUrl\":\"https:\\\/\\\/www.reciplasa.es\\\/wp-content\\\/uploads\\\/2017\\\/06\\\/IMG_0321.jpg\",\"datePublished\":\"2017-06-21T08:16:38+00:00\",\"dateModified\":\"2023-07-25T15:01:02+00:00\",\"author\":{\"@id\":\"https:\\\/\\\/www.reciplasa.es\\\/#\\\/schema\\\/person\\\/608ffc094e3c56d49e6c6ec8f1ea0e82\"},\"breadcrumb\":{\"@id\":\"https:\\\/\\\/www.reciplasa.es\\\/las-ponencias-la-mesa-redonda-del-5-junio-ya-estan-disponibles-la-web-reciplasa\\\/#breadcrumb\"},\"inLanguage\":\"va-VA\",\"potentialAction\":[{\"@type\":\"ReadAction\",\"target\":[\"https:\\\/\\\/www.reciplasa.es\\\/las-ponencias-la-mesa-redonda-del-5-junio-ya-estan-disponibles-la-web-reciplasa\\\/\"]}]},{\"@type\":\"ImageObject\",\"inLanguage\":\"va-VA\",\"@id\":\"https:\\\/\\\/www.reciplasa.es\\\/las-ponencias-la-mesa-redonda-del-5-junio-ya-estan-disponibles-la-web-reciplasa\\\/#primaryimage\",\"url\":\"https:\\\/\\\/www.reciplasa.es\\\/wp-content\\\/uploads\\\/2017\\\/06\\\/IMG_0321.jpg\",\"contentUrl\":\"https:\\\/\\\/www.reciplasa.es\\\/wp-content\\\/uploads\\\/2017\\\/06\\\/IMG_0321.jpg\",\"width\":3888,\"height\":2592},{\"@type\":\"BreadcrumbList\",\"@id\":\"https:\\\/\\\/www.reciplasa.es\\\/las-ponencias-la-mesa-redonda-del-5-junio-ya-estan-disponibles-la-web-reciplasa\\\/#breadcrumb\",\"itemListElement\":[{\"@type\":\"ListItem\",\"position\":1,\"name\":\"Portada\",\"item\":\"https:\\\/\\\/www.reciplasa.es\\\/va\\\/\"},{\"@type\":\"ListItem\",\"position\":2,\"name\":\"Les pon\u00e8ncies de la taula redona del 5 de juny ja estan disponibles en la web de Reciplasa\"}]},{\"@type\":\"WebSite\",\"@id\":\"https:\\\/\\\/www.reciplasa.es\\\/#website\",\"url\":\"https:\\\/\\\/www.reciplasa.es\\\/\",\"name\":\"RECIPLASA\",\"description\":\"Reciclats de Residus La Plana SA\",\"potentialAction\":[{\"@type\":\"SearchAction\",\"target\":{\"@type\":\"EntryPoint\",\"urlTemplate\":\"https:\\\/\\\/www.reciplasa.es\\\/?s={search_term_string}\"},\"query-input\":{\"@type\":\"PropertyValueSpecification\",\"valueRequired\":true,\"valueName\":\"search_term_string\"}}],\"inLanguage\":\"va-VA\"},{\"@type\":\"Person\",\"@id\":\"https:\\\/\\\/www.reciplasa.es\\\/#\\\/schema\\\/person\\\/608ffc094e3c56d49e6c6ec8f1ea0e82\",\"name\":\"Cristina Marco\",\"image\":{\"@type\":\"ImageObject\",\"inLanguage\":\"va-VA\",\"@id\":\"https:\\\/\\\/secure.gravatar.com\\\/avatar\\\/6da7e00dc41d26d3c4245f3b2d70d687293df0dfc18f03719354383f7be4f34b?s=96&d=mm&r=g\",\"url\":\"https:\\\/\\\/secure.gravatar.com\\\/avatar\\\/6da7e00dc41d26d3c4245f3b2d70d687293df0dfc18f03719354383f7be4f34b?s=96&d=mm&r=g\",\"contentUrl\":\"https:\\\/\\\/secure.gravatar.com\\\/avatar\\\/6da7e00dc41d26d3c4245f3b2d70d687293df0dfc18f03719354383f7be4f34b?s=96&d=mm&r=g\",\"caption\":\"Cristina Marco\"},\"url\":\"https:\\\/\\\/www.reciplasa.es\\\/va\\\/author\\\/cristina\\\/\"}]}<\/script>\n<!-- \/ Yoast SEO plugin. -->","yoast_head_json":{"title":"Les pon\u00e8ncies de la taula redona del 5 de juny ja estan disponibles en la web de Reciplasa - RECIPLASA","robots":{"index":"index","follow":"follow","max-snippet":"max-snippet:-1","max-image-preview":"max-image-preview:large","max-video-preview":"max-video-preview:-1"},"canonical":"https:\/\/www.reciplasa.es\/las-ponencias-la-mesa-redonda-del-5-junio-ya-estan-disponibles-la-web-reciplasa\/","og_locale":"en_US","og_type":"article","og_title":"Les pon\u00e8ncies de la taula redona del 5 de juny ja estan disponibles en la web de Reciplasa - RECIPLASA","og_description":"El passat 5 de juny, Dia Mundial del Medi ambient, es va celebrar la taula redona organitzada per la C\u00e0tedra Reciplasa, en la qual es va tractar els reptes en la gesti\u00f3 dels residus.\u00a0 Les pon\u00e8ncies de la taula redona del 5 de juny estan disponibles en la p\u00e0gina web de Reciplasa en l&#8217;apartat &#8220;Pon\u00e8ncies&#8221;.Dale que hay m\u00e1s ...","og_url":"https:\/\/www.reciplasa.es\/las-ponencias-la-mesa-redonda-del-5-junio-ya-estan-disponibles-la-web-reciplasa\/","og_site_name":"RECIPLASA","article_published_time":"2017-06-21T08:16:38+00:00","article_modified_time":"2023-07-25T15:01:02+00:00","og_image":[{"width":3888,"height":2592,"url":"https:\/\/www.reciplasa.es\/wp-content\/uploads\/2017\/06\/IMG_0321.jpg","type":"image\/jpeg"}],"author":"Cristina Marco","twitter_card":"summary_large_image","twitter_misc":{"Written by":"Cristina Marco","Est. reading time":"1 minute"},"schema":{"@context":"https:\/\/schema.org","@graph":[{"@type":"Article","@id":"https:\/\/www.reciplasa.es\/las-ponencias-la-mesa-redonda-del-5-junio-ya-estan-disponibles-la-web-reciplasa\/#article","isPartOf":{"@id":"https:\/\/www.reciplasa.es\/las-ponencias-la-mesa-redonda-del-5-junio-ya-estan-disponibles-la-web-reciplasa\/"},"author":{"name":"Cristina Marco","@id":"https:\/\/www.reciplasa.es\/#\/schema\/person\/608ffc094e3c56d49e6c6ec8f1ea0e82"},"headline":"Les pon\u00e8ncies de la taula redona del 5 de juny ja estan disponibles en la web de Reciplasa","datePublished":"2017-06-21T08:16:38+00:00","dateModified":"2023-07-25T15:01:02+00:00","mainEntityOfPage":{"@id":"https:\/\/www.reciplasa.es\/las-ponencias-la-mesa-redonda-del-5-junio-ya-estan-disponibles-la-web-reciplasa\/"},"wordCount":266,"image":{"@id":"https:\/\/www.reciplasa.es\/las-ponencias-la-mesa-redonda-del-5-junio-ya-estan-disponibles-la-web-reciplasa\/#primaryimage"},"thumbnailUrl":"https:\/\/www.reciplasa.es\/wp-content\/uploads\/2017\/06\/IMG_0321.jpg","articleSection":["C\u00e0tedra Reciplasa-UJI"],"inLanguage":"va-VA"},{"@type":"WebPage","@id":"https:\/\/www.reciplasa.es\/las-ponencias-la-mesa-redonda-del-5-junio-ya-estan-disponibles-la-web-reciplasa\/","url":"https:\/\/www.reciplasa.es\/las-ponencias-la-mesa-redonda-del-5-junio-ya-estan-disponibles-la-web-reciplasa\/","name":"Les pon\u00e8ncies de la taula redona del 5 de juny ja estan disponibles en la web de Reciplasa - RECIPLASA","isPartOf":{"@id":"https:\/\/www.reciplasa.es\/#website"},"primaryImageOfPage":{"@id":"https:\/\/www.reciplasa.es\/las-ponencias-la-mesa-redonda-del-5-junio-ya-estan-disponibles-la-web-reciplasa\/#primaryimage"},"image":{"@id":"https:\/\/www.reciplasa.es\/las-ponencias-la-mesa-redonda-del-5-junio-ya-estan-disponibles-la-web-reciplasa\/#primaryimage"},"thumbnailUrl":"https:\/\/www.reciplasa.es\/wp-content\/uploads\/2017\/06\/IMG_0321.jpg","datePublished":"2017-06-21T08:16:38+00:00","dateModified":"2023-07-25T15:01:02+00:00","author":{"@id":"https:\/\/www.reciplasa.es\/#\/schema\/person\/608ffc094e3c56d49e6c6ec8f1ea0e82"},"breadcrumb":{"@id":"https:\/\/www.reciplasa.es\/las-ponencias-la-mesa-redonda-del-5-junio-ya-estan-disponibles-la-web-reciplasa\/#breadcrumb"},"inLanguage":"va-VA","potentialAction":[{"@type":"ReadAction","target":["https:\/\/www.reciplasa.es\/las-ponencias-la-mesa-redonda-del-5-junio-ya-estan-disponibles-la-web-reciplasa\/"]}]},{"@type":"ImageObject","inLanguage":"va-VA","@id":"https:\/\/www.reciplasa.es\/las-ponencias-la-mesa-redonda-del-5-junio-ya-estan-disponibles-la-web-reciplasa\/#primaryimage","url":"https:\/\/www.reciplasa.es\/wp-content\/uploads\/2017\/06\/IMG_0321.jpg","contentUrl":"https:\/\/www.reciplasa.es\/wp-content\/uploads\/2017\/06\/IMG_0321.jpg","width":3888,"height":2592},{"@type":"BreadcrumbList","@id":"https:\/\/www.reciplasa.es\/las-ponencias-la-mesa-redonda-del-5-junio-ya-estan-disponibles-la-web-reciplasa\/#breadcrumb","itemListElement":[{"@type":"ListItem","position":1,"name":"Portada","item":"https:\/\/www.reciplasa.es\/va\/"},{"@type":"ListItem","position":2,"name":"Les pon\u00e8ncies de la taula redona del 5 de juny ja estan disponibles en la web de Reciplasa"}]},{"@type":"WebSite","@id":"https:\/\/www.reciplasa.es\/#website","url":"https:\/\/www.reciplasa.es\/","name":"RECIPLASA","description":"Reciclats de Residus La Plana SA","potentialAction":[{"@type":"SearchAction","target":{"@type":"EntryPoint","urlTemplate":"https:\/\/www.reciplasa.es\/?s={search_term_string}"},"query-input":{"@type":"PropertyValueSpecification","valueRequired":true,"valueName":"search_term_string"}}],"inLanguage":"va-VA"},{"@type":"Person","@id":"https:\/\/www.reciplasa.es\/#\/schema\/person\/608ffc094e3c56d49e6c6ec8f1ea0e82","name":"Cristina Marco","image":{"@type":"ImageObject","inLanguage":"va-VA","@id":"https:\/\/secure.gravatar.com\/avatar\/6da7e00dc41d26d3c4245f3b2d70d687293df0dfc18f03719354383f7be4f34b?s=96&d=mm&r=g","url":"https:\/\/secure.gravatar.com\/avatar\/6da7e00dc41d26d3c4245f3b2d70d687293df0dfc18f03719354383f7be4f34b?s=96&d=mm&r=g","contentUrl":"https:\/\/secure.gravatar.com\/avatar\/6da7e00dc41d26d3c4245f3b2d70d687293df0dfc18f03719354383f7be4f34b?s=96&d=mm&r=g","caption":"Cristina Marco"},"url":"https:\/\/www.reciplasa.es\/va\/author\/cristina\/"}]}},"_links":{"self":[{"href":"https:\/\/www.reciplasa.es\/va\/wp-json\/wp\/v2\/posts\/12826","targetHints":{"allow":["GET"]}}],"collection":[{"href":"https:\/\/www.reciplasa.es\/va\/wp-json\/wp\/v2\/posts"}],"about":[{"href":"https:\/\/www.reciplasa.es\/va\/wp-json\/wp\/v2\/types\/post"}],"author":[{"embeddable":true,"href":"https:\/\/www.reciplasa.es\/va\/wp-json\/wp\/v2\/users\/3"}],"replies":[{"embeddable":true,"href":"https:\/\/www.reciplasa.es\/va\/wp-json\/wp\/v2\/comments?post=12826"}],"version-history":[{"count":2,"href":"https:\/\/www.reciplasa.es\/va\/wp-json\/wp\/v2\/posts\/12826\/revisions"}],"predecessor-version":[{"id":12828,"href":"https:\/\/www.reciplasa.es\/va\/wp-json\/wp\/v2\/posts\/12826\/revisions\/12828"}],"wp:featuredmedia":[{"embeddable":true,"href":"https:\/\/www.reciplasa.es\/va\/wp-json\/wp\/v2\/media\/12438"}],"wp:attachment":[{"href":"https:\/\/www.reciplasa.es\/va\/wp-json\/wp\/v2\/media?parent=12826"}],"wp:term":[{"taxonomy":"category","embeddable":true,"href":"https:\/\/www.reciplasa.es\/va\/wp-json\/wp\/v2\/categories?post=12826"},{"taxonomy":"post_tag","embeddable":true,"href":"https:\/\/www.reciplasa.es\/va\/wp-json\/wp\/v2\/tags?post=12826"}],"curies":[{"name":"wp","href":"https:\/\/api.w.org\/{rel}","templated":true}]}}