{"id":12869,"date":"2017-10-10T15:07:23","date_gmt":"2017-10-10T15:07:23","guid":{"rendered":"http:\/\/www.reciplasa.es\/?p=12869\/"},"modified":"2017-11-10T10:36:59","modified_gmt":"2017-11-10T10:36:59","slug":"reciplasa-aprova-per-unanimitat-pressupost-quasi-15-milions-deuros-per-al-2018","status":"publish","type":"post","link":"https:\/\/www.reciplasa.es\/va\/reciplasa-aprova-per-unanimitat-pressupost-quasi-15-milions-deuros-per-al-2018\/","title":{"rendered":"Reciplasa\u00a0aprova per unanimitat un pressupost de quasi 15 milions d&#8217;euros per al 2018"},"content":{"rendered":"<p>El Consell d&#8217;Administraci\u00f3 de Reciplasa, Reciclats de Residus La Plana SA, celebrat avui, ha acordat per unanimitat aprovar un pressupost de 14.785.332 euros, amb un benefici previst de 46.562 euros. Aquests n\u00fameros demostren l&#8217;ajustat dels c\u00e0nons, ja que la societat \u00e9s una empresa de servei que no contempla l&#8217;obtenci\u00f3 de beneficis, tal i com recorda la seua presidenta, Ali Brancal que explica que \u201cels ingressos de Reciplasa s&#8217;han d&#8217;ajustar a les seues despeses. Som una entitat sense \u00e0nim de lucre i treballem per a reduir al m\u00e0xim el cost econ\u00f2mic i ecol\u00f2gic de la nostra activitat\u201d.<\/p>\n<p>Aix\u00ed mateix, per unanimitat, la societat ha aprovat l&#8217;increment del c\u00e0non pels serveis prestats de transport, tractament i eliminaci\u00f3 de residus als ajuntaments socis, als ajuntaments del Consorci de la Zona C2 i a les empreses autoritzades a aplicar l&#8217;any 2018 i que ascendeix a un 4,65%, derivat de l&#8217;aplicaci\u00f3 del 3% per a inversions que es va acordar per l&#8217;entitat en el seu moment, tal com s&#8217;ha realitzat des de 2012. A aquest increment del 3% s&#8217;ha sumat l&#8217;IPC per a actualitzar la xifra actual. A m\u00e9s, en la mateixa aprovaci\u00f3 es contempla augmentar nom\u00e9s en l&#8217;IPC, l&#8217;1,60%, sobre el c\u00e0non de transfer\u00e8ncia de la planta d&#8217;Almassora a Onda i el c\u00e0non de transfer\u00e8ncia, tractament i eliminaci\u00f3 de les fraccions de poda i voluminosos.<\/p>\n<p>Des de l&#8217;empresa p\u00fablica de gesti\u00f3 de residus comenten que \u201canem a seguir treballant en la conscienciaci\u00f3 ciutadana perqu\u00e8 el nombre de residus que arriben a les nostres instal\u00b7lacions es redu\u00efsca a xifres m\u00ednimes, fomentant el consum responsable i el reciclatge en origen. Pensem que estem en unes bones xifres, per\u00f2 sempre poden ser millors\u201d.<\/p>\n<p>Cal recordar que, amb aquestes pujades progressives, l&#8217;entitat cerca poder finan\u00e7ar les obres, que han de comen\u00e7ar el pr\u00f2xim any, sense veure&#8217;s obligada a dur a terme un gran increment dels c\u00e0nons, ja que el Pla de Gesti\u00f3, aprovat l&#8217;any passat pel Consorci de Residus de la Zona C2, contempla l&#8217;execuci\u00f3 d&#8217;inversions per import de 41 milions d&#8217;euros aproximadament en els exercicis 2018 a 2021. Amb aquestes obres, que comen\u00e7aran tan aviat es dispose de les llic\u00e8ncies oportunes, les instal\u00b7lacions de Reciplasa a Almassora i Onda es modernitzaran i s&#8217;adaptaran a les normatives europees m\u00e9s exigents en temes mediambientals que entraran en vigor el pr\u00f2xim 2020.<\/p>\n<p>Brancal conclou que \u201cla voluntat dels quals conformem el consell d&#8217;administraci\u00f3 de Reciplasa \u00e9s seguir treballant per millorar la qualitat de vida de la ciutadania. Volem minimitzar l&#8217;impacte econ\u00f2mic i ecol\u00f2gic dels nostres residus, per a\u00e7\u00f2 anem a escometre aquests important\u00edssims treballs en les nostres instal\u00b7lacions i a seguir cercant noves solucions\u201d.<\/p>\n","protected":false},"excerpt":{"rendered":"<p>El Consell d&#8217;Administraci\u00f3 de Reciplasa, Reciclats de Residus La Plana SA, celebrat avui, ha acordat per unanimitat aprovar un pressupost de 14.785.332 euros, amb un benefici previst de 46.562 euros. Aquests n\u00fameros demostren l&#8217;ajustat dels c\u00e0nons, ja que la societat \u00e9s una empresa de servei que no contempla l&#8217;obtenci\u00f3 de beneficis, tal i com recordaDale que hay m\u00e1s &#8230;<\/p>\n","protected":false},"author":2,"featured_media":12866,"comment_status":"closed","ping_status":"closed","sticky":false,"template":"","format":"standard","meta":{"footnotes":""},"categories":[87],"tags":[],"class_list":["post-12869","post","type-post","status-publish","format-standard","has-post-thumbnail","hentry","category-noticies-corporatives"],"yoast_head":"<!-- This site is optimized with the Yoast SEO plugin v27.4 - https:\/\/yoast.com\/product\/yoast-seo-wordpress\/ -->\n<title>Reciplasa\u00a0aprova per unanimitat un pressupost de quasi 15 milions d&#039;euros per al 2018 - RECIPLASA<\/title>\n<meta name=\"robots\" content=\"index, follow, max-snippet:-1, max-image-preview:large, max-video-preview:-1\" \/>\n<link rel=\"canonical\" href=\"https:\/\/www.reciplasa.es\/reciplasa-aprueba-unanimidad-presupuesto-casi-15-millones-euros-2018\/\" \/>\n<meta property=\"og:locale\" content=\"en_US\" \/>\n<meta property=\"og:type\" content=\"article\" \/>\n<meta property=\"og:title\" content=\"Reciplasa\u00a0aprova per unanimitat un pressupost de quasi 15 milions d&#039;euros per al 2018 - RECIPLASA\" \/>\n<meta property=\"og:description\" content=\"El Consell d&#8217;Administraci\u00f3 de Reciplasa, Reciclats de Residus La Plana SA, celebrat avui, ha acordat per unanimitat aprovar un pressupost de 14.785.332 euros, amb un benefici previst de 46.562 euros. Aquests n\u00fameros demostren l&#8217;ajustat dels c\u00e0nons, ja que la societat \u00e9s una empresa de servei que no contempla l&#8217;obtenci\u00f3 de beneficis, tal i com recordaDale que hay m\u00e1s ...\" \/>\n<meta property=\"og:url\" content=\"https:\/\/www.reciplasa.es\/reciplasa-aprueba-unanimidad-presupuesto-casi-15-millones-euros-2018\/\" \/>\n<meta property=\"og:site_name\" content=\"RECIPLASA\" \/>\n<meta property=\"article:published_time\" content=\"2017-10-10T15:07:23+00:00\" \/>\n<meta property=\"article:modified_time\" content=\"2017-11-10T10:36:59+00:00\" \/>\n<meta property=\"og:image\" content=\"https:\/\/www.reciplasa.es\/wp-content\/uploads\/2017\/10\/Consell-10-10-17.jpg\" \/>\n\t<meta property=\"og:image:width\" content=\"3888\" \/>\n\t<meta property=\"og:image:height\" content=\"2592\" \/>\n\t<meta property=\"og:image:type\" content=\"image\/jpeg\" \/>\n<meta name=\"author\" content=\"Xus Sempere\" \/>\n<meta name=\"twitter:card\" content=\"summary_large_image\" \/>\n<meta name=\"twitter:label1\" content=\"Written by\" \/>\n\t<meta name=\"twitter:data1\" content=\"Xus Sempere\" \/>\n\t<meta name=\"twitter:label2\" content=\"Est. reading time\" \/>\n\t<meta name=\"twitter:data2\" content=\"2 minutes\" \/>\n<script type=\"application\/ld+json\" class=\"yoast-schema-graph\">{\"@context\":\"https:\\\/\\\/schema.org\",\"@graph\":[{\"@type\":\"Article\",\"@id\":\"https:\\\/\\\/www.reciplasa.es\\\/reciplasa-aprueba-unanimidad-presupuesto-casi-15-millones-euros-2018\\\/#article\",\"isPartOf\":{\"@id\":\"https:\\\/\\\/www.reciplasa.es\\\/reciplasa-aprueba-unanimidad-presupuesto-casi-15-millones-euros-2018\\\/\"},\"author\":{\"name\":\"Xus Sempere\",\"@id\":\"https:\\\/\\\/www.reciplasa.es\\\/#\\\/schema\\\/person\\\/de23619ae851cbe272320d75be592452\"},\"headline\":\"Reciplasa\u00a0aprova per unanimitat un pressupost de quasi 15 milions d&#8217;euros per al 2018\",\"datePublished\":\"2017-10-10T15:07:23+00:00\",\"dateModified\":\"2017-11-10T10:36:59+00:00\",\"mainEntityOfPage\":{\"@id\":\"https:\\\/\\\/www.reciplasa.es\\\/reciplasa-aprueba-unanimidad-presupuesto-casi-15-millones-euros-2018\\\/\"},\"wordCount\":489,\"image\":{\"@id\":\"https:\\\/\\\/www.reciplasa.es\\\/reciplasa-aprueba-unanimidad-presupuesto-casi-15-millones-euros-2018\\\/#primaryimage\"},\"thumbnailUrl\":\"https:\\\/\\\/www.reciplasa.es\\\/wp-content\\\/uploads\\\/2017\\\/10\\\/Consell-10-10-17.jpg\",\"articleSection\":[\"Not\u00edcies corporatives\"],\"inLanguage\":\"va-VA\"},{\"@type\":\"WebPage\",\"@id\":\"https:\\\/\\\/www.reciplasa.es\\\/reciplasa-aprueba-unanimidad-presupuesto-casi-15-millones-euros-2018\\\/\",\"url\":\"https:\\\/\\\/www.reciplasa.es\\\/reciplasa-aprueba-unanimidad-presupuesto-casi-15-millones-euros-2018\\\/\",\"name\":\"Reciplasa\u00a0aprova per unanimitat un pressupost de quasi 15 milions d'euros per al 2018 - RECIPLASA\",\"isPartOf\":{\"@id\":\"https:\\\/\\\/www.reciplasa.es\\\/#website\"},\"primaryImageOfPage\":{\"@id\":\"https:\\\/\\\/www.reciplasa.es\\\/reciplasa-aprueba-unanimidad-presupuesto-casi-15-millones-euros-2018\\\/#primaryimage\"},\"image\":{\"@id\":\"https:\\\/\\\/www.reciplasa.es\\\/reciplasa-aprueba-unanimidad-presupuesto-casi-15-millones-euros-2018\\\/#primaryimage\"},\"thumbnailUrl\":\"https:\\\/\\\/www.reciplasa.es\\\/wp-content\\\/uploads\\\/2017\\\/10\\\/Consell-10-10-17.jpg\",\"datePublished\":\"2017-10-10T15:07:23+00:00\",\"dateModified\":\"2017-11-10T10:36:59+00:00\",\"author\":{\"@id\":\"https:\\\/\\\/www.reciplasa.es\\\/#\\\/schema\\\/person\\\/de23619ae851cbe272320d75be592452\"},\"breadcrumb\":{\"@id\":\"https:\\\/\\\/www.reciplasa.es\\\/reciplasa-aprueba-unanimidad-presupuesto-casi-15-millones-euros-2018\\\/#breadcrumb\"},\"inLanguage\":\"va-VA\",\"potentialAction\":[{\"@type\":\"ReadAction\",\"target\":[\"https:\\\/\\\/www.reciplasa.es\\\/reciplasa-aprueba-unanimidad-presupuesto-casi-15-millones-euros-2018\\\/\"]}]},{\"@type\":\"ImageObject\",\"inLanguage\":\"va-VA\",\"@id\":\"https:\\\/\\\/www.reciplasa.es\\\/reciplasa-aprueba-unanimidad-presupuesto-casi-15-millones-euros-2018\\\/#primaryimage\",\"url\":\"https:\\\/\\\/www.reciplasa.es\\\/wp-content\\\/uploads\\\/2017\\\/10\\\/Consell-10-10-17.jpg\",\"contentUrl\":\"https:\\\/\\\/www.reciplasa.es\\\/wp-content\\\/uploads\\\/2017\\\/10\\\/Consell-10-10-17.jpg\",\"width\":3888,\"height\":2592},{\"@type\":\"BreadcrumbList\",\"@id\":\"https:\\\/\\\/www.reciplasa.es\\\/reciplasa-aprueba-unanimidad-presupuesto-casi-15-millones-euros-2018\\\/#breadcrumb\",\"itemListElement\":[{\"@type\":\"ListItem\",\"position\":1,\"name\":\"Portada\",\"item\":\"https:\\\/\\\/www.reciplasa.es\\\/va\\\/\"},{\"@type\":\"ListItem\",\"position\":2,\"name\":\"Reciplasa\u00a0aprova per unanimitat un pressupost de quasi 15 milions d&#8217;euros per al 2018\"}]},{\"@type\":\"WebSite\",\"@id\":\"https:\\\/\\\/www.reciplasa.es\\\/#website\",\"url\":\"https:\\\/\\\/www.reciplasa.es\\\/\",\"name\":\"RECIPLASA\",\"description\":\"Reciclats de Residus La Plana SA\",\"potentialAction\":[{\"@type\":\"SearchAction\",\"target\":{\"@type\":\"EntryPoint\",\"urlTemplate\":\"https:\\\/\\\/www.reciplasa.es\\\/?s={search_term_string}\"},\"query-input\":{\"@type\":\"PropertyValueSpecification\",\"valueRequired\":true,\"valueName\":\"search_term_string\"}}],\"inLanguage\":\"va-VA\"},{\"@type\":\"Person\",\"@id\":\"https:\\\/\\\/www.reciplasa.es\\\/#\\\/schema\\\/person\\\/de23619ae851cbe272320d75be592452\",\"name\":\"Xus Sempere\",\"image\":{\"@type\":\"ImageObject\",\"inLanguage\":\"va-VA\",\"@id\":\"https:\\\/\\\/secure.gravatar.com\\\/avatar\\\/cefcf4851b2cdef7e188cdeab95c54dda6ede00e3fef0d3d9a316e63ecf9ec0f?s=96&d=mm&r=g\",\"url\":\"https:\\\/\\\/secure.gravatar.com\\\/avatar\\\/cefcf4851b2cdef7e188cdeab95c54dda6ede00e3fef0d3d9a316e63ecf9ec0f?s=96&d=mm&r=g\",\"contentUrl\":\"https:\\\/\\\/secure.gravatar.com\\\/avatar\\\/cefcf4851b2cdef7e188cdeab95c54dda6ede00e3fef0d3d9a316e63ecf9ec0f?s=96&d=mm&r=g\",\"caption\":\"Xus Sempere\"},\"url\":\"https:\\\/\\\/www.reciplasa.es\\\/va\\\/author\\\/xus\\\/\"}]}<\/script>\n<!-- \/ Yoast SEO plugin. -->","yoast_head_json":{"title":"Reciplasa\u00a0aprova per unanimitat un pressupost de quasi 15 milions d'euros per al 2018 - RECIPLASA","robots":{"index":"index","follow":"follow","max-snippet":"max-snippet:-1","max-image-preview":"max-image-preview:large","max-video-preview":"max-video-preview:-1"},"canonical":"https:\/\/www.reciplasa.es\/reciplasa-aprueba-unanimidad-presupuesto-casi-15-millones-euros-2018\/","og_locale":"en_US","og_type":"article","og_title":"Reciplasa\u00a0aprova per unanimitat un pressupost de quasi 15 milions d'euros per al 2018 - RECIPLASA","og_description":"El Consell d&#8217;Administraci\u00f3 de Reciplasa, Reciclats de Residus La Plana SA, celebrat avui, ha acordat per unanimitat aprovar un pressupost de 14.785.332 euros, amb un benefici previst de 46.562 euros. Aquests n\u00fameros demostren l&#8217;ajustat dels c\u00e0nons, ja que la societat \u00e9s una empresa de servei que no contempla l&#8217;obtenci\u00f3 de beneficis, tal i com recordaDale que hay m\u00e1s ...","og_url":"https:\/\/www.reciplasa.es\/reciplasa-aprueba-unanimidad-presupuesto-casi-15-millones-euros-2018\/","og_site_name":"RECIPLASA","article_published_time":"2017-10-10T15:07:23+00:00","article_modified_time":"2017-11-10T10:36:59+00:00","og_image":[{"width":3888,"height":2592,"url":"https:\/\/www.reciplasa.es\/wp-content\/uploads\/2017\/10\/Consell-10-10-17.jpg","type":"image\/jpeg"}],"author":"Xus Sempere","twitter_card":"summary_large_image","twitter_misc":{"Written by":"Xus Sempere","Est. reading time":"2 minutes"},"schema":{"@context":"https:\/\/schema.org","@graph":[{"@type":"Article","@id":"https:\/\/www.reciplasa.es\/reciplasa-aprueba-unanimidad-presupuesto-casi-15-millones-euros-2018\/#article","isPartOf":{"@id":"https:\/\/www.reciplasa.es\/reciplasa-aprueba-unanimidad-presupuesto-casi-15-millones-euros-2018\/"},"author":{"name":"Xus Sempere","@id":"https:\/\/www.reciplasa.es\/#\/schema\/person\/de23619ae851cbe272320d75be592452"},"headline":"Reciplasa\u00a0aprova per unanimitat un pressupost de quasi 15 milions d&#8217;euros per al 2018","datePublished":"2017-10-10T15:07:23+00:00","dateModified":"2017-11-10T10:36:59+00:00","mainEntityOfPage":{"@id":"https:\/\/www.reciplasa.es\/reciplasa-aprueba-unanimidad-presupuesto-casi-15-millones-euros-2018\/"},"wordCount":489,"image":{"@id":"https:\/\/www.reciplasa.es\/reciplasa-aprueba-unanimidad-presupuesto-casi-15-millones-euros-2018\/#primaryimage"},"thumbnailUrl":"https:\/\/www.reciplasa.es\/wp-content\/uploads\/2017\/10\/Consell-10-10-17.jpg","articleSection":["Not\u00edcies corporatives"],"inLanguage":"va-VA"},{"@type":"WebPage","@id":"https:\/\/www.reciplasa.es\/reciplasa-aprueba-unanimidad-presupuesto-casi-15-millones-euros-2018\/","url":"https:\/\/www.reciplasa.es\/reciplasa-aprueba-unanimidad-presupuesto-casi-15-millones-euros-2018\/","name":"Reciplasa\u00a0aprova per unanimitat un pressupost de quasi 15 milions d'euros per al 2018 - RECIPLASA","isPartOf":{"@id":"https:\/\/www.reciplasa.es\/#website"},"primaryImageOfPage":{"@id":"https:\/\/www.reciplasa.es\/reciplasa-aprueba-unanimidad-presupuesto-casi-15-millones-euros-2018\/#primaryimage"},"image":{"@id":"https:\/\/www.reciplasa.es\/reciplasa-aprueba-unanimidad-presupuesto-casi-15-millones-euros-2018\/#primaryimage"},"thumbnailUrl":"https:\/\/www.reciplasa.es\/wp-content\/uploads\/2017\/10\/Consell-10-10-17.jpg","datePublished":"2017-10-10T15:07:23+00:00","dateModified":"2017-11-10T10:36:59+00:00","author":{"@id":"https:\/\/www.reciplasa.es\/#\/schema\/person\/de23619ae851cbe272320d75be592452"},"breadcrumb":{"@id":"https:\/\/www.reciplasa.es\/reciplasa-aprueba-unanimidad-presupuesto-casi-15-millones-euros-2018\/#breadcrumb"},"inLanguage":"va-VA","potentialAction":[{"@type":"ReadAction","target":["https:\/\/www.reciplasa.es\/reciplasa-aprueba-unanimidad-presupuesto-casi-15-millones-euros-2018\/"]}]},{"@type":"ImageObject","inLanguage":"va-VA","@id":"https:\/\/www.reciplasa.es\/reciplasa-aprueba-unanimidad-presupuesto-casi-15-millones-euros-2018\/#primaryimage","url":"https:\/\/www.reciplasa.es\/wp-content\/uploads\/2017\/10\/Consell-10-10-17.jpg","contentUrl":"https:\/\/www.reciplasa.es\/wp-content\/uploads\/2017\/10\/Consell-10-10-17.jpg","width":3888,"height":2592},{"@type":"BreadcrumbList","@id":"https:\/\/www.reciplasa.es\/reciplasa-aprueba-unanimidad-presupuesto-casi-15-millones-euros-2018\/#breadcrumb","itemListElement":[{"@type":"ListItem","position":1,"name":"Portada","item":"https:\/\/www.reciplasa.es\/va\/"},{"@type":"ListItem","position":2,"name":"Reciplasa\u00a0aprova per unanimitat un pressupost de quasi 15 milions d&#8217;euros per al 2018"}]},{"@type":"WebSite","@id":"https:\/\/www.reciplasa.es\/#website","url":"https:\/\/www.reciplasa.es\/","name":"RECIPLASA","description":"Reciclats de Residus La Plana SA","potentialAction":[{"@type":"SearchAction","target":{"@type":"EntryPoint","urlTemplate":"https:\/\/www.reciplasa.es\/?s={search_term_string}"},"query-input":{"@type":"PropertyValueSpecification","valueRequired":true,"valueName":"search_term_string"}}],"inLanguage":"va-VA"},{"@type":"Person","@id":"https:\/\/www.reciplasa.es\/#\/schema\/person\/de23619ae851cbe272320d75be592452","name":"Xus Sempere","image":{"@type":"ImageObject","inLanguage":"va-VA","@id":"https:\/\/secure.gravatar.com\/avatar\/cefcf4851b2cdef7e188cdeab95c54dda6ede00e3fef0d3d9a316e63ecf9ec0f?s=96&d=mm&r=g","url":"https:\/\/secure.gravatar.com\/avatar\/cefcf4851b2cdef7e188cdeab95c54dda6ede00e3fef0d3d9a316e63ecf9ec0f?s=96&d=mm&r=g","contentUrl":"https:\/\/secure.gravatar.com\/avatar\/cefcf4851b2cdef7e188cdeab95c54dda6ede00e3fef0d3d9a316e63ecf9ec0f?s=96&d=mm&r=g","caption":"Xus Sempere"},"url":"https:\/\/www.reciplasa.es\/va\/author\/xus\/"}]}},"_links":{"self":[{"href":"https:\/\/www.reciplasa.es\/va\/wp-json\/wp\/v2\/posts\/12869","targetHints":{"allow":["GET"]}}],"collection":[{"href":"https:\/\/www.reciplasa.es\/va\/wp-json\/wp\/v2\/posts"}],"about":[{"href":"https:\/\/www.reciplasa.es\/va\/wp-json\/wp\/v2\/types\/post"}],"author":[{"embeddable":true,"href":"https:\/\/www.reciplasa.es\/va\/wp-json\/wp\/v2\/users\/2"}],"replies":[{"embeddable":true,"href":"https:\/\/www.reciplasa.es\/va\/wp-json\/wp\/v2\/comments?post=12869"}],"version-history":[{"count":2,"href":"https:\/\/www.reciplasa.es\/va\/wp-json\/wp\/v2\/posts\/12869\/revisions"}],"predecessor-version":[{"id":12987,"href":"https:\/\/www.reciplasa.es\/va\/wp-json\/wp\/v2\/posts\/12869\/revisions\/12987"}],"wp:featuredmedia":[{"embeddable":true,"href":"https:\/\/www.reciplasa.es\/va\/wp-json\/wp\/v2\/media\/12866"}],"wp:attachment":[{"href":"https:\/\/www.reciplasa.es\/va\/wp-json\/wp\/v2\/media?parent=12869"}],"wp:term":[{"taxonomy":"category","embeddable":true,"href":"https:\/\/www.reciplasa.es\/va\/wp-json\/wp\/v2\/categories?post=12869"},{"taxonomy":"post_tag","embeddable":true,"href":"https:\/\/www.reciplasa.es\/va\/wp-json\/wp\/v2\/tags?post=12869"}],"curies":[{"name":"wp","href":"https:\/\/api.w.org\/{rel}","templated":true}]}}