{"id":12922,"date":"2017-10-25T11:00:07","date_gmt":"2017-10-25T11:00:07","guid":{"rendered":"http:\/\/www.reciplasa.es\/?p=12922\/"},"modified":"2017-10-31T09:06:08","modified_gmt":"2017-10-31T09:06:08","slug":"reciplasa-guardonada-els-premis-del-mes-la-sostenibilitat-pel-seu-treball-pel-medi-ambient","status":"publish","type":"post","link":"https:\/\/www.reciplasa.es\/va\/reciplasa-guardonada-els-premis-del-mes-la-sostenibilitat-pel-seu-treball-pel-medi-ambient\/","title":{"rendered":"Reciplasa \u00e9s guardonada en els premis del Mes de la Sostenibilitat pel seu treball pel medi ambient"},"content":{"rendered":"<p><em><span style=\"font-weight: 400;\">Reciplasa ser\u00e0 l&#8217;empresa guardonada aquest divendres en la 13\u00aa edici\u00f3 del Mes de la Sostenibilitat. Aquesta edici\u00f3 comptar\u00e0 amb la &#8220;I jornada de bioresidus&#8221;, per a la qual encara est\u00e0 oberta la inscripci\u00f3.<\/span><\/em><\/p>\n<p>Reciplasa ser\u00e0 guardonada en els premis del Mes de la Sostenibilitat, que organitza l&#8217;Ajuntament de Vila-real, pel seu treball pel medi ambient, ja que des de 1998 tracta i gestiona els residus urbans de 45 localitats de la zona centre de la prov\u00edncia de Castell\u00f3. La resta de premiats s\u00f3n &#8216;Poda Natura&#8217;, una empresa local de la ciutat, i Carles Arnal, un ve\u00ed de Vila-real, per la seua traject\u00f2ria en l&#8217;activisme i l&#8217;ecologia, a m\u00e9s de ser doctor en Biologia per la Universitat de Val\u00e8ncia. Com a novetat, enguany els premis es lliuraren en la &#8220;I jornada sobre bioresidus&#8221; a la qual acudiran experts en l&#8217;\u00e0mbit del medi ambient i l&#8217;ecologia. La inscripci\u00f3 per a poder acudir a les jornades encara est\u00e0 oberta en la\u00a0<a href=\"https:\/\/docs.google.com\/forms\/d\/1KawKK4qZgNFyMaHyf_rciaqZ2WJdDU0kTY6gMSjll7Y\/viewform?edit_requested=true\">p\u00e0gina web de l&#8217;Ajuntament\u00a0de Vila-real.<\/a><\/p>\n<p>La &#8220;I Jornada de bioresidus&#8221; se celebrar\u00e0 en la sala d&#8217;actes de la Caixa Rural de Vila-real a les 10h i finalitzar\u00e0 a 18:30h amb la Gala de la Sostenibilitat en la qual es lliuraran els premis.\u00a0 Durant el mat\u00ed es realitzaran les pon\u00e8ncies &#8220;La recollida selectiva dels residus org\u00e0nics&#8221;, pels directors generals de Canvi Clim\u00e0tic i Qualitat Ambiental, Joan Piquer, i de Mitj\u00e0 Natural i Avaluaci\u00f3 Ambiental, Antoni Marz\u00f3 i &#8220;Experi\u00e8ncies i propostes en relaci\u00f3 al tractament de mat\u00e8ria org\u00e0nica residual d&#8217;origen urb\u00e0, agrari, forestal i de jardineria&#8221; per responsables de la Conselleria d&#8217;Agricultura, Medi ambient, Canvi Clim\u00e0tic i Desenvolupament Rural, aix\u00ed com de l&#8217;Ajuntament de Serra, de les Cooperatives Agroaliment\u00e0ries d&#8217;Espanya-Europruning i de l&#8217;Institut Valenci\u00e0 de Recerques Agr\u00e0ries (IVIA) i es realitzar\u00e0 una trobada amb l&#8217;administraci\u00f3 local, en el qual ajuntaments i diputacions arreplegaran propostes i promouran l&#8217;adhesi\u00f3 de les administracions a mecanismes per a optimitzar la recollida selectiva.<\/p>\n<p>A la vesprada, despr\u00e9s d&#8217;una pausa per a menjar, hi haur\u00e0 una taula redona on es compartiran experi\u00e8ncies de recollida selectiva de bioresidus, una xarrada sobre temes rellevants per a millorar la recollida selectiva, un col\u00b7loqui moderat per Joan Piquer, director general del Canvi Clim\u00e0tic i Qualitat Ambiental i l&#8217;acte de clausura per Juli\u00e0 \u00c1lvaro, secretari auton\u00f2mic de Medi ambient i Canvi Clim\u00e0tic. Finalment, es realitzar\u00e0 el lliurament de premis del 13\u00ba Mes de la Sostenibilitat.<\/p>\n<p><img loading=\"lazy\" decoding=\"async\" class=\"wp-image-12926 aligncenter\" src=\"http:\/\/www.reciplasa.es\/wp-content\/uploads\/2017\/10\/22309109_1530513317042366_2800572407915467261_n-212x300.png\" alt=\"\" width=\"410\" height=\"580\" srcset=\"https:\/\/www.reciplasa.es\/wp-content\/uploads\/2017\/10\/22309109_1530513317042366_2800572407915467261_n-212x300.png 212w, https:\/\/www.reciplasa.es\/wp-content\/uploads\/2017\/10\/22309109_1530513317042366_2800572407915467261_n.png 640w\" sizes=\"auto, (max-width: 410px) 100vw, 410px\" \/><\/p>\n","protected":false},"excerpt":{"rendered":"<p>Reciplasa ser\u00e0 l&#8217;empresa guardonada aquest divendres en la 13\u00aa edici\u00f3 del Mes de la Sostenibilitat. Aquesta edici\u00f3 comptar\u00e0 amb la &#8220;I jornada de bioresidus&#8221;, per a la qual encara est\u00e0 oberta la inscripci\u00f3. Reciplasa ser\u00e0 guardonada en els premis del Mes de la Sostenibilitat, que organitza l&#8217;Ajuntament de Vila-real, pel seu treball pel medi ambient,Dale que hay m\u00e1s &#8230;<\/p>\n","protected":false},"author":3,"featured_media":11998,"comment_status":"closed","ping_status":"closed","sticky":false,"template":"","format":"standard","meta":{"footnotes":""},"categories":[87],"tags":[],"class_list":["post-12922","post","type-post","status-publish","format-standard","has-post-thumbnail","hentry","category-noticies-corporatives"],"yoast_head":"<!-- This site is optimized with the Yoast SEO plugin v27.4 - https:\/\/yoast.com\/product\/yoast-seo-wordpress\/ -->\n<title>Reciplasa \u00e9s guardonada en els premis del Mes de la Sostenibilitat pel seu treball pel medi ambient - RECIPLASA<\/title>\n<meta name=\"robots\" content=\"index, follow, max-snippet:-1, max-image-preview:large, max-video-preview:-1\" \/>\n<link rel=\"canonical\" href=\"https:\/\/www.reciplasa.es\/reciplasa-galardonada-los-premios-del-mes-la-sostenibilidad-trabajo-medioambiente\/\" \/>\n<meta property=\"og:locale\" content=\"en_US\" \/>\n<meta property=\"og:type\" content=\"article\" \/>\n<meta property=\"og:title\" content=\"Reciplasa \u00e9s guardonada en els premis del Mes de la Sostenibilitat pel seu treball pel medi ambient - RECIPLASA\" \/>\n<meta property=\"og:description\" content=\"Reciplasa ser\u00e0 l&#8217;empresa guardonada aquest divendres en la 13\u00aa edici\u00f3 del Mes de la Sostenibilitat. Aquesta edici\u00f3 comptar\u00e0 amb la &#8220;I jornada de bioresidus&#8221;, per a la qual encara est\u00e0 oberta la inscripci\u00f3. Reciplasa ser\u00e0 guardonada en els premis del Mes de la Sostenibilitat, que organitza l&#8217;Ajuntament de Vila-real, pel seu treball pel medi ambient,Dale que hay m\u00e1s ...\" \/>\n<meta property=\"og:url\" content=\"https:\/\/www.reciplasa.es\/reciplasa-galardonada-los-premios-del-mes-la-sostenibilidad-trabajo-medioambiente\/\" \/>\n<meta property=\"og:site_name\" content=\"RECIPLASA\" \/>\n<meta property=\"article:published_time\" content=\"2017-10-25T11:00:07+00:00\" \/>\n<meta property=\"article:modified_time\" content=\"2017-10-31T09:06:08+00:00\" \/>\n<meta property=\"og:image\" content=\"https:\/\/www.reciplasa.es\/wp-content\/uploads\/2013\/12\/RECIPLASA-RECICLAJES-LA-PLANA_9877-2.jpg\" \/>\n\t<meta property=\"og:image:width\" content=\"2816\" \/>\n\t<meta property=\"og:image:height\" content=\"1880\" \/>\n\t<meta property=\"og:image:type\" content=\"image\/jpeg\" \/>\n<meta name=\"author\" content=\"Cristina Marco\" \/>\n<meta name=\"twitter:card\" content=\"summary_large_image\" \/>\n<meta name=\"twitter:label1\" content=\"Written by\" \/>\n\t<meta name=\"twitter:data1\" content=\"Cristina Marco\" \/>\n\t<meta name=\"twitter:label2\" content=\"Est. reading time\" \/>\n\t<meta name=\"twitter:data2\" content=\"2 minutes\" \/>\n<script type=\"application\/ld+json\" class=\"yoast-schema-graph\">{\"@context\":\"https:\\\/\\\/schema.org\",\"@graph\":[{\"@type\":\"Article\",\"@id\":\"https:\\\/\\\/www.reciplasa.es\\\/reciplasa-galardonada-los-premios-del-mes-la-sostenibilidad-trabajo-medioambiente\\\/#article\",\"isPartOf\":{\"@id\":\"https:\\\/\\\/www.reciplasa.es\\\/reciplasa-galardonada-los-premios-del-mes-la-sostenibilidad-trabajo-medioambiente\\\/\"},\"author\":{\"name\":\"Cristina Marco\",\"@id\":\"https:\\\/\\\/www.reciplasa.es\\\/#\\\/schema\\\/person\\\/608ffc094e3c56d49e6c6ec8f1ea0e82\"},\"headline\":\"Reciplasa \u00e9s guardonada en els premis del Mes de la Sostenibilitat pel seu treball pel medi ambient\",\"datePublished\":\"2017-10-25T11:00:07+00:00\",\"dateModified\":\"2017-10-31T09:06:08+00:00\",\"mainEntityOfPage\":{\"@id\":\"https:\\\/\\\/www.reciplasa.es\\\/reciplasa-galardonada-los-premios-del-mes-la-sostenibilidad-trabajo-medioambiente\\\/\"},\"wordCount\":442,\"image\":{\"@id\":\"https:\\\/\\\/www.reciplasa.es\\\/reciplasa-galardonada-los-premios-del-mes-la-sostenibilidad-trabajo-medioambiente\\\/#primaryimage\"},\"thumbnailUrl\":\"https:\\\/\\\/www.reciplasa.es\\\/wp-content\\\/uploads\\\/2013\\\/12\\\/RECIPLASA-RECICLAJES-LA-PLANA_9877-2.jpg\",\"articleSection\":[\"Not\u00edcies corporatives\"],\"inLanguage\":\"va-VA\"},{\"@type\":\"WebPage\",\"@id\":\"https:\\\/\\\/www.reciplasa.es\\\/reciplasa-galardonada-los-premios-del-mes-la-sostenibilidad-trabajo-medioambiente\\\/\",\"url\":\"https:\\\/\\\/www.reciplasa.es\\\/reciplasa-galardonada-los-premios-del-mes-la-sostenibilidad-trabajo-medioambiente\\\/\",\"name\":\"Reciplasa \u00e9s guardonada en els premis del Mes de la Sostenibilitat pel seu treball pel medi ambient - RECIPLASA\",\"isPartOf\":{\"@id\":\"https:\\\/\\\/www.reciplasa.es\\\/#website\"},\"primaryImageOfPage\":{\"@id\":\"https:\\\/\\\/www.reciplasa.es\\\/reciplasa-galardonada-los-premios-del-mes-la-sostenibilidad-trabajo-medioambiente\\\/#primaryimage\"},\"image\":{\"@id\":\"https:\\\/\\\/www.reciplasa.es\\\/reciplasa-galardonada-los-premios-del-mes-la-sostenibilidad-trabajo-medioambiente\\\/#primaryimage\"},\"thumbnailUrl\":\"https:\\\/\\\/www.reciplasa.es\\\/wp-content\\\/uploads\\\/2013\\\/12\\\/RECIPLASA-RECICLAJES-LA-PLANA_9877-2.jpg\",\"datePublished\":\"2017-10-25T11:00:07+00:00\",\"dateModified\":\"2017-10-31T09:06:08+00:00\",\"author\":{\"@id\":\"https:\\\/\\\/www.reciplasa.es\\\/#\\\/schema\\\/person\\\/608ffc094e3c56d49e6c6ec8f1ea0e82\"},\"breadcrumb\":{\"@id\":\"https:\\\/\\\/www.reciplasa.es\\\/reciplasa-galardonada-los-premios-del-mes-la-sostenibilidad-trabajo-medioambiente\\\/#breadcrumb\"},\"inLanguage\":\"va-VA\",\"potentialAction\":[{\"@type\":\"ReadAction\",\"target\":[\"https:\\\/\\\/www.reciplasa.es\\\/reciplasa-galardonada-los-premios-del-mes-la-sostenibilidad-trabajo-medioambiente\\\/\"]}]},{\"@type\":\"ImageObject\",\"inLanguage\":\"va-VA\",\"@id\":\"https:\\\/\\\/www.reciplasa.es\\\/reciplasa-galardonada-los-premios-del-mes-la-sostenibilidad-trabajo-medioambiente\\\/#primaryimage\",\"url\":\"https:\\\/\\\/www.reciplasa.es\\\/wp-content\\\/uploads\\\/2013\\\/12\\\/RECIPLASA-RECICLAJES-LA-PLANA_9877-2.jpg\",\"contentUrl\":\"https:\\\/\\\/www.reciplasa.es\\\/wp-content\\\/uploads\\\/2013\\\/12\\\/RECIPLASA-RECICLAJES-LA-PLANA_9877-2.jpg\",\"width\":2816,\"height\":1880},{\"@type\":\"BreadcrumbList\",\"@id\":\"https:\\\/\\\/www.reciplasa.es\\\/reciplasa-galardonada-los-premios-del-mes-la-sostenibilidad-trabajo-medioambiente\\\/#breadcrumb\",\"itemListElement\":[{\"@type\":\"ListItem\",\"position\":1,\"name\":\"Portada\",\"item\":\"https:\\\/\\\/www.reciplasa.es\\\/va\\\/\"},{\"@type\":\"ListItem\",\"position\":2,\"name\":\"Reciplasa \u00e9s guardonada en els premis del Mes de la Sostenibilitat pel seu treball pel medi ambient\"}]},{\"@type\":\"WebSite\",\"@id\":\"https:\\\/\\\/www.reciplasa.es\\\/#website\",\"url\":\"https:\\\/\\\/www.reciplasa.es\\\/\",\"name\":\"RECIPLASA\",\"description\":\"Reciclats de Residus La Plana SA\",\"potentialAction\":[{\"@type\":\"SearchAction\",\"target\":{\"@type\":\"EntryPoint\",\"urlTemplate\":\"https:\\\/\\\/www.reciplasa.es\\\/?s={search_term_string}\"},\"query-input\":{\"@type\":\"PropertyValueSpecification\",\"valueRequired\":true,\"valueName\":\"search_term_string\"}}],\"inLanguage\":\"va-VA\"},{\"@type\":\"Person\",\"@id\":\"https:\\\/\\\/www.reciplasa.es\\\/#\\\/schema\\\/person\\\/608ffc094e3c56d49e6c6ec8f1ea0e82\",\"name\":\"Cristina Marco\",\"image\":{\"@type\":\"ImageObject\",\"inLanguage\":\"va-VA\",\"@id\":\"https:\\\/\\\/secure.gravatar.com\\\/avatar\\\/6da7e00dc41d26d3c4245f3b2d70d687293df0dfc18f03719354383f7be4f34b?s=96&d=mm&r=g\",\"url\":\"https:\\\/\\\/secure.gravatar.com\\\/avatar\\\/6da7e00dc41d26d3c4245f3b2d70d687293df0dfc18f03719354383f7be4f34b?s=96&d=mm&r=g\",\"contentUrl\":\"https:\\\/\\\/secure.gravatar.com\\\/avatar\\\/6da7e00dc41d26d3c4245f3b2d70d687293df0dfc18f03719354383f7be4f34b?s=96&d=mm&r=g\",\"caption\":\"Cristina Marco\"},\"url\":\"https:\\\/\\\/www.reciplasa.es\\\/va\\\/author\\\/cristina\\\/\"}]}<\/script>\n<!-- \/ Yoast SEO plugin. -->","yoast_head_json":{"title":"Reciplasa \u00e9s guardonada en els premis del Mes de la Sostenibilitat pel seu treball pel medi ambient - RECIPLASA","robots":{"index":"index","follow":"follow","max-snippet":"max-snippet:-1","max-image-preview":"max-image-preview:large","max-video-preview":"max-video-preview:-1"},"canonical":"https:\/\/www.reciplasa.es\/reciplasa-galardonada-los-premios-del-mes-la-sostenibilidad-trabajo-medioambiente\/","og_locale":"en_US","og_type":"article","og_title":"Reciplasa \u00e9s guardonada en els premis del Mes de la Sostenibilitat pel seu treball pel medi ambient - RECIPLASA","og_description":"Reciplasa ser\u00e0 l&#8217;empresa guardonada aquest divendres en la 13\u00aa edici\u00f3 del Mes de la Sostenibilitat. Aquesta edici\u00f3 comptar\u00e0 amb la &#8220;I jornada de bioresidus&#8221;, per a la qual encara est\u00e0 oberta la inscripci\u00f3. Reciplasa ser\u00e0 guardonada en els premis del Mes de la Sostenibilitat, que organitza l&#8217;Ajuntament de Vila-real, pel seu treball pel medi ambient,Dale que hay m\u00e1s ...","og_url":"https:\/\/www.reciplasa.es\/reciplasa-galardonada-los-premios-del-mes-la-sostenibilidad-trabajo-medioambiente\/","og_site_name":"RECIPLASA","article_published_time":"2017-10-25T11:00:07+00:00","article_modified_time":"2017-10-31T09:06:08+00:00","og_image":[{"width":2816,"height":1880,"url":"https:\/\/www.reciplasa.es\/wp-content\/uploads\/2013\/12\/RECIPLASA-RECICLAJES-LA-PLANA_9877-2.jpg","type":"image\/jpeg"}],"author":"Cristina Marco","twitter_card":"summary_large_image","twitter_misc":{"Written by":"Cristina Marco","Est. reading time":"2 minutes"},"schema":{"@context":"https:\/\/schema.org","@graph":[{"@type":"Article","@id":"https:\/\/www.reciplasa.es\/reciplasa-galardonada-los-premios-del-mes-la-sostenibilidad-trabajo-medioambiente\/#article","isPartOf":{"@id":"https:\/\/www.reciplasa.es\/reciplasa-galardonada-los-premios-del-mes-la-sostenibilidad-trabajo-medioambiente\/"},"author":{"name":"Cristina Marco","@id":"https:\/\/www.reciplasa.es\/#\/schema\/person\/608ffc094e3c56d49e6c6ec8f1ea0e82"},"headline":"Reciplasa \u00e9s guardonada en els premis del Mes de la Sostenibilitat pel seu treball pel medi ambient","datePublished":"2017-10-25T11:00:07+00:00","dateModified":"2017-10-31T09:06:08+00:00","mainEntityOfPage":{"@id":"https:\/\/www.reciplasa.es\/reciplasa-galardonada-los-premios-del-mes-la-sostenibilidad-trabajo-medioambiente\/"},"wordCount":442,"image":{"@id":"https:\/\/www.reciplasa.es\/reciplasa-galardonada-los-premios-del-mes-la-sostenibilidad-trabajo-medioambiente\/#primaryimage"},"thumbnailUrl":"https:\/\/www.reciplasa.es\/wp-content\/uploads\/2013\/12\/RECIPLASA-RECICLAJES-LA-PLANA_9877-2.jpg","articleSection":["Not\u00edcies corporatives"],"inLanguage":"va-VA"},{"@type":"WebPage","@id":"https:\/\/www.reciplasa.es\/reciplasa-galardonada-los-premios-del-mes-la-sostenibilidad-trabajo-medioambiente\/","url":"https:\/\/www.reciplasa.es\/reciplasa-galardonada-los-premios-del-mes-la-sostenibilidad-trabajo-medioambiente\/","name":"Reciplasa \u00e9s guardonada en els premis del Mes de la Sostenibilitat pel seu treball pel medi ambient - RECIPLASA","isPartOf":{"@id":"https:\/\/www.reciplasa.es\/#website"},"primaryImageOfPage":{"@id":"https:\/\/www.reciplasa.es\/reciplasa-galardonada-los-premios-del-mes-la-sostenibilidad-trabajo-medioambiente\/#primaryimage"},"image":{"@id":"https:\/\/www.reciplasa.es\/reciplasa-galardonada-los-premios-del-mes-la-sostenibilidad-trabajo-medioambiente\/#primaryimage"},"thumbnailUrl":"https:\/\/www.reciplasa.es\/wp-content\/uploads\/2013\/12\/RECIPLASA-RECICLAJES-LA-PLANA_9877-2.jpg","datePublished":"2017-10-25T11:00:07+00:00","dateModified":"2017-10-31T09:06:08+00:00","author":{"@id":"https:\/\/www.reciplasa.es\/#\/schema\/person\/608ffc094e3c56d49e6c6ec8f1ea0e82"},"breadcrumb":{"@id":"https:\/\/www.reciplasa.es\/reciplasa-galardonada-los-premios-del-mes-la-sostenibilidad-trabajo-medioambiente\/#breadcrumb"},"inLanguage":"va-VA","potentialAction":[{"@type":"ReadAction","target":["https:\/\/www.reciplasa.es\/reciplasa-galardonada-los-premios-del-mes-la-sostenibilidad-trabajo-medioambiente\/"]}]},{"@type":"ImageObject","inLanguage":"va-VA","@id":"https:\/\/www.reciplasa.es\/reciplasa-galardonada-los-premios-del-mes-la-sostenibilidad-trabajo-medioambiente\/#primaryimage","url":"https:\/\/www.reciplasa.es\/wp-content\/uploads\/2013\/12\/RECIPLASA-RECICLAJES-LA-PLANA_9877-2.jpg","contentUrl":"https:\/\/www.reciplasa.es\/wp-content\/uploads\/2013\/12\/RECIPLASA-RECICLAJES-LA-PLANA_9877-2.jpg","width":2816,"height":1880},{"@type":"BreadcrumbList","@id":"https:\/\/www.reciplasa.es\/reciplasa-galardonada-los-premios-del-mes-la-sostenibilidad-trabajo-medioambiente\/#breadcrumb","itemListElement":[{"@type":"ListItem","position":1,"name":"Portada","item":"https:\/\/www.reciplasa.es\/va\/"},{"@type":"ListItem","position":2,"name":"Reciplasa \u00e9s guardonada en els premis del Mes de la Sostenibilitat pel seu treball pel medi ambient"}]},{"@type":"WebSite","@id":"https:\/\/www.reciplasa.es\/#website","url":"https:\/\/www.reciplasa.es\/","name":"RECIPLASA","description":"Reciclats de Residus La Plana SA","potentialAction":[{"@type":"SearchAction","target":{"@type":"EntryPoint","urlTemplate":"https:\/\/www.reciplasa.es\/?s={search_term_string}"},"query-input":{"@type":"PropertyValueSpecification","valueRequired":true,"valueName":"search_term_string"}}],"inLanguage":"va-VA"},{"@type":"Person","@id":"https:\/\/www.reciplasa.es\/#\/schema\/person\/608ffc094e3c56d49e6c6ec8f1ea0e82","name":"Cristina Marco","image":{"@type":"ImageObject","inLanguage":"va-VA","@id":"https:\/\/secure.gravatar.com\/avatar\/6da7e00dc41d26d3c4245f3b2d70d687293df0dfc18f03719354383f7be4f34b?s=96&d=mm&r=g","url":"https:\/\/secure.gravatar.com\/avatar\/6da7e00dc41d26d3c4245f3b2d70d687293df0dfc18f03719354383f7be4f34b?s=96&d=mm&r=g","contentUrl":"https:\/\/secure.gravatar.com\/avatar\/6da7e00dc41d26d3c4245f3b2d70d687293df0dfc18f03719354383f7be4f34b?s=96&d=mm&r=g","caption":"Cristina Marco"},"url":"https:\/\/www.reciplasa.es\/va\/author\/cristina\/"}]}},"_links":{"self":[{"href":"https:\/\/www.reciplasa.es\/va\/wp-json\/wp\/v2\/posts\/12922","targetHints":{"allow":["GET"]}}],"collection":[{"href":"https:\/\/www.reciplasa.es\/va\/wp-json\/wp\/v2\/posts"}],"about":[{"href":"https:\/\/www.reciplasa.es\/va\/wp-json\/wp\/v2\/types\/post"}],"author":[{"embeddable":true,"href":"https:\/\/www.reciplasa.es\/va\/wp-json\/wp\/v2\/users\/3"}],"replies":[{"embeddable":true,"href":"https:\/\/www.reciplasa.es\/va\/wp-json\/wp\/v2\/comments?post=12922"}],"version-history":[{"count":3,"href":"https:\/\/www.reciplasa.es\/va\/wp-json\/wp\/v2\/posts\/12922\/revisions"}],"predecessor-version":[{"id":12930,"href":"https:\/\/www.reciplasa.es\/va\/wp-json\/wp\/v2\/posts\/12922\/revisions\/12930"}],"wp:featuredmedia":[{"embeddable":true,"href":"https:\/\/www.reciplasa.es\/va\/wp-json\/wp\/v2\/media\/11998"}],"wp:attachment":[{"href":"https:\/\/www.reciplasa.es\/va\/wp-json\/wp\/v2\/media?parent=12922"}],"wp:term":[{"taxonomy":"category","embeddable":true,"href":"https:\/\/www.reciplasa.es\/va\/wp-json\/wp\/v2\/categories?post=12922"},{"taxonomy":"post_tag","embeddable":true,"href":"https:\/\/www.reciplasa.es\/va\/wp-json\/wp\/v2\/tags?post=12922"}],"curies":[{"name":"wp","href":"https:\/\/api.w.org\/{rel}","templated":true}]}}