{"id":12983,"date":"2017-11-10T10:34:38","date_gmt":"2017-11-10T10:34:38","guid":{"rendered":"http:\/\/www.reciplasa.es\/?p=12983\/"},"modified":"2023-07-25T15:00:58","modified_gmt":"2023-07-25T15:00:58","slug":"la-catedra-reciplasa-gestio-residus-urbans-promou-la-col%c2%b7laboracio-amb-ciemat","status":"publish","type":"post","link":"https:\/\/www.reciplasa.es\/va\/la-catedra-reciplasa-gestio-residus-urbans-promou-la-col%c2%b7laboracio-amb-ciemat\/","title":{"rendered":"La C\u00e0tedra Reciplasa de gesti\u00f3 de residus urbans promou la col\u00b7laboraci\u00f3 amb el CIEMAT"},"content":{"rendered":"<p>El Director de la C\u00e0tedra, professor F\u00e9lix Hern\u00e1ndez, ha realitzat una visita al Centre de Desenvolupament d&#8217;Energies Renovables (CEDIR), situat en Soria, per a con\u00e8ixer de primera m\u00e0 les instal\u00b7lacions i projectes que s&#8217;estan duent a terme.<\/p>\n<p>El CEDIR \u00e9s un centre depenent del CIEMAT (Centre de Recerques Energ\u00e8tiques, Mediambientals i Tecnol\u00f2giques), del Ministeri d&#8217;Economia, Ind\u00fastria i Competitivitat, i est\u00e0 adscrit al Departament d&#8217;Energia d&#8217;aquest organisme p\u00fablic. Est\u00e0 considerat com a centre pioner a Espanya en el camp de l&#8217;aprofitament energ\u00e8tic de la biomassa.<\/p>\n<div id=\"attachment_12977\" style=\"width: 381px\" class=\"wp-caption alignleft\"><img loading=\"lazy\" decoding=\"async\" aria-describedby=\"caption-attachment-12977\" class=\"wp-image-12977\" src=\"http:\/\/www.reciplasa.es\/wp-content\/uploads\/2017\/11\/IMG_4888-300x225.jpg\" alt=\"\" width=\"371\" height=\"278\" srcset=\"https:\/\/www.reciplasa.es\/wp-content\/uploads\/2017\/11\/IMG_4888-300x225.jpg 300w, https:\/\/www.reciplasa.es\/wp-content\/uploads\/2017\/11\/IMG_4888-768x576.jpg 768w, https:\/\/www.reciplasa.es\/wp-content\/uploads\/2017\/11\/IMG_4888-1024x768.jpg 1024w\" sizes=\"auto, (max-width: 371px) 100vw, 371px\" \/><p id=\"caption-attachment-12977\" class=\"wp-caption-text\">Visita CEDIR, 7 de novembre de 2017. De\u00a0esq a dreta, Virginia P\u00e9rez, Raquel Ramos, F\u00e9lix Hern\u00e1ndez, Jose Mar\u00eda S\u00e1nchez<\/p><\/div>\n<p>En la seua visita al\u00a0CEDIR, va estar acompanyat pel Dr. Jose Mar\u00eda S\u00e1nchez Herv\u00e1s, Cap de la Divisi\u00f3 de Combusti\u00f3 i Gasificaci\u00f3, que es va despla\u00e7ar des de Madrid per a facilitar la trobada i organitzar la reuni\u00f3 de treball amb la Dra. Raquel Ramos, cap de la Unitat de processos de Conversi\u00f3 T\u00e8rmica, i amb Virginia P\u00e9rez, t\u00e8cnic superior de recerca d&#8217;aquesta unitat. El tema de treball es va centrar en els projectes que s&#8217;estan duent a terme sobre valoritzaci\u00f3 de residus mitjan\u00e7ant tractament t\u00e8rmic, desenvolupats en les Unitats de Valoritzaci\u00f3 Energ\u00e8tica de Combustibles i Residus i de Processos de Conversi\u00f3 T\u00e8rmica, aix\u00ed com en la producci\u00f3 de biocarburants mitjan\u00e7ant tractaments biol\u00f2gics de tipus enzim\u00e0tic, a partir de residus urbans, activitat que es desenvolupa en la Unitat de Biocarburants del CIEMAT. Aquests projectes s\u00f3n nous, i presenten gran inter\u00e8s quant a gesti\u00f3 de residus urbans.<\/p>\n<p>Es va acordar, aix\u00ed mateix, discutir en els pr\u00f2xims mesos la possibilitat de presentar aquests projectes a Castell\u00f3 en el marc de les activitats de la C\u00e0tedra RECIPLASA per a 2018. D&#8217;altra banda, es va oferir la possibilitat de visitar en els pr\u00f2xims mesos les instal\u00b7lacions del CIEMAT a Madrid, aix\u00ed com una nova visita en CEDIR, juntament amb responsables de la planta de RECIPLASA, amb la finalitat de con\u00e8ixer amb m\u00e9s detall els treballs realitzats i refor\u00e7ar la col\u00b7laboraci\u00f3. Amb aquests contactes s&#8217;obrin les portes a futures cooperacions, que poden redundar en una millor gesti\u00f3, m\u00e9s sostenible, dels residus urbans generats en la prov\u00edncia.<\/p>\n","protected":false},"excerpt":{"rendered":"<p>El Director de la C\u00e0tedra, professor F\u00e9lix Hern\u00e1ndez, ha realitzat una visita al Centre de Desenvolupament d&#8217;Energies Renovables (CEDIR), situat en Soria, per a con\u00e8ixer de primera m\u00e0 les instal\u00b7lacions i projectes que s&#8217;estan duent a terme. El CEDIR \u00e9s un centre depenent del CIEMAT (Centre de Recerques Energ\u00e8tiques, Mediambientals i Tecnol\u00f2giques), del Ministeri d&#8217;Economia,Dale que hay m\u00e1s &#8230;<\/p>\n","protected":false},"author":3,"featured_media":12978,"comment_status":"closed","ping_status":"closed","sticky":false,"template":"","format":"standard","meta":{"footnotes":""},"categories":[88],"tags":[],"class_list":["post-12983","post","type-post","status-publish","format-standard","has-post-thumbnail","hentry","category-catedra-reciplasa-uji"],"yoast_head":"<!-- This site is optimized with the Yoast SEO plugin v27.4 - https:\/\/yoast.com\/product\/yoast-seo-wordpress\/ -->\n<title>La C\u00e0tedra Reciplasa de gesti\u00f3 de residus urbans promou la col\u00b7laboraci\u00f3 amb el CIEMAT - RECIPLASA<\/title>\n<meta name=\"robots\" content=\"index, follow, max-snippet:-1, max-image-preview:large, max-video-preview:-1\" \/>\n<link rel=\"canonical\" href=\"https:\/\/www.reciplasa.es\/la-catedra-reciplasa-gestion-residuos-urbanos-promueve-la-colaboracion-ciemat\/\" \/>\n<meta property=\"og:locale\" content=\"en_US\" \/>\n<meta property=\"og:type\" content=\"article\" \/>\n<meta property=\"og:title\" content=\"La C\u00e0tedra Reciplasa de gesti\u00f3 de residus urbans promou la col\u00b7laboraci\u00f3 amb el CIEMAT - RECIPLASA\" \/>\n<meta property=\"og:description\" content=\"El Director de la C\u00e0tedra, professor F\u00e9lix Hern\u00e1ndez, ha realitzat una visita al Centre de Desenvolupament d&#8217;Energies Renovables (CEDIR), situat en Soria, per a con\u00e8ixer de primera m\u00e0 les instal\u00b7lacions i projectes que s&#8217;estan duent a terme. El CEDIR \u00e9s un centre depenent del CIEMAT (Centre de Recerques Energ\u00e8tiques, Mediambientals i Tecnol\u00f2giques), del Ministeri d&#8217;Economia,Dale que hay m\u00e1s ...\" \/>\n<meta property=\"og:url\" content=\"https:\/\/www.reciplasa.es\/la-catedra-reciplasa-gestion-residuos-urbanos-promueve-la-colaboracion-ciemat\/\" \/>\n<meta property=\"og:site_name\" content=\"RECIPLASA\" \/>\n<meta property=\"article:published_time\" content=\"2017-11-10T10:34:38+00:00\" \/>\n<meta property=\"article:modified_time\" content=\"2023-07-25T15:00:58+00:00\" \/>\n<meta property=\"og:image\" content=\"https:\/\/www.reciplasa.es\/wp-content\/uploads\/2017\/11\/IMG_4887-1024x768.jpg\" \/>\n\t<meta property=\"og:image:width\" content=\"1024\" \/>\n\t<meta property=\"og:image:height\" content=\"768\" \/>\n\t<meta property=\"og:image:type\" content=\"image\/jpeg\" \/>\n<meta name=\"author\" content=\"Cristina Marco\" \/>\n<meta name=\"twitter:card\" content=\"summary_large_image\" \/>\n<meta name=\"twitter:label1\" content=\"Written by\" \/>\n\t<meta name=\"twitter:data1\" content=\"Cristina Marco\" \/>\n\t<meta name=\"twitter:label2\" content=\"Est. reading time\" \/>\n\t<meta name=\"twitter:data2\" content=\"2 minutes\" \/>\n<script type=\"application\/ld+json\" class=\"yoast-schema-graph\">{\"@context\":\"https:\\\/\\\/schema.org\",\"@graph\":[{\"@type\":\"Article\",\"@id\":\"https:\\\/\\\/www.reciplasa.es\\\/la-catedra-reciplasa-gestion-residuos-urbanos-promueve-la-colaboracion-ciemat\\\/#article\",\"isPartOf\":{\"@id\":\"https:\\\/\\\/www.reciplasa.es\\\/la-catedra-reciplasa-gestion-residuos-urbanos-promueve-la-colaboracion-ciemat\\\/\"},\"author\":{\"name\":\"Cristina Marco\",\"@id\":\"https:\\\/\\\/www.reciplasa.es\\\/#\\\/schema\\\/person\\\/608ffc094e3c56d49e6c6ec8f1ea0e82\"},\"headline\":\"La C\u00e0tedra Reciplasa de gesti\u00f3 de residus urbans promou la col\u00b7laboraci\u00f3 amb el CIEMAT\",\"datePublished\":\"2017-11-10T10:34:38+00:00\",\"dateModified\":\"2023-07-25T15:00:58+00:00\",\"mainEntityOfPage\":{\"@id\":\"https:\\\/\\\/www.reciplasa.es\\\/la-catedra-reciplasa-gestion-residuos-urbanos-promueve-la-colaboracion-ciemat\\\/\"},\"wordCount\":427,\"image\":{\"@id\":\"https:\\\/\\\/www.reciplasa.es\\\/la-catedra-reciplasa-gestion-residuos-urbanos-promueve-la-colaboracion-ciemat\\\/#primaryimage\"},\"thumbnailUrl\":\"https:\\\/\\\/www.reciplasa.es\\\/wp-content\\\/uploads\\\/2017\\\/11\\\/IMG_4887.jpg\",\"articleSection\":[\"C\u00e0tedra Reciplasa-UJI\"],\"inLanguage\":\"va-VA\"},{\"@type\":\"WebPage\",\"@id\":\"https:\\\/\\\/www.reciplasa.es\\\/la-catedra-reciplasa-gestion-residuos-urbanos-promueve-la-colaboracion-ciemat\\\/\",\"url\":\"https:\\\/\\\/www.reciplasa.es\\\/la-catedra-reciplasa-gestion-residuos-urbanos-promueve-la-colaboracion-ciemat\\\/\",\"name\":\"La C\u00e0tedra Reciplasa de gesti\u00f3 de residus urbans promou la col\u00b7laboraci\u00f3 amb el CIEMAT - RECIPLASA\",\"isPartOf\":{\"@id\":\"https:\\\/\\\/www.reciplasa.es\\\/#website\"},\"primaryImageOfPage\":{\"@id\":\"https:\\\/\\\/www.reciplasa.es\\\/la-catedra-reciplasa-gestion-residuos-urbanos-promueve-la-colaboracion-ciemat\\\/#primaryimage\"},\"image\":{\"@id\":\"https:\\\/\\\/www.reciplasa.es\\\/la-catedra-reciplasa-gestion-residuos-urbanos-promueve-la-colaboracion-ciemat\\\/#primaryimage\"},\"thumbnailUrl\":\"https:\\\/\\\/www.reciplasa.es\\\/wp-content\\\/uploads\\\/2017\\\/11\\\/IMG_4887.jpg\",\"datePublished\":\"2017-11-10T10:34:38+00:00\",\"dateModified\":\"2023-07-25T15:00:58+00:00\",\"author\":{\"@id\":\"https:\\\/\\\/www.reciplasa.es\\\/#\\\/schema\\\/person\\\/608ffc094e3c56d49e6c6ec8f1ea0e82\"},\"breadcrumb\":{\"@id\":\"https:\\\/\\\/www.reciplasa.es\\\/la-catedra-reciplasa-gestion-residuos-urbanos-promueve-la-colaboracion-ciemat\\\/#breadcrumb\"},\"inLanguage\":\"va-VA\",\"potentialAction\":[{\"@type\":\"ReadAction\",\"target\":[\"https:\\\/\\\/www.reciplasa.es\\\/la-catedra-reciplasa-gestion-residuos-urbanos-promueve-la-colaboracion-ciemat\\\/\"]}]},{\"@type\":\"ImageObject\",\"inLanguage\":\"va-VA\",\"@id\":\"https:\\\/\\\/www.reciplasa.es\\\/la-catedra-reciplasa-gestion-residuos-urbanos-promueve-la-colaboracion-ciemat\\\/#primaryimage\",\"url\":\"https:\\\/\\\/www.reciplasa.es\\\/wp-content\\\/uploads\\\/2017\\\/11\\\/IMG_4887.jpg\",\"contentUrl\":\"https:\\\/\\\/www.reciplasa.es\\\/wp-content\\\/uploads\\\/2017\\\/11\\\/IMG_4887.jpg\",\"width\":4032,\"height\":3024},{\"@type\":\"BreadcrumbList\",\"@id\":\"https:\\\/\\\/www.reciplasa.es\\\/la-catedra-reciplasa-gestion-residuos-urbanos-promueve-la-colaboracion-ciemat\\\/#breadcrumb\",\"itemListElement\":[{\"@type\":\"ListItem\",\"position\":1,\"name\":\"Portada\",\"item\":\"https:\\\/\\\/www.reciplasa.es\\\/va\\\/\"},{\"@type\":\"ListItem\",\"position\":2,\"name\":\"La C\u00e0tedra Reciplasa de gesti\u00f3 de residus urbans promou la col\u00b7laboraci\u00f3 amb el CIEMAT\"}]},{\"@type\":\"WebSite\",\"@id\":\"https:\\\/\\\/www.reciplasa.es\\\/#website\",\"url\":\"https:\\\/\\\/www.reciplasa.es\\\/\",\"name\":\"RECIPLASA\",\"description\":\"Reciclats de Residus La Plana SA\",\"potentialAction\":[{\"@type\":\"SearchAction\",\"target\":{\"@type\":\"EntryPoint\",\"urlTemplate\":\"https:\\\/\\\/www.reciplasa.es\\\/?s={search_term_string}\"},\"query-input\":{\"@type\":\"PropertyValueSpecification\",\"valueRequired\":true,\"valueName\":\"search_term_string\"}}],\"inLanguage\":\"va-VA\"},{\"@type\":\"Person\",\"@id\":\"https:\\\/\\\/www.reciplasa.es\\\/#\\\/schema\\\/person\\\/608ffc094e3c56d49e6c6ec8f1ea0e82\",\"name\":\"Cristina Marco\",\"image\":{\"@type\":\"ImageObject\",\"inLanguage\":\"va-VA\",\"@id\":\"https:\\\/\\\/secure.gravatar.com\\\/avatar\\\/6da7e00dc41d26d3c4245f3b2d70d687293df0dfc18f03719354383f7be4f34b?s=96&d=mm&r=g\",\"url\":\"https:\\\/\\\/secure.gravatar.com\\\/avatar\\\/6da7e00dc41d26d3c4245f3b2d70d687293df0dfc18f03719354383f7be4f34b?s=96&d=mm&r=g\",\"contentUrl\":\"https:\\\/\\\/secure.gravatar.com\\\/avatar\\\/6da7e00dc41d26d3c4245f3b2d70d687293df0dfc18f03719354383f7be4f34b?s=96&d=mm&r=g\",\"caption\":\"Cristina Marco\"},\"url\":\"https:\\\/\\\/www.reciplasa.es\\\/va\\\/author\\\/cristina\\\/\"}]}<\/script>\n<!-- \/ Yoast SEO plugin. -->","yoast_head_json":{"title":"La C\u00e0tedra Reciplasa de gesti\u00f3 de residus urbans promou la col\u00b7laboraci\u00f3 amb el CIEMAT - RECIPLASA","robots":{"index":"index","follow":"follow","max-snippet":"max-snippet:-1","max-image-preview":"max-image-preview:large","max-video-preview":"max-video-preview:-1"},"canonical":"https:\/\/www.reciplasa.es\/la-catedra-reciplasa-gestion-residuos-urbanos-promueve-la-colaboracion-ciemat\/","og_locale":"en_US","og_type":"article","og_title":"La C\u00e0tedra Reciplasa de gesti\u00f3 de residus urbans promou la col\u00b7laboraci\u00f3 amb el CIEMAT - RECIPLASA","og_description":"El Director de la C\u00e0tedra, professor F\u00e9lix Hern\u00e1ndez, ha realitzat una visita al Centre de Desenvolupament d&#8217;Energies Renovables (CEDIR), situat en Soria, per a con\u00e8ixer de primera m\u00e0 les instal\u00b7lacions i projectes que s&#8217;estan duent a terme. El CEDIR \u00e9s un centre depenent del CIEMAT (Centre de Recerques Energ\u00e8tiques, Mediambientals i Tecnol\u00f2giques), del Ministeri d&#8217;Economia,Dale que hay m\u00e1s ...","og_url":"https:\/\/www.reciplasa.es\/la-catedra-reciplasa-gestion-residuos-urbanos-promueve-la-colaboracion-ciemat\/","og_site_name":"RECIPLASA","article_published_time":"2017-11-10T10:34:38+00:00","article_modified_time":"2023-07-25T15:00:58+00:00","og_image":[{"width":1024,"height":768,"url":"https:\/\/www.reciplasa.es\/wp-content\/uploads\/2017\/11\/IMG_4887-1024x768.jpg","type":"image\/jpeg"}],"author":"Cristina Marco","twitter_card":"summary_large_image","twitter_misc":{"Written by":"Cristina Marco","Est. reading time":"2 minutes"},"schema":{"@context":"https:\/\/schema.org","@graph":[{"@type":"Article","@id":"https:\/\/www.reciplasa.es\/la-catedra-reciplasa-gestion-residuos-urbanos-promueve-la-colaboracion-ciemat\/#article","isPartOf":{"@id":"https:\/\/www.reciplasa.es\/la-catedra-reciplasa-gestion-residuos-urbanos-promueve-la-colaboracion-ciemat\/"},"author":{"name":"Cristina Marco","@id":"https:\/\/www.reciplasa.es\/#\/schema\/person\/608ffc094e3c56d49e6c6ec8f1ea0e82"},"headline":"La C\u00e0tedra Reciplasa de gesti\u00f3 de residus urbans promou la col\u00b7laboraci\u00f3 amb el CIEMAT","datePublished":"2017-11-10T10:34:38+00:00","dateModified":"2023-07-25T15:00:58+00:00","mainEntityOfPage":{"@id":"https:\/\/www.reciplasa.es\/la-catedra-reciplasa-gestion-residuos-urbanos-promueve-la-colaboracion-ciemat\/"},"wordCount":427,"image":{"@id":"https:\/\/www.reciplasa.es\/la-catedra-reciplasa-gestion-residuos-urbanos-promueve-la-colaboracion-ciemat\/#primaryimage"},"thumbnailUrl":"https:\/\/www.reciplasa.es\/wp-content\/uploads\/2017\/11\/IMG_4887.jpg","articleSection":["C\u00e0tedra Reciplasa-UJI"],"inLanguage":"va-VA"},{"@type":"WebPage","@id":"https:\/\/www.reciplasa.es\/la-catedra-reciplasa-gestion-residuos-urbanos-promueve-la-colaboracion-ciemat\/","url":"https:\/\/www.reciplasa.es\/la-catedra-reciplasa-gestion-residuos-urbanos-promueve-la-colaboracion-ciemat\/","name":"La C\u00e0tedra Reciplasa de gesti\u00f3 de residus urbans promou la col\u00b7laboraci\u00f3 amb el CIEMAT - RECIPLASA","isPartOf":{"@id":"https:\/\/www.reciplasa.es\/#website"},"primaryImageOfPage":{"@id":"https:\/\/www.reciplasa.es\/la-catedra-reciplasa-gestion-residuos-urbanos-promueve-la-colaboracion-ciemat\/#primaryimage"},"image":{"@id":"https:\/\/www.reciplasa.es\/la-catedra-reciplasa-gestion-residuos-urbanos-promueve-la-colaboracion-ciemat\/#primaryimage"},"thumbnailUrl":"https:\/\/www.reciplasa.es\/wp-content\/uploads\/2017\/11\/IMG_4887.jpg","datePublished":"2017-11-10T10:34:38+00:00","dateModified":"2023-07-25T15:00:58+00:00","author":{"@id":"https:\/\/www.reciplasa.es\/#\/schema\/person\/608ffc094e3c56d49e6c6ec8f1ea0e82"},"breadcrumb":{"@id":"https:\/\/www.reciplasa.es\/la-catedra-reciplasa-gestion-residuos-urbanos-promueve-la-colaboracion-ciemat\/#breadcrumb"},"inLanguage":"va-VA","potentialAction":[{"@type":"ReadAction","target":["https:\/\/www.reciplasa.es\/la-catedra-reciplasa-gestion-residuos-urbanos-promueve-la-colaboracion-ciemat\/"]}]},{"@type":"ImageObject","inLanguage":"va-VA","@id":"https:\/\/www.reciplasa.es\/la-catedra-reciplasa-gestion-residuos-urbanos-promueve-la-colaboracion-ciemat\/#primaryimage","url":"https:\/\/www.reciplasa.es\/wp-content\/uploads\/2017\/11\/IMG_4887.jpg","contentUrl":"https:\/\/www.reciplasa.es\/wp-content\/uploads\/2017\/11\/IMG_4887.jpg","width":4032,"height":3024},{"@type":"BreadcrumbList","@id":"https:\/\/www.reciplasa.es\/la-catedra-reciplasa-gestion-residuos-urbanos-promueve-la-colaboracion-ciemat\/#breadcrumb","itemListElement":[{"@type":"ListItem","position":1,"name":"Portada","item":"https:\/\/www.reciplasa.es\/va\/"},{"@type":"ListItem","position":2,"name":"La C\u00e0tedra Reciplasa de gesti\u00f3 de residus urbans promou la col\u00b7laboraci\u00f3 amb el CIEMAT"}]},{"@type":"WebSite","@id":"https:\/\/www.reciplasa.es\/#website","url":"https:\/\/www.reciplasa.es\/","name":"RECIPLASA","description":"Reciclats de Residus La Plana SA","potentialAction":[{"@type":"SearchAction","target":{"@type":"EntryPoint","urlTemplate":"https:\/\/www.reciplasa.es\/?s={search_term_string}"},"query-input":{"@type":"PropertyValueSpecification","valueRequired":true,"valueName":"search_term_string"}}],"inLanguage":"va-VA"},{"@type":"Person","@id":"https:\/\/www.reciplasa.es\/#\/schema\/person\/608ffc094e3c56d49e6c6ec8f1ea0e82","name":"Cristina Marco","image":{"@type":"ImageObject","inLanguage":"va-VA","@id":"https:\/\/secure.gravatar.com\/avatar\/6da7e00dc41d26d3c4245f3b2d70d687293df0dfc18f03719354383f7be4f34b?s=96&d=mm&r=g","url":"https:\/\/secure.gravatar.com\/avatar\/6da7e00dc41d26d3c4245f3b2d70d687293df0dfc18f03719354383f7be4f34b?s=96&d=mm&r=g","contentUrl":"https:\/\/secure.gravatar.com\/avatar\/6da7e00dc41d26d3c4245f3b2d70d687293df0dfc18f03719354383f7be4f34b?s=96&d=mm&r=g","caption":"Cristina Marco"},"url":"https:\/\/www.reciplasa.es\/va\/author\/cristina\/"}]}},"_links":{"self":[{"href":"https:\/\/www.reciplasa.es\/va\/wp-json\/wp\/v2\/posts\/12983","targetHints":{"allow":["GET"]}}],"collection":[{"href":"https:\/\/www.reciplasa.es\/va\/wp-json\/wp\/v2\/posts"}],"about":[{"href":"https:\/\/www.reciplasa.es\/va\/wp-json\/wp\/v2\/types\/post"}],"author":[{"embeddable":true,"href":"https:\/\/www.reciplasa.es\/va\/wp-json\/wp\/v2\/users\/3"}],"replies":[{"embeddable":true,"href":"https:\/\/www.reciplasa.es\/va\/wp-json\/wp\/v2\/comments?post=12983"}],"version-history":[{"count":3,"href":"https:\/\/www.reciplasa.es\/va\/wp-json\/wp\/v2\/posts\/12983\/revisions"}],"predecessor-version":[{"id":12986,"href":"https:\/\/www.reciplasa.es\/va\/wp-json\/wp\/v2\/posts\/12983\/revisions\/12986"}],"wp:featuredmedia":[{"embeddable":true,"href":"https:\/\/www.reciplasa.es\/va\/wp-json\/wp\/v2\/media\/12978"}],"wp:attachment":[{"href":"https:\/\/www.reciplasa.es\/va\/wp-json\/wp\/v2\/media?parent=12983"}],"wp:term":[{"taxonomy":"category","embeddable":true,"href":"https:\/\/www.reciplasa.es\/va\/wp-json\/wp\/v2\/categories?post=12983"},{"taxonomy":"post_tag","embeddable":true,"href":"https:\/\/www.reciplasa.es\/va\/wp-json\/wp\/v2\/tags?post=12983"}],"curies":[{"name":"wp","href":"https:\/\/api.w.org\/{rel}","templated":true}]}}