{"id":12999,"date":"2017-11-15T08:55:24","date_gmt":"2017-11-15T08:55:24","guid":{"rendered":"http:\/\/www.reciplasa.es\/?p=12999\/"},"modified":"2023-07-25T15:00:52","modified_gmt":"2023-07-25T15:00:52","slug":"catedra-reciplasa-organitza-la-taula-redona-gestio-sostenible-dels-residus-urbans-valor-del-fem-la-ecofira","status":"publish","type":"post","link":"https:\/\/www.reciplasa.es\/va\/catedra-reciplasa-organitza-la-taula-redona-gestio-sostenible-dels-residus-urbans-valor-del-fem-la-ecofira\/","title":{"rendered":"C\u00e0tedra Reciplasa organitza la taula redona \u201cGesti\u00f3 sostenible dels residus urbans. El valor del fem\u201d en l&#8217;Ecofira"},"content":{"rendered":"<p style=\"text-align: center;\"><strong><span style=\"color: #000000;\">TAULA REDONA ORGANITZADA PER LA C\u00c0TEDRA RECIPLASA EN ECOFIRA<\/span><\/strong><\/p>\n<p style=\"text-align: center;\"><strong><span style=\"color: #000000;\">Cicle: \u201cGesti\u00f3 sostenible dels residus urbans. El valor del fem\u201d<\/span><\/strong><\/p>\n<p><span style=\"color: #000000;\">El pr\u00f2xim dia 29 de novembre, la C\u00e0tedra RECIPLASA de Gesti\u00f3 de Residus Urbans, de la UJI, organitzar\u00e0 una taula redona en el marc de Ecofira, Fira Val\u00e8ncia. Aquesta taula ser\u00e0 la segona del Cicle: \u201cGesti\u00f3 sostenible dels residus urbans. El valor del fem\u201d.<\/span><\/p>\n<p><span style=\"color: #000000;\">El moderador de l&#8217;acte ser\u00e0 el director de la C\u00e0tedra, Professor F\u00e9lix Hern\u00e1ndez, responsable del grup de recerca Qu\u00edmica Anal\u00edtica i Salut P\u00fablica, pertanyent a l&#8217;Institut Universitari de Plaguicides i Aig\u00fces (IUPA).<\/span><\/p>\n<ul>\n<li><span style=\"color: #000000;\">Part 1. Presentaci\u00f3 de 4 ponents, de 15 minuts cadascuna, amb la finalitat d&#8217;introduir els aspectes m\u00e9s rellevants sobre el tema tractat.<\/span><\/li>\n<\/ul>\n<p><span style=\"color: #000000;\">\u00a0 \u00a0 \u00a0 \u00a0 \u00a0 \u00a0 \u00a0&#8211; Visi\u00f3 dels ajuntaments sobre la Gesti\u00f3 de Residus \u2013 <strong>Ruben Alfaro<\/strong>, President de la Federaci\u00f3 Valenciana de Municipis i Prov\u00edncies.<\/span><\/p>\n<p><span style=\"color: #000000;\">\u00a0 \u00a0 \u00a0 \u00a0 \u00a0 \u00a0 \u00a0&#8211; Punt de vista del sector ecologista enfront de la gesti\u00f3 de residus urbans &#8211; Representant GECEN\u2014<strong>Francisco Gonz\u00e1lez<\/strong>, GECEN.<\/span><\/p>\n<p><span style=\"color: #000000;\">\u00a0 \u00a0 \u00a0 \u00a0 \u00a0 \u00a0 \u00a0&#8211; Processos t\u00e8rmics en la gesti\u00f3 de residus urbans. Avantatges i Inconvenients \u2013 <strong>Jos\u00e9 Mar\u00eda S\u00e1nchez Herv\u00e1s<\/strong>&#8211;<em>Cap de la Unitat de Valoritzaci\u00f3 Energ\u00e8tica de Combustibles i Residus, Departament d&#8217;Energia del CIEMAT.<\/em><\/span><\/p>\n<p><span style=\"color: #000000;\">\u00a0 \u00a0 \u00a0 \u00a0 \u00a0 \u00a0 \u00a0&#8211; Costos fiscals associats a la recuperaci\u00f3 de la brossa \u2013 <strong>Alejandro Carbonell, A2n.<\/strong><\/span><\/p>\n<p>&nbsp;<\/p>\n<ul>\n<li><span style=\"color: #000000;\"><em>Coffee break (30 min)<\/em><\/span><\/li>\n<\/ul>\n<p>&nbsp;<\/p>\n<ul>\n<li>Part 2. Taula Redona. Debat \u00e0gil, afavorit per la presentaci\u00f3 pr\u00e8via de q\u00fcestions plantejades pels propis ponents. Respostes per part dels ponents, limitades a un temps m\u00e0xim de 4-5 minuts, a fi d&#8217;afavorir el debat i la participaci\u00f3 del major nombre possible d&#8217;assistents a la Jornada.<\/li>\n<\/ul>\n<p>&nbsp;<\/p>\n<p>Ecofira se celebra en Fira Val\u00e8ncia els dies 28, 29 i 30 de Novembre, juntament amb Efiaqua i Eg\u00e9tica, i coincideix i complementa amb l&#8217;I ECOF\u00d3RUM \u201cL\u2019EMPRESA FRONT Al CANVI CLIM\u00c0TIC\u201d, per iniciativa de la Generalitat Valenciana, a trav\u00e9s de la Conselleria d&#8217;Agricultura, Medi ambient, Canvi Clim\u00e0tic i Desenvolupament Rural, on deu importants empreses d&#8217;\u00e0mbits nacional i internacional presentaran els seus projectes bandera en la lluita contra el canvi clim\u00e0tic. Amb un complet programa d&#8217;activitats, confer\u00e8ncies i xarrades t\u00e8cniques, s&#8217;abordaran aspectes claus en mat\u00e8ria mediambiental i la seua vinculaci\u00f3 tant amb l&#8217;empresa com amb les administracions i la societat en general. El canvi clim\u00e0tic i l&#8217;estrat\u00e8gia comuna per a mitigar els seus excessos seran eixos nuclears que articulen les citades mostres i l&#8217;I ECOFORUM (m\u00e9s informaci\u00f3 en\u00a0 <a href=\"http:\/\/ecofira.feriavalencia.com\/programa-ecoforum-2017\/\">http:\/\/ecofira.feriavalencia.com\/programa-ecoforum-2017\/<\/a>).<\/p>\n<p>Tamb\u00e9 es podr\u00e0 visitar el stand instal\u00b7lat per Reciplasa en Fira Val\u00e8ncia (stand B-60)<\/p>\n<p>&nbsp;<\/p>\n<p><span style=\"color: #000000;\"><u>Lloc de celebraci\u00f3 taula redona:<\/u><\/span><\/p>\n<p>29 de novembre, 10h. SALA 4C del Centre d&#8217;Esdeveniments de Fira Val\u00e8ncia. Durada\u00a0estimada 3h.<\/p>\n<p>&nbsp;<\/p>\n<p>La jornada \u00e9s gratu\u00efta, previ registre en el seg\u00fcent enlla\u00e7:\u00a0<a href=\"https:\/\/goo.gl\/MfGjUu\">https:\/\/goo.gl\/MfGjUu<\/a><\/p>\n<p><a href=\"http:\/\/www.reciplasa.es\/wp-content\/uploads\/2017\/11\/Programa-Mesa-Redonda-RECIPLASA.pdf\">Programa Mesa Redonda RECIPLASA<\/a><\/p>\n","protected":false},"excerpt":{"rendered":"<p>TAULA REDONA ORGANITZADA PER LA C\u00c0TEDRA RECIPLASA EN ECOFIRA Cicle: \u201cGesti\u00f3 sostenible dels residus urbans. El valor del fem\u201d El pr\u00f2xim dia 29 de novembre, la C\u00e0tedra RECIPLASA de Gesti\u00f3 de Residus Urbans, de la UJI, organitzar\u00e0 una taula redona en el marc de Ecofira, Fira Val\u00e8ncia. Aquesta taula ser\u00e0 la segona del Cicle: \u201cGesti\u00f3Dale que hay m\u00e1s &#8230;<\/p>\n","protected":false},"author":3,"featured_media":12995,"comment_status":"closed","ping_status":"closed","sticky":false,"template":"","format":"standard","meta":{"footnotes":""},"categories":[88],"tags":[],"class_list":["post-12999","post","type-post","status-publish","format-standard","has-post-thumbnail","hentry","category-catedra-reciplasa-uji"],"yoast_head":"<!-- This site is optimized with the Yoast SEO plugin v27.4 - https:\/\/yoast.com\/product\/yoast-seo-wordpress\/ -->\n<title>C\u00e0tedra Reciplasa organitza la taula redona \u201cGesti\u00f3 sostenible dels residus urbans. El valor del fem\u201d en l&#039;Ecofira - RECIPLASA<\/title>\n<meta name=\"robots\" content=\"index, follow, max-snippet:-1, max-image-preview:large, max-video-preview:-1\" \/>\n<link rel=\"canonical\" href=\"https:\/\/www.reciplasa.es\/catedra-reciplasa-organiza-la-mesa-redonda-gestion-sostenible-los-residuos-urbanos-valor-la-basura-la-ecofira\/\" \/>\n<meta property=\"og:locale\" content=\"en_US\" \/>\n<meta property=\"og:type\" content=\"article\" \/>\n<meta property=\"og:title\" content=\"C\u00e0tedra Reciplasa organitza la taula redona \u201cGesti\u00f3 sostenible dels residus urbans. El valor del fem\u201d en l&#039;Ecofira - RECIPLASA\" \/>\n<meta property=\"og:description\" content=\"TAULA REDONA ORGANITZADA PER LA C\u00c0TEDRA RECIPLASA EN ECOFIRA Cicle: \u201cGesti\u00f3 sostenible dels residus urbans. El valor del fem\u201d El pr\u00f2xim dia 29 de novembre, la C\u00e0tedra RECIPLASA de Gesti\u00f3 de Residus Urbans, de la UJI, organitzar\u00e0 una taula redona en el marc de Ecofira, Fira Val\u00e8ncia. Aquesta taula ser\u00e0 la segona del Cicle: \u201cGesti\u00f3Dale que hay m\u00e1s ...\" \/>\n<meta property=\"og:url\" content=\"https:\/\/www.reciplasa.es\/catedra-reciplasa-organiza-la-mesa-redonda-gestion-sostenible-los-residuos-urbanos-valor-la-basura-la-ecofira\/\" \/>\n<meta property=\"og:site_name\" content=\"RECIPLASA\" \/>\n<meta property=\"article:published_time\" content=\"2017-11-15T08:55:24+00:00\" \/>\n<meta property=\"article:modified_time\" content=\"2023-07-25T15:00:52+00:00\" \/>\n<meta property=\"og:image\" content=\"https:\/\/www.reciplasa.es\/wp-content\/uploads\/2017\/11\/Catedra_RECIPLASA_17DLL21.jpg\" \/>\n\t<meta property=\"og:image:width\" content=\"3072\" \/>\n\t<meta property=\"og:image:height\" content=\"2048\" \/>\n\t<meta property=\"og:image:type\" content=\"image\/jpeg\" \/>\n<meta name=\"author\" content=\"Cristina Marco\" \/>\n<meta name=\"twitter:card\" content=\"summary_large_image\" \/>\n<meta name=\"twitter:label1\" content=\"Written by\" \/>\n\t<meta name=\"twitter:data1\" content=\"Cristina Marco\" \/>\n\t<meta name=\"twitter:label2\" content=\"Est. reading time\" \/>\n\t<meta name=\"twitter:data2\" content=\"2 minutes\" \/>\n<script type=\"application\/ld+json\" class=\"yoast-schema-graph\">{\"@context\":\"https:\\\/\\\/schema.org\",\"@graph\":[{\"@type\":\"Article\",\"@id\":\"https:\\\/\\\/www.reciplasa.es\\\/catedra-reciplasa-organiza-la-mesa-redonda-gestion-sostenible-los-residuos-urbanos-valor-la-basura-la-ecofira\\\/#article\",\"isPartOf\":{\"@id\":\"https:\\\/\\\/www.reciplasa.es\\\/catedra-reciplasa-organiza-la-mesa-redonda-gestion-sostenible-los-residuos-urbanos-valor-la-basura-la-ecofira\\\/\"},\"author\":{\"name\":\"Cristina Marco\",\"@id\":\"https:\\\/\\\/www.reciplasa.es\\\/#\\\/schema\\\/person\\\/608ffc094e3c56d49e6c6ec8f1ea0e82\"},\"headline\":\"C\u00e0tedra Reciplasa organitza la taula redona \u201cGesti\u00f3 sostenible dels residus urbans. El valor del fem\u201d en l&#8217;Ecofira\",\"datePublished\":\"2017-11-15T08:55:24+00:00\",\"dateModified\":\"2023-07-25T15:00:52+00:00\",\"mainEntityOfPage\":{\"@id\":\"https:\\\/\\\/www.reciplasa.es\\\/catedra-reciplasa-organiza-la-mesa-redonda-gestion-sostenible-los-residuos-urbanos-valor-la-basura-la-ecofira\\\/\"},\"wordCount\":505,\"image\":{\"@id\":\"https:\\\/\\\/www.reciplasa.es\\\/catedra-reciplasa-organiza-la-mesa-redonda-gestion-sostenible-los-residuos-urbanos-valor-la-basura-la-ecofira\\\/#primaryimage\"},\"thumbnailUrl\":\"https:\\\/\\\/www.reciplasa.es\\\/wp-content\\\/uploads\\\/2017\\\/11\\\/Catedra_RECIPLASA_17DLL21.jpg\",\"articleSection\":[\"C\u00e0tedra Reciplasa-UJI\"],\"inLanguage\":\"va-VA\"},{\"@type\":\"WebPage\",\"@id\":\"https:\\\/\\\/www.reciplasa.es\\\/catedra-reciplasa-organiza-la-mesa-redonda-gestion-sostenible-los-residuos-urbanos-valor-la-basura-la-ecofira\\\/\",\"url\":\"https:\\\/\\\/www.reciplasa.es\\\/catedra-reciplasa-organiza-la-mesa-redonda-gestion-sostenible-los-residuos-urbanos-valor-la-basura-la-ecofira\\\/\",\"name\":\"C\u00e0tedra Reciplasa organitza la taula redona \u201cGesti\u00f3 sostenible dels residus urbans. El valor del fem\u201d en l'Ecofira - RECIPLASA\",\"isPartOf\":{\"@id\":\"https:\\\/\\\/www.reciplasa.es\\\/#website\"},\"primaryImageOfPage\":{\"@id\":\"https:\\\/\\\/www.reciplasa.es\\\/catedra-reciplasa-organiza-la-mesa-redonda-gestion-sostenible-los-residuos-urbanos-valor-la-basura-la-ecofira\\\/#primaryimage\"},\"image\":{\"@id\":\"https:\\\/\\\/www.reciplasa.es\\\/catedra-reciplasa-organiza-la-mesa-redonda-gestion-sostenible-los-residuos-urbanos-valor-la-basura-la-ecofira\\\/#primaryimage\"},\"thumbnailUrl\":\"https:\\\/\\\/www.reciplasa.es\\\/wp-content\\\/uploads\\\/2017\\\/11\\\/Catedra_RECIPLASA_17DLL21.jpg\",\"datePublished\":\"2017-11-15T08:55:24+00:00\",\"dateModified\":\"2023-07-25T15:00:52+00:00\",\"author\":{\"@id\":\"https:\\\/\\\/www.reciplasa.es\\\/#\\\/schema\\\/person\\\/608ffc094e3c56d49e6c6ec8f1ea0e82\"},\"breadcrumb\":{\"@id\":\"https:\\\/\\\/www.reciplasa.es\\\/catedra-reciplasa-organiza-la-mesa-redonda-gestion-sostenible-los-residuos-urbanos-valor-la-basura-la-ecofira\\\/#breadcrumb\"},\"inLanguage\":\"va-VA\",\"potentialAction\":[{\"@type\":\"ReadAction\",\"target\":[\"https:\\\/\\\/www.reciplasa.es\\\/catedra-reciplasa-organiza-la-mesa-redonda-gestion-sostenible-los-residuos-urbanos-valor-la-basura-la-ecofira\\\/\"]}]},{\"@type\":\"ImageObject\",\"inLanguage\":\"va-VA\",\"@id\":\"https:\\\/\\\/www.reciplasa.es\\\/catedra-reciplasa-organiza-la-mesa-redonda-gestion-sostenible-los-residuos-urbanos-valor-la-basura-la-ecofira\\\/#primaryimage\",\"url\":\"https:\\\/\\\/www.reciplasa.es\\\/wp-content\\\/uploads\\\/2017\\\/11\\\/Catedra_RECIPLASA_17DLL21.jpg\",\"contentUrl\":\"https:\\\/\\\/www.reciplasa.es\\\/wp-content\\\/uploads\\\/2017\\\/11\\\/Catedra_RECIPLASA_17DLL21.jpg\",\"width\":3072,\"height\":2048},{\"@type\":\"BreadcrumbList\",\"@id\":\"https:\\\/\\\/www.reciplasa.es\\\/catedra-reciplasa-organiza-la-mesa-redonda-gestion-sostenible-los-residuos-urbanos-valor-la-basura-la-ecofira\\\/#breadcrumb\",\"itemListElement\":[{\"@type\":\"ListItem\",\"position\":1,\"name\":\"Portada\",\"item\":\"https:\\\/\\\/www.reciplasa.es\\\/va\\\/\"},{\"@type\":\"ListItem\",\"position\":2,\"name\":\"C\u00e0tedra Reciplasa organitza la taula redona \u201cGesti\u00f3 sostenible dels residus urbans. El valor del fem\u201d en l&#8217;Ecofira\"}]},{\"@type\":\"WebSite\",\"@id\":\"https:\\\/\\\/www.reciplasa.es\\\/#website\",\"url\":\"https:\\\/\\\/www.reciplasa.es\\\/\",\"name\":\"RECIPLASA\",\"description\":\"Reciclats de Residus La Plana SA\",\"potentialAction\":[{\"@type\":\"SearchAction\",\"target\":{\"@type\":\"EntryPoint\",\"urlTemplate\":\"https:\\\/\\\/www.reciplasa.es\\\/?s={search_term_string}\"},\"query-input\":{\"@type\":\"PropertyValueSpecification\",\"valueRequired\":true,\"valueName\":\"search_term_string\"}}],\"inLanguage\":\"va-VA\"},{\"@type\":\"Person\",\"@id\":\"https:\\\/\\\/www.reciplasa.es\\\/#\\\/schema\\\/person\\\/608ffc094e3c56d49e6c6ec8f1ea0e82\",\"name\":\"Cristina Marco\",\"image\":{\"@type\":\"ImageObject\",\"inLanguage\":\"va-VA\",\"@id\":\"https:\\\/\\\/secure.gravatar.com\\\/avatar\\\/6da7e00dc41d26d3c4245f3b2d70d687293df0dfc18f03719354383f7be4f34b?s=96&d=mm&r=g\",\"url\":\"https:\\\/\\\/secure.gravatar.com\\\/avatar\\\/6da7e00dc41d26d3c4245f3b2d70d687293df0dfc18f03719354383f7be4f34b?s=96&d=mm&r=g\",\"contentUrl\":\"https:\\\/\\\/secure.gravatar.com\\\/avatar\\\/6da7e00dc41d26d3c4245f3b2d70d687293df0dfc18f03719354383f7be4f34b?s=96&d=mm&r=g\",\"caption\":\"Cristina Marco\"},\"url\":\"https:\\\/\\\/www.reciplasa.es\\\/va\\\/author\\\/cristina\\\/\"}]}<\/script>\n<!-- \/ Yoast SEO plugin. -->","yoast_head_json":{"title":"C\u00e0tedra Reciplasa organitza la taula redona \u201cGesti\u00f3 sostenible dels residus urbans. El valor del fem\u201d en l'Ecofira - RECIPLASA","robots":{"index":"index","follow":"follow","max-snippet":"max-snippet:-1","max-image-preview":"max-image-preview:large","max-video-preview":"max-video-preview:-1"},"canonical":"https:\/\/www.reciplasa.es\/catedra-reciplasa-organiza-la-mesa-redonda-gestion-sostenible-los-residuos-urbanos-valor-la-basura-la-ecofira\/","og_locale":"en_US","og_type":"article","og_title":"C\u00e0tedra Reciplasa organitza la taula redona \u201cGesti\u00f3 sostenible dels residus urbans. El valor del fem\u201d en l'Ecofira - RECIPLASA","og_description":"TAULA REDONA ORGANITZADA PER LA C\u00c0TEDRA RECIPLASA EN ECOFIRA Cicle: \u201cGesti\u00f3 sostenible dels residus urbans. El valor del fem\u201d El pr\u00f2xim dia 29 de novembre, la C\u00e0tedra RECIPLASA de Gesti\u00f3 de Residus Urbans, de la UJI, organitzar\u00e0 una taula redona en el marc de Ecofira, Fira Val\u00e8ncia. Aquesta taula ser\u00e0 la segona del Cicle: \u201cGesti\u00f3Dale que hay m\u00e1s ...","og_url":"https:\/\/www.reciplasa.es\/catedra-reciplasa-organiza-la-mesa-redonda-gestion-sostenible-los-residuos-urbanos-valor-la-basura-la-ecofira\/","og_site_name":"RECIPLASA","article_published_time":"2017-11-15T08:55:24+00:00","article_modified_time":"2023-07-25T15:00:52+00:00","og_image":[{"width":3072,"height":2048,"url":"https:\/\/www.reciplasa.es\/wp-content\/uploads\/2017\/11\/Catedra_RECIPLASA_17DLL21.jpg","type":"image\/jpeg"}],"author":"Cristina Marco","twitter_card":"summary_large_image","twitter_misc":{"Written by":"Cristina Marco","Est. reading time":"2 minutes"},"schema":{"@context":"https:\/\/schema.org","@graph":[{"@type":"Article","@id":"https:\/\/www.reciplasa.es\/catedra-reciplasa-organiza-la-mesa-redonda-gestion-sostenible-los-residuos-urbanos-valor-la-basura-la-ecofira\/#article","isPartOf":{"@id":"https:\/\/www.reciplasa.es\/catedra-reciplasa-organiza-la-mesa-redonda-gestion-sostenible-los-residuos-urbanos-valor-la-basura-la-ecofira\/"},"author":{"name":"Cristina Marco","@id":"https:\/\/www.reciplasa.es\/#\/schema\/person\/608ffc094e3c56d49e6c6ec8f1ea0e82"},"headline":"C\u00e0tedra Reciplasa organitza la taula redona \u201cGesti\u00f3 sostenible dels residus urbans. El valor del fem\u201d en l&#8217;Ecofira","datePublished":"2017-11-15T08:55:24+00:00","dateModified":"2023-07-25T15:00:52+00:00","mainEntityOfPage":{"@id":"https:\/\/www.reciplasa.es\/catedra-reciplasa-organiza-la-mesa-redonda-gestion-sostenible-los-residuos-urbanos-valor-la-basura-la-ecofira\/"},"wordCount":505,"image":{"@id":"https:\/\/www.reciplasa.es\/catedra-reciplasa-organiza-la-mesa-redonda-gestion-sostenible-los-residuos-urbanos-valor-la-basura-la-ecofira\/#primaryimage"},"thumbnailUrl":"https:\/\/www.reciplasa.es\/wp-content\/uploads\/2017\/11\/Catedra_RECIPLASA_17DLL21.jpg","articleSection":["C\u00e0tedra Reciplasa-UJI"],"inLanguage":"va-VA"},{"@type":"WebPage","@id":"https:\/\/www.reciplasa.es\/catedra-reciplasa-organiza-la-mesa-redonda-gestion-sostenible-los-residuos-urbanos-valor-la-basura-la-ecofira\/","url":"https:\/\/www.reciplasa.es\/catedra-reciplasa-organiza-la-mesa-redonda-gestion-sostenible-los-residuos-urbanos-valor-la-basura-la-ecofira\/","name":"C\u00e0tedra Reciplasa organitza la taula redona \u201cGesti\u00f3 sostenible dels residus urbans. El valor del fem\u201d en l'Ecofira - RECIPLASA","isPartOf":{"@id":"https:\/\/www.reciplasa.es\/#website"},"primaryImageOfPage":{"@id":"https:\/\/www.reciplasa.es\/catedra-reciplasa-organiza-la-mesa-redonda-gestion-sostenible-los-residuos-urbanos-valor-la-basura-la-ecofira\/#primaryimage"},"image":{"@id":"https:\/\/www.reciplasa.es\/catedra-reciplasa-organiza-la-mesa-redonda-gestion-sostenible-los-residuos-urbanos-valor-la-basura-la-ecofira\/#primaryimage"},"thumbnailUrl":"https:\/\/www.reciplasa.es\/wp-content\/uploads\/2017\/11\/Catedra_RECIPLASA_17DLL21.jpg","datePublished":"2017-11-15T08:55:24+00:00","dateModified":"2023-07-25T15:00:52+00:00","author":{"@id":"https:\/\/www.reciplasa.es\/#\/schema\/person\/608ffc094e3c56d49e6c6ec8f1ea0e82"},"breadcrumb":{"@id":"https:\/\/www.reciplasa.es\/catedra-reciplasa-organiza-la-mesa-redonda-gestion-sostenible-los-residuos-urbanos-valor-la-basura-la-ecofira\/#breadcrumb"},"inLanguage":"va-VA","potentialAction":[{"@type":"ReadAction","target":["https:\/\/www.reciplasa.es\/catedra-reciplasa-organiza-la-mesa-redonda-gestion-sostenible-los-residuos-urbanos-valor-la-basura-la-ecofira\/"]}]},{"@type":"ImageObject","inLanguage":"va-VA","@id":"https:\/\/www.reciplasa.es\/catedra-reciplasa-organiza-la-mesa-redonda-gestion-sostenible-los-residuos-urbanos-valor-la-basura-la-ecofira\/#primaryimage","url":"https:\/\/www.reciplasa.es\/wp-content\/uploads\/2017\/11\/Catedra_RECIPLASA_17DLL21.jpg","contentUrl":"https:\/\/www.reciplasa.es\/wp-content\/uploads\/2017\/11\/Catedra_RECIPLASA_17DLL21.jpg","width":3072,"height":2048},{"@type":"BreadcrumbList","@id":"https:\/\/www.reciplasa.es\/catedra-reciplasa-organiza-la-mesa-redonda-gestion-sostenible-los-residuos-urbanos-valor-la-basura-la-ecofira\/#breadcrumb","itemListElement":[{"@type":"ListItem","position":1,"name":"Portada","item":"https:\/\/www.reciplasa.es\/va\/"},{"@type":"ListItem","position":2,"name":"C\u00e0tedra Reciplasa organitza la taula redona \u201cGesti\u00f3 sostenible dels residus urbans. El valor del fem\u201d en l&#8217;Ecofira"}]},{"@type":"WebSite","@id":"https:\/\/www.reciplasa.es\/#website","url":"https:\/\/www.reciplasa.es\/","name":"RECIPLASA","description":"Reciclats de Residus La Plana SA","potentialAction":[{"@type":"SearchAction","target":{"@type":"EntryPoint","urlTemplate":"https:\/\/www.reciplasa.es\/?s={search_term_string}"},"query-input":{"@type":"PropertyValueSpecification","valueRequired":true,"valueName":"search_term_string"}}],"inLanguage":"va-VA"},{"@type":"Person","@id":"https:\/\/www.reciplasa.es\/#\/schema\/person\/608ffc094e3c56d49e6c6ec8f1ea0e82","name":"Cristina Marco","image":{"@type":"ImageObject","inLanguage":"va-VA","@id":"https:\/\/secure.gravatar.com\/avatar\/6da7e00dc41d26d3c4245f3b2d70d687293df0dfc18f03719354383f7be4f34b?s=96&d=mm&r=g","url":"https:\/\/secure.gravatar.com\/avatar\/6da7e00dc41d26d3c4245f3b2d70d687293df0dfc18f03719354383f7be4f34b?s=96&d=mm&r=g","contentUrl":"https:\/\/secure.gravatar.com\/avatar\/6da7e00dc41d26d3c4245f3b2d70d687293df0dfc18f03719354383f7be4f34b?s=96&d=mm&r=g","caption":"Cristina Marco"},"url":"https:\/\/www.reciplasa.es\/va\/author\/cristina\/"}]}},"_links":{"self":[{"href":"https:\/\/www.reciplasa.es\/va\/wp-json\/wp\/v2\/posts\/12999","targetHints":{"allow":["GET"]}}],"collection":[{"href":"https:\/\/www.reciplasa.es\/va\/wp-json\/wp\/v2\/posts"}],"about":[{"href":"https:\/\/www.reciplasa.es\/va\/wp-json\/wp\/v2\/types\/post"}],"author":[{"embeddable":true,"href":"https:\/\/www.reciplasa.es\/va\/wp-json\/wp\/v2\/users\/3"}],"replies":[{"embeddable":true,"href":"https:\/\/www.reciplasa.es\/va\/wp-json\/wp\/v2\/comments?post=12999"}],"version-history":[{"count":2,"href":"https:\/\/www.reciplasa.es\/va\/wp-json\/wp\/v2\/posts\/12999\/revisions"}],"predecessor-version":[{"id":13002,"href":"https:\/\/www.reciplasa.es\/va\/wp-json\/wp\/v2\/posts\/12999\/revisions\/13002"}],"wp:featuredmedia":[{"embeddable":true,"href":"https:\/\/www.reciplasa.es\/va\/wp-json\/wp\/v2\/media\/12995"}],"wp:attachment":[{"href":"https:\/\/www.reciplasa.es\/va\/wp-json\/wp\/v2\/media?parent=12999"}],"wp:term":[{"taxonomy":"category","embeddable":true,"href":"https:\/\/www.reciplasa.es\/va\/wp-json\/wp\/v2\/categories?post=12999"},{"taxonomy":"post_tag","embeddable":true,"href":"https:\/\/www.reciplasa.es\/va\/wp-json\/wp\/v2\/tags?post=12999"}],"curies":[{"name":"wp","href":"https:\/\/api.w.org\/{rel}","templated":true}]}}