{"id":13084,"date":"2018-01-30T19:30:14","date_gmt":"2018-01-30T19:30:14","guid":{"rendered":"http:\/\/www.reciplasa.es\/?p=13084\/"},"modified":"2019-06-06T07:23:31","modified_gmt":"2019-06-06T07:23:31","slug":"reciplasa-informa-la-seua-activitat-als-grups-municipals-la-seua-area-dactuacio","status":"publish","type":"post","link":"https:\/\/www.reciplasa.es\/va\/reciplasa-informa-la-seua-activitat-als-grups-municipals-la-seua-area-dactuacio\/","title":{"rendered":"Reciplasa informa de la seua activitat als grups municipals de la seua \u00e0rea d&#8217;actuaci\u00f3"},"content":{"rendered":"<p><i><span style=\"font-weight: 400;\">Ali\u00a0Brancal\u00a0convoca als representants pol\u00edtics dels Ajuntaments per a explicar la gesti\u00f3 i aconseguir &#8220;la major transpar\u00e8ncia possible&#8221;<\/span><\/i><\/p>\n<p>L&#8217;empresa p\u00fablica de reciclat i tractament de residus de la Plana Reciplasa ha reunit a Borriana, despr\u00e9s de celebrar el consell d&#8217;administraci\u00f3, als grups municipals dels Ajuntaments la seua \u00e0rea d&#8217;actuaci\u00f3, que afecta a 46 municipis de la zona centre de la prov\u00edncia de Castell\u00f3. La presidenta de Reciplasa i vicealcaldesa de Castell\u00f3, Ali Brancal, explica que &#8220;el consell d&#8217;administraci\u00f3 de Reciplasa va detectar un gran desconeixement de les seues activitats per part de la societat. Per a\u00e7\u00f2, en virtut de la transpar\u00e8ncia, volem donar a con\u00e8ixer qu\u00e8 activitat porta a terme Reciplasa i on s&#8217;inverteixen els impostos de la ciutadania. Els grups pol\u00edtics municipals s\u00f3n els representants leg\u00edtims de les ve\u00efnes i ve\u00efns i des de l&#8217;empresa p\u00fablica, anem a facilitar-los tota la informaci\u00f3 que requerisquen&#8221;.<\/p>\n<p><img loading=\"lazy\" decoding=\"async\" class=\"aligncenter wp-image-13100 size-large\" src=\"http:\/\/www.reciplasa.es\/wp-content\/uploads\/2018\/01\/IMG_1505-1024x683.jpg\" alt=\"\" width=\"800\" height=\"534\" srcset=\"https:\/\/www.reciplasa.es\/wp-content\/uploads\/2018\/01\/IMG_1505-1024x683.jpg 1024w, https:\/\/www.reciplasa.es\/wp-content\/uploads\/2018\/01\/IMG_1505-300x200.jpg 300w, https:\/\/www.reciplasa.es\/wp-content\/uploads\/2018\/01\/IMG_1505-768x512.jpg 768w, https:\/\/www.reciplasa.es\/wp-content\/uploads\/2018\/01\/IMG_1505.jpg 1800w\" sizes=\"auto, (max-width: 800px) 100vw, 800px\" \/><\/p>\n<p>Brancal ha explicat als representants municipals dades d&#8217;inter\u00e8s sobre l&#8217;empresa p\u00fablica de gesti\u00f3 de residus. Aix\u00ed, la presidenta ha indicat que la poblaci\u00f3 que at\u00e9n Reciplasa ascendeix a aproximadament 350.000 persones, que suposen un 65% de la prov\u00edncia, i que generen una quantitat que ronda els 400.000 quilograms de residus diaris. &#8220;Estem refor\u00e7ant molt les campanyes de conscienciaci\u00f3 per a reduir aquestes xifres de residus i que el que arribe a la planta de tractament siga all\u00f2 que ha d&#8217;arribar perqu\u00e8 tenim l&#8217;objectiu de disminuir els costos econ\u00f2mics i ecol\u00f2gics del tractament de la brossa&#8221;, ha explicat Ali Brancal.<\/p>\n<p>Aix\u00ed mateix, la presidenta de Reciplasa ha concl\u00f2s la reuni\u00f3 anunciant els diferents projectes que t\u00e9 l&#8217;entitat en marxa com els projectes mediambientals de cada municipi soci, la col\u00b7laboraci\u00f3 amb el CEFIRE i amb Tots Units o les visites a la planta que durant el 2017 van arribar a les quasi 500 persones. &#8220;Anem a seguir intentant explicar en qu\u00e8 consisteix la gesti\u00f3 de Reciplasa i la import\u00e0ncia de dur a terme un consum responsable i un reciclatge en origen&#8221;, ha finalitzat Brancal.<\/p>\n<p><img loading=\"lazy\" decoding=\"async\" class=\"alignnone wp-image-13095 size-large\" src=\"http:\/\/www.reciplasa.es\/wp-content\/uploads\/2018\/01\/IMG_1493-1024x683.jpg\" alt=\"\" width=\"800\" height=\"534\" srcset=\"https:\/\/www.reciplasa.es\/wp-content\/uploads\/2018\/01\/IMG_1493-1024x683.jpg 1024w, https:\/\/www.reciplasa.es\/wp-content\/uploads\/2018\/01\/IMG_1493-300x200.jpg 300w, https:\/\/www.reciplasa.es\/wp-content\/uploads\/2018\/01\/IMG_1493-768x512.jpg 768w, https:\/\/www.reciplasa.es\/wp-content\/uploads\/2018\/01\/IMG_1493.jpg 1800w\" sizes=\"auto, (max-width: 800px) 100vw, 800px\" \/>\r\n\t\t<a class=\"popup-link\" href=\"http:\/\/www.reciplasa.es\/wp-content\/uploads\/2018\/01\/IMG_1499.jpg\"><img decoding=\"async\" src=\"http:\/\/www.reciplasa.es\/wp-content\/uploads\/2013\/12\/IMG_1499_small.jpg\" \/><\/a> \r\n\t\t<a class=\"popup-link\" href=\"http:\/\/www.reciplasa.es\/wp-content\/uploads\/2018\/01\/IMG_1504.jpg\"><img decoding=\"async\" src=\"http:\/\/www.reciplasa.es\/wp-content\/uploads\/2013\/12\/IMG_1499_small-1.jpg\" \/><\/a>\r\n\t\t<a class=\"popup-link\" href=\"http:\/\/www.reciplasa.es\/wp-content\/uploads\/2018\/01\/IMG_1497.jpg\"><img decoding=\"async\" src=\"http:\/\/www.reciplasa.es\/wp-content\/uploads\/2013\/12\/IMG_1497_small.jpg\" \/><\/a><\/p>\n","protected":false},"excerpt":{"rendered":"<p>Ali\u00a0Brancal\u00a0convoca als representants pol\u00edtics dels Ajuntaments per a explicar la gesti\u00f3 i aconseguir &#8220;la major transpar\u00e8ncia possible&#8221; L&#8217;empresa p\u00fablica de reciclat i tractament de residus de la Plana Reciplasa ha reunit a Borriana, despr\u00e9s de celebrar el consell d&#8217;administraci\u00f3, als grups municipals dels Ajuntaments la seua \u00e0rea d&#8217;actuaci\u00f3, que afecta a 46 municipis de laDale que hay m\u00e1s &#8230;<\/p>\n","protected":false},"author":3,"featured_media":13098,"comment_status":"closed","ping_status":"closed","sticky":false,"template":"","format":"standard","meta":{"footnotes":""},"categories":[87],"tags":[],"class_list":["post-13084","post","type-post","status-publish","format-standard","has-post-thumbnail","hentry","category-noticies-corporatives"],"yoast_head":"<!-- This site is optimized with the Yoast SEO plugin v27.4 - https:\/\/yoast.com\/product\/yoast-seo-wordpress\/ -->\n<title>Reciplasa informa de la seua activitat als grups municipals de la seua \u00e0rea d&#039;actuaci\u00f3 - RECIPLASA<\/title>\n<meta name=\"robots\" content=\"index, follow, max-snippet:-1, max-image-preview:large, max-video-preview:-1\" \/>\n<link rel=\"canonical\" href=\"https:\/\/www.reciplasa.es\/reciplasa-informa-actividad-los-grupos-municipales-area-actuacion\/\" \/>\n<meta property=\"og:locale\" content=\"en_US\" \/>\n<meta property=\"og:type\" content=\"article\" \/>\n<meta property=\"og:title\" content=\"Reciplasa informa de la seua activitat als grups municipals de la seua \u00e0rea d&#039;actuaci\u00f3 - RECIPLASA\" \/>\n<meta property=\"og:description\" content=\"Ali\u00a0Brancal\u00a0convoca als representants pol\u00edtics dels Ajuntaments per a explicar la gesti\u00f3 i aconseguir &#8220;la major transpar\u00e8ncia possible&#8221; L&#8217;empresa p\u00fablica de reciclat i tractament de residus de la Plana Reciplasa ha reunit a Borriana, despr\u00e9s de celebrar el consell d&#8217;administraci\u00f3, als grups municipals dels Ajuntaments la seua \u00e0rea d&#8217;actuaci\u00f3, que afecta a 46 municipis de laDale que hay m\u00e1s ...\" \/>\n<meta property=\"og:url\" content=\"https:\/\/www.reciplasa.es\/reciplasa-informa-actividad-los-grupos-municipales-area-actuacion\/\" \/>\n<meta property=\"og:site_name\" content=\"RECIPLASA\" \/>\n<meta property=\"article:published_time\" content=\"2018-01-30T19:30:14+00:00\" \/>\n<meta property=\"article:modified_time\" content=\"2019-06-06T07:23:31+00:00\" \/>\n<meta property=\"og:image\" content=\"https:\/\/www.reciplasa.es\/wp-content\/uploads\/2018\/01\/IMG_1503.jpg\" \/>\n\t<meta property=\"og:image:width\" content=\"1800\" \/>\n\t<meta property=\"og:image:height\" content=\"1200\" \/>\n\t<meta property=\"og:image:type\" content=\"image\/jpeg\" \/>\n<meta name=\"author\" content=\"Cristina Marco\" \/>\n<meta name=\"twitter:card\" content=\"summary_large_image\" \/>\n<meta name=\"twitter:label1\" content=\"Written by\" \/>\n\t<meta name=\"twitter:data1\" content=\"Cristina Marco\" \/>\n\t<meta name=\"twitter:label2\" content=\"Est. reading time\" \/>\n\t<meta name=\"twitter:data2\" content=\"2 minutes\" \/>\n<script type=\"application\/ld+json\" class=\"yoast-schema-graph\">{\"@context\":\"https:\\\/\\\/schema.org\",\"@graph\":[{\"@type\":\"Article\",\"@id\":\"https:\\\/\\\/www.reciplasa.es\\\/reciplasa-informa-actividad-los-grupos-municipales-area-actuacion\\\/#article\",\"isPartOf\":{\"@id\":\"https:\\\/\\\/www.reciplasa.es\\\/reciplasa-informa-actividad-los-grupos-municipales-area-actuacion\\\/\"},\"author\":{\"name\":\"Cristina Marco\",\"@id\":\"https:\\\/\\\/www.reciplasa.es\\\/#\\\/schema\\\/person\\\/608ffc094e3c56d49e6c6ec8f1ea0e82\"},\"headline\":\"Reciplasa informa de la seua activitat als grups municipals de la seua \u00e0rea d&#8217;actuaci\u00f3\",\"datePublished\":\"2018-01-30T19:30:14+00:00\",\"dateModified\":\"2019-06-06T07:23:31+00:00\",\"mainEntityOfPage\":{\"@id\":\"https:\\\/\\\/www.reciplasa.es\\\/reciplasa-informa-actividad-los-grupos-municipales-area-actuacion\\\/\"},\"wordCount\":434,\"image\":{\"@id\":\"https:\\\/\\\/www.reciplasa.es\\\/reciplasa-informa-actividad-los-grupos-municipales-area-actuacion\\\/#primaryimage\"},\"thumbnailUrl\":\"https:\\\/\\\/www.reciplasa.es\\\/wp-content\\\/uploads\\\/2018\\\/01\\\/IMG_1503.jpg\",\"articleSection\":[\"Not\u00edcies corporatives\"],\"inLanguage\":\"va-VA\"},{\"@type\":\"WebPage\",\"@id\":\"https:\\\/\\\/www.reciplasa.es\\\/reciplasa-informa-actividad-los-grupos-municipales-area-actuacion\\\/\",\"url\":\"https:\\\/\\\/www.reciplasa.es\\\/reciplasa-informa-actividad-los-grupos-municipales-area-actuacion\\\/\",\"name\":\"Reciplasa informa de la seua activitat als grups municipals de la seua \u00e0rea d'actuaci\u00f3 - RECIPLASA\",\"isPartOf\":{\"@id\":\"https:\\\/\\\/www.reciplasa.es\\\/#website\"},\"primaryImageOfPage\":{\"@id\":\"https:\\\/\\\/www.reciplasa.es\\\/reciplasa-informa-actividad-los-grupos-municipales-area-actuacion\\\/#primaryimage\"},\"image\":{\"@id\":\"https:\\\/\\\/www.reciplasa.es\\\/reciplasa-informa-actividad-los-grupos-municipales-area-actuacion\\\/#primaryimage\"},\"thumbnailUrl\":\"https:\\\/\\\/www.reciplasa.es\\\/wp-content\\\/uploads\\\/2018\\\/01\\\/IMG_1503.jpg\",\"datePublished\":\"2018-01-30T19:30:14+00:00\",\"dateModified\":\"2019-06-06T07:23:31+00:00\",\"author\":{\"@id\":\"https:\\\/\\\/www.reciplasa.es\\\/#\\\/schema\\\/person\\\/608ffc094e3c56d49e6c6ec8f1ea0e82\"},\"breadcrumb\":{\"@id\":\"https:\\\/\\\/www.reciplasa.es\\\/reciplasa-informa-actividad-los-grupos-municipales-area-actuacion\\\/#breadcrumb\"},\"inLanguage\":\"va-VA\",\"potentialAction\":[{\"@type\":\"ReadAction\",\"target\":[\"https:\\\/\\\/www.reciplasa.es\\\/reciplasa-informa-actividad-los-grupos-municipales-area-actuacion\\\/\"]}]},{\"@type\":\"ImageObject\",\"inLanguage\":\"va-VA\",\"@id\":\"https:\\\/\\\/www.reciplasa.es\\\/reciplasa-informa-actividad-los-grupos-municipales-area-actuacion\\\/#primaryimage\",\"url\":\"https:\\\/\\\/www.reciplasa.es\\\/wp-content\\\/uploads\\\/2018\\\/01\\\/IMG_1503.jpg\",\"contentUrl\":\"https:\\\/\\\/www.reciplasa.es\\\/wp-content\\\/uploads\\\/2018\\\/01\\\/IMG_1503.jpg\",\"width\":1800,\"height\":1200},{\"@type\":\"BreadcrumbList\",\"@id\":\"https:\\\/\\\/www.reciplasa.es\\\/reciplasa-informa-actividad-los-grupos-municipales-area-actuacion\\\/#breadcrumb\",\"itemListElement\":[{\"@type\":\"ListItem\",\"position\":1,\"name\":\"Portada\",\"item\":\"https:\\\/\\\/www.reciplasa.es\\\/va\\\/\"},{\"@type\":\"ListItem\",\"position\":2,\"name\":\"Reciplasa informa de la seua activitat als grups municipals de la seua \u00e0rea d&#8217;actuaci\u00f3\"}]},{\"@type\":\"WebSite\",\"@id\":\"https:\\\/\\\/www.reciplasa.es\\\/#website\",\"url\":\"https:\\\/\\\/www.reciplasa.es\\\/\",\"name\":\"RECIPLASA\",\"description\":\"Reciclats de Residus La Plana SA\",\"potentialAction\":[{\"@type\":\"SearchAction\",\"target\":{\"@type\":\"EntryPoint\",\"urlTemplate\":\"https:\\\/\\\/www.reciplasa.es\\\/?s={search_term_string}\"},\"query-input\":{\"@type\":\"PropertyValueSpecification\",\"valueRequired\":true,\"valueName\":\"search_term_string\"}}],\"inLanguage\":\"va-VA\"},{\"@type\":\"Person\",\"@id\":\"https:\\\/\\\/www.reciplasa.es\\\/#\\\/schema\\\/person\\\/608ffc094e3c56d49e6c6ec8f1ea0e82\",\"name\":\"Cristina Marco\",\"image\":{\"@type\":\"ImageObject\",\"inLanguage\":\"va-VA\",\"@id\":\"https:\\\/\\\/secure.gravatar.com\\\/avatar\\\/6da7e00dc41d26d3c4245f3b2d70d687293df0dfc18f03719354383f7be4f34b?s=96&d=mm&r=g\",\"url\":\"https:\\\/\\\/secure.gravatar.com\\\/avatar\\\/6da7e00dc41d26d3c4245f3b2d70d687293df0dfc18f03719354383f7be4f34b?s=96&d=mm&r=g\",\"contentUrl\":\"https:\\\/\\\/secure.gravatar.com\\\/avatar\\\/6da7e00dc41d26d3c4245f3b2d70d687293df0dfc18f03719354383f7be4f34b?s=96&d=mm&r=g\",\"caption\":\"Cristina Marco\"},\"url\":\"https:\\\/\\\/www.reciplasa.es\\\/va\\\/author\\\/cristina\\\/\"}]}<\/script>\n<!-- \/ Yoast SEO plugin. -->","yoast_head_json":{"title":"Reciplasa informa de la seua activitat als grups municipals de la seua \u00e0rea d'actuaci\u00f3 - RECIPLASA","robots":{"index":"index","follow":"follow","max-snippet":"max-snippet:-1","max-image-preview":"max-image-preview:large","max-video-preview":"max-video-preview:-1"},"canonical":"https:\/\/www.reciplasa.es\/reciplasa-informa-actividad-los-grupos-municipales-area-actuacion\/","og_locale":"en_US","og_type":"article","og_title":"Reciplasa informa de la seua activitat als grups municipals de la seua \u00e0rea d'actuaci\u00f3 - RECIPLASA","og_description":"Ali\u00a0Brancal\u00a0convoca als representants pol\u00edtics dels Ajuntaments per a explicar la gesti\u00f3 i aconseguir &#8220;la major transpar\u00e8ncia possible&#8221; L&#8217;empresa p\u00fablica de reciclat i tractament de residus de la Plana Reciplasa ha reunit a Borriana, despr\u00e9s de celebrar el consell d&#8217;administraci\u00f3, als grups municipals dels Ajuntaments la seua \u00e0rea d&#8217;actuaci\u00f3, que afecta a 46 municipis de laDale que hay m\u00e1s ...","og_url":"https:\/\/www.reciplasa.es\/reciplasa-informa-actividad-los-grupos-municipales-area-actuacion\/","og_site_name":"RECIPLASA","article_published_time":"2018-01-30T19:30:14+00:00","article_modified_time":"2019-06-06T07:23:31+00:00","og_image":[{"width":1800,"height":1200,"url":"https:\/\/www.reciplasa.es\/wp-content\/uploads\/2018\/01\/IMG_1503.jpg","type":"image\/jpeg"}],"author":"Cristina Marco","twitter_card":"summary_large_image","twitter_misc":{"Written by":"Cristina Marco","Est. reading time":"2 minutes"},"schema":{"@context":"https:\/\/schema.org","@graph":[{"@type":"Article","@id":"https:\/\/www.reciplasa.es\/reciplasa-informa-actividad-los-grupos-municipales-area-actuacion\/#article","isPartOf":{"@id":"https:\/\/www.reciplasa.es\/reciplasa-informa-actividad-los-grupos-municipales-area-actuacion\/"},"author":{"name":"Cristina Marco","@id":"https:\/\/www.reciplasa.es\/#\/schema\/person\/608ffc094e3c56d49e6c6ec8f1ea0e82"},"headline":"Reciplasa informa de la seua activitat als grups municipals de la seua \u00e0rea d&#8217;actuaci\u00f3","datePublished":"2018-01-30T19:30:14+00:00","dateModified":"2019-06-06T07:23:31+00:00","mainEntityOfPage":{"@id":"https:\/\/www.reciplasa.es\/reciplasa-informa-actividad-los-grupos-municipales-area-actuacion\/"},"wordCount":434,"image":{"@id":"https:\/\/www.reciplasa.es\/reciplasa-informa-actividad-los-grupos-municipales-area-actuacion\/#primaryimage"},"thumbnailUrl":"https:\/\/www.reciplasa.es\/wp-content\/uploads\/2018\/01\/IMG_1503.jpg","articleSection":["Not\u00edcies corporatives"],"inLanguage":"va-VA"},{"@type":"WebPage","@id":"https:\/\/www.reciplasa.es\/reciplasa-informa-actividad-los-grupos-municipales-area-actuacion\/","url":"https:\/\/www.reciplasa.es\/reciplasa-informa-actividad-los-grupos-municipales-area-actuacion\/","name":"Reciplasa informa de la seua activitat als grups municipals de la seua \u00e0rea d'actuaci\u00f3 - RECIPLASA","isPartOf":{"@id":"https:\/\/www.reciplasa.es\/#website"},"primaryImageOfPage":{"@id":"https:\/\/www.reciplasa.es\/reciplasa-informa-actividad-los-grupos-municipales-area-actuacion\/#primaryimage"},"image":{"@id":"https:\/\/www.reciplasa.es\/reciplasa-informa-actividad-los-grupos-municipales-area-actuacion\/#primaryimage"},"thumbnailUrl":"https:\/\/www.reciplasa.es\/wp-content\/uploads\/2018\/01\/IMG_1503.jpg","datePublished":"2018-01-30T19:30:14+00:00","dateModified":"2019-06-06T07:23:31+00:00","author":{"@id":"https:\/\/www.reciplasa.es\/#\/schema\/person\/608ffc094e3c56d49e6c6ec8f1ea0e82"},"breadcrumb":{"@id":"https:\/\/www.reciplasa.es\/reciplasa-informa-actividad-los-grupos-municipales-area-actuacion\/#breadcrumb"},"inLanguage":"va-VA","potentialAction":[{"@type":"ReadAction","target":["https:\/\/www.reciplasa.es\/reciplasa-informa-actividad-los-grupos-municipales-area-actuacion\/"]}]},{"@type":"ImageObject","inLanguage":"va-VA","@id":"https:\/\/www.reciplasa.es\/reciplasa-informa-actividad-los-grupos-municipales-area-actuacion\/#primaryimage","url":"https:\/\/www.reciplasa.es\/wp-content\/uploads\/2018\/01\/IMG_1503.jpg","contentUrl":"https:\/\/www.reciplasa.es\/wp-content\/uploads\/2018\/01\/IMG_1503.jpg","width":1800,"height":1200},{"@type":"BreadcrumbList","@id":"https:\/\/www.reciplasa.es\/reciplasa-informa-actividad-los-grupos-municipales-area-actuacion\/#breadcrumb","itemListElement":[{"@type":"ListItem","position":1,"name":"Portada","item":"https:\/\/www.reciplasa.es\/va\/"},{"@type":"ListItem","position":2,"name":"Reciplasa informa de la seua activitat als grups municipals de la seua \u00e0rea d&#8217;actuaci\u00f3"}]},{"@type":"WebSite","@id":"https:\/\/www.reciplasa.es\/#website","url":"https:\/\/www.reciplasa.es\/","name":"RECIPLASA","description":"Reciclats de Residus La Plana SA","potentialAction":[{"@type":"SearchAction","target":{"@type":"EntryPoint","urlTemplate":"https:\/\/www.reciplasa.es\/?s={search_term_string}"},"query-input":{"@type":"PropertyValueSpecification","valueRequired":true,"valueName":"search_term_string"}}],"inLanguage":"va-VA"},{"@type":"Person","@id":"https:\/\/www.reciplasa.es\/#\/schema\/person\/608ffc094e3c56d49e6c6ec8f1ea0e82","name":"Cristina Marco","image":{"@type":"ImageObject","inLanguage":"va-VA","@id":"https:\/\/secure.gravatar.com\/avatar\/6da7e00dc41d26d3c4245f3b2d70d687293df0dfc18f03719354383f7be4f34b?s=96&d=mm&r=g","url":"https:\/\/secure.gravatar.com\/avatar\/6da7e00dc41d26d3c4245f3b2d70d687293df0dfc18f03719354383f7be4f34b?s=96&d=mm&r=g","contentUrl":"https:\/\/secure.gravatar.com\/avatar\/6da7e00dc41d26d3c4245f3b2d70d687293df0dfc18f03719354383f7be4f34b?s=96&d=mm&r=g","caption":"Cristina Marco"},"url":"https:\/\/www.reciplasa.es\/va\/author\/cristina\/"}]}},"_links":{"self":[{"href":"https:\/\/www.reciplasa.es\/va\/wp-json\/wp\/v2\/posts\/13084","targetHints":{"allow":["GET"]}}],"collection":[{"href":"https:\/\/www.reciplasa.es\/va\/wp-json\/wp\/v2\/posts"}],"about":[{"href":"https:\/\/www.reciplasa.es\/va\/wp-json\/wp\/v2\/types\/post"}],"author":[{"embeddable":true,"href":"https:\/\/www.reciplasa.es\/va\/wp-json\/wp\/v2\/users\/3"}],"replies":[{"embeddable":true,"href":"https:\/\/www.reciplasa.es\/va\/wp-json\/wp\/v2\/comments?post=13084"}],"version-history":[{"count":9,"href":"https:\/\/www.reciplasa.es\/va\/wp-json\/wp\/v2\/posts\/13084\/revisions"}],"predecessor-version":[{"id":13920,"href":"https:\/\/www.reciplasa.es\/va\/wp-json\/wp\/v2\/posts\/13084\/revisions\/13920"}],"wp:featuredmedia":[{"embeddable":true,"href":"https:\/\/www.reciplasa.es\/va\/wp-json\/wp\/v2\/media\/13098"}],"wp:attachment":[{"href":"https:\/\/www.reciplasa.es\/va\/wp-json\/wp\/v2\/media?parent=13084"}],"wp:term":[{"taxonomy":"category","embeddable":true,"href":"https:\/\/www.reciplasa.es\/va\/wp-json\/wp\/v2\/categories?post=13084"},{"taxonomy":"post_tag","embeddable":true,"href":"https:\/\/www.reciplasa.es\/va\/wp-json\/wp\/v2\/tags?post=13084"}],"curies":[{"name":"wp","href":"https:\/\/api.w.org\/{rel}","templated":true}]}}