{"id":13150,"date":"2018-02-09T08:48:53","date_gmt":"2018-02-09T08:48:53","guid":{"rendered":"http:\/\/www.reciplasa.es\/?p=13150\/"},"modified":"2018-02-09T08:53:29","modified_gmt":"2018-02-09T08:53:29","slug":"la-catedra-reciplasa-luji-presenta-les-activitats-per-2018-amb-premis-i-concursos-per-lalumnat-com-novetat","status":"publish","type":"post","link":"https:\/\/www.reciplasa.es\/va\/la-catedra-reciplasa-luji-presenta-les-activitats-per-2018-amb-premis-i-concursos-per-lalumnat-com-novetat\/","title":{"rendered":"La C\u00e0tedra Reciplasa de l\u2019UJI presenta les activitats per a 2018 amb premis i concursos per a l\u2019alumnat com a novetat"},"content":{"rendered":"<p>La C\u00e0tedra Reciplasa de Gesti\u00f3 de Residus Urbans de la Universitat Jaume I ha presentat avui al Menador espai cultural la mem\u00f2ria de les activitats realitzades durant l\u2019any 2017 i el programa d\u2019activitats previstes per a 2018.<\/p>\n<p>En l\u2019acte ha participat el rector de l\u2019UJI, Vicent Climent; la presidenta de Reciplasa i vicealcaldessa de Castell\u00f3, Ali Brancal; el vicerector d\u2019Economia i PAS de l\u2019UJI, Miguel \u00c1ngel Moliner; el director de la C\u00e0tedra Reciplasa i catedr\u00e0tic de Qu\u00edmica Anal\u00edtica, F\u00e9lix Hern\u00e1ndez; el director t\u00e8cnic de Reciplasa, Fernando Albarr\u00e1n, i el catedr\u00e0tic de Projectes d\u2019Enginyeria i director d\u2019un dels contractes d\u2019investigaci\u00f3, Antonio Gallardo.\r\n\t\t<a class=\"popup-link\" href=\"http:\/\/www.reciplasa.es\/wp-content\/uploads\/2018\/02\/Memoria_Cat_Reciplasa_18DLL29.jpg\"><img decoding=\"async\" src=\"http:\/\/www.reciplasa.es\/wp-content\/uploads\/2018\/02\/Memoria_Cat_Reciplasa_18DLL29_SMALL.jpg\" \/><\/a><\/p>\n<p>El rector de l\u2019UJI ha mostrat la seua satisfacci\u00f3 pels resultats obtinguts per la C\u00e0tedra i ha destacat \u00abla import\u00e0ncia de fer aquest rendiment de comptes a la societat per part de les institucions que la conformen\u00bb. En aquest sentit, ha agra\u00eft la col\u00b7laboraci\u00f3 de Reciplasa i la confian\u00e7a dels ajuntaments que participen en la C\u00e0tedra perqu\u00e8 \u00abel comprom\u00eds de les institucions pel medi ambient i la sostenibilitat ha de ser inequ\u00edvoc. Hem de donar exemple i amb aquesta C\u00e0tedra ho fem a trav\u00e9s d\u2019accions de difusi\u00f3, formaci\u00f3, conscienciaci\u00f3 i investigaci\u00f3\u00bb, ha assenyalat.<\/p>\n<p>Per la seua part, Ali Brancal ha assenyalat que els residus s\u00f3n un problema que afecta directament a les persones i la C\u00e0tedra \u00e9s una via per a ajudar a solucionar part d\u2019aquesta problem\u00e0tica. \u00abAquesta C\u00e0tedra \u00e9s una forma d\u2019aplegar millor a la ciutadania i implicar-la en aquest tema i pensem que anar de la m\u00e0 de l\u2019UJI sempre \u00e9s una garantia d\u2019\u00e8xit i de qualitat\u00bb, ha afirmat la presidenta de Reciplasa. \r\n\t\t<a class=\"popup-link\" href=\"http:\/\/www.reciplasa.es\/wp-content\/uploads\/2018\/02\/Memoria_Cat_Reciplasa_18DLL33.jpg\"><img decoding=\"async\" src=\"http:\/\/www.reciplasa.es\/wp-content\/uploads\/2018\/02\/Memoria_Cat_Reciplasa_18DLL33_SMALL.jpg\" \/><\/a><\/p>\n<p>A continuaci\u00f3, el director de la C\u00e0tedra ha fet un rep\u00e0s de les activitats realitzades en l\u2019any 2017. Concretament, la C\u00e0tedra ha participat en la fira FirUJIci\u00e8ncia, per tal de conscienciar l\u2019estudiantat sobre el reciclatge en l\u2019\u00e0mbit dom\u00e8stic; ha organitzat dues taules redones sobre gesti\u00f3 de residus urbans al Menador i a Ecofira a Val\u00e8ncia, i ha realitzat visites a la planta de tractament de Residus S\u00f2lids Urbans a Onda i al Centre de Desenvolupament d\u2019Energies Renovables (CEDER) a Soria.<\/p>\n<p>Aix\u00ed mateix, F\u00e9lix Hern\u00e1ndez ha presentat les activitats previstes per a l\u2019any 2018 que inclouen com a novetats la convocat\u00f2ria dels Premis C\u00e0tedra Reciplasa als millors treballs de fi de grau (TFG) i fi de m\u00e0ster (TFM) de l\u2019\u00e0mbit de la gesti\u00f3 de residus i\/o medi ambient, aix\u00ed com el concurs \u00abQu\u00e8 fem amb el fem\u00bb de maquetes, c\u00f2mics, v\u00eddeo i relats, dirigit a estudiantat de Prim\u00e0ria. Dins de les activitats previstes, tamb\u00e9 s\u2019organitzaran confer\u00e8ncies sobre gesti\u00f3 sostenible dels residus urbans i es realitzar\u00e0 una visita al Centre d\u2019Investigacions Energ\u00e8tiques, Mediambientals i Tecnol\u00f2giques de Madrid (CIEMAT) per a establir vies de col\u00b7laboraci\u00f3. \r\n\t\t<a class=\"popup-link\" href=\"http:\/\/www.reciplasa.es\/wp-content\/uploads\/2018\/02\/Memoria_Cat_Reciplasa_18DLL50.jpg\"><img decoding=\"async\" src=\"http:\/\/www.reciplasa.es\/wp-content\/uploads\/2018\/02\/Memoria_Cat_Reciplasa_18DLL50_SMALL.jpg\" \/><\/a><\/p>\n<p>Aix\u00ed mateix, es donar\u00e0 continu\u00eftat als dos contractes d\u2019investigaci\u00f3 que s\u2019estan duent a terme, dels quals s\u2019ha signat en l\u2019acte la seua renovaci\u00f3. Els treballs d\u2019investigaci\u00f3 s\u00f3n \u00abEl CSR producido a partir de rechazos de la planta de tratamiento mec\u00e1nico-biol\u00f3gica de Onda: Estudio de la variaci\u00f3n anual de la composici\u00f3n del rechazo\u00bb, realitzat pel grup d\u2019Enginyeria de Residus INGRES, i \u00abInvestigaci\u00f3n de contaminantes org\u00e1nicos en aguas del entorno de la planta de tratamiento de residuos s\u00f3lidos urbanos del t\u00e9rmino municipal de Onda\u00bb, dut a terme per l\u2019Institut Universitari de Plaguicides i Aig\u00fces IUPA.<\/p>\n<p><img loading=\"lazy\" decoding=\"async\" class=\"wp-image-13152 size-large aligncenter\" src=\"http:\/\/www.reciplasa.es\/wp-content\/uploads\/2018\/02\/Memoria_Cat_Reciplasa_18DLL72-1024x683.jpg\" alt=\"\" width=\"800\" height=\"534\" srcset=\"https:\/\/www.reciplasa.es\/wp-content\/uploads\/2018\/02\/Memoria_Cat_Reciplasa_18DLL72-1024x683.jpg 1024w, https:\/\/www.reciplasa.es\/wp-content\/uploads\/2018\/02\/Memoria_Cat_Reciplasa_18DLL72-300x200.jpg 300w, https:\/\/www.reciplasa.es\/wp-content\/uploads\/2018\/02\/Memoria_Cat_Reciplasa_18DLL72-768x512.jpg 768w\" sizes=\"auto, (max-width: 800px) 100vw, 800px\" \/><\/p>\n","protected":false},"excerpt":{"rendered":"<p>La C\u00e0tedra Reciplasa de Gesti\u00f3 de Residus Urbans de la Universitat Jaume I ha presentat avui al Menador espai cultural la mem\u00f2ria de les activitats realitzades durant l\u2019any 2017 i el programa d\u2019activitats previstes per a 2018. En l\u2019acte ha participat el rector de l\u2019UJI, Vicent Climent; la presidenta de Reciplasa i vicealcaldessa de Castell\u00f3,Dale que hay m\u00e1s &#8230;<\/p>\n","protected":false},"author":3,"featured_media":13151,"comment_status":"closed","ping_status":"closed","sticky":false,"template":"","format":"standard","meta":{"footnotes":""},"categories":[88],"tags":[],"class_list":["post-13150","post","type-post","status-publish","format-standard","has-post-thumbnail","hentry","category-catedra-reciplasa-uji"],"yoast_head":"<!-- This site is optimized with the Yoast SEO plugin v27.4 - https:\/\/yoast.com\/product\/yoast-seo-wordpress\/ -->\n<title>La C\u00e0tedra Reciplasa de l\u2019UJI presenta les activitats per a 2018 amb premis i concursos per a l\u2019alumnat com a novetat - RECIPLASA<\/title>\n<meta name=\"robots\" content=\"index, follow, max-snippet:-1, max-image-preview:large, max-video-preview:-1\" \/>\n<link rel=\"canonical\" href=\"https:\/\/www.reciplasa.es\/la-catedra-reciplasa-la-uji-presenta-las-actividades-2018-premios-concursos-alumnado-novedad\/\" \/>\n<meta property=\"og:locale\" content=\"en_US\" \/>\n<meta property=\"og:type\" content=\"article\" \/>\n<meta property=\"og:title\" content=\"La C\u00e0tedra Reciplasa de l\u2019UJI presenta les activitats per a 2018 amb premis i concursos per a l\u2019alumnat com a novetat - RECIPLASA\" \/>\n<meta property=\"og:description\" content=\"La C\u00e0tedra Reciplasa de Gesti\u00f3 de Residus Urbans de la Universitat Jaume I ha presentat avui al Menador espai cultural la mem\u00f2ria de les activitats realitzades durant l\u2019any 2017 i el programa d\u2019activitats previstes per a 2018. En l\u2019acte ha participat el rector de l\u2019UJI, Vicent Climent; la presidenta de Reciplasa i vicealcaldessa de Castell\u00f3,Dale que hay m\u00e1s ...\" \/>\n<meta property=\"og:url\" content=\"https:\/\/www.reciplasa.es\/la-catedra-reciplasa-la-uji-presenta-las-actividades-2018-premios-concursos-alumnado-novedad\/\" \/>\n<meta property=\"og:site_name\" content=\"RECIPLASA\" \/>\n<meta property=\"article:published_time\" content=\"2018-02-09T08:48:53+00:00\" \/>\n<meta property=\"article:modified_time\" content=\"2018-02-09T08:53:29+00:00\" \/>\n<meta property=\"og:image\" content=\"https:\/\/www.reciplasa.es\/wp-content\/uploads\/2018\/02\/Memoria_Cat_Reciplasa_18DLL68.jpg\" \/>\n\t<meta property=\"og:image:width\" content=\"2870\" \/>\n\t<meta property=\"og:image:height\" content=\"1913\" \/>\n\t<meta property=\"og:image:type\" content=\"image\/jpeg\" \/>\n<meta name=\"author\" content=\"Cristina Marco\" \/>\n<meta name=\"twitter:card\" content=\"summary_large_image\" \/>\n<meta name=\"twitter:label1\" content=\"Written by\" \/>\n\t<meta name=\"twitter:data1\" content=\"Cristina Marco\" \/>\n\t<meta name=\"twitter:label2\" content=\"Est. reading time\" \/>\n\t<meta name=\"twitter:data2\" content=\"4 minutes\" \/>\n<script type=\"application\/ld+json\" class=\"yoast-schema-graph\">{\"@context\":\"https:\\\/\\\/schema.org\",\"@graph\":[{\"@type\":\"Article\",\"@id\":\"https:\\\/\\\/www.reciplasa.es\\\/la-catedra-reciplasa-la-uji-presenta-las-actividades-2018-premios-concursos-alumnado-novedad\\\/#article\",\"isPartOf\":{\"@id\":\"https:\\\/\\\/www.reciplasa.es\\\/la-catedra-reciplasa-la-uji-presenta-las-actividades-2018-premios-concursos-alumnado-novedad\\\/\"},\"author\":{\"name\":\"Cristina Marco\",\"@id\":\"https:\\\/\\\/www.reciplasa.es\\\/#\\\/schema\\\/person\\\/608ffc094e3c56d49e6c6ec8f1ea0e82\"},\"headline\":\"La C\u00e0tedra Reciplasa de l\u2019UJI presenta les activitats per a 2018 amb premis i concursos per a l\u2019alumnat com a novetat\",\"datePublished\":\"2018-02-09T08:48:53+00:00\",\"dateModified\":\"2018-02-09T08:53:29+00:00\",\"mainEntityOfPage\":{\"@id\":\"https:\\\/\\\/www.reciplasa.es\\\/la-catedra-reciplasa-la-uji-presenta-las-actividades-2018-premios-concursos-alumnado-novedad\\\/\"},\"wordCount\":727,\"image\":{\"@id\":\"https:\\\/\\\/www.reciplasa.es\\\/la-catedra-reciplasa-la-uji-presenta-las-actividades-2018-premios-concursos-alumnado-novedad\\\/#primaryimage\"},\"thumbnailUrl\":\"https:\\\/\\\/www.reciplasa.es\\\/wp-content\\\/uploads\\\/2018\\\/02\\\/Memoria_Cat_Reciplasa_18DLL68.jpg\",\"articleSection\":[\"C\u00e0tedra Reciplasa-UJI\"],\"inLanguage\":\"va-VA\"},{\"@type\":\"WebPage\",\"@id\":\"https:\\\/\\\/www.reciplasa.es\\\/la-catedra-reciplasa-la-uji-presenta-las-actividades-2018-premios-concursos-alumnado-novedad\\\/\",\"url\":\"https:\\\/\\\/www.reciplasa.es\\\/la-catedra-reciplasa-la-uji-presenta-las-actividades-2018-premios-concursos-alumnado-novedad\\\/\",\"name\":\"La C\u00e0tedra Reciplasa de l\u2019UJI presenta les activitats per a 2018 amb premis i concursos per a l\u2019alumnat com a novetat - RECIPLASA\",\"isPartOf\":{\"@id\":\"https:\\\/\\\/www.reciplasa.es\\\/#website\"},\"primaryImageOfPage\":{\"@id\":\"https:\\\/\\\/www.reciplasa.es\\\/la-catedra-reciplasa-la-uji-presenta-las-actividades-2018-premios-concursos-alumnado-novedad\\\/#primaryimage\"},\"image\":{\"@id\":\"https:\\\/\\\/www.reciplasa.es\\\/la-catedra-reciplasa-la-uji-presenta-las-actividades-2018-premios-concursos-alumnado-novedad\\\/#primaryimage\"},\"thumbnailUrl\":\"https:\\\/\\\/www.reciplasa.es\\\/wp-content\\\/uploads\\\/2018\\\/02\\\/Memoria_Cat_Reciplasa_18DLL68.jpg\",\"datePublished\":\"2018-02-09T08:48:53+00:00\",\"dateModified\":\"2018-02-09T08:53:29+00:00\",\"author\":{\"@id\":\"https:\\\/\\\/www.reciplasa.es\\\/#\\\/schema\\\/person\\\/608ffc094e3c56d49e6c6ec8f1ea0e82\"},\"breadcrumb\":{\"@id\":\"https:\\\/\\\/www.reciplasa.es\\\/la-catedra-reciplasa-la-uji-presenta-las-actividades-2018-premios-concursos-alumnado-novedad\\\/#breadcrumb\"},\"inLanguage\":\"va-VA\",\"potentialAction\":[{\"@type\":\"ReadAction\",\"target\":[\"https:\\\/\\\/www.reciplasa.es\\\/la-catedra-reciplasa-la-uji-presenta-las-actividades-2018-premios-concursos-alumnado-novedad\\\/\"]}]},{\"@type\":\"ImageObject\",\"inLanguage\":\"va-VA\",\"@id\":\"https:\\\/\\\/www.reciplasa.es\\\/la-catedra-reciplasa-la-uji-presenta-las-actividades-2018-premios-concursos-alumnado-novedad\\\/#primaryimage\",\"url\":\"https:\\\/\\\/www.reciplasa.es\\\/wp-content\\\/uploads\\\/2018\\\/02\\\/Memoria_Cat_Reciplasa_18DLL68.jpg\",\"contentUrl\":\"https:\\\/\\\/www.reciplasa.es\\\/wp-content\\\/uploads\\\/2018\\\/02\\\/Memoria_Cat_Reciplasa_18DLL68.jpg\",\"width\":2870,\"height\":1913},{\"@type\":\"BreadcrumbList\",\"@id\":\"https:\\\/\\\/www.reciplasa.es\\\/la-catedra-reciplasa-la-uji-presenta-las-actividades-2018-premios-concursos-alumnado-novedad\\\/#breadcrumb\",\"itemListElement\":[{\"@type\":\"ListItem\",\"position\":1,\"name\":\"Portada\",\"item\":\"https:\\\/\\\/www.reciplasa.es\\\/va\\\/\"},{\"@type\":\"ListItem\",\"position\":2,\"name\":\"La C\u00e0tedra Reciplasa de l\u2019UJI presenta les activitats per a 2018 amb premis i concursos per a l\u2019alumnat com a novetat\"}]},{\"@type\":\"WebSite\",\"@id\":\"https:\\\/\\\/www.reciplasa.es\\\/#website\",\"url\":\"https:\\\/\\\/www.reciplasa.es\\\/\",\"name\":\"RECIPLASA\",\"description\":\"Reciclats de Residus La Plana SA\",\"potentialAction\":[{\"@type\":\"SearchAction\",\"target\":{\"@type\":\"EntryPoint\",\"urlTemplate\":\"https:\\\/\\\/www.reciplasa.es\\\/?s={search_term_string}\"},\"query-input\":{\"@type\":\"PropertyValueSpecification\",\"valueRequired\":true,\"valueName\":\"search_term_string\"}}],\"inLanguage\":\"va-VA\"},{\"@type\":\"Person\",\"@id\":\"https:\\\/\\\/www.reciplasa.es\\\/#\\\/schema\\\/person\\\/608ffc094e3c56d49e6c6ec8f1ea0e82\",\"name\":\"Cristina Marco\",\"image\":{\"@type\":\"ImageObject\",\"inLanguage\":\"va-VA\",\"@id\":\"https:\\\/\\\/secure.gravatar.com\\\/avatar\\\/6da7e00dc41d26d3c4245f3b2d70d687293df0dfc18f03719354383f7be4f34b?s=96&d=mm&r=g\",\"url\":\"https:\\\/\\\/secure.gravatar.com\\\/avatar\\\/6da7e00dc41d26d3c4245f3b2d70d687293df0dfc18f03719354383f7be4f34b?s=96&d=mm&r=g\",\"contentUrl\":\"https:\\\/\\\/secure.gravatar.com\\\/avatar\\\/6da7e00dc41d26d3c4245f3b2d70d687293df0dfc18f03719354383f7be4f34b?s=96&d=mm&r=g\",\"caption\":\"Cristina Marco\"},\"url\":\"https:\\\/\\\/www.reciplasa.es\\\/va\\\/author\\\/cristina\\\/\"}]}<\/script>\n<!-- \/ Yoast SEO plugin. -->","yoast_head_json":{"title":"La C\u00e0tedra Reciplasa de l\u2019UJI presenta les activitats per a 2018 amb premis i concursos per a l\u2019alumnat com a novetat - RECIPLASA","robots":{"index":"index","follow":"follow","max-snippet":"max-snippet:-1","max-image-preview":"max-image-preview:large","max-video-preview":"max-video-preview:-1"},"canonical":"https:\/\/www.reciplasa.es\/la-catedra-reciplasa-la-uji-presenta-las-actividades-2018-premios-concursos-alumnado-novedad\/","og_locale":"en_US","og_type":"article","og_title":"La C\u00e0tedra Reciplasa de l\u2019UJI presenta les activitats per a 2018 amb premis i concursos per a l\u2019alumnat com a novetat - RECIPLASA","og_description":"La C\u00e0tedra Reciplasa de Gesti\u00f3 de Residus Urbans de la Universitat Jaume I ha presentat avui al Menador espai cultural la mem\u00f2ria de les activitats realitzades durant l\u2019any 2017 i el programa d\u2019activitats previstes per a 2018. En l\u2019acte ha participat el rector de l\u2019UJI, Vicent Climent; la presidenta de Reciplasa i vicealcaldessa de Castell\u00f3,Dale que hay m\u00e1s ...","og_url":"https:\/\/www.reciplasa.es\/la-catedra-reciplasa-la-uji-presenta-las-actividades-2018-premios-concursos-alumnado-novedad\/","og_site_name":"RECIPLASA","article_published_time":"2018-02-09T08:48:53+00:00","article_modified_time":"2018-02-09T08:53:29+00:00","og_image":[{"width":2870,"height":1913,"url":"https:\/\/www.reciplasa.es\/wp-content\/uploads\/2018\/02\/Memoria_Cat_Reciplasa_18DLL68.jpg","type":"image\/jpeg"}],"author":"Cristina Marco","twitter_card":"summary_large_image","twitter_misc":{"Written by":"Cristina Marco","Est. reading time":"4 minutes"},"schema":{"@context":"https:\/\/schema.org","@graph":[{"@type":"Article","@id":"https:\/\/www.reciplasa.es\/la-catedra-reciplasa-la-uji-presenta-las-actividades-2018-premios-concursos-alumnado-novedad\/#article","isPartOf":{"@id":"https:\/\/www.reciplasa.es\/la-catedra-reciplasa-la-uji-presenta-las-actividades-2018-premios-concursos-alumnado-novedad\/"},"author":{"name":"Cristina Marco","@id":"https:\/\/www.reciplasa.es\/#\/schema\/person\/608ffc094e3c56d49e6c6ec8f1ea0e82"},"headline":"La C\u00e0tedra Reciplasa de l\u2019UJI presenta les activitats per a 2018 amb premis i concursos per a l\u2019alumnat com a novetat","datePublished":"2018-02-09T08:48:53+00:00","dateModified":"2018-02-09T08:53:29+00:00","mainEntityOfPage":{"@id":"https:\/\/www.reciplasa.es\/la-catedra-reciplasa-la-uji-presenta-las-actividades-2018-premios-concursos-alumnado-novedad\/"},"wordCount":727,"image":{"@id":"https:\/\/www.reciplasa.es\/la-catedra-reciplasa-la-uji-presenta-las-actividades-2018-premios-concursos-alumnado-novedad\/#primaryimage"},"thumbnailUrl":"https:\/\/www.reciplasa.es\/wp-content\/uploads\/2018\/02\/Memoria_Cat_Reciplasa_18DLL68.jpg","articleSection":["C\u00e0tedra Reciplasa-UJI"],"inLanguage":"va-VA"},{"@type":"WebPage","@id":"https:\/\/www.reciplasa.es\/la-catedra-reciplasa-la-uji-presenta-las-actividades-2018-premios-concursos-alumnado-novedad\/","url":"https:\/\/www.reciplasa.es\/la-catedra-reciplasa-la-uji-presenta-las-actividades-2018-premios-concursos-alumnado-novedad\/","name":"La C\u00e0tedra Reciplasa de l\u2019UJI presenta les activitats per a 2018 amb premis i concursos per a l\u2019alumnat com a novetat - RECIPLASA","isPartOf":{"@id":"https:\/\/www.reciplasa.es\/#website"},"primaryImageOfPage":{"@id":"https:\/\/www.reciplasa.es\/la-catedra-reciplasa-la-uji-presenta-las-actividades-2018-premios-concursos-alumnado-novedad\/#primaryimage"},"image":{"@id":"https:\/\/www.reciplasa.es\/la-catedra-reciplasa-la-uji-presenta-las-actividades-2018-premios-concursos-alumnado-novedad\/#primaryimage"},"thumbnailUrl":"https:\/\/www.reciplasa.es\/wp-content\/uploads\/2018\/02\/Memoria_Cat_Reciplasa_18DLL68.jpg","datePublished":"2018-02-09T08:48:53+00:00","dateModified":"2018-02-09T08:53:29+00:00","author":{"@id":"https:\/\/www.reciplasa.es\/#\/schema\/person\/608ffc094e3c56d49e6c6ec8f1ea0e82"},"breadcrumb":{"@id":"https:\/\/www.reciplasa.es\/la-catedra-reciplasa-la-uji-presenta-las-actividades-2018-premios-concursos-alumnado-novedad\/#breadcrumb"},"inLanguage":"va-VA","potentialAction":[{"@type":"ReadAction","target":["https:\/\/www.reciplasa.es\/la-catedra-reciplasa-la-uji-presenta-las-actividades-2018-premios-concursos-alumnado-novedad\/"]}]},{"@type":"ImageObject","inLanguage":"va-VA","@id":"https:\/\/www.reciplasa.es\/la-catedra-reciplasa-la-uji-presenta-las-actividades-2018-premios-concursos-alumnado-novedad\/#primaryimage","url":"https:\/\/www.reciplasa.es\/wp-content\/uploads\/2018\/02\/Memoria_Cat_Reciplasa_18DLL68.jpg","contentUrl":"https:\/\/www.reciplasa.es\/wp-content\/uploads\/2018\/02\/Memoria_Cat_Reciplasa_18DLL68.jpg","width":2870,"height":1913},{"@type":"BreadcrumbList","@id":"https:\/\/www.reciplasa.es\/la-catedra-reciplasa-la-uji-presenta-las-actividades-2018-premios-concursos-alumnado-novedad\/#breadcrumb","itemListElement":[{"@type":"ListItem","position":1,"name":"Portada","item":"https:\/\/www.reciplasa.es\/va\/"},{"@type":"ListItem","position":2,"name":"La C\u00e0tedra Reciplasa de l\u2019UJI presenta les activitats per a 2018 amb premis i concursos per a l\u2019alumnat com a novetat"}]},{"@type":"WebSite","@id":"https:\/\/www.reciplasa.es\/#website","url":"https:\/\/www.reciplasa.es\/","name":"RECIPLASA","description":"Reciclats de Residus La Plana SA","potentialAction":[{"@type":"SearchAction","target":{"@type":"EntryPoint","urlTemplate":"https:\/\/www.reciplasa.es\/?s={search_term_string}"},"query-input":{"@type":"PropertyValueSpecification","valueRequired":true,"valueName":"search_term_string"}}],"inLanguage":"va-VA"},{"@type":"Person","@id":"https:\/\/www.reciplasa.es\/#\/schema\/person\/608ffc094e3c56d49e6c6ec8f1ea0e82","name":"Cristina Marco","image":{"@type":"ImageObject","inLanguage":"va-VA","@id":"https:\/\/secure.gravatar.com\/avatar\/6da7e00dc41d26d3c4245f3b2d70d687293df0dfc18f03719354383f7be4f34b?s=96&d=mm&r=g","url":"https:\/\/secure.gravatar.com\/avatar\/6da7e00dc41d26d3c4245f3b2d70d687293df0dfc18f03719354383f7be4f34b?s=96&d=mm&r=g","contentUrl":"https:\/\/secure.gravatar.com\/avatar\/6da7e00dc41d26d3c4245f3b2d70d687293df0dfc18f03719354383f7be4f34b?s=96&d=mm&r=g","caption":"Cristina Marco"},"url":"https:\/\/www.reciplasa.es\/va\/author\/cristina\/"}]}},"_links":{"self":[{"href":"https:\/\/www.reciplasa.es\/va\/wp-json\/wp\/v2\/posts\/13150","targetHints":{"allow":["GET"]}}],"collection":[{"href":"https:\/\/www.reciplasa.es\/va\/wp-json\/wp\/v2\/posts"}],"about":[{"href":"https:\/\/www.reciplasa.es\/va\/wp-json\/wp\/v2\/types\/post"}],"author":[{"embeddable":true,"href":"https:\/\/www.reciplasa.es\/va\/wp-json\/wp\/v2\/users\/3"}],"replies":[{"embeddable":true,"href":"https:\/\/www.reciplasa.es\/va\/wp-json\/wp\/v2\/comments?post=13150"}],"version-history":[{"count":5,"href":"https:\/\/www.reciplasa.es\/va\/wp-json\/wp\/v2\/posts\/13150\/revisions"}],"predecessor-version":[{"id":13163,"href":"https:\/\/www.reciplasa.es\/va\/wp-json\/wp\/v2\/posts\/13150\/revisions\/13163"}],"wp:featuredmedia":[{"embeddable":true,"href":"https:\/\/www.reciplasa.es\/va\/wp-json\/wp\/v2\/media\/13151"}],"wp:attachment":[{"href":"https:\/\/www.reciplasa.es\/va\/wp-json\/wp\/v2\/media?parent=13150"}],"wp:term":[{"taxonomy":"category","embeddable":true,"href":"https:\/\/www.reciplasa.es\/va\/wp-json\/wp\/v2\/categories?post=13150"},{"taxonomy":"post_tag","embeddable":true,"href":"https:\/\/www.reciplasa.es\/va\/wp-json\/wp\/v2\/tags?post=13150"}],"curies":[{"name":"wp","href":"https:\/\/api.w.org\/{rel}","templated":true}]}}