{"id":13197,"date":"2018-02-16T10:56:14","date_gmt":"2018-02-16T10:56:14","guid":{"rendered":"http:\/\/www.reciplasa.es\/?p=13197\/"},"modified":"2023-07-25T15:00:44","modified_gmt":"2023-07-25T15:00:44","slug":"reciplasa-i-cefire-presenten-fem-amb-fem-concurs-la-gestio-residus-solids-urbans","status":"publish","type":"post","link":"https:\/\/www.reciplasa.es\/va\/reciplasa-i-cefire-presenten-fem-amb-fem-concurs-la-gestio-residus-solids-urbans\/","title":{"rendered":"Reciplasa i el CEFIRE presenten &#8220;Qu\u00e8 fem amb el fem?&#8221;, un concurs sobre la gesti\u00f3 de residus s\u00f2lids urbans"},"content":{"rendered":"<p><i><span style=\"font-weight: 400;\">Estudiants de prim\u00e0ria presentaran maquetes, c\u00f2mics, v\u00eddeo i relats en la web de\u00a0Reciplasa, del 10 de mar\u00e7 fins al 31 de maig de 2018.<\/span><\/i><\/p>\n<p>Reciplasa i el CEFIRE han iniciat una col\u00b7laboraci\u00f3 per a l&#8217;organitzaci\u00f3 el concurs &#8220;Qu\u00e8 fem amb el fem?&#8221;, sobre la gesti\u00f3 dels residus s\u00f2lids urbans i que compta amb el suport de la C\u00e0tedra Reciplasa-UJI sobre la gesti\u00f3 de residus. Els professors han iniciat una formaci\u00f3 espec\u00edfica per a contribuir en el context de dissenyar les seues experi\u00e8ncies d&#8217;aprenentatge sostenible i foment d&#8217;una ciutadania activa i responsable i, posteriorment, les i els alumnes dels docents participants podran presentar uns treballs sobre aquest tema al concurs final. Ali Brancal, presidenta de Reciplasa, ha assistit a la primera classe del curs formatiu que s&#8217;imparteix en el CEFIRE de Castell\u00f3 i ha indicat que &#8220;amb aquest concurs volem conscienciar a les xiquetes i xiquets sobre l&#8217;impacte dels nostres residus en el medi ambient i que ells mateixos proposen maneres de reduir-los, a m\u00e9s de que aquest coneixement es transmeta a les seues fam\u00edlies, fent aix\u00ed, una societat responsable per a avan\u00e7ar cap a un model m\u00e9s sostenible&#8221;.<\/p>\n<p>Les i els estudiants interessats a participar podran presentar-se en qualsevol de les quatre modalitats: maquetes, c\u00f2mics, v\u00eddeo i relats, que hauran d&#8217;estar en valenci\u00e0, castell\u00e0 o angl\u00e8s. Les obres es pujaran en l&#8217;apartat &#8220;Qu\u00e8 fem amb el fem?&#8221; en la p\u00e0gina web de Reciplasa (www.reciplasa.es\/quefemambelfem), del 10 de mar\u00e7 fins al 31 de maig de 2018, all\u00ed tamb\u00e9 trobaran les bases del concurs. El 5 de juny de 2018, Dia Mundial del Medi ambient, es realitzar\u00e0 una jornada on es presentaran les millors obres i es decidiran els guanyadors.<\/p>\n<p><img loading=\"lazy\" decoding=\"async\" class=\"aligncenter wp-image-13193 size-large\" title=\"reciplasa y cefire presentan que fem amb el fem\" src=\"http:\/\/www.reciplasa.es\/wp-content\/uploads\/2018\/02\/IMG_1484-1024x683.jpg\" alt=\"\" width=\"800\" height=\"534\" srcset=\"https:\/\/www.reciplasa.es\/wp-content\/uploads\/2018\/02\/IMG_1484-1024x683.jpg 1024w, https:\/\/www.reciplasa.es\/wp-content\/uploads\/2018\/02\/IMG_1484-300x200.jpg 300w, https:\/\/www.reciplasa.es\/wp-content\/uploads\/2018\/02\/IMG_1484-768x512.jpg 768w\" sizes=\"auto, (max-width: 800px) 100vw, 800px\" \/><\/p>\n<p>Ali Brancal, anima a que &#8220;l\u2019alumnat, els seus familiars i el professorat participe en aquesta iniciativa perqu\u00e8 viuran una bonica experi\u00e8ncia, descobriran coses noves i li&#8217;l passaran molt b\u00e9. Ells ens presentaran i ensenyaran amb els seus projectes noves formes de gestionar els nostres residus i estic segura que nosaltres tamb\u00e9 aprendrem molt d&#8217;ells. L&#8217;objectiu \u00e9s aproximar la gesti\u00f3 dels residus a la societat, ja que existeix un gran desconeixement sobre a\u00e7\u00f2, reduir la quantitat de residus del nostre entorn, refor\u00e7ar el coneixement en les tipologies de residus i la seua gesti\u00f3, millorar la recollida selectiva, ja que des de Reciplasa tenim el convenciment que cal reduir els costos econ\u00f2mics i ecol\u00f2gics del tractament del fem&#8221;.<\/p>\n","protected":false},"excerpt":{"rendered":"<p>Estudiants de prim\u00e0ria presentaran maquetes, c\u00f2mics, v\u00eddeo i relats en la web de\u00a0Reciplasa, del 10 de mar\u00e7 fins al 31 de maig de 2018. Reciplasa i el CEFIRE han iniciat una col\u00b7laboraci\u00f3 per a l&#8217;organitzaci\u00f3 el concurs &#8220;Qu\u00e8 fem amb el fem?&#8221;, sobre la gesti\u00f3 dels residus s\u00f2lids urbans i que compta amb el suportDale que hay m\u00e1s &#8230;<\/p>\n","protected":false},"author":3,"featured_media":13192,"comment_status":"closed","ping_status":"closed","sticky":false,"template":"","format":"standard","meta":{"footnotes":""},"categories":[88],"tags":[],"class_list":["post-13197","post","type-post","status-publish","format-standard","has-post-thumbnail","hentry","category-catedra-reciplasa-uji"],"yoast_head":"<!-- This site is optimized with the Yoast SEO plugin v27.4 - https:\/\/yoast.com\/product\/yoast-seo-wordpress\/ -->\n<title>Reciplasa i el CEFIRE presenten &quot;Qu\u00e8 fem amb el fem?&quot;, un concurs sobre la gesti\u00f3 de residus s\u00f2lids urbans - RECIPLASA<\/title>\n<meta name=\"robots\" content=\"index, follow, max-snippet:-1, max-image-preview:large, max-video-preview:-1\" \/>\n<link rel=\"canonical\" href=\"https:\/\/www.reciplasa.es\/reciplasa-cefire-presentan-fem-amb-fem-concurso-la-gestion-residuos-solidos-urbanos\/\" \/>\n<meta property=\"og:locale\" content=\"en_US\" \/>\n<meta property=\"og:type\" content=\"article\" \/>\n<meta property=\"og:title\" content=\"Reciplasa i el CEFIRE presenten &quot;Qu\u00e8 fem amb el fem?&quot;, un concurs sobre la gesti\u00f3 de residus s\u00f2lids urbans - RECIPLASA\" \/>\n<meta property=\"og:description\" content=\"Estudiants de prim\u00e0ria presentaran maquetes, c\u00f2mics, v\u00eddeo i relats en la web de\u00a0Reciplasa, del 10 de mar\u00e7 fins al 31 de maig de 2018. Reciplasa i el CEFIRE han iniciat una col\u00b7laboraci\u00f3 per a l&#8217;organitzaci\u00f3 el concurs &#8220;Qu\u00e8 fem amb el fem?&#8221;, sobre la gesti\u00f3 dels residus s\u00f2lids urbans i que compta amb el suportDale que hay m\u00e1s ...\" \/>\n<meta property=\"og:url\" content=\"https:\/\/www.reciplasa.es\/reciplasa-cefire-presentan-fem-amb-fem-concurso-la-gestion-residuos-solidos-urbanos\/\" \/>\n<meta property=\"og:site_name\" content=\"RECIPLASA\" \/>\n<meta property=\"article:published_time\" content=\"2018-02-16T10:56:14+00:00\" \/>\n<meta property=\"article:modified_time\" content=\"2023-07-25T15:00:44+00:00\" \/>\n<meta property=\"og:image\" content=\"https:\/\/www.reciplasa.es\/wp-content\/uploads\/2018\/02\/IMG_1475.jpg\" \/>\n\t<meta property=\"og:image:width\" content=\"3888\" \/>\n\t<meta property=\"og:image:height\" content=\"2592\" \/>\n\t<meta property=\"og:image:type\" content=\"image\/jpeg\" \/>\n<meta name=\"author\" content=\"Cristina Marco\" \/>\n<meta name=\"twitter:card\" content=\"summary_large_image\" \/>\n<meta name=\"twitter:label1\" content=\"Written by\" \/>\n\t<meta name=\"twitter:data1\" content=\"Cristina Marco\" \/>\n\t<meta name=\"twitter:label2\" content=\"Est. reading time\" \/>\n\t<meta name=\"twitter:data2\" content=\"2 minutes\" \/>\n<script type=\"application\/ld+json\" class=\"yoast-schema-graph\">{\"@context\":\"https:\\\/\\\/schema.org\",\"@graph\":[{\"@type\":\"Article\",\"@id\":\"https:\\\/\\\/www.reciplasa.es\\\/reciplasa-cefire-presentan-fem-amb-fem-concurso-la-gestion-residuos-solidos-urbanos\\\/#article\",\"isPartOf\":{\"@id\":\"https:\\\/\\\/www.reciplasa.es\\\/reciplasa-cefire-presentan-fem-amb-fem-concurso-la-gestion-residuos-solidos-urbanos\\\/\"},\"author\":{\"name\":\"Cristina Marco\",\"@id\":\"https:\\\/\\\/www.reciplasa.es\\\/#\\\/schema\\\/person\\\/608ffc094e3c56d49e6c6ec8f1ea0e82\"},\"headline\":\"Reciplasa i el CEFIRE presenten &#8220;Qu\u00e8 fem amb el fem?&#8221;, un concurs sobre la gesti\u00f3 de residus s\u00f2lids urbans\",\"datePublished\":\"2018-02-16T10:56:14+00:00\",\"dateModified\":\"2023-07-25T15:00:44+00:00\",\"mainEntityOfPage\":{\"@id\":\"https:\\\/\\\/www.reciplasa.es\\\/reciplasa-cefire-presentan-fem-amb-fem-concurso-la-gestion-residuos-solidos-urbanos\\\/\"},\"wordCount\":441,\"image\":{\"@id\":\"https:\\\/\\\/www.reciplasa.es\\\/reciplasa-cefire-presentan-fem-amb-fem-concurso-la-gestion-residuos-solidos-urbanos\\\/#primaryimage\"},\"thumbnailUrl\":\"https:\\\/\\\/www.reciplasa.es\\\/wp-content\\\/uploads\\\/2018\\\/02\\\/IMG_1475.jpg\",\"articleSection\":[\"C\u00e0tedra Reciplasa-UJI\"],\"inLanguage\":\"va-VA\"},{\"@type\":\"WebPage\",\"@id\":\"https:\\\/\\\/www.reciplasa.es\\\/reciplasa-cefire-presentan-fem-amb-fem-concurso-la-gestion-residuos-solidos-urbanos\\\/\",\"url\":\"https:\\\/\\\/www.reciplasa.es\\\/reciplasa-cefire-presentan-fem-amb-fem-concurso-la-gestion-residuos-solidos-urbanos\\\/\",\"name\":\"Reciplasa i el CEFIRE presenten \\\"Qu\u00e8 fem amb el fem?\\\", un concurs sobre la gesti\u00f3 de residus s\u00f2lids urbans - RECIPLASA\",\"isPartOf\":{\"@id\":\"https:\\\/\\\/www.reciplasa.es\\\/#website\"},\"primaryImageOfPage\":{\"@id\":\"https:\\\/\\\/www.reciplasa.es\\\/reciplasa-cefire-presentan-fem-amb-fem-concurso-la-gestion-residuos-solidos-urbanos\\\/#primaryimage\"},\"image\":{\"@id\":\"https:\\\/\\\/www.reciplasa.es\\\/reciplasa-cefire-presentan-fem-amb-fem-concurso-la-gestion-residuos-solidos-urbanos\\\/#primaryimage\"},\"thumbnailUrl\":\"https:\\\/\\\/www.reciplasa.es\\\/wp-content\\\/uploads\\\/2018\\\/02\\\/IMG_1475.jpg\",\"datePublished\":\"2018-02-16T10:56:14+00:00\",\"dateModified\":\"2023-07-25T15:00:44+00:00\",\"author\":{\"@id\":\"https:\\\/\\\/www.reciplasa.es\\\/#\\\/schema\\\/person\\\/608ffc094e3c56d49e6c6ec8f1ea0e82\"},\"breadcrumb\":{\"@id\":\"https:\\\/\\\/www.reciplasa.es\\\/reciplasa-cefire-presentan-fem-amb-fem-concurso-la-gestion-residuos-solidos-urbanos\\\/#breadcrumb\"},\"inLanguage\":\"va-VA\",\"potentialAction\":[{\"@type\":\"ReadAction\",\"target\":[\"https:\\\/\\\/www.reciplasa.es\\\/reciplasa-cefire-presentan-fem-amb-fem-concurso-la-gestion-residuos-solidos-urbanos\\\/\"]}]},{\"@type\":\"ImageObject\",\"inLanguage\":\"va-VA\",\"@id\":\"https:\\\/\\\/www.reciplasa.es\\\/reciplasa-cefire-presentan-fem-amb-fem-concurso-la-gestion-residuos-solidos-urbanos\\\/#primaryimage\",\"url\":\"https:\\\/\\\/www.reciplasa.es\\\/wp-content\\\/uploads\\\/2018\\\/02\\\/IMG_1475.jpg\",\"contentUrl\":\"https:\\\/\\\/www.reciplasa.es\\\/wp-content\\\/uploads\\\/2018\\\/02\\\/IMG_1475.jpg\",\"width\":3888,\"height\":2592},{\"@type\":\"BreadcrumbList\",\"@id\":\"https:\\\/\\\/www.reciplasa.es\\\/reciplasa-cefire-presentan-fem-amb-fem-concurso-la-gestion-residuos-solidos-urbanos\\\/#breadcrumb\",\"itemListElement\":[{\"@type\":\"ListItem\",\"position\":1,\"name\":\"Portada\",\"item\":\"https:\\\/\\\/www.reciplasa.es\\\/va\\\/\"},{\"@type\":\"ListItem\",\"position\":2,\"name\":\"Reciplasa i el CEFIRE presenten &#8220;Qu\u00e8 fem amb el fem?&#8221;, un concurs sobre la gesti\u00f3 de residus s\u00f2lids urbans\"}]},{\"@type\":\"WebSite\",\"@id\":\"https:\\\/\\\/www.reciplasa.es\\\/#website\",\"url\":\"https:\\\/\\\/www.reciplasa.es\\\/\",\"name\":\"RECIPLASA\",\"description\":\"Reciclats de Residus La Plana SA\",\"potentialAction\":[{\"@type\":\"SearchAction\",\"target\":{\"@type\":\"EntryPoint\",\"urlTemplate\":\"https:\\\/\\\/www.reciplasa.es\\\/?s={search_term_string}\"},\"query-input\":{\"@type\":\"PropertyValueSpecification\",\"valueRequired\":true,\"valueName\":\"search_term_string\"}}],\"inLanguage\":\"va-VA\"},{\"@type\":\"Person\",\"@id\":\"https:\\\/\\\/www.reciplasa.es\\\/#\\\/schema\\\/person\\\/608ffc094e3c56d49e6c6ec8f1ea0e82\",\"name\":\"Cristina Marco\",\"image\":{\"@type\":\"ImageObject\",\"inLanguage\":\"va-VA\",\"@id\":\"https:\\\/\\\/secure.gravatar.com\\\/avatar\\\/6da7e00dc41d26d3c4245f3b2d70d687293df0dfc18f03719354383f7be4f34b?s=96&d=mm&r=g\",\"url\":\"https:\\\/\\\/secure.gravatar.com\\\/avatar\\\/6da7e00dc41d26d3c4245f3b2d70d687293df0dfc18f03719354383f7be4f34b?s=96&d=mm&r=g\",\"contentUrl\":\"https:\\\/\\\/secure.gravatar.com\\\/avatar\\\/6da7e00dc41d26d3c4245f3b2d70d687293df0dfc18f03719354383f7be4f34b?s=96&d=mm&r=g\",\"caption\":\"Cristina Marco\"},\"url\":\"https:\\\/\\\/www.reciplasa.es\\\/va\\\/author\\\/cristina\\\/\"}]}<\/script>\n<!-- \/ Yoast SEO plugin. -->","yoast_head_json":{"title":"Reciplasa i el CEFIRE presenten \"Qu\u00e8 fem amb el fem?\", un concurs sobre la gesti\u00f3 de residus s\u00f2lids urbans - RECIPLASA","robots":{"index":"index","follow":"follow","max-snippet":"max-snippet:-1","max-image-preview":"max-image-preview:large","max-video-preview":"max-video-preview:-1"},"canonical":"https:\/\/www.reciplasa.es\/reciplasa-cefire-presentan-fem-amb-fem-concurso-la-gestion-residuos-solidos-urbanos\/","og_locale":"en_US","og_type":"article","og_title":"Reciplasa i el CEFIRE presenten \"Qu\u00e8 fem amb el fem?\", un concurs sobre la gesti\u00f3 de residus s\u00f2lids urbans - RECIPLASA","og_description":"Estudiants de prim\u00e0ria presentaran maquetes, c\u00f2mics, v\u00eddeo i relats en la web de\u00a0Reciplasa, del 10 de mar\u00e7 fins al 31 de maig de 2018. Reciplasa i el CEFIRE han iniciat una col\u00b7laboraci\u00f3 per a l&#8217;organitzaci\u00f3 el concurs &#8220;Qu\u00e8 fem amb el fem?&#8221;, sobre la gesti\u00f3 dels residus s\u00f2lids urbans i que compta amb el suportDale que hay m\u00e1s ...","og_url":"https:\/\/www.reciplasa.es\/reciplasa-cefire-presentan-fem-amb-fem-concurso-la-gestion-residuos-solidos-urbanos\/","og_site_name":"RECIPLASA","article_published_time":"2018-02-16T10:56:14+00:00","article_modified_time":"2023-07-25T15:00:44+00:00","og_image":[{"width":3888,"height":2592,"url":"https:\/\/www.reciplasa.es\/wp-content\/uploads\/2018\/02\/IMG_1475.jpg","type":"image\/jpeg"}],"author":"Cristina Marco","twitter_card":"summary_large_image","twitter_misc":{"Written by":"Cristina Marco","Est. reading time":"2 minutes"},"schema":{"@context":"https:\/\/schema.org","@graph":[{"@type":"Article","@id":"https:\/\/www.reciplasa.es\/reciplasa-cefire-presentan-fem-amb-fem-concurso-la-gestion-residuos-solidos-urbanos\/#article","isPartOf":{"@id":"https:\/\/www.reciplasa.es\/reciplasa-cefire-presentan-fem-amb-fem-concurso-la-gestion-residuos-solidos-urbanos\/"},"author":{"name":"Cristina Marco","@id":"https:\/\/www.reciplasa.es\/#\/schema\/person\/608ffc094e3c56d49e6c6ec8f1ea0e82"},"headline":"Reciplasa i el CEFIRE presenten &#8220;Qu\u00e8 fem amb el fem?&#8221;, un concurs sobre la gesti\u00f3 de residus s\u00f2lids urbans","datePublished":"2018-02-16T10:56:14+00:00","dateModified":"2023-07-25T15:00:44+00:00","mainEntityOfPage":{"@id":"https:\/\/www.reciplasa.es\/reciplasa-cefire-presentan-fem-amb-fem-concurso-la-gestion-residuos-solidos-urbanos\/"},"wordCount":441,"image":{"@id":"https:\/\/www.reciplasa.es\/reciplasa-cefire-presentan-fem-amb-fem-concurso-la-gestion-residuos-solidos-urbanos\/#primaryimage"},"thumbnailUrl":"https:\/\/www.reciplasa.es\/wp-content\/uploads\/2018\/02\/IMG_1475.jpg","articleSection":["C\u00e0tedra Reciplasa-UJI"],"inLanguage":"va-VA"},{"@type":"WebPage","@id":"https:\/\/www.reciplasa.es\/reciplasa-cefire-presentan-fem-amb-fem-concurso-la-gestion-residuos-solidos-urbanos\/","url":"https:\/\/www.reciplasa.es\/reciplasa-cefire-presentan-fem-amb-fem-concurso-la-gestion-residuos-solidos-urbanos\/","name":"Reciplasa i el CEFIRE presenten \"Qu\u00e8 fem amb el fem?\", un concurs sobre la gesti\u00f3 de residus s\u00f2lids urbans - RECIPLASA","isPartOf":{"@id":"https:\/\/www.reciplasa.es\/#website"},"primaryImageOfPage":{"@id":"https:\/\/www.reciplasa.es\/reciplasa-cefire-presentan-fem-amb-fem-concurso-la-gestion-residuos-solidos-urbanos\/#primaryimage"},"image":{"@id":"https:\/\/www.reciplasa.es\/reciplasa-cefire-presentan-fem-amb-fem-concurso-la-gestion-residuos-solidos-urbanos\/#primaryimage"},"thumbnailUrl":"https:\/\/www.reciplasa.es\/wp-content\/uploads\/2018\/02\/IMG_1475.jpg","datePublished":"2018-02-16T10:56:14+00:00","dateModified":"2023-07-25T15:00:44+00:00","author":{"@id":"https:\/\/www.reciplasa.es\/#\/schema\/person\/608ffc094e3c56d49e6c6ec8f1ea0e82"},"breadcrumb":{"@id":"https:\/\/www.reciplasa.es\/reciplasa-cefire-presentan-fem-amb-fem-concurso-la-gestion-residuos-solidos-urbanos\/#breadcrumb"},"inLanguage":"va-VA","potentialAction":[{"@type":"ReadAction","target":["https:\/\/www.reciplasa.es\/reciplasa-cefire-presentan-fem-amb-fem-concurso-la-gestion-residuos-solidos-urbanos\/"]}]},{"@type":"ImageObject","inLanguage":"va-VA","@id":"https:\/\/www.reciplasa.es\/reciplasa-cefire-presentan-fem-amb-fem-concurso-la-gestion-residuos-solidos-urbanos\/#primaryimage","url":"https:\/\/www.reciplasa.es\/wp-content\/uploads\/2018\/02\/IMG_1475.jpg","contentUrl":"https:\/\/www.reciplasa.es\/wp-content\/uploads\/2018\/02\/IMG_1475.jpg","width":3888,"height":2592},{"@type":"BreadcrumbList","@id":"https:\/\/www.reciplasa.es\/reciplasa-cefire-presentan-fem-amb-fem-concurso-la-gestion-residuos-solidos-urbanos\/#breadcrumb","itemListElement":[{"@type":"ListItem","position":1,"name":"Portada","item":"https:\/\/www.reciplasa.es\/va\/"},{"@type":"ListItem","position":2,"name":"Reciplasa i el CEFIRE presenten &#8220;Qu\u00e8 fem amb el fem?&#8221;, un concurs sobre la gesti\u00f3 de residus s\u00f2lids urbans"}]},{"@type":"WebSite","@id":"https:\/\/www.reciplasa.es\/#website","url":"https:\/\/www.reciplasa.es\/","name":"RECIPLASA","description":"Reciclats de Residus La Plana SA","potentialAction":[{"@type":"SearchAction","target":{"@type":"EntryPoint","urlTemplate":"https:\/\/www.reciplasa.es\/?s={search_term_string}"},"query-input":{"@type":"PropertyValueSpecification","valueRequired":true,"valueName":"search_term_string"}}],"inLanguage":"va-VA"},{"@type":"Person","@id":"https:\/\/www.reciplasa.es\/#\/schema\/person\/608ffc094e3c56d49e6c6ec8f1ea0e82","name":"Cristina Marco","image":{"@type":"ImageObject","inLanguage":"va-VA","@id":"https:\/\/secure.gravatar.com\/avatar\/6da7e00dc41d26d3c4245f3b2d70d687293df0dfc18f03719354383f7be4f34b?s=96&d=mm&r=g","url":"https:\/\/secure.gravatar.com\/avatar\/6da7e00dc41d26d3c4245f3b2d70d687293df0dfc18f03719354383f7be4f34b?s=96&d=mm&r=g","contentUrl":"https:\/\/secure.gravatar.com\/avatar\/6da7e00dc41d26d3c4245f3b2d70d687293df0dfc18f03719354383f7be4f34b?s=96&d=mm&r=g","caption":"Cristina Marco"},"url":"https:\/\/www.reciplasa.es\/va\/author\/cristina\/"}]}},"_links":{"self":[{"href":"https:\/\/www.reciplasa.es\/va\/wp-json\/wp\/v2\/posts\/13197","targetHints":{"allow":["GET"]}}],"collection":[{"href":"https:\/\/www.reciplasa.es\/va\/wp-json\/wp\/v2\/posts"}],"about":[{"href":"https:\/\/www.reciplasa.es\/va\/wp-json\/wp\/v2\/types\/post"}],"author":[{"embeddable":true,"href":"https:\/\/www.reciplasa.es\/va\/wp-json\/wp\/v2\/users\/3"}],"replies":[{"embeddable":true,"href":"https:\/\/www.reciplasa.es\/va\/wp-json\/wp\/v2\/comments?post=13197"}],"version-history":[{"count":2,"href":"https:\/\/www.reciplasa.es\/va\/wp-json\/wp\/v2\/posts\/13197\/revisions"}],"predecessor-version":[{"id":13199,"href":"https:\/\/www.reciplasa.es\/va\/wp-json\/wp\/v2\/posts\/13197\/revisions\/13199"}],"wp:featuredmedia":[{"embeddable":true,"href":"https:\/\/www.reciplasa.es\/va\/wp-json\/wp\/v2\/media\/13192"}],"wp:attachment":[{"href":"https:\/\/www.reciplasa.es\/va\/wp-json\/wp\/v2\/media?parent=13197"}],"wp:term":[{"taxonomy":"category","embeddable":true,"href":"https:\/\/www.reciplasa.es\/va\/wp-json\/wp\/v2\/categories?post=13197"},{"taxonomy":"post_tag","embeddable":true,"href":"https:\/\/www.reciplasa.es\/va\/wp-json\/wp\/v2\/tags?post=13197"}],"curies":[{"name":"wp","href":"https:\/\/api.w.org\/{rel}","templated":true}]}}