{"id":13246,"date":"2018-03-21T09:40:28","date_gmt":"2018-03-21T09:40:28","guid":{"rendered":"http:\/\/www.reciplasa.es\/?p=13246\/"},"modified":"2018-04-04T08:58:45","modified_gmt":"2018-04-04T08:58:45","slug":"la-catedra-reciplasa-premiara-al-millor-tfg-i-tfm-la-gestio-residus-reciclatge-i-medi-ambient","status":"publish","type":"post","link":"https:\/\/www.reciplasa.es\/va\/la-catedra-reciplasa-premiara-al-millor-tfg-i-tfm-la-gestio-residus-reciclatge-i-medi-ambient\/","title":{"rendered":"La C\u00e0tedra Reciplasa premiar\u00e0 al millor TFG i TFM sobre la gesti\u00f3 de residus, el reciclatge i el medi ambient"},"content":{"rendered":"<p><i><span style=\"font-weight: 400;\">L&#8217;objectiu d&#8217;aquests premis \u00e9s\u00a0incentivar els treballs relacionats amb els fins de la C\u00e0tedra Reciplasa de la Gesti\u00f2 de Residus Urbans de la Universitat Jaume I entre els estudiants.<\/span><\/i><\/p>\n<p>La C\u00e0tedra Reciplasa ha organitzat\u00a0la convocat\u00f2ria del I premi al millor projecte de final de grau (TFG) i final de m\u00e0ster (TFM) relacionats amb la gesti\u00f3 de residus, el reciclatge i el medi ambient.\u00a0L\u2019import global destinat a la concessi\u00f3 d\u2019aquests dos premis \u00e9s de 1.000\u20ac a c\u00e0rrec de la C\u00e0tedra Reciplasa. Els premis que s\u2019atorguen s\u00f3n individualitzats, el millor TFG rebr\u00e0 400\u20ac i el millor TFM 600\u20ac. Ali Brancal, presidenta de Reciplasa i vicealcaldesa de Castell\u00f3, afirma que &#8220;l&#8217;objectiu\u00a0d&#8217;aquests premis \u00e9s incentivar els treballs relacionats amb els fins de la C\u00e0tedra Reciplasa\u00a0que s\u00f3n la gesti\u00f3\u00a0de residus urbans (RSU) entre els estudiants de grau i de m\u00e0ster i que aquests nous coneixements servisquen per a millorar la problem\u00e0tica existent sobre els residus\u00a0i avan\u00e7ar cap a una societat m\u00e9s sostenible&#8221;.<\/p>\n<p>La convocat\u00f2ria ja est\u00e0 oberta i pot participar qualsevol persona major de 18 anys que haja defensat el seu projecte final de grau o projecte final de m\u00e0ster en l&#8217;UJI, durant 2017 i 2018, en \u00e0rees d\u2019investigaci\u00f3 relacionades amb la C\u00e0tedra Reciplasa. La documentaci\u00f3 per poder participar deu enviar-se en format PDF a la direcci\u00f3 electr\u00f2nica\u00a0<a href=\"mailto:catedrareciplasa@uji.es\" target=\"_blank\" rel=\"noopener noreferrer\">catedrareciplasa@uji.es<\/a>\u00a0abans del <strong>30 d\u2019Octubre de 2018<\/strong>\u00a0i es deu indicar a l\u2019assumpte: \u201cPremis C\u00e0tedra Reciplasa\u201d. Per a qualsevol aclariment, podeu adre\u00e7ar-vos a\u00a0<a href=\"mailto:catedrareciplasa@uji.es\" target=\"_blank\" rel=\"noopener noreferrer\">catedrareciplasa@uji.es<\/a>,\u00a0<a href=\"mailto:casales@uji.es\" target=\"_blank\" rel=\"noopener noreferrer\">casales@uji.es<\/a>\u00a0o al director de la c\u00e0tedra, el professor F\u00e9lix Hern\u00e1ndez\u00a0<a href=\"mailto:hernandf@uji.es\" target=\"_blank\" rel=\"noopener noreferrer\">hernandf@uji.es<\/a>. Una vegada finalitzat el termini es presentar\u00e0 una llista amb els treballs admesos i exclosos i hi haur\u00e0 deu dies per a per esmenar els motius d\u2019exclusi\u00f3. El jurat elegir\u00e0 entre aquests, els treballs guanyadors segons els criteris publicats en les bases de la convocat\u00f2ria. Les notificacions i resoluci\u00f3 dels premis es publicaran en la <a href=\"http:\/\/catedrareciplasa.uji.es\/es\/home-alternativa\/\">p\u00e0gina web de la C\u00e0tedra Reciplasa<\/a>.<\/p>\n<p>Ali Brancal, conclou dient que &#8220;des de Reciplasa estem molt implicats en la investigaci\u00f3 per aix\u00f2 participem en aquest concurs, entre altres iniciatives, ja que aquesta ens permetr\u00e0 avan\u00e7ar i aconseguir els objectius de sostenibilitat de la Uni\u00f3 Europea. A m\u00e9s a m\u00e9s,\u00a0volem fomentar la doc\u00e8ncia, la difusi\u00f3 del coneixement i la innovaci\u00f3 en el sector de gesti\u00f3 i tractament de residus s\u00f2lids urbans&#8221; i afig que &#8220;per aix\u00f2 animem a totes i tos els estudiants a que participen en estos premis, que comptaran amb un acte de concessi\u00f3 dels premis, per a donar major visibilitat&#8221;.<\/p>\n<p>En aquest enlla\u00e7 teniu\u00a0les <strong><a href=\"http:\/\/www.reciplasa.es\/wp-content\/uploads\/2013\/12\/BASES-DE-LA-CONVOCAT\u00d2RIA-DEL-I-PREMI-AL-MILLOR-PROJECTE-FINAL-DE-GRADO-Y-FINAL-DE-M\u00c1STER-DE-LA-C\u00c1TEDRA-RECIPLASA-DE-LA-GESTI\u00d3N-DE-RESIDUOS-URBANOS-DE-LA-UNIVERSITAT-JAUME-I-DE-CASTELL.pdf\">bases de la convocat\u00f2ria<\/a><\/strong>\u00a0per a poder participar en\u00a0el I premi al millor projecte de final de grau i final de m\u00e0ster de la C\u00e0tedra Reciplasa dels Residus Urbans.<\/p>\n<p>&nbsp;<\/p>\n","protected":false},"excerpt":{"rendered":"<p>L&#8217;objectiu d&#8217;aquests premis \u00e9s\u00a0incentivar els treballs relacionats amb els fins de la C\u00e0tedra Reciplasa de la Gesti\u00f2 de Residus Urbans de la Universitat Jaume I entre els estudiants. La C\u00e0tedra Reciplasa ha organitzat\u00a0la convocat\u00f2ria del I premi al millor projecte de final de grau (TFG) i final de m\u00e0ster (TFM) relacionats amb la gesti\u00f3 deDale que hay m\u00e1s &#8230;<\/p>\n","protected":false},"author":3,"featured_media":13248,"comment_status":"closed","ping_status":"closed","sticky":false,"template":"","format":"standard","meta":{"footnotes":""},"categories":[88],"tags":[],"class_list":["post-13246","post","type-post","status-publish","format-standard","has-post-thumbnail","hentry","category-catedra-reciplasa-uji"],"yoast_head":"<!-- This site is optimized with the Yoast SEO plugin v27.4 - https:\/\/yoast.com\/product\/yoast-seo-wordpress\/ -->\n<title>La C\u00e0tedra Reciplasa premiar\u00e0 al millor TFG i TFM sobre la gesti\u00f3 de residus, el reciclatge i el medi ambient - RECIPLASA<\/title>\n<meta name=\"robots\" content=\"index, follow, max-snippet:-1, max-image-preview:large, max-video-preview:-1\" \/>\n<link rel=\"canonical\" href=\"https:\/\/www.reciplasa.es\/la-catedra-reciplasa-premiara-al-mejor-tfg-tfm-la-gestion-residuos-reciclaje-medio-ambiente\/\" \/>\n<meta property=\"og:locale\" content=\"en_US\" \/>\n<meta property=\"og:type\" content=\"article\" \/>\n<meta property=\"og:title\" content=\"La C\u00e0tedra Reciplasa premiar\u00e0 al millor TFG i TFM sobre la gesti\u00f3 de residus, el reciclatge i el medi ambient - RECIPLASA\" \/>\n<meta property=\"og:description\" content=\"L&#8217;objectiu d&#8217;aquests premis \u00e9s\u00a0incentivar els treballs relacionats amb els fins de la C\u00e0tedra Reciplasa de la Gesti\u00f2 de Residus Urbans de la Universitat Jaume I entre els estudiants. La C\u00e0tedra Reciplasa ha organitzat\u00a0la convocat\u00f2ria del I premi al millor projecte de final de grau (TFG) i final de m\u00e0ster (TFM) relacionats amb la gesti\u00f3 deDale que hay m\u00e1s ...\" \/>\n<meta property=\"og:url\" content=\"https:\/\/www.reciplasa.es\/la-catedra-reciplasa-premiara-al-mejor-tfg-tfm-la-gestion-residuos-reciclaje-medio-ambiente\/\" \/>\n<meta property=\"og:site_name\" content=\"RECIPLASA\" \/>\n<meta property=\"article:published_time\" content=\"2018-03-21T09:40:28+00:00\" \/>\n<meta property=\"article:modified_time\" content=\"2018-04-04T08:58:45+00:00\" \/>\n<meta property=\"og:image\" content=\"https:\/\/www.reciplasa.es\/wp-content\/uploads\/2018\/03\/com-fotonoticies-arxiu-2016-02-18-conveni-reciplasa-fotos-grans-Conveni_Reciplasa_16DLL50.jpg\" \/>\n\t<meta property=\"og:image:width\" content=\"3031\" \/>\n\t<meta property=\"og:image:height\" content=\"2021\" \/>\n\t<meta property=\"og:image:type\" content=\"image\/jpeg\" \/>\n<meta name=\"author\" content=\"Cristina Marco\" \/>\n<meta name=\"twitter:card\" content=\"summary_large_image\" \/>\n<meta name=\"twitter:label1\" content=\"Written by\" \/>\n\t<meta name=\"twitter:data1\" content=\"Cristina Marco\" \/>\n\t<meta name=\"twitter:label2\" content=\"Est. reading time\" \/>\n\t<meta name=\"twitter:data2\" content=\"2 minutes\" \/>\n<script type=\"application\/ld+json\" class=\"yoast-schema-graph\">{\"@context\":\"https:\\\/\\\/schema.org\",\"@graph\":[{\"@type\":\"Article\",\"@id\":\"https:\\\/\\\/www.reciplasa.es\\\/la-catedra-reciplasa-premiara-al-mejor-tfg-tfm-la-gestion-residuos-reciclaje-medio-ambiente\\\/#article\",\"isPartOf\":{\"@id\":\"https:\\\/\\\/www.reciplasa.es\\\/la-catedra-reciplasa-premiara-al-mejor-tfg-tfm-la-gestion-residuos-reciclaje-medio-ambiente\\\/\"},\"author\":{\"name\":\"Cristina Marco\",\"@id\":\"https:\\\/\\\/www.reciplasa.es\\\/#\\\/schema\\\/person\\\/608ffc094e3c56d49e6c6ec8f1ea0e82\"},\"headline\":\"La C\u00e0tedra Reciplasa premiar\u00e0 al millor TFG i TFM sobre la gesti\u00f3 de residus, el reciclatge i el medi ambient\",\"datePublished\":\"2018-03-21T09:40:28+00:00\",\"dateModified\":\"2018-04-04T08:58:45+00:00\",\"mainEntityOfPage\":{\"@id\":\"https:\\\/\\\/www.reciplasa.es\\\/la-catedra-reciplasa-premiara-al-mejor-tfg-tfm-la-gestion-residuos-reciclaje-medio-ambiente\\\/\"},\"wordCount\":515,\"image\":{\"@id\":\"https:\\\/\\\/www.reciplasa.es\\\/la-catedra-reciplasa-premiara-al-mejor-tfg-tfm-la-gestion-residuos-reciclaje-medio-ambiente\\\/#primaryimage\"},\"thumbnailUrl\":\"https:\\\/\\\/www.reciplasa.es\\\/wp-content\\\/uploads\\\/2018\\\/03\\\/com-fotonoticies-arxiu-2016-02-18-conveni-reciplasa-fotos-grans-Conveni_Reciplasa_16DLL50.jpg\",\"articleSection\":[\"C\u00e0tedra Reciplasa-UJI\"],\"inLanguage\":\"va-VA\"},{\"@type\":\"WebPage\",\"@id\":\"https:\\\/\\\/www.reciplasa.es\\\/la-catedra-reciplasa-premiara-al-mejor-tfg-tfm-la-gestion-residuos-reciclaje-medio-ambiente\\\/\",\"url\":\"https:\\\/\\\/www.reciplasa.es\\\/la-catedra-reciplasa-premiara-al-mejor-tfg-tfm-la-gestion-residuos-reciclaje-medio-ambiente\\\/\",\"name\":\"La C\u00e0tedra Reciplasa premiar\u00e0 al millor TFG i TFM sobre la gesti\u00f3 de residus, el reciclatge i el medi ambient - RECIPLASA\",\"isPartOf\":{\"@id\":\"https:\\\/\\\/www.reciplasa.es\\\/#website\"},\"primaryImageOfPage\":{\"@id\":\"https:\\\/\\\/www.reciplasa.es\\\/la-catedra-reciplasa-premiara-al-mejor-tfg-tfm-la-gestion-residuos-reciclaje-medio-ambiente\\\/#primaryimage\"},\"image\":{\"@id\":\"https:\\\/\\\/www.reciplasa.es\\\/la-catedra-reciplasa-premiara-al-mejor-tfg-tfm-la-gestion-residuos-reciclaje-medio-ambiente\\\/#primaryimage\"},\"thumbnailUrl\":\"https:\\\/\\\/www.reciplasa.es\\\/wp-content\\\/uploads\\\/2018\\\/03\\\/com-fotonoticies-arxiu-2016-02-18-conveni-reciplasa-fotos-grans-Conveni_Reciplasa_16DLL50.jpg\",\"datePublished\":\"2018-03-21T09:40:28+00:00\",\"dateModified\":\"2018-04-04T08:58:45+00:00\",\"author\":{\"@id\":\"https:\\\/\\\/www.reciplasa.es\\\/#\\\/schema\\\/person\\\/608ffc094e3c56d49e6c6ec8f1ea0e82\"},\"breadcrumb\":{\"@id\":\"https:\\\/\\\/www.reciplasa.es\\\/la-catedra-reciplasa-premiara-al-mejor-tfg-tfm-la-gestion-residuos-reciclaje-medio-ambiente\\\/#breadcrumb\"},\"inLanguage\":\"va-VA\",\"potentialAction\":[{\"@type\":\"ReadAction\",\"target\":[\"https:\\\/\\\/www.reciplasa.es\\\/la-catedra-reciplasa-premiara-al-mejor-tfg-tfm-la-gestion-residuos-reciclaje-medio-ambiente\\\/\"]}]},{\"@type\":\"ImageObject\",\"inLanguage\":\"va-VA\",\"@id\":\"https:\\\/\\\/www.reciplasa.es\\\/la-catedra-reciplasa-premiara-al-mejor-tfg-tfm-la-gestion-residuos-reciclaje-medio-ambiente\\\/#primaryimage\",\"url\":\"https:\\\/\\\/www.reciplasa.es\\\/wp-content\\\/uploads\\\/2018\\\/03\\\/com-fotonoticies-arxiu-2016-02-18-conveni-reciplasa-fotos-grans-Conveni_Reciplasa_16DLL50.jpg\",\"contentUrl\":\"https:\\\/\\\/www.reciplasa.es\\\/wp-content\\\/uploads\\\/2018\\\/03\\\/com-fotonoticies-arxiu-2016-02-18-conveni-reciplasa-fotos-grans-Conveni_Reciplasa_16DLL50.jpg\",\"width\":3031,\"height\":2021},{\"@type\":\"BreadcrumbList\",\"@id\":\"https:\\\/\\\/www.reciplasa.es\\\/la-catedra-reciplasa-premiara-al-mejor-tfg-tfm-la-gestion-residuos-reciclaje-medio-ambiente\\\/#breadcrumb\",\"itemListElement\":[{\"@type\":\"ListItem\",\"position\":1,\"name\":\"Portada\",\"item\":\"https:\\\/\\\/www.reciplasa.es\\\/va\\\/\"},{\"@type\":\"ListItem\",\"position\":2,\"name\":\"La C\u00e0tedra Reciplasa premiar\u00e0 al millor TFG i TFM sobre la gesti\u00f3 de residus, el reciclatge i el medi ambient\"}]},{\"@type\":\"WebSite\",\"@id\":\"https:\\\/\\\/www.reciplasa.es\\\/#website\",\"url\":\"https:\\\/\\\/www.reciplasa.es\\\/\",\"name\":\"RECIPLASA\",\"description\":\"Reciclats de Residus La Plana SA\",\"potentialAction\":[{\"@type\":\"SearchAction\",\"target\":{\"@type\":\"EntryPoint\",\"urlTemplate\":\"https:\\\/\\\/www.reciplasa.es\\\/?s={search_term_string}\"},\"query-input\":{\"@type\":\"PropertyValueSpecification\",\"valueRequired\":true,\"valueName\":\"search_term_string\"}}],\"inLanguage\":\"va-VA\"},{\"@type\":\"Person\",\"@id\":\"https:\\\/\\\/www.reciplasa.es\\\/#\\\/schema\\\/person\\\/608ffc094e3c56d49e6c6ec8f1ea0e82\",\"name\":\"Cristina Marco\",\"image\":{\"@type\":\"ImageObject\",\"inLanguage\":\"va-VA\",\"@id\":\"https:\\\/\\\/secure.gravatar.com\\\/avatar\\\/6da7e00dc41d26d3c4245f3b2d70d687293df0dfc18f03719354383f7be4f34b?s=96&d=mm&r=g\",\"url\":\"https:\\\/\\\/secure.gravatar.com\\\/avatar\\\/6da7e00dc41d26d3c4245f3b2d70d687293df0dfc18f03719354383f7be4f34b?s=96&d=mm&r=g\",\"contentUrl\":\"https:\\\/\\\/secure.gravatar.com\\\/avatar\\\/6da7e00dc41d26d3c4245f3b2d70d687293df0dfc18f03719354383f7be4f34b?s=96&d=mm&r=g\",\"caption\":\"Cristina Marco\"},\"url\":\"https:\\\/\\\/www.reciplasa.es\\\/va\\\/author\\\/cristina\\\/\"}]}<\/script>\n<!-- \/ Yoast SEO plugin. -->","yoast_head_json":{"title":"La C\u00e0tedra Reciplasa premiar\u00e0 al millor TFG i TFM sobre la gesti\u00f3 de residus, el reciclatge i el medi ambient - RECIPLASA","robots":{"index":"index","follow":"follow","max-snippet":"max-snippet:-1","max-image-preview":"max-image-preview:large","max-video-preview":"max-video-preview:-1"},"canonical":"https:\/\/www.reciplasa.es\/la-catedra-reciplasa-premiara-al-mejor-tfg-tfm-la-gestion-residuos-reciclaje-medio-ambiente\/","og_locale":"en_US","og_type":"article","og_title":"La C\u00e0tedra Reciplasa premiar\u00e0 al millor TFG i TFM sobre la gesti\u00f3 de residus, el reciclatge i el medi ambient - RECIPLASA","og_description":"L&#8217;objectiu d&#8217;aquests premis \u00e9s\u00a0incentivar els treballs relacionats amb els fins de la C\u00e0tedra Reciplasa de la Gesti\u00f2 de Residus Urbans de la Universitat Jaume I entre els estudiants. La C\u00e0tedra Reciplasa ha organitzat\u00a0la convocat\u00f2ria del I premi al millor projecte de final de grau (TFG) i final de m\u00e0ster (TFM) relacionats amb la gesti\u00f3 deDale que hay m\u00e1s ...","og_url":"https:\/\/www.reciplasa.es\/la-catedra-reciplasa-premiara-al-mejor-tfg-tfm-la-gestion-residuos-reciclaje-medio-ambiente\/","og_site_name":"RECIPLASA","article_published_time":"2018-03-21T09:40:28+00:00","article_modified_time":"2018-04-04T08:58:45+00:00","og_image":[{"width":3031,"height":2021,"url":"https:\/\/www.reciplasa.es\/wp-content\/uploads\/2018\/03\/com-fotonoticies-arxiu-2016-02-18-conveni-reciplasa-fotos-grans-Conveni_Reciplasa_16DLL50.jpg","type":"image\/jpeg"}],"author":"Cristina Marco","twitter_card":"summary_large_image","twitter_misc":{"Written by":"Cristina Marco","Est. reading time":"2 minutes"},"schema":{"@context":"https:\/\/schema.org","@graph":[{"@type":"Article","@id":"https:\/\/www.reciplasa.es\/la-catedra-reciplasa-premiara-al-mejor-tfg-tfm-la-gestion-residuos-reciclaje-medio-ambiente\/#article","isPartOf":{"@id":"https:\/\/www.reciplasa.es\/la-catedra-reciplasa-premiara-al-mejor-tfg-tfm-la-gestion-residuos-reciclaje-medio-ambiente\/"},"author":{"name":"Cristina Marco","@id":"https:\/\/www.reciplasa.es\/#\/schema\/person\/608ffc094e3c56d49e6c6ec8f1ea0e82"},"headline":"La C\u00e0tedra Reciplasa premiar\u00e0 al millor TFG i TFM sobre la gesti\u00f3 de residus, el reciclatge i el medi ambient","datePublished":"2018-03-21T09:40:28+00:00","dateModified":"2018-04-04T08:58:45+00:00","mainEntityOfPage":{"@id":"https:\/\/www.reciplasa.es\/la-catedra-reciplasa-premiara-al-mejor-tfg-tfm-la-gestion-residuos-reciclaje-medio-ambiente\/"},"wordCount":515,"image":{"@id":"https:\/\/www.reciplasa.es\/la-catedra-reciplasa-premiara-al-mejor-tfg-tfm-la-gestion-residuos-reciclaje-medio-ambiente\/#primaryimage"},"thumbnailUrl":"https:\/\/www.reciplasa.es\/wp-content\/uploads\/2018\/03\/com-fotonoticies-arxiu-2016-02-18-conveni-reciplasa-fotos-grans-Conveni_Reciplasa_16DLL50.jpg","articleSection":["C\u00e0tedra Reciplasa-UJI"],"inLanguage":"va-VA"},{"@type":"WebPage","@id":"https:\/\/www.reciplasa.es\/la-catedra-reciplasa-premiara-al-mejor-tfg-tfm-la-gestion-residuos-reciclaje-medio-ambiente\/","url":"https:\/\/www.reciplasa.es\/la-catedra-reciplasa-premiara-al-mejor-tfg-tfm-la-gestion-residuos-reciclaje-medio-ambiente\/","name":"La C\u00e0tedra Reciplasa premiar\u00e0 al millor TFG i TFM sobre la gesti\u00f3 de residus, el reciclatge i el medi ambient - RECIPLASA","isPartOf":{"@id":"https:\/\/www.reciplasa.es\/#website"},"primaryImageOfPage":{"@id":"https:\/\/www.reciplasa.es\/la-catedra-reciplasa-premiara-al-mejor-tfg-tfm-la-gestion-residuos-reciclaje-medio-ambiente\/#primaryimage"},"image":{"@id":"https:\/\/www.reciplasa.es\/la-catedra-reciplasa-premiara-al-mejor-tfg-tfm-la-gestion-residuos-reciclaje-medio-ambiente\/#primaryimage"},"thumbnailUrl":"https:\/\/www.reciplasa.es\/wp-content\/uploads\/2018\/03\/com-fotonoticies-arxiu-2016-02-18-conveni-reciplasa-fotos-grans-Conveni_Reciplasa_16DLL50.jpg","datePublished":"2018-03-21T09:40:28+00:00","dateModified":"2018-04-04T08:58:45+00:00","author":{"@id":"https:\/\/www.reciplasa.es\/#\/schema\/person\/608ffc094e3c56d49e6c6ec8f1ea0e82"},"breadcrumb":{"@id":"https:\/\/www.reciplasa.es\/la-catedra-reciplasa-premiara-al-mejor-tfg-tfm-la-gestion-residuos-reciclaje-medio-ambiente\/#breadcrumb"},"inLanguage":"va-VA","potentialAction":[{"@type":"ReadAction","target":["https:\/\/www.reciplasa.es\/la-catedra-reciplasa-premiara-al-mejor-tfg-tfm-la-gestion-residuos-reciclaje-medio-ambiente\/"]}]},{"@type":"ImageObject","inLanguage":"va-VA","@id":"https:\/\/www.reciplasa.es\/la-catedra-reciplasa-premiara-al-mejor-tfg-tfm-la-gestion-residuos-reciclaje-medio-ambiente\/#primaryimage","url":"https:\/\/www.reciplasa.es\/wp-content\/uploads\/2018\/03\/com-fotonoticies-arxiu-2016-02-18-conveni-reciplasa-fotos-grans-Conveni_Reciplasa_16DLL50.jpg","contentUrl":"https:\/\/www.reciplasa.es\/wp-content\/uploads\/2018\/03\/com-fotonoticies-arxiu-2016-02-18-conveni-reciplasa-fotos-grans-Conveni_Reciplasa_16DLL50.jpg","width":3031,"height":2021},{"@type":"BreadcrumbList","@id":"https:\/\/www.reciplasa.es\/la-catedra-reciplasa-premiara-al-mejor-tfg-tfm-la-gestion-residuos-reciclaje-medio-ambiente\/#breadcrumb","itemListElement":[{"@type":"ListItem","position":1,"name":"Portada","item":"https:\/\/www.reciplasa.es\/va\/"},{"@type":"ListItem","position":2,"name":"La C\u00e0tedra Reciplasa premiar\u00e0 al millor TFG i TFM sobre la gesti\u00f3 de residus, el reciclatge i el medi ambient"}]},{"@type":"WebSite","@id":"https:\/\/www.reciplasa.es\/#website","url":"https:\/\/www.reciplasa.es\/","name":"RECIPLASA","description":"Reciclats de Residus La Plana SA","potentialAction":[{"@type":"SearchAction","target":{"@type":"EntryPoint","urlTemplate":"https:\/\/www.reciplasa.es\/?s={search_term_string}"},"query-input":{"@type":"PropertyValueSpecification","valueRequired":true,"valueName":"search_term_string"}}],"inLanguage":"va-VA"},{"@type":"Person","@id":"https:\/\/www.reciplasa.es\/#\/schema\/person\/608ffc094e3c56d49e6c6ec8f1ea0e82","name":"Cristina Marco","image":{"@type":"ImageObject","inLanguage":"va-VA","@id":"https:\/\/secure.gravatar.com\/avatar\/6da7e00dc41d26d3c4245f3b2d70d687293df0dfc18f03719354383f7be4f34b?s=96&d=mm&r=g","url":"https:\/\/secure.gravatar.com\/avatar\/6da7e00dc41d26d3c4245f3b2d70d687293df0dfc18f03719354383f7be4f34b?s=96&d=mm&r=g","contentUrl":"https:\/\/secure.gravatar.com\/avatar\/6da7e00dc41d26d3c4245f3b2d70d687293df0dfc18f03719354383f7be4f34b?s=96&d=mm&r=g","caption":"Cristina Marco"},"url":"https:\/\/www.reciplasa.es\/va\/author\/cristina\/"}]}},"_links":{"self":[{"href":"https:\/\/www.reciplasa.es\/va\/wp-json\/wp\/v2\/posts\/13246","targetHints":{"allow":["GET"]}}],"collection":[{"href":"https:\/\/www.reciplasa.es\/va\/wp-json\/wp\/v2\/posts"}],"about":[{"href":"https:\/\/www.reciplasa.es\/va\/wp-json\/wp\/v2\/types\/post"}],"author":[{"embeddable":true,"href":"https:\/\/www.reciplasa.es\/va\/wp-json\/wp\/v2\/users\/3"}],"replies":[{"embeddable":true,"href":"https:\/\/www.reciplasa.es\/va\/wp-json\/wp\/v2\/comments?post=13246"}],"version-history":[{"count":12,"href":"https:\/\/www.reciplasa.es\/va\/wp-json\/wp\/v2\/posts\/13246\/revisions"}],"predecessor-version":[{"id":13342,"href":"https:\/\/www.reciplasa.es\/va\/wp-json\/wp\/v2\/posts\/13246\/revisions\/13342"}],"wp:featuredmedia":[{"embeddable":true,"href":"https:\/\/www.reciplasa.es\/va\/wp-json\/wp\/v2\/media\/13248"}],"wp:attachment":[{"href":"https:\/\/www.reciplasa.es\/va\/wp-json\/wp\/v2\/media?parent=13246"}],"wp:term":[{"taxonomy":"category","embeddable":true,"href":"https:\/\/www.reciplasa.es\/va\/wp-json\/wp\/v2\/categories?post=13246"},{"taxonomy":"post_tag","embeddable":true,"href":"https:\/\/www.reciplasa.es\/va\/wp-json\/wp\/v2\/tags?post=13246"}],"curies":[{"name":"wp","href":"https:\/\/api.w.org\/{rel}","templated":true}]}}