{"id":13316,"date":"2018-03-28T08:11:47","date_gmt":"2018-03-28T08:11:47","guid":{"rendered":"http:\/\/www.reciplasa.es\/?p=13316\/"},"modified":"2018-03-28T08:11:47","modified_gmt":"2018-03-28T08:11:47","slug":"reciplasa-aprova-els-comptes-2017-amb-13-milions-deuros-beneficis-millorant-els-resultats-lany-anterior","status":"publish","type":"post","link":"https:\/\/www.reciplasa.es\/va\/reciplasa-aprova-els-comptes-2017-amb-13-milions-deuros-beneficis-millorant-els-resultats-lany-anterior\/","title":{"rendered":"Reciplasa aprova els comptes de 2017 amb 1,3 milions d\u2019euros de beneficis millorant els resultats de l&#8217;any anterior"},"content":{"rendered":"<p><i><span style=\"font-weight: 400;\">L&#8217;empresa p\u00fablica porta dos anys amb resultats positius i en 2018 comen\u00e7aran les obres de modernitzaci\u00f3 de la planta d&#8217;Onda.<\/span><\/i><\/p>\n<p>El Consell d&#8217;Administraci\u00f3 de Reciplasa, empresa p\u00fablica encarregada de la gesti\u00f3 i tractament de residus, ha aprovat avui els comptes de l&#8217;any 2017 amb un benefici final d&#8217;1,3 milions d&#8217;euros. Aquest \u00faltim any s&#8217;han millorat les dades de 2016 que va concloure amb 500.000 euros de balan\u00e7 positiu, convertint-se en el segon any consecutiu amb aquests resultats. El benefici final es deu principalment a l&#8217;augment dels c\u00e0nons pagats pels clients per a poder fer front als costos derivats pel rebliment de l&#8217;abocador d&#8217;Onda. Ali Brancal, presidenta de Reciplasa i vicealcaldesa de Castell\u00f3, explica que \u201csom una empresa sense \u00e0nim de lucre, per la qual cosa tots aquests resultats positius es destinaran a millorar el servei que ofereix a la poblaci\u00f3 de la zona centre de la prov\u00edncia de Castell\u00f3\u201d.<\/p>\n<p>La societat comen\u00e7ar\u00e0 en 2018 a escometre les inversions en la renovaci\u00f3 i modernitzaci\u00f3 de les seues instal\u00b7lacions. L&#8217;objectiu d&#8217;aquestes millores \u00e9s aconseguir un \u00f2ptim tractament dels residus, ja que amb elles s&#8217;incrementar\u00e0 notablement el reciclatge, permetent una considerable reducci\u00f3 del rebuig que s&#8217;envia a l&#8217;abocador. Durant aquests anys la inversi\u00f3 ser\u00e0 d&#8217;aproximadament 41 milions d&#8217;euros, per a complir aquest Pla de Gesti\u00f3. Brancal, destaca que \u201cla gran quantitat de residus que es generen s\u00f3n un dels principals problemes de la societat, amb aquesta inversi\u00f3 aconseguirem ser m\u00e9s sostenibles i aconseguir les xifres de reciclatge imposades per la Uni\u00f3 Europea\u201d i afegix que \u201caquesta normativa comunit\u00e0ria estableix que en 2020 i 2030 la cota d&#8217;abocament no siga superior al 44% i 10%, respectivament\u201d.<\/p>\n<p><img loading=\"lazy\" decoding=\"async\" class=\"aligncenter wp-image-13312 size-large\" src=\"http:\/\/www.reciplasa.es\/wp-content\/uploads\/2018\/03\/IMG_1557-1024x683.jpg\" alt=\"\" width=\"800\" height=\"534\" srcset=\"https:\/\/www.reciplasa.es\/wp-content\/uploads\/2018\/03\/IMG_1557-1024x683.jpg 1024w, https:\/\/www.reciplasa.es\/wp-content\/uploads\/2018\/03\/IMG_1557-300x200.jpg 300w, https:\/\/www.reciplasa.es\/wp-content\/uploads\/2018\/03\/IMG_1557-768x512.jpg 768w\" sizes=\"auto, (max-width: 800px) 100vw, 800px\" \/><\/p>\n<p>En 2017, l&#8217;empresa ha millorat el servei prestat als seus ajuntaments socis i ha tractat un 6,6% m\u00e9s de residus que en 2016, passant de 12,2 milions d&#8217;euros de facturaci\u00f3 als 13,8 actuals que han llan\u00e7at un resultat d&#8217;explotaci\u00f3 d&#8217;1,6 milions d&#8217;euros, que despr\u00e9s d&#8217;impostos deixen un resultat de l&#8217;exercici 2017 d&#8217;1,3 milions de benefici. Aix\u00ed mateix, Reciplasa ha continuat la seua col\u00b7laboraci\u00f3 amb la Universitat Jaume I, la C\u00e0tedra Reciplasa, amb la qual pret\u00e9n incentivar la recerca en la mat\u00e8ria i conscienciar a la poblaci\u00f3. Finalment, l&#8217;entitat p\u00fablica de tractament de basures s&#8217;ha inscrit com a membre de l&#8217;Associaci\u00f3 nacional d&#8217;empreses P\u00fabliques de Medi ambient (ANEPMA). \u201cCal aprofitar les experi\u00e8ncies d&#8217;uns altres que tenen els mateixos problemes, ja que s\u00f3n empreses de la mateixa \u00edndole que Reciplasa, i realitzen grups de treball per a diferents objectes\u201d, conclou la presidenta.<\/p>\n","protected":false},"excerpt":{"rendered":"<p>L&#8217;empresa p\u00fablica porta dos anys amb resultats positius i en 2018 comen\u00e7aran les obres de modernitzaci\u00f3 de la planta d&#8217;Onda. El Consell d&#8217;Administraci\u00f3 de Reciplasa, empresa p\u00fablica encarregada de la gesti\u00f3 i tractament de residus, ha aprovat avui els comptes de l&#8217;any 2017 amb un benefici final d&#8217;1,3 milions d&#8217;euros. Aquest \u00faltim any s&#8217;han milloratDale que hay m\u00e1s &#8230;<\/p>\n","protected":false},"author":3,"featured_media":13311,"comment_status":"closed","ping_status":"closed","sticky":false,"template":"","format":"standard","meta":{"footnotes":""},"categories":[87],"tags":[],"class_list":["post-13316","post","type-post","status-publish","format-standard","has-post-thumbnail","hentry","category-noticies-corporatives"],"yoast_head":"<!-- This site is optimized with the Yoast SEO plugin v27.4 - https:\/\/yoast.com\/product\/yoast-seo-wordpress\/ -->\n<title>Reciplasa aprova els comptes de 2017 amb 1,3 milions d\u2019euros de beneficis millorant els resultats de l&#039;any anterior - RECIPLASA<\/title>\n<meta name=\"robots\" content=\"index, follow, max-snippet:-1, max-image-preview:large, max-video-preview:-1\" \/>\n<link rel=\"canonical\" href=\"https:\/\/www.reciplasa.es\/reciplasa-aprueba-las-cuentas-2017-mejores-resultados-ano-anterior\/\" \/>\n<meta property=\"og:locale\" content=\"en_US\" \/>\n<meta property=\"og:type\" content=\"article\" \/>\n<meta property=\"og:title\" content=\"Reciplasa aprova els comptes de 2017 amb 1,3 milions d\u2019euros de beneficis millorant els resultats de l&#039;any anterior - RECIPLASA\" \/>\n<meta property=\"og:description\" content=\"L&#8217;empresa p\u00fablica porta dos anys amb resultats positius i en 2018 comen\u00e7aran les obres de modernitzaci\u00f3 de la planta d&#8217;Onda. El Consell d&#8217;Administraci\u00f3 de Reciplasa, empresa p\u00fablica encarregada de la gesti\u00f3 i tractament de residus, ha aprovat avui els comptes de l&#8217;any 2017 amb un benefici final d&#8217;1,3 milions d&#8217;euros. Aquest \u00faltim any s&#8217;han milloratDale que hay m\u00e1s ...\" \/>\n<meta property=\"og:url\" content=\"https:\/\/www.reciplasa.es\/reciplasa-aprueba-las-cuentas-2017-mejores-resultados-ano-anterior\/\" \/>\n<meta property=\"og:site_name\" content=\"RECIPLASA\" \/>\n<meta property=\"article:published_time\" content=\"2018-03-28T08:11:47+00:00\" \/>\n<meta property=\"og:image\" content=\"https:\/\/www.reciplasa.es\/wp-content\/uploads\/2018\/03\/IMG_1552-1024x683.jpg\" \/>\n\t<meta property=\"og:image:width\" content=\"1024\" \/>\n\t<meta property=\"og:image:height\" content=\"683\" \/>\n\t<meta property=\"og:image:type\" content=\"image\/jpeg\" \/>\n<meta name=\"author\" content=\"Cristina Marco\" \/>\n<meta name=\"twitter:card\" content=\"summary_large_image\" \/>\n<meta name=\"twitter:label1\" content=\"Written by\" \/>\n\t<meta name=\"twitter:data1\" content=\"Cristina Marco\" \/>\n\t<meta name=\"twitter:label2\" content=\"Est. reading time\" \/>\n\t<meta name=\"twitter:data2\" content=\"2 minutes\" \/>\n<script type=\"application\/ld+json\" class=\"yoast-schema-graph\">{\"@context\":\"https:\\\/\\\/schema.org\",\"@graph\":[{\"@type\":\"Article\",\"@id\":\"https:\\\/\\\/www.reciplasa.es\\\/reciplasa-aprueba-las-cuentas-2017-mejores-resultados-ano-anterior\\\/#article\",\"isPartOf\":{\"@id\":\"https:\\\/\\\/www.reciplasa.es\\\/reciplasa-aprueba-las-cuentas-2017-mejores-resultados-ano-anterior\\\/\"},\"author\":{\"name\":\"Cristina Marco\",\"@id\":\"https:\\\/\\\/www.reciplasa.es\\\/#\\\/schema\\\/person\\\/608ffc094e3c56d49e6c6ec8f1ea0e82\"},\"headline\":\"Reciplasa aprova els comptes de 2017 amb 1,3 milions d\u2019euros de beneficis millorant els resultats de l&#8217;any anterior\",\"datePublished\":\"2018-03-28T08:11:47+00:00\",\"mainEntityOfPage\":{\"@id\":\"https:\\\/\\\/www.reciplasa.es\\\/reciplasa-aprueba-las-cuentas-2017-mejores-resultados-ano-anterior\\\/\"},\"wordCount\":463,\"image\":{\"@id\":\"https:\\\/\\\/www.reciplasa.es\\\/reciplasa-aprueba-las-cuentas-2017-mejores-resultados-ano-anterior\\\/#primaryimage\"},\"thumbnailUrl\":\"https:\\\/\\\/www.reciplasa.es\\\/wp-content\\\/uploads\\\/2018\\\/03\\\/IMG_1552.jpg\",\"articleSection\":[\"Not\u00edcies corporatives\"],\"inLanguage\":\"va-VA\"},{\"@type\":\"WebPage\",\"@id\":\"https:\\\/\\\/www.reciplasa.es\\\/reciplasa-aprueba-las-cuentas-2017-mejores-resultados-ano-anterior\\\/\",\"url\":\"https:\\\/\\\/www.reciplasa.es\\\/reciplasa-aprueba-las-cuentas-2017-mejores-resultados-ano-anterior\\\/\",\"name\":\"Reciplasa aprova els comptes de 2017 amb 1,3 milions d\u2019euros de beneficis millorant els resultats de l'any anterior - RECIPLASA\",\"isPartOf\":{\"@id\":\"https:\\\/\\\/www.reciplasa.es\\\/#website\"},\"primaryImageOfPage\":{\"@id\":\"https:\\\/\\\/www.reciplasa.es\\\/reciplasa-aprueba-las-cuentas-2017-mejores-resultados-ano-anterior\\\/#primaryimage\"},\"image\":{\"@id\":\"https:\\\/\\\/www.reciplasa.es\\\/reciplasa-aprueba-las-cuentas-2017-mejores-resultados-ano-anterior\\\/#primaryimage\"},\"thumbnailUrl\":\"https:\\\/\\\/www.reciplasa.es\\\/wp-content\\\/uploads\\\/2018\\\/03\\\/IMG_1552.jpg\",\"datePublished\":\"2018-03-28T08:11:47+00:00\",\"author\":{\"@id\":\"https:\\\/\\\/www.reciplasa.es\\\/#\\\/schema\\\/person\\\/608ffc094e3c56d49e6c6ec8f1ea0e82\"},\"breadcrumb\":{\"@id\":\"https:\\\/\\\/www.reciplasa.es\\\/reciplasa-aprueba-las-cuentas-2017-mejores-resultados-ano-anterior\\\/#breadcrumb\"},\"inLanguage\":\"va-VA\",\"potentialAction\":[{\"@type\":\"ReadAction\",\"target\":[\"https:\\\/\\\/www.reciplasa.es\\\/reciplasa-aprueba-las-cuentas-2017-mejores-resultados-ano-anterior\\\/\"]}]},{\"@type\":\"ImageObject\",\"inLanguage\":\"va-VA\",\"@id\":\"https:\\\/\\\/www.reciplasa.es\\\/reciplasa-aprueba-las-cuentas-2017-mejores-resultados-ano-anterior\\\/#primaryimage\",\"url\":\"https:\\\/\\\/www.reciplasa.es\\\/wp-content\\\/uploads\\\/2018\\\/03\\\/IMG_1552.jpg\",\"contentUrl\":\"https:\\\/\\\/www.reciplasa.es\\\/wp-content\\\/uploads\\\/2018\\\/03\\\/IMG_1552.jpg\",\"width\":3888,\"height\":2592},{\"@type\":\"BreadcrumbList\",\"@id\":\"https:\\\/\\\/www.reciplasa.es\\\/reciplasa-aprueba-las-cuentas-2017-mejores-resultados-ano-anterior\\\/#breadcrumb\",\"itemListElement\":[{\"@type\":\"ListItem\",\"position\":1,\"name\":\"Portada\",\"item\":\"https:\\\/\\\/www.reciplasa.es\\\/va\\\/\"},{\"@type\":\"ListItem\",\"position\":2,\"name\":\"Reciplasa aprova els comptes de 2017 amb 1,3 milions d\u2019euros de beneficis millorant els resultats de l&#8217;any anterior\"}]},{\"@type\":\"WebSite\",\"@id\":\"https:\\\/\\\/www.reciplasa.es\\\/#website\",\"url\":\"https:\\\/\\\/www.reciplasa.es\\\/\",\"name\":\"RECIPLASA\",\"description\":\"Reciclats de Residus La Plana SA\",\"potentialAction\":[{\"@type\":\"SearchAction\",\"target\":{\"@type\":\"EntryPoint\",\"urlTemplate\":\"https:\\\/\\\/www.reciplasa.es\\\/?s={search_term_string}\"},\"query-input\":{\"@type\":\"PropertyValueSpecification\",\"valueRequired\":true,\"valueName\":\"search_term_string\"}}],\"inLanguage\":\"va-VA\"},{\"@type\":\"Person\",\"@id\":\"https:\\\/\\\/www.reciplasa.es\\\/#\\\/schema\\\/person\\\/608ffc094e3c56d49e6c6ec8f1ea0e82\",\"name\":\"Cristina Marco\",\"image\":{\"@type\":\"ImageObject\",\"inLanguage\":\"va-VA\",\"@id\":\"https:\\\/\\\/secure.gravatar.com\\\/avatar\\\/6da7e00dc41d26d3c4245f3b2d70d687293df0dfc18f03719354383f7be4f34b?s=96&d=mm&r=g\",\"url\":\"https:\\\/\\\/secure.gravatar.com\\\/avatar\\\/6da7e00dc41d26d3c4245f3b2d70d687293df0dfc18f03719354383f7be4f34b?s=96&d=mm&r=g\",\"contentUrl\":\"https:\\\/\\\/secure.gravatar.com\\\/avatar\\\/6da7e00dc41d26d3c4245f3b2d70d687293df0dfc18f03719354383f7be4f34b?s=96&d=mm&r=g\",\"caption\":\"Cristina Marco\"},\"url\":\"https:\\\/\\\/www.reciplasa.es\\\/va\\\/author\\\/cristina\\\/\"}]}<\/script>\n<!-- \/ Yoast SEO plugin. -->","yoast_head_json":{"title":"Reciplasa aprova els comptes de 2017 amb 1,3 milions d\u2019euros de beneficis millorant els resultats de l'any anterior - RECIPLASA","robots":{"index":"index","follow":"follow","max-snippet":"max-snippet:-1","max-image-preview":"max-image-preview:large","max-video-preview":"max-video-preview:-1"},"canonical":"https:\/\/www.reciplasa.es\/reciplasa-aprueba-las-cuentas-2017-mejores-resultados-ano-anterior\/","og_locale":"en_US","og_type":"article","og_title":"Reciplasa aprova els comptes de 2017 amb 1,3 milions d\u2019euros de beneficis millorant els resultats de l'any anterior - RECIPLASA","og_description":"L&#8217;empresa p\u00fablica porta dos anys amb resultats positius i en 2018 comen\u00e7aran les obres de modernitzaci\u00f3 de la planta d&#8217;Onda. El Consell d&#8217;Administraci\u00f3 de Reciplasa, empresa p\u00fablica encarregada de la gesti\u00f3 i tractament de residus, ha aprovat avui els comptes de l&#8217;any 2017 amb un benefici final d&#8217;1,3 milions d&#8217;euros. Aquest \u00faltim any s&#8217;han milloratDale que hay m\u00e1s ...","og_url":"https:\/\/www.reciplasa.es\/reciplasa-aprueba-las-cuentas-2017-mejores-resultados-ano-anterior\/","og_site_name":"RECIPLASA","article_published_time":"2018-03-28T08:11:47+00:00","og_image":[{"width":1024,"height":683,"url":"https:\/\/www.reciplasa.es\/wp-content\/uploads\/2018\/03\/IMG_1552-1024x683.jpg","type":"image\/jpeg"}],"author":"Cristina Marco","twitter_card":"summary_large_image","twitter_misc":{"Written by":"Cristina Marco","Est. reading time":"2 minutes"},"schema":{"@context":"https:\/\/schema.org","@graph":[{"@type":"Article","@id":"https:\/\/www.reciplasa.es\/reciplasa-aprueba-las-cuentas-2017-mejores-resultados-ano-anterior\/#article","isPartOf":{"@id":"https:\/\/www.reciplasa.es\/reciplasa-aprueba-las-cuentas-2017-mejores-resultados-ano-anterior\/"},"author":{"name":"Cristina Marco","@id":"https:\/\/www.reciplasa.es\/#\/schema\/person\/608ffc094e3c56d49e6c6ec8f1ea0e82"},"headline":"Reciplasa aprova els comptes de 2017 amb 1,3 milions d\u2019euros de beneficis millorant els resultats de l&#8217;any anterior","datePublished":"2018-03-28T08:11:47+00:00","mainEntityOfPage":{"@id":"https:\/\/www.reciplasa.es\/reciplasa-aprueba-las-cuentas-2017-mejores-resultados-ano-anterior\/"},"wordCount":463,"image":{"@id":"https:\/\/www.reciplasa.es\/reciplasa-aprueba-las-cuentas-2017-mejores-resultados-ano-anterior\/#primaryimage"},"thumbnailUrl":"https:\/\/www.reciplasa.es\/wp-content\/uploads\/2018\/03\/IMG_1552.jpg","articleSection":["Not\u00edcies corporatives"],"inLanguage":"va-VA"},{"@type":"WebPage","@id":"https:\/\/www.reciplasa.es\/reciplasa-aprueba-las-cuentas-2017-mejores-resultados-ano-anterior\/","url":"https:\/\/www.reciplasa.es\/reciplasa-aprueba-las-cuentas-2017-mejores-resultados-ano-anterior\/","name":"Reciplasa aprova els comptes de 2017 amb 1,3 milions d\u2019euros de beneficis millorant els resultats de l'any anterior - RECIPLASA","isPartOf":{"@id":"https:\/\/www.reciplasa.es\/#website"},"primaryImageOfPage":{"@id":"https:\/\/www.reciplasa.es\/reciplasa-aprueba-las-cuentas-2017-mejores-resultados-ano-anterior\/#primaryimage"},"image":{"@id":"https:\/\/www.reciplasa.es\/reciplasa-aprueba-las-cuentas-2017-mejores-resultados-ano-anterior\/#primaryimage"},"thumbnailUrl":"https:\/\/www.reciplasa.es\/wp-content\/uploads\/2018\/03\/IMG_1552.jpg","datePublished":"2018-03-28T08:11:47+00:00","author":{"@id":"https:\/\/www.reciplasa.es\/#\/schema\/person\/608ffc094e3c56d49e6c6ec8f1ea0e82"},"breadcrumb":{"@id":"https:\/\/www.reciplasa.es\/reciplasa-aprueba-las-cuentas-2017-mejores-resultados-ano-anterior\/#breadcrumb"},"inLanguage":"va-VA","potentialAction":[{"@type":"ReadAction","target":["https:\/\/www.reciplasa.es\/reciplasa-aprueba-las-cuentas-2017-mejores-resultados-ano-anterior\/"]}]},{"@type":"ImageObject","inLanguage":"va-VA","@id":"https:\/\/www.reciplasa.es\/reciplasa-aprueba-las-cuentas-2017-mejores-resultados-ano-anterior\/#primaryimage","url":"https:\/\/www.reciplasa.es\/wp-content\/uploads\/2018\/03\/IMG_1552.jpg","contentUrl":"https:\/\/www.reciplasa.es\/wp-content\/uploads\/2018\/03\/IMG_1552.jpg","width":3888,"height":2592},{"@type":"BreadcrumbList","@id":"https:\/\/www.reciplasa.es\/reciplasa-aprueba-las-cuentas-2017-mejores-resultados-ano-anterior\/#breadcrumb","itemListElement":[{"@type":"ListItem","position":1,"name":"Portada","item":"https:\/\/www.reciplasa.es\/va\/"},{"@type":"ListItem","position":2,"name":"Reciplasa aprova els comptes de 2017 amb 1,3 milions d\u2019euros de beneficis millorant els resultats de l&#8217;any anterior"}]},{"@type":"WebSite","@id":"https:\/\/www.reciplasa.es\/#website","url":"https:\/\/www.reciplasa.es\/","name":"RECIPLASA","description":"Reciclats de Residus La Plana SA","potentialAction":[{"@type":"SearchAction","target":{"@type":"EntryPoint","urlTemplate":"https:\/\/www.reciplasa.es\/?s={search_term_string}"},"query-input":{"@type":"PropertyValueSpecification","valueRequired":true,"valueName":"search_term_string"}}],"inLanguage":"va-VA"},{"@type":"Person","@id":"https:\/\/www.reciplasa.es\/#\/schema\/person\/608ffc094e3c56d49e6c6ec8f1ea0e82","name":"Cristina Marco","image":{"@type":"ImageObject","inLanguage":"va-VA","@id":"https:\/\/secure.gravatar.com\/avatar\/6da7e00dc41d26d3c4245f3b2d70d687293df0dfc18f03719354383f7be4f34b?s=96&d=mm&r=g","url":"https:\/\/secure.gravatar.com\/avatar\/6da7e00dc41d26d3c4245f3b2d70d687293df0dfc18f03719354383f7be4f34b?s=96&d=mm&r=g","contentUrl":"https:\/\/secure.gravatar.com\/avatar\/6da7e00dc41d26d3c4245f3b2d70d687293df0dfc18f03719354383f7be4f34b?s=96&d=mm&r=g","caption":"Cristina Marco"},"url":"https:\/\/www.reciplasa.es\/va\/author\/cristina\/"}]}},"_links":{"self":[{"href":"https:\/\/www.reciplasa.es\/va\/wp-json\/wp\/v2\/posts\/13316","targetHints":{"allow":["GET"]}}],"collection":[{"href":"https:\/\/www.reciplasa.es\/va\/wp-json\/wp\/v2\/posts"}],"about":[{"href":"https:\/\/www.reciplasa.es\/va\/wp-json\/wp\/v2\/types\/post"}],"author":[{"embeddable":true,"href":"https:\/\/www.reciplasa.es\/va\/wp-json\/wp\/v2\/users\/3"}],"replies":[{"embeddable":true,"href":"https:\/\/www.reciplasa.es\/va\/wp-json\/wp\/v2\/comments?post=13316"}],"version-history":[{"count":1,"href":"https:\/\/www.reciplasa.es\/va\/wp-json\/wp\/v2\/posts\/13316\/revisions"}],"predecessor-version":[{"id":13317,"href":"https:\/\/www.reciplasa.es\/va\/wp-json\/wp\/v2\/posts\/13316\/revisions\/13317"}],"wp:featuredmedia":[{"embeddable":true,"href":"https:\/\/www.reciplasa.es\/va\/wp-json\/wp\/v2\/media\/13311"}],"wp:attachment":[{"href":"https:\/\/www.reciplasa.es\/va\/wp-json\/wp\/v2\/media?parent=13316"}],"wp:term":[{"taxonomy":"category","embeddable":true,"href":"https:\/\/www.reciplasa.es\/va\/wp-json\/wp\/v2\/categories?post=13316"},{"taxonomy":"post_tag","embeddable":true,"href":"https:\/\/www.reciplasa.es\/va\/wp-json\/wp\/v2\/tags?post=13316"}],"curies":[{"name":"wp","href":"https:\/\/api.w.org\/{rel}","templated":true}]}}