{"id":13408,"date":"2018-05-04T08:49:02","date_gmt":"2018-05-04T08:49:02","guid":{"rendered":"http:\/\/www.reciplasa.es\/?p=13408\/"},"modified":"2023-07-25T15:00:43","modified_gmt":"2023-07-25T15:00:43","slug":"v-trobada-dintercanvi-dexperiencies-educacio-ambiental","status":"publish","type":"post","link":"https:\/\/www.reciplasa.es\/va\/v-trobada-dintercanvi-dexperiencies-educacio-ambiental\/","title":{"rendered":"V Trobada d&#8217;intercanvi d&#8217;experi\u00e8ncies en educaci\u00f3 ambiental"},"content":{"rendered":"<p><i><span style=\"font-weight: 400;\">La trobada se celebra el dissabte 5 de maig en en el sal\u00f3 d&#8217;actes de l&#8217;Ermitori de la Verge de Gr\u00e0cia de Vila-real.<\/span><\/i><\/p>\n<p>El dissabte 5 de maig se celebra la &#8216;V Trobada d&#8217;intercanvi d&#8217;experi\u00e8ncies en educaci\u00f3 ambiental&#8217;, en el qual hauran activitats l\u00fadiques i formatives destinades tant al professorat com a l&#8217;alumnat. El Seminari d&#8217;Educaci\u00f3 Ambiental de Castell\u00f3 ha organitzat aquest esdeveniment amb la col\u00b7laboraci\u00f3 i suport del\u00a0<a href=\"http:\/\/mestreacasa.gva.es\/web\/cefirecastello\">Cefire de Castell\u00f3<\/a>, l&#8217;<a href=\"http:\/\/www.aveads.com\/\">Associaci\u00f3 Valenciana d&#8217;Educaci\u00f3 Ambiental i Desenvolupament Sostenible (AVEADS)<\/a>, la\u00a0<a href=\"http:\/\/catedrareciplasa.uji.es\/es\/home-alternativa\/\">C\u00e0tedra Reciplasa de l&#8217;UJI<\/a>\u00a0i l&#8217;<a href=\"http:\/\/www.vila-real.es\/portal\/p_1_principal1.jsp?codResi=1&amp;language=ca\">Ajuntament de Vila-real<\/a>.<\/p>\n<p>La finalitat d&#8217;aquesta trobada \u00e9s afavorir el foment de l&#8217;educaci\u00f3 ambiental, aix\u00ed com, facilitar al professorat eines i compartir experi\u00e8ncies que s&#8217;estan desenvolupant en aquest \u00e0mbit perqu\u00e8 el puguen aplicar en les seues classes. Els alumnes de cada centre que participen en aquesta trobada, hauran d&#8217;aportar una experi\u00e8ncia en un temps m\u00e0xim de 10 minuts a la resta dels assistents.<\/p>\n<p>Tens tota la informaci\u00f3 de la jornada en aquest <a href=\"http:\/\/www.reciplasa.es\/wp-content\/uploads\/2013\/12\/V-Trobada-IEEA-carta-als-centres-1.pdf\">enlla\u00e7<\/a>, si desitges m\u00e9s informaci\u00f3 pots posar-te en contacte amb cseducacioambiental@gmail.com.<\/p>\n<h4><strong>PROGRAMA<\/strong><\/h4>\n<p><strong>9&#8217;00 h<\/strong><em><strong>.<\/strong><\/em>\u00a0Recepci\u00f3 dels participants \/ Muntatge dels panells per centre.<br \/>\n<strong>9&#8217;45 h<\/strong><em>.<\/em>\u00a0Presentaci\u00f3 de les V Jornades.<br \/>\n<strong>10&#8217;00 h<\/strong>. (I\u00aa) Presentaci\u00f3 d&#8217;experi\u00e8ncies d&#8217; E.A. per l&#8217;alumnat dels centres.<br \/>\n<strong>11&#8217;00 h<\/strong>. Pausa \/ Visita als panells dels centres.<br \/>\n<strong>11&#8217;30 h.<\/strong>\u00a0(II\u00aa) Presentaci\u00f3 d&#8217;experi\u00e8ncies d&#8217; E.A. per l&#8217;alumnat dels centres.<br \/>\n<strong>12&#8217;30 h.<\/strong>\u00a0Salutaci\u00f3 de les autoritats als centres participants.<br \/>\nPresentaci\u00f3 C\u00e0tedra de Reciplasa de Gesti\u00f3 de Residus Urbans de la Universitat Jaume I<br \/>\nXerrada &#8220;El repte del residu zero\u201d. Fundaci\u00f3 ReZero<br \/>\nActivitat simult\u00e0nia \/ activitat l\u00fadica volunt\u00e0ria per a l&#8217;alumnat a c\u00e0rrec de l\u2019associaci\u00f3 cultural El Bressol<br \/>\n<strong>14&#8217;00 h<\/strong>. Dinar participants.<br \/>\n<strong>16&#8217;00 h.<\/strong>\u00a0Xerrada \u201cCap als Centres Sostenibles\u201d. A c\u00e0rrec de l\u2019equip del Cefire CTEM.<br \/>\nActivitat simult\u00e0nia \/ activitat l\u00fadica volunt\u00e0ria per a l&#8217;alumnat a c\u00e0rrec de l\u2019associaci\u00f3 cultural El Bressol<br \/>\n<strong>16&#8217;30 h.<\/strong>\u00a0(III\u00aa) Espai Natura de Torreblanca, un equipament de car\u00e0cter municipal. Sonia Monferrer.<br \/>\nPresentaci\u00f3 d\u2019experi\u00e8ncies d&#8217; E. A. a l\u2019equipament.<br \/>\nActivitat simult\u00e0nia \/ activitat l\u00fadica volunt\u00e0ria per a l&#8217;alumnat a c\u00e0rrec de l\u2019associaci\u00f3 cultural El Bressol<br \/>\n<strong>17&#8217;15 h.<\/strong>\u00a0Avaluaci\u00f3 de les V Jornades i cloenda.<\/p>\n","protected":false},"excerpt":{"rendered":"<p>La trobada se celebra el dissabte 5 de maig en en el sal\u00f3 d&#8217;actes de l&#8217;Ermitori de la Verge de Gr\u00e0cia de Vila-real. El dissabte 5 de maig se celebra la &#8216;V Trobada d&#8217;intercanvi d&#8217;experi\u00e8ncies en educaci\u00f3 ambiental&#8217;, en el qual hauran activitats l\u00fadiques i formatives destinades tant al professorat com a l&#8217;alumnat. El SeminariDale que hay m\u00e1s &#8230;<\/p>\n","protected":false},"author":3,"featured_media":13404,"comment_status":"closed","ping_status":"closed","sticky":false,"template":"","format":"standard","meta":{"footnotes":""},"categories":[88],"tags":[],"class_list":["post-13408","post","type-post","status-publish","format-standard","has-post-thumbnail","hentry","category-catedra-reciplasa-uji"],"yoast_head":"<!-- This site is optimized with the Yoast SEO plugin v27.4 - https:\/\/yoast.com\/product\/yoast-seo-wordpress\/ -->\n<title>V Trobada d&#039;intercanvi d&#039;experi\u00e8ncies en educaci\u00f3 ambiental - RECIPLASA<\/title>\n<meta name=\"robots\" content=\"index, follow, max-snippet:-1, max-image-preview:large, max-video-preview:-1\" \/>\n<link rel=\"canonical\" href=\"https:\/\/www.reciplasa.es\/v-encuentro-intercambio-experiencias-educacion-ambiental\/\" \/>\n<meta property=\"og:locale\" content=\"en_US\" \/>\n<meta property=\"og:type\" content=\"article\" \/>\n<meta property=\"og:title\" content=\"V Trobada d&#039;intercanvi d&#039;experi\u00e8ncies en educaci\u00f3 ambiental - RECIPLASA\" \/>\n<meta property=\"og:description\" content=\"La trobada se celebra el dissabte 5 de maig en en el sal\u00f3 d&#8217;actes de l&#8217;Ermitori de la Verge de Gr\u00e0cia de Vila-real. El dissabte 5 de maig se celebra la &#8216;V Trobada d&#8217;intercanvi d&#8217;experi\u00e8ncies en educaci\u00f3 ambiental&#8217;, en el qual hauran activitats l\u00fadiques i formatives destinades tant al professorat com a l&#8217;alumnat. El SeminariDale que hay m\u00e1s ...\" \/>\n<meta property=\"og:url\" content=\"https:\/\/www.reciplasa.es\/v-encuentro-intercambio-experiencias-educacion-ambiental\/\" \/>\n<meta property=\"og:site_name\" content=\"RECIPLASA\" \/>\n<meta property=\"article:published_time\" content=\"2018-05-04T08:49:02+00:00\" \/>\n<meta property=\"article:modified_time\" content=\"2023-07-25T15:00:43+00:00\" \/>\n<meta property=\"og:image\" content=\"https:\/\/www.reciplasa.es\/wp-content\/uploads\/2018\/05\/V-Trobada-IEEA-carta-als-centres-1-3.jpg\" \/>\n\t<meta property=\"og:image:width\" content=\"689\" \/>\n\t<meta property=\"og:image:height\" content=\"461\" \/>\n\t<meta property=\"og:image:type\" content=\"image\/jpeg\" \/>\n<meta name=\"author\" content=\"Cristina Marco\" \/>\n<meta name=\"twitter:card\" content=\"summary_large_image\" \/>\n<meta name=\"twitter:label1\" content=\"Written by\" \/>\n\t<meta name=\"twitter:data1\" content=\"Cristina Marco\" \/>\n\t<meta name=\"twitter:label2\" content=\"Est. reading time\" \/>\n\t<meta name=\"twitter:data2\" content=\"2 minutes\" \/>\n<script type=\"application\/ld+json\" class=\"yoast-schema-graph\">{\"@context\":\"https:\\\/\\\/schema.org\",\"@graph\":[{\"@type\":\"Article\",\"@id\":\"https:\\\/\\\/www.reciplasa.es\\\/v-encuentro-intercambio-experiencias-educacion-ambiental\\\/#article\",\"isPartOf\":{\"@id\":\"https:\\\/\\\/www.reciplasa.es\\\/v-encuentro-intercambio-experiencias-educacion-ambiental\\\/\"},\"author\":{\"name\":\"Cristina Marco\",\"@id\":\"https:\\\/\\\/www.reciplasa.es\\\/#\\\/schema\\\/person\\\/608ffc094e3c56d49e6c6ec8f1ea0e82\"},\"headline\":\"V Trobada d&#8217;intercanvi d&#8217;experi\u00e8ncies en educaci\u00f3 ambiental\",\"datePublished\":\"2018-05-04T08:49:02+00:00\",\"dateModified\":\"2023-07-25T15:00:43+00:00\",\"mainEntityOfPage\":{\"@id\":\"https:\\\/\\\/www.reciplasa.es\\\/v-encuentro-intercambio-experiencias-educacion-ambiental\\\/\"},\"wordCount\":396,\"image\":{\"@id\":\"https:\\\/\\\/www.reciplasa.es\\\/v-encuentro-intercambio-experiencias-educacion-ambiental\\\/#primaryimage\"},\"thumbnailUrl\":\"https:\\\/\\\/www.reciplasa.es\\\/wp-content\\\/uploads\\\/2018\\\/05\\\/V-Trobada-IEEA-carta-als-centres-1-3.jpg\",\"articleSection\":[\"C\u00e0tedra Reciplasa-UJI\"],\"inLanguage\":\"va-VA\"},{\"@type\":\"WebPage\",\"@id\":\"https:\\\/\\\/www.reciplasa.es\\\/v-encuentro-intercambio-experiencias-educacion-ambiental\\\/\",\"url\":\"https:\\\/\\\/www.reciplasa.es\\\/v-encuentro-intercambio-experiencias-educacion-ambiental\\\/\",\"name\":\"V Trobada d'intercanvi d'experi\u00e8ncies en educaci\u00f3 ambiental - RECIPLASA\",\"isPartOf\":{\"@id\":\"https:\\\/\\\/www.reciplasa.es\\\/#website\"},\"primaryImageOfPage\":{\"@id\":\"https:\\\/\\\/www.reciplasa.es\\\/v-encuentro-intercambio-experiencias-educacion-ambiental\\\/#primaryimage\"},\"image\":{\"@id\":\"https:\\\/\\\/www.reciplasa.es\\\/v-encuentro-intercambio-experiencias-educacion-ambiental\\\/#primaryimage\"},\"thumbnailUrl\":\"https:\\\/\\\/www.reciplasa.es\\\/wp-content\\\/uploads\\\/2018\\\/05\\\/V-Trobada-IEEA-carta-als-centres-1-3.jpg\",\"datePublished\":\"2018-05-04T08:49:02+00:00\",\"dateModified\":\"2023-07-25T15:00:43+00:00\",\"author\":{\"@id\":\"https:\\\/\\\/www.reciplasa.es\\\/#\\\/schema\\\/person\\\/608ffc094e3c56d49e6c6ec8f1ea0e82\"},\"breadcrumb\":{\"@id\":\"https:\\\/\\\/www.reciplasa.es\\\/v-encuentro-intercambio-experiencias-educacion-ambiental\\\/#breadcrumb\"},\"inLanguage\":\"va-VA\",\"potentialAction\":[{\"@type\":\"ReadAction\",\"target\":[\"https:\\\/\\\/www.reciplasa.es\\\/v-encuentro-intercambio-experiencias-educacion-ambiental\\\/\"]}]},{\"@type\":\"ImageObject\",\"inLanguage\":\"va-VA\",\"@id\":\"https:\\\/\\\/www.reciplasa.es\\\/v-encuentro-intercambio-experiencias-educacion-ambiental\\\/#primaryimage\",\"url\":\"https:\\\/\\\/www.reciplasa.es\\\/wp-content\\\/uploads\\\/2018\\\/05\\\/V-Trobada-IEEA-carta-als-centres-1-3.jpg\",\"contentUrl\":\"https:\\\/\\\/www.reciplasa.es\\\/wp-content\\\/uploads\\\/2018\\\/05\\\/V-Trobada-IEEA-carta-als-centres-1-3.jpg\",\"width\":689,\"height\":461},{\"@type\":\"BreadcrumbList\",\"@id\":\"https:\\\/\\\/www.reciplasa.es\\\/v-encuentro-intercambio-experiencias-educacion-ambiental\\\/#breadcrumb\",\"itemListElement\":[{\"@type\":\"ListItem\",\"position\":1,\"name\":\"Portada\",\"item\":\"https:\\\/\\\/www.reciplasa.es\\\/va\\\/\"},{\"@type\":\"ListItem\",\"position\":2,\"name\":\"V Trobada d&#8217;intercanvi d&#8217;experi\u00e8ncies en educaci\u00f3 ambiental\"}]},{\"@type\":\"WebSite\",\"@id\":\"https:\\\/\\\/www.reciplasa.es\\\/#website\",\"url\":\"https:\\\/\\\/www.reciplasa.es\\\/\",\"name\":\"RECIPLASA\",\"description\":\"Reciclats de Residus La Plana SA\",\"potentialAction\":[{\"@type\":\"SearchAction\",\"target\":{\"@type\":\"EntryPoint\",\"urlTemplate\":\"https:\\\/\\\/www.reciplasa.es\\\/?s={search_term_string}\"},\"query-input\":{\"@type\":\"PropertyValueSpecification\",\"valueRequired\":true,\"valueName\":\"search_term_string\"}}],\"inLanguage\":\"va-VA\"},{\"@type\":\"Person\",\"@id\":\"https:\\\/\\\/www.reciplasa.es\\\/#\\\/schema\\\/person\\\/608ffc094e3c56d49e6c6ec8f1ea0e82\",\"name\":\"Cristina Marco\",\"image\":{\"@type\":\"ImageObject\",\"inLanguage\":\"va-VA\",\"@id\":\"https:\\\/\\\/secure.gravatar.com\\\/avatar\\\/6da7e00dc41d26d3c4245f3b2d70d687293df0dfc18f03719354383f7be4f34b?s=96&d=mm&r=g\",\"url\":\"https:\\\/\\\/secure.gravatar.com\\\/avatar\\\/6da7e00dc41d26d3c4245f3b2d70d687293df0dfc18f03719354383f7be4f34b?s=96&d=mm&r=g\",\"contentUrl\":\"https:\\\/\\\/secure.gravatar.com\\\/avatar\\\/6da7e00dc41d26d3c4245f3b2d70d687293df0dfc18f03719354383f7be4f34b?s=96&d=mm&r=g\",\"caption\":\"Cristina Marco\"},\"url\":\"https:\\\/\\\/www.reciplasa.es\\\/va\\\/author\\\/cristina\\\/\"}]}<\/script>\n<!-- \/ Yoast SEO plugin. -->","yoast_head_json":{"title":"V Trobada d'intercanvi d'experi\u00e8ncies en educaci\u00f3 ambiental - RECIPLASA","robots":{"index":"index","follow":"follow","max-snippet":"max-snippet:-1","max-image-preview":"max-image-preview:large","max-video-preview":"max-video-preview:-1"},"canonical":"https:\/\/www.reciplasa.es\/v-encuentro-intercambio-experiencias-educacion-ambiental\/","og_locale":"en_US","og_type":"article","og_title":"V Trobada d'intercanvi d'experi\u00e8ncies en educaci\u00f3 ambiental - RECIPLASA","og_description":"La trobada se celebra el dissabte 5 de maig en en el sal\u00f3 d&#8217;actes de l&#8217;Ermitori de la Verge de Gr\u00e0cia de Vila-real. El dissabte 5 de maig se celebra la &#8216;V Trobada d&#8217;intercanvi d&#8217;experi\u00e8ncies en educaci\u00f3 ambiental&#8217;, en el qual hauran activitats l\u00fadiques i formatives destinades tant al professorat com a l&#8217;alumnat. El SeminariDale que hay m\u00e1s ...","og_url":"https:\/\/www.reciplasa.es\/v-encuentro-intercambio-experiencias-educacion-ambiental\/","og_site_name":"RECIPLASA","article_published_time":"2018-05-04T08:49:02+00:00","article_modified_time":"2023-07-25T15:00:43+00:00","og_image":[{"width":689,"height":461,"url":"https:\/\/www.reciplasa.es\/wp-content\/uploads\/2018\/05\/V-Trobada-IEEA-carta-als-centres-1-3.jpg","type":"image\/jpeg"}],"author":"Cristina Marco","twitter_card":"summary_large_image","twitter_misc":{"Written by":"Cristina Marco","Est. reading time":"2 minutes"},"schema":{"@context":"https:\/\/schema.org","@graph":[{"@type":"Article","@id":"https:\/\/www.reciplasa.es\/v-encuentro-intercambio-experiencias-educacion-ambiental\/#article","isPartOf":{"@id":"https:\/\/www.reciplasa.es\/v-encuentro-intercambio-experiencias-educacion-ambiental\/"},"author":{"name":"Cristina Marco","@id":"https:\/\/www.reciplasa.es\/#\/schema\/person\/608ffc094e3c56d49e6c6ec8f1ea0e82"},"headline":"V Trobada d&#8217;intercanvi d&#8217;experi\u00e8ncies en educaci\u00f3 ambiental","datePublished":"2018-05-04T08:49:02+00:00","dateModified":"2023-07-25T15:00:43+00:00","mainEntityOfPage":{"@id":"https:\/\/www.reciplasa.es\/v-encuentro-intercambio-experiencias-educacion-ambiental\/"},"wordCount":396,"image":{"@id":"https:\/\/www.reciplasa.es\/v-encuentro-intercambio-experiencias-educacion-ambiental\/#primaryimage"},"thumbnailUrl":"https:\/\/www.reciplasa.es\/wp-content\/uploads\/2018\/05\/V-Trobada-IEEA-carta-als-centres-1-3.jpg","articleSection":["C\u00e0tedra Reciplasa-UJI"],"inLanguage":"va-VA"},{"@type":"WebPage","@id":"https:\/\/www.reciplasa.es\/v-encuentro-intercambio-experiencias-educacion-ambiental\/","url":"https:\/\/www.reciplasa.es\/v-encuentro-intercambio-experiencias-educacion-ambiental\/","name":"V Trobada d'intercanvi d'experi\u00e8ncies en educaci\u00f3 ambiental - RECIPLASA","isPartOf":{"@id":"https:\/\/www.reciplasa.es\/#website"},"primaryImageOfPage":{"@id":"https:\/\/www.reciplasa.es\/v-encuentro-intercambio-experiencias-educacion-ambiental\/#primaryimage"},"image":{"@id":"https:\/\/www.reciplasa.es\/v-encuentro-intercambio-experiencias-educacion-ambiental\/#primaryimage"},"thumbnailUrl":"https:\/\/www.reciplasa.es\/wp-content\/uploads\/2018\/05\/V-Trobada-IEEA-carta-als-centres-1-3.jpg","datePublished":"2018-05-04T08:49:02+00:00","dateModified":"2023-07-25T15:00:43+00:00","author":{"@id":"https:\/\/www.reciplasa.es\/#\/schema\/person\/608ffc094e3c56d49e6c6ec8f1ea0e82"},"breadcrumb":{"@id":"https:\/\/www.reciplasa.es\/v-encuentro-intercambio-experiencias-educacion-ambiental\/#breadcrumb"},"inLanguage":"va-VA","potentialAction":[{"@type":"ReadAction","target":["https:\/\/www.reciplasa.es\/v-encuentro-intercambio-experiencias-educacion-ambiental\/"]}]},{"@type":"ImageObject","inLanguage":"va-VA","@id":"https:\/\/www.reciplasa.es\/v-encuentro-intercambio-experiencias-educacion-ambiental\/#primaryimage","url":"https:\/\/www.reciplasa.es\/wp-content\/uploads\/2018\/05\/V-Trobada-IEEA-carta-als-centres-1-3.jpg","contentUrl":"https:\/\/www.reciplasa.es\/wp-content\/uploads\/2018\/05\/V-Trobada-IEEA-carta-als-centres-1-3.jpg","width":689,"height":461},{"@type":"BreadcrumbList","@id":"https:\/\/www.reciplasa.es\/v-encuentro-intercambio-experiencias-educacion-ambiental\/#breadcrumb","itemListElement":[{"@type":"ListItem","position":1,"name":"Portada","item":"https:\/\/www.reciplasa.es\/va\/"},{"@type":"ListItem","position":2,"name":"V Trobada d&#8217;intercanvi d&#8217;experi\u00e8ncies en educaci\u00f3 ambiental"}]},{"@type":"WebSite","@id":"https:\/\/www.reciplasa.es\/#website","url":"https:\/\/www.reciplasa.es\/","name":"RECIPLASA","description":"Reciclats de Residus La Plana SA","potentialAction":[{"@type":"SearchAction","target":{"@type":"EntryPoint","urlTemplate":"https:\/\/www.reciplasa.es\/?s={search_term_string}"},"query-input":{"@type":"PropertyValueSpecification","valueRequired":true,"valueName":"search_term_string"}}],"inLanguage":"va-VA"},{"@type":"Person","@id":"https:\/\/www.reciplasa.es\/#\/schema\/person\/608ffc094e3c56d49e6c6ec8f1ea0e82","name":"Cristina Marco","image":{"@type":"ImageObject","inLanguage":"va-VA","@id":"https:\/\/secure.gravatar.com\/avatar\/6da7e00dc41d26d3c4245f3b2d70d687293df0dfc18f03719354383f7be4f34b?s=96&d=mm&r=g","url":"https:\/\/secure.gravatar.com\/avatar\/6da7e00dc41d26d3c4245f3b2d70d687293df0dfc18f03719354383f7be4f34b?s=96&d=mm&r=g","contentUrl":"https:\/\/secure.gravatar.com\/avatar\/6da7e00dc41d26d3c4245f3b2d70d687293df0dfc18f03719354383f7be4f34b?s=96&d=mm&r=g","caption":"Cristina Marco"},"url":"https:\/\/www.reciplasa.es\/va\/author\/cristina\/"}]}},"_links":{"self":[{"href":"https:\/\/www.reciplasa.es\/va\/wp-json\/wp\/v2\/posts\/13408","targetHints":{"allow":["GET"]}}],"collection":[{"href":"https:\/\/www.reciplasa.es\/va\/wp-json\/wp\/v2\/posts"}],"about":[{"href":"https:\/\/www.reciplasa.es\/va\/wp-json\/wp\/v2\/types\/post"}],"author":[{"embeddable":true,"href":"https:\/\/www.reciplasa.es\/va\/wp-json\/wp\/v2\/users\/3"}],"replies":[{"embeddable":true,"href":"https:\/\/www.reciplasa.es\/va\/wp-json\/wp\/v2\/comments?post=13408"}],"version-history":[{"count":1,"href":"https:\/\/www.reciplasa.es\/va\/wp-json\/wp\/v2\/posts\/13408\/revisions"}],"predecessor-version":[{"id":13409,"href":"https:\/\/www.reciplasa.es\/va\/wp-json\/wp\/v2\/posts\/13408\/revisions\/13409"}],"wp:featuredmedia":[{"embeddable":true,"href":"https:\/\/www.reciplasa.es\/va\/wp-json\/wp\/v2\/media\/13404"}],"wp:attachment":[{"href":"https:\/\/www.reciplasa.es\/va\/wp-json\/wp\/v2\/media?parent=13408"}],"wp:term":[{"taxonomy":"category","embeddable":true,"href":"https:\/\/www.reciplasa.es\/va\/wp-json\/wp\/v2\/categories?post=13408"},{"taxonomy":"post_tag","embeddable":true,"href":"https:\/\/www.reciplasa.es\/va\/wp-json\/wp\/v2\/tags?post=13408"}],"curies":[{"name":"wp","href":"https:\/\/api.w.org\/{rel}","templated":true}]}}