{"id":13436,"date":"2018-05-07T07:49:39","date_gmt":"2018-05-07T07:49:39","guid":{"rendered":"http:\/\/www.reciplasa.es\/?p=13436\/"},"modified":"2023-07-25T15:00:41","modified_gmt":"2023-07-25T15:00:41","slug":"les-v-jornades-ieea-fomenten-leducacio-ambiental","status":"publish","type":"post","link":"https:\/\/www.reciplasa.es\/va\/les-v-jornades-ieea-fomenten-leducacio-ambiental\/","title":{"rendered":"Les V Jornades de IEEA fomenten l&#8217;educaci\u00f3 ambiental"},"content":{"rendered":"<p>El Seminari d&#8217;Educaci\u00f3 Ambiental de Castell\u00f3 va organitzar el dissabte 5 de maig, la V Trobada d&#8217;Intercanvi d&#8217;Experi\u00e8ncies en Educaci\u00f3 Ambiental (IEAA), en el Sal\u00f3 d&#8217;Actes de L&#8217;Ermitori de la Verge de Gr\u00e0cia de Vila-real. En aquest esdeveniment han participat com a col\u00b7laboradors el<a href=\"http:\/\/mestreacasa.gva.es\/web\/cefirecastello\"> CEFIRE de Castell\u00f3n<\/a>, l&#8217;<a href=\"http:\/\/www.aveads.com\/\">Associaci\u00f3 Valenciana d&#8217;Educaci\u00f3 Ambiental i Desenvolupament Sostenible (AVEADS)<\/a>, la <a href=\"http:\/\/catedrareciplasa.uji.es\/es\/home-alternativa\/\">C\u00e0tedra de Reciplasa<\/a> de la UJI i l&#8217;<a href=\"http:\/\/www.vila-real.es\/portal\/p_1_principal1.jsp?codResi=1&amp;language=ca\">Ajuntament de Villarreal<\/a>.<\/p>\n<p><img loading=\"lazy\" decoding=\"async\" class=\"aligncenter wp-image-13416 size-large\" src=\"http:\/\/www.reciplasa.es\/wp-content\/uploads\/2018\/05\/IMG_20180505_113636305-1024x768.jpg\" alt=\"\" width=\"800\" height=\"600\" srcset=\"https:\/\/www.reciplasa.es\/wp-content\/uploads\/2018\/05\/IMG_20180505_113636305-1024x768.jpg 1024w, https:\/\/www.reciplasa.es\/wp-content\/uploads\/2018\/05\/IMG_20180505_113636305-300x225.jpg 300w, https:\/\/www.reciplasa.es\/wp-content\/uploads\/2018\/05\/IMG_20180505_113636305-768x576.jpg 768w\" sizes=\"auto, (max-width: 800px) 100vw, 800px\" \/><\/p>\n<p>La V trobada IEEA t\u00e9 com a principals objectius fomentar l&#8217;educaci\u00f3 ambiental i facilitar al professorat referencies per a con\u00e8ixer i compartir les experi\u00e8ncies que estan desenvolupant en els centres d&#8217;ensenyament primari i secund\u00e0ria en mat\u00e8ries de car\u00e0cter ecol\u00f2gic i social (gesti\u00f3 de residus, hort escolar, alimentaci\u00f3 saludable, consum responsable, energia, contaminaci\u00f3, canvi clim\u00e0tic&#8230;), on l&#8217;alumnat t\u00e9 un gran protagonisme.<\/p>\n<p><img loading=\"lazy\" decoding=\"async\" class=\"wp-image-13417 alignleft\" src=\"http:\/\/www.reciplasa.es\/wp-content\/uploads\/2018\/05\/IMG_20180505_114524578-300x225.jpg\" alt=\"\" width=\"375\" height=\"281\" srcset=\"https:\/\/www.reciplasa.es\/wp-content\/uploads\/2018\/05\/IMG_20180505_114524578-300x225.jpg 300w, https:\/\/www.reciplasa.es\/wp-content\/uploads\/2018\/05\/IMG_20180505_114524578-768x576.jpg 768w, https:\/\/www.reciplasa.es\/wp-content\/uploads\/2018\/05\/IMG_20180505_114524578-1024x768.jpg 1024w\" sizes=\"auto, (max-width: 375px) 100vw, 375px\" \/>La C\u00e0tedra Reciplasa de Gesti\u00f3 de Residus Urbans ha col\u00b7laborat i patrocinat aquesta edici\u00f3, dins de la seua pol\u00edtica de divulgaci\u00f3 i foment d&#8217;activitats que estiguen relacionades amb el medi ambient i la gesti\u00f3 sostenible dels residus urbans. En aquesta V trobada IEEA, el director de la C\u00e0tedra i professor F\u00e9lix Hern\u00e1ndez, ha donat a con\u00e8ixer les activitats de la C\u00e0tedra en mat\u00e8ria de divulgaci\u00f3 i recerca, i ha animat als alumnes i als centres participants en la jornada a presentar els seus treballs al concurs <strong>\u201c<a href=\"http:\/\/www.reciplasa.es\/va\/v-trobada-dintercanvi-dexperiencies-educacio-ambiental\/\">Qu\u00e9 fem amb el fem?<\/a>\u201d<\/strong>. Aquest concurs, patrocinat per la C\u00e0tedra i organitzat pel CEFIRE de Castell\u00f3, pret\u00e9n fomentar en els centres d&#8217;ensenyament mitj\u00e0 una major conscienciaci\u00f3 sobre la gesti\u00f3 responsable dels residus urbans. A aquest efecte, s&#8217;atorgaran premis als tres millors treballs en aquest \u00e0mbit, realitzats per grups d&#8217;alumnes dirigits pel seu professor. El lliurament de premis tindr\u00e0 lloc el dia 5 de juny, coincidint amb el dia mundial del medi ambient.<\/p>\n<h4>Galeria d&#8217;imatges<\/h4>\n<p>\r\n\t\t<a class=\"popup-link\" href=\"http:\/\/www.reciplasa.es\/wp-content\/uploads\/2018\/05\/IMG_20180505_114757867.jpg\"><img decoding=\"async\" src=\"http:\/\/www.reciplasa.es\/wp-content\/uploads\/2018\/05\/IMG_20180505_114757867_SMALL.jpg\" \/><\/a> \r\n\t\t<a class=\"popup-link\" href=\"http:\/\/www.reciplasa.es\/wp-content\/uploads\/2018\/05\/IMG_20180505_114808620.jpg\"><img decoding=\"async\" src=\"http:\/\/www.reciplasa.es\/wp-content\/uploads\/2018\/05\/IMG_20180505_114808620_SMALL.jpg\" \/><\/a>\r\n\t\t<a class=\"popup-link\" href=\"http:\/\/www.reciplasa.es\/wp-content\/uploads\/2018\/05\/IMG_20180505_113625365.jpg\"><img decoding=\"async\" src=\"http:\/\/www.reciplasa.es\/wp-content\/uploads\/2018\/05\/IMG_20180505_113625365_SMALL.jpg\" \/><\/a>\r\n\t\t<a class=\"popup-link\" href=\"http:\/\/www.reciplasa.es\/wp-content\/uploads\/2018\/05\/IMG_20180505_122555676.jpg\"><img decoding=\"async\" src=\"http:\/\/www.reciplasa.es\/wp-content\/uploads\/2018\/05\/IMG_20180505_122555676_small.jpg\" \/><\/a> \r\n\t\t<a class=\"popup-link\" href=\"http:\/\/www.reciplasa.es\/wp-content\/uploads\/2018\/05\/IMG_20180505_135301636.jpg\"><img decoding=\"async\" src=\"http:\/\/www.reciplasa.es\/wp-content\/uploads\/2018\/05\/IMG_20180505_135301636_small.jpg\" \/><\/a> \r\n\t\t<a class=\"popup-link\" href=\"http:\/\/www.reciplasa.es\/wp-content\/uploads\/2018\/05\/IMG_20180505_125449814.jpg\"><img decoding=\"async\" src=\"http:\/\/www.reciplasa.es\/wp-content\/uploads\/2018\/05\/IMG_20180505_125449814_small.jpg\" \/><\/a><\/p>\n","protected":false},"excerpt":{"rendered":"<p>El Seminari d&#8217;Educaci\u00f3 Ambiental de Castell\u00f3 va organitzar el dissabte 5 de maig, la V Trobada d&#8217;Intercanvi d&#8217;Experi\u00e8ncies en Educaci\u00f3 Ambiental (IEAA), en el Sal\u00f3 d&#8217;Actes de L&#8217;Ermitori de la Verge de Gr\u00e0cia de Vila-real. En aquest esdeveniment han participat com a col\u00b7laboradors el CEFIRE de Castell\u00f3n, l&#8217;Associaci\u00f3 Valenciana d&#8217;Educaci\u00f3 Ambiental i Desenvolupament Sostenible (AVEADS),Dale que hay m\u00e1s &#8230;<\/p>\n","protected":false},"author":3,"featured_media":13413,"comment_status":"closed","ping_status":"closed","sticky":false,"template":"","format":"standard","meta":{"footnotes":""},"categories":[88],"tags":[],"class_list":["post-13436","post","type-post","status-publish","format-standard","has-post-thumbnail","hentry","category-catedra-reciplasa-uji"],"yoast_head":"<!-- This site is optimized with the Yoast SEO plugin v27.4 - https:\/\/yoast.com\/product\/yoast-seo-wordpress\/ -->\n<title>Les V Jornades de IEEA fomenten l&#039;educaci\u00f3 ambiental - RECIPLASA<\/title>\n<meta name=\"robots\" content=\"index, follow, max-snippet:-1, max-image-preview:large, max-video-preview:-1\" \/>\n<link rel=\"canonical\" href=\"https:\/\/www.reciplasa.es\/va\/les-v-jornades-ieea-fomenten-leducacio-ambiental\/\" \/>\n<meta property=\"og:locale\" content=\"en_US\" \/>\n<meta property=\"og:type\" content=\"article\" \/>\n<meta property=\"og:title\" content=\"Les V Jornades de IEEA fomenten l&#039;educaci\u00f3 ambiental - RECIPLASA\" \/>\n<meta property=\"og:description\" content=\"El Seminari d&#8217;Educaci\u00f3 Ambiental de Castell\u00f3 va organitzar el dissabte 5 de maig, la V Trobada d&#8217;Intercanvi d&#8217;Experi\u00e8ncies en Educaci\u00f3 Ambiental (IEAA), en el Sal\u00f3 d&#8217;Actes de L&#8217;Ermitori de la Verge de Gr\u00e0cia de Vila-real. En aquest esdeveniment han participat com a col\u00b7laboradors el CEFIRE de Castell\u00f3n, l&#8217;Associaci\u00f3 Valenciana d&#8217;Educaci\u00f3 Ambiental i Desenvolupament Sostenible (AVEADS),Dale que hay m\u00e1s ...\" \/>\n<meta property=\"og:url\" content=\"https:\/\/www.reciplasa.es\/va\/les-v-jornades-ieea-fomenten-leducacio-ambiental\/\" \/>\n<meta property=\"og:site_name\" content=\"RECIPLASA\" \/>\n<meta property=\"article:published_time\" content=\"2018-05-07T07:49:39+00:00\" \/>\n<meta property=\"article:modified_time\" content=\"2023-07-25T15:00:41+00:00\" \/>\n<meta property=\"og:image\" content=\"https:\/\/www.reciplasa.es\/wp-content\/uploads\/2018\/05\/IMG_20180505_125409487-1024x768.jpg\" \/>\n\t<meta property=\"og:image:width\" content=\"1024\" \/>\n\t<meta property=\"og:image:height\" content=\"768\" \/>\n\t<meta property=\"og:image:type\" content=\"image\/jpeg\" \/>\n<meta name=\"author\" content=\"Cristina Marco\" \/>\n<meta name=\"twitter:card\" content=\"summary_large_image\" \/>\n<meta name=\"twitter:label1\" content=\"Written by\" \/>\n\t<meta name=\"twitter:data1\" content=\"Cristina Marco\" \/>\n\t<meta name=\"twitter:label2\" content=\"Est. reading time\" \/>\n\t<meta name=\"twitter:data2\" content=\"2 minutes\" \/>\n<script type=\"application\/ld+json\" class=\"yoast-schema-graph\">{\"@context\":\"https:\\\/\\\/schema.org\",\"@graph\":[{\"@type\":\"Article\",\"@id\":\"https:\\\/\\\/www.reciplasa.es\\\/va\\\/les-v-jornades-ieea-fomenten-leducacio-ambiental\\\/#article\",\"isPartOf\":{\"@id\":\"https:\\\/\\\/www.reciplasa.es\\\/va\\\/les-v-jornades-ieea-fomenten-leducacio-ambiental\\\/\"},\"author\":{\"name\":\"Cristina Marco\",\"@id\":\"https:\\\/\\\/www.reciplasa.es\\\/#\\\/schema\\\/person\\\/608ffc094e3c56d49e6c6ec8f1ea0e82\"},\"headline\":\"Les V Jornades de IEEA fomenten l&#8217;educaci\u00f3 ambiental\",\"datePublished\":\"2018-05-07T07:49:39+00:00\",\"dateModified\":\"2023-07-25T15:00:41+00:00\",\"mainEntityOfPage\":{\"@id\":\"https:\\\/\\\/www.reciplasa.es\\\/va\\\/les-v-jornades-ieea-fomenten-leducacio-ambiental\\\/\"},\"wordCount\":459,\"image\":{\"@id\":\"https:\\\/\\\/www.reciplasa.es\\\/va\\\/les-v-jornades-ieea-fomenten-leducacio-ambiental\\\/#primaryimage\"},\"thumbnailUrl\":\"https:\\\/\\\/www.reciplasa.es\\\/wp-content\\\/uploads\\\/2018\\\/05\\\/IMG_20180505_125409487.jpg\",\"articleSection\":[\"C\u00e0tedra Reciplasa-UJI\"],\"inLanguage\":\"va-VA\"},{\"@type\":\"WebPage\",\"@id\":\"https:\\\/\\\/www.reciplasa.es\\\/va\\\/les-v-jornades-ieea-fomenten-leducacio-ambiental\\\/\",\"url\":\"https:\\\/\\\/www.reciplasa.es\\\/va\\\/les-v-jornades-ieea-fomenten-leducacio-ambiental\\\/\",\"name\":\"Les V Jornades de IEEA fomenten l'educaci\u00f3 ambiental - RECIPLASA\",\"isPartOf\":{\"@id\":\"https:\\\/\\\/www.reciplasa.es\\\/#website\"},\"primaryImageOfPage\":{\"@id\":\"https:\\\/\\\/www.reciplasa.es\\\/va\\\/les-v-jornades-ieea-fomenten-leducacio-ambiental\\\/#primaryimage\"},\"image\":{\"@id\":\"https:\\\/\\\/www.reciplasa.es\\\/va\\\/les-v-jornades-ieea-fomenten-leducacio-ambiental\\\/#primaryimage\"},\"thumbnailUrl\":\"https:\\\/\\\/www.reciplasa.es\\\/wp-content\\\/uploads\\\/2018\\\/05\\\/IMG_20180505_125409487.jpg\",\"datePublished\":\"2018-05-07T07:49:39+00:00\",\"dateModified\":\"2023-07-25T15:00:41+00:00\",\"author\":{\"@id\":\"https:\\\/\\\/www.reciplasa.es\\\/#\\\/schema\\\/person\\\/608ffc094e3c56d49e6c6ec8f1ea0e82\"},\"breadcrumb\":{\"@id\":\"https:\\\/\\\/www.reciplasa.es\\\/va\\\/les-v-jornades-ieea-fomenten-leducacio-ambiental\\\/#breadcrumb\"},\"inLanguage\":\"va-VA\",\"potentialAction\":[{\"@type\":\"ReadAction\",\"target\":[\"https:\\\/\\\/www.reciplasa.es\\\/va\\\/les-v-jornades-ieea-fomenten-leducacio-ambiental\\\/\"]}]},{\"@type\":\"ImageObject\",\"inLanguage\":\"va-VA\",\"@id\":\"https:\\\/\\\/www.reciplasa.es\\\/va\\\/les-v-jornades-ieea-fomenten-leducacio-ambiental\\\/#primaryimage\",\"url\":\"https:\\\/\\\/www.reciplasa.es\\\/wp-content\\\/uploads\\\/2018\\\/05\\\/IMG_20180505_125409487.jpg\",\"contentUrl\":\"https:\\\/\\\/www.reciplasa.es\\\/wp-content\\\/uploads\\\/2018\\\/05\\\/IMG_20180505_125409487.jpg\",\"width\":4632,\"height\":3474},{\"@type\":\"BreadcrumbList\",\"@id\":\"https:\\\/\\\/www.reciplasa.es\\\/va\\\/les-v-jornades-ieea-fomenten-leducacio-ambiental\\\/#breadcrumb\",\"itemListElement\":[{\"@type\":\"ListItem\",\"position\":1,\"name\":\"Portada\",\"item\":\"https:\\\/\\\/www.reciplasa.es\\\/va\\\/\"},{\"@type\":\"ListItem\",\"position\":2,\"name\":\"Les V Jornades de IEEA fomenten l&#8217;educaci\u00f3 ambiental\"}]},{\"@type\":\"WebSite\",\"@id\":\"https:\\\/\\\/www.reciplasa.es\\\/#website\",\"url\":\"https:\\\/\\\/www.reciplasa.es\\\/\",\"name\":\"RECIPLASA\",\"description\":\"Reciclats de Residus La Plana SA\",\"potentialAction\":[{\"@type\":\"SearchAction\",\"target\":{\"@type\":\"EntryPoint\",\"urlTemplate\":\"https:\\\/\\\/www.reciplasa.es\\\/?s={search_term_string}\"},\"query-input\":{\"@type\":\"PropertyValueSpecification\",\"valueRequired\":true,\"valueName\":\"search_term_string\"}}],\"inLanguage\":\"va-VA\"},{\"@type\":\"Person\",\"@id\":\"https:\\\/\\\/www.reciplasa.es\\\/#\\\/schema\\\/person\\\/608ffc094e3c56d49e6c6ec8f1ea0e82\",\"name\":\"Cristina Marco\",\"image\":{\"@type\":\"ImageObject\",\"inLanguage\":\"va-VA\",\"@id\":\"https:\\\/\\\/secure.gravatar.com\\\/avatar\\\/6da7e00dc41d26d3c4245f3b2d70d687293df0dfc18f03719354383f7be4f34b?s=96&d=mm&r=g\",\"url\":\"https:\\\/\\\/secure.gravatar.com\\\/avatar\\\/6da7e00dc41d26d3c4245f3b2d70d687293df0dfc18f03719354383f7be4f34b?s=96&d=mm&r=g\",\"contentUrl\":\"https:\\\/\\\/secure.gravatar.com\\\/avatar\\\/6da7e00dc41d26d3c4245f3b2d70d687293df0dfc18f03719354383f7be4f34b?s=96&d=mm&r=g\",\"caption\":\"Cristina Marco\"},\"url\":\"https:\\\/\\\/www.reciplasa.es\\\/va\\\/author\\\/cristina\\\/\"}]}<\/script>\n<!-- \/ Yoast SEO plugin. -->","yoast_head_json":{"title":"Les V Jornades de IEEA fomenten l'educaci\u00f3 ambiental - RECIPLASA","robots":{"index":"index","follow":"follow","max-snippet":"max-snippet:-1","max-image-preview":"max-image-preview:large","max-video-preview":"max-video-preview:-1"},"canonical":"https:\/\/www.reciplasa.es\/va\/les-v-jornades-ieea-fomenten-leducacio-ambiental\/","og_locale":"en_US","og_type":"article","og_title":"Les V Jornades de IEEA fomenten l'educaci\u00f3 ambiental - RECIPLASA","og_description":"El Seminari d&#8217;Educaci\u00f3 Ambiental de Castell\u00f3 va organitzar el dissabte 5 de maig, la V Trobada d&#8217;Intercanvi d&#8217;Experi\u00e8ncies en Educaci\u00f3 Ambiental (IEAA), en el Sal\u00f3 d&#8217;Actes de L&#8217;Ermitori de la Verge de Gr\u00e0cia de Vila-real. En aquest esdeveniment han participat com a col\u00b7laboradors el CEFIRE de Castell\u00f3n, l&#8217;Associaci\u00f3 Valenciana d&#8217;Educaci\u00f3 Ambiental i Desenvolupament Sostenible (AVEADS),Dale que hay m\u00e1s ...","og_url":"https:\/\/www.reciplasa.es\/va\/les-v-jornades-ieea-fomenten-leducacio-ambiental\/","og_site_name":"RECIPLASA","article_published_time":"2018-05-07T07:49:39+00:00","article_modified_time":"2023-07-25T15:00:41+00:00","og_image":[{"width":1024,"height":768,"url":"https:\/\/www.reciplasa.es\/wp-content\/uploads\/2018\/05\/IMG_20180505_125409487-1024x768.jpg","type":"image\/jpeg"}],"author":"Cristina Marco","twitter_card":"summary_large_image","twitter_misc":{"Written by":"Cristina Marco","Est. reading time":"2 minutes"},"schema":{"@context":"https:\/\/schema.org","@graph":[{"@type":"Article","@id":"https:\/\/www.reciplasa.es\/va\/les-v-jornades-ieea-fomenten-leducacio-ambiental\/#article","isPartOf":{"@id":"https:\/\/www.reciplasa.es\/va\/les-v-jornades-ieea-fomenten-leducacio-ambiental\/"},"author":{"name":"Cristina Marco","@id":"https:\/\/www.reciplasa.es\/#\/schema\/person\/608ffc094e3c56d49e6c6ec8f1ea0e82"},"headline":"Les V Jornades de IEEA fomenten l&#8217;educaci\u00f3 ambiental","datePublished":"2018-05-07T07:49:39+00:00","dateModified":"2023-07-25T15:00:41+00:00","mainEntityOfPage":{"@id":"https:\/\/www.reciplasa.es\/va\/les-v-jornades-ieea-fomenten-leducacio-ambiental\/"},"wordCount":459,"image":{"@id":"https:\/\/www.reciplasa.es\/va\/les-v-jornades-ieea-fomenten-leducacio-ambiental\/#primaryimage"},"thumbnailUrl":"https:\/\/www.reciplasa.es\/wp-content\/uploads\/2018\/05\/IMG_20180505_125409487.jpg","articleSection":["C\u00e0tedra Reciplasa-UJI"],"inLanguage":"va-VA"},{"@type":"WebPage","@id":"https:\/\/www.reciplasa.es\/va\/les-v-jornades-ieea-fomenten-leducacio-ambiental\/","url":"https:\/\/www.reciplasa.es\/va\/les-v-jornades-ieea-fomenten-leducacio-ambiental\/","name":"Les V Jornades de IEEA fomenten l'educaci\u00f3 ambiental - RECIPLASA","isPartOf":{"@id":"https:\/\/www.reciplasa.es\/#website"},"primaryImageOfPage":{"@id":"https:\/\/www.reciplasa.es\/va\/les-v-jornades-ieea-fomenten-leducacio-ambiental\/#primaryimage"},"image":{"@id":"https:\/\/www.reciplasa.es\/va\/les-v-jornades-ieea-fomenten-leducacio-ambiental\/#primaryimage"},"thumbnailUrl":"https:\/\/www.reciplasa.es\/wp-content\/uploads\/2018\/05\/IMG_20180505_125409487.jpg","datePublished":"2018-05-07T07:49:39+00:00","dateModified":"2023-07-25T15:00:41+00:00","author":{"@id":"https:\/\/www.reciplasa.es\/#\/schema\/person\/608ffc094e3c56d49e6c6ec8f1ea0e82"},"breadcrumb":{"@id":"https:\/\/www.reciplasa.es\/va\/les-v-jornades-ieea-fomenten-leducacio-ambiental\/#breadcrumb"},"inLanguage":"va-VA","potentialAction":[{"@type":"ReadAction","target":["https:\/\/www.reciplasa.es\/va\/les-v-jornades-ieea-fomenten-leducacio-ambiental\/"]}]},{"@type":"ImageObject","inLanguage":"va-VA","@id":"https:\/\/www.reciplasa.es\/va\/les-v-jornades-ieea-fomenten-leducacio-ambiental\/#primaryimage","url":"https:\/\/www.reciplasa.es\/wp-content\/uploads\/2018\/05\/IMG_20180505_125409487.jpg","contentUrl":"https:\/\/www.reciplasa.es\/wp-content\/uploads\/2018\/05\/IMG_20180505_125409487.jpg","width":4632,"height":3474},{"@type":"BreadcrumbList","@id":"https:\/\/www.reciplasa.es\/va\/les-v-jornades-ieea-fomenten-leducacio-ambiental\/#breadcrumb","itemListElement":[{"@type":"ListItem","position":1,"name":"Portada","item":"https:\/\/www.reciplasa.es\/va\/"},{"@type":"ListItem","position":2,"name":"Les V Jornades de IEEA fomenten l&#8217;educaci\u00f3 ambiental"}]},{"@type":"WebSite","@id":"https:\/\/www.reciplasa.es\/#website","url":"https:\/\/www.reciplasa.es\/","name":"RECIPLASA","description":"Reciclats de Residus La Plana SA","potentialAction":[{"@type":"SearchAction","target":{"@type":"EntryPoint","urlTemplate":"https:\/\/www.reciplasa.es\/?s={search_term_string}"},"query-input":{"@type":"PropertyValueSpecification","valueRequired":true,"valueName":"search_term_string"}}],"inLanguage":"va-VA"},{"@type":"Person","@id":"https:\/\/www.reciplasa.es\/#\/schema\/person\/608ffc094e3c56d49e6c6ec8f1ea0e82","name":"Cristina Marco","image":{"@type":"ImageObject","inLanguage":"va-VA","@id":"https:\/\/secure.gravatar.com\/avatar\/6da7e00dc41d26d3c4245f3b2d70d687293df0dfc18f03719354383f7be4f34b?s=96&d=mm&r=g","url":"https:\/\/secure.gravatar.com\/avatar\/6da7e00dc41d26d3c4245f3b2d70d687293df0dfc18f03719354383f7be4f34b?s=96&d=mm&r=g","contentUrl":"https:\/\/secure.gravatar.com\/avatar\/6da7e00dc41d26d3c4245f3b2d70d687293df0dfc18f03719354383f7be4f34b?s=96&d=mm&r=g","caption":"Cristina Marco"},"url":"https:\/\/www.reciplasa.es\/va\/author\/cristina\/"}]}},"_links":{"self":[{"href":"https:\/\/www.reciplasa.es\/va\/wp-json\/wp\/v2\/posts\/13436","targetHints":{"allow":["GET"]}}],"collection":[{"href":"https:\/\/www.reciplasa.es\/va\/wp-json\/wp\/v2\/posts"}],"about":[{"href":"https:\/\/www.reciplasa.es\/va\/wp-json\/wp\/v2\/types\/post"}],"author":[{"embeddable":true,"href":"https:\/\/www.reciplasa.es\/va\/wp-json\/wp\/v2\/users\/3"}],"replies":[{"embeddable":true,"href":"https:\/\/www.reciplasa.es\/va\/wp-json\/wp\/v2\/comments?post=13436"}],"version-history":[{"count":2,"href":"https:\/\/www.reciplasa.es\/va\/wp-json\/wp\/v2\/posts\/13436\/revisions"}],"predecessor-version":[{"id":13438,"href":"https:\/\/www.reciplasa.es\/va\/wp-json\/wp\/v2\/posts\/13436\/revisions\/13438"}],"wp:featuredmedia":[{"embeddable":true,"href":"https:\/\/www.reciplasa.es\/va\/wp-json\/wp\/v2\/media\/13413"}],"wp:attachment":[{"href":"https:\/\/www.reciplasa.es\/va\/wp-json\/wp\/v2\/media?parent=13436"}],"wp:term":[{"taxonomy":"category","embeddable":true,"href":"https:\/\/www.reciplasa.es\/va\/wp-json\/wp\/v2\/categories?post=13436"},{"taxonomy":"post_tag","embeddable":true,"href":"https:\/\/www.reciplasa.es\/va\/wp-json\/wp\/v2\/tags?post=13436"}],"curies":[{"name":"wp","href":"https:\/\/api.w.org\/{rel}","templated":true}]}}