{"id":13595,"date":"2018-10-31T08:29:25","date_gmt":"2018-10-31T08:29:25","guid":{"rendered":"http:\/\/www.reciplasa.es\/?p=13595\/"},"modified":"2018-11-02T08:29:58","modified_gmt":"2018-11-02T08:29:58","slug":"reciplasa-acorda-una-pujada-del-canon-lipc-i-comencara-les-inversions-millora-les-instal%e2%80%a2lacions","status":"publish","type":"post","link":"https:\/\/www.reciplasa.es\/va\/reciplasa-acorda-una-pujada-del-canon-lipc-i-comencara-les-inversions-millora-les-instal%e2%80%a2lacions\/","title":{"rendered":"Reciplasa acorda una pujada del c\u00e0non de l\u2019IPC i comen\u00e7ar\u00e0 les inversions de millora a les instal\u2022lacions"},"content":{"rendered":"<p>L&#8217;empresa p\u00fablica per al tractament i reciclatge dels residus s\u00f2lids urbans de la zona centre de la prov\u00edncia de Castell\u00f3, Reciplasa, ha aprovat en el consell d&#8217;administraci\u00f3 la pujada del c\u00e0non que els Ajuntaments han de pagar per cada tona de brossa que es tracta en les seues instal\u2022lacions, aproximadament, en un 5%. La presidenta de Reciplasa i vicealcaldesa de Castell\u00f3, Ali Brancal, assegura que \u201c\u00e9s la pujada que venim aplicant cada any des de fa un temps i que ve donada per l&#8217;increment de l&#8217;\u00cdndex de Preus al Consum del mes d&#8217;agost i un 3% que es va acordar l&#8217;any 2012 per a escometre les inversions que s&#8217;hagen de desenvolupar en la planta i que no es vegen repercutides en un any, si no que es vagenllaminant progressivament per a no afectar tant a les economies dels consistoris i a la ciutadania\u201d.<\/p>\n<p>Respecte al tema de l&#8217;abocador, la presidenta indica que \u201cestem treballant amb dilig\u00e8ncia conforme al Pla de Gesti\u00f3 que aprovem en el Consorci del C2 per unanimitat dels 47 ajuntaments, la Diputaci\u00f3 i la Generalitat, perqu\u00e8 estigael m\u00e9s prompte possible en funcionament. S\u00f3n tr\u00e0mits administratius de llarg recorregut. Es tracta d&#8217;un procediment cost\u00f3s perqu\u00e8 volem garantir que les instal\u2022lacions complisquen amb les m\u00e9s estrictes mesures de seguretat i s&#8217;adapten a tots els requisits legals que han de complir\u201d. Cal recordar, que a m\u00e9s dels problemes econ\u00f2mics, l&#8217;obertura de l&#8217;abocador finalitzaria amb els problemes d&#8217;olors i incid\u00e8ncies en la zona.<\/p>\n<p>Finalment, Brancal conclou que \u201cReciplasa \u00e9s una entitat p\u00fablica 100% que reinverteix tots els seus recursos en el tractament dels residus i en la millora de les instal\u2022lacions. A m\u00e9s, tenim previst continuar amb les campanyes de sensibilitzaci\u00f3 i de conscienciaci\u00f3 sobre la necessitat de consumir responsablement i reciclar en origen, aix\u00ed com amb els controls i estudis que duu a terme la UJI en les nostres instal\u2022lacions per a garantir que no afectem al nostre entorn\u201d.<\/p>\n","protected":false},"excerpt":{"rendered":"<p>L&#8217;empresa p\u00fablica per al tractament i reciclatge dels residus s\u00f2lids urbans de la zona centre de la prov\u00edncia de Castell\u00f3, Reciplasa, ha aprovat en el consell d&#8217;administraci\u00f3 la pujada del c\u00e0non que els Ajuntaments han de pagar per cada tona de brossa que es tracta en les seues instal\u2022lacions, aproximadament, en un 5%. La presidentaDale que hay m\u00e1s &#8230;<\/p>\n","protected":false},"author":3,"featured_media":13593,"comment_status":"closed","ping_status":"closed","sticky":false,"template":"","format":"standard","meta":{"footnotes":""},"categories":[87],"tags":[],"class_list":["post-13595","post","type-post","status-publish","format-standard","has-post-thumbnail","hentry","category-noticies-corporatives"],"yoast_head":"<!-- This site is optimized with the Yoast SEO plugin v27.4 - https:\/\/yoast.com\/product\/yoast-seo-wordpress\/ -->\n<title>Reciplasa acorda una pujada del c\u00e0non de l\u2019IPC i comen\u00e7ar\u00e0 les inversions de millora a les instal\u2022lacions - RECIPLASA<\/title>\n<meta name=\"robots\" content=\"index, follow, max-snippet:-1, max-image-preview:large, max-video-preview:-1\" \/>\n<link rel=\"canonical\" href=\"https:\/\/www.reciplasa.es\/reciplasa-acuerda-una-subida-del-canon-del-ipc-comenzara-las-inversiones-mejora-las-instalaciones\/\" \/>\n<meta property=\"og:locale\" content=\"en_US\" \/>\n<meta property=\"og:type\" content=\"article\" \/>\n<meta property=\"og:title\" content=\"Reciplasa acorda una pujada del c\u00e0non de l\u2019IPC i comen\u00e7ar\u00e0 les inversions de millora a les instal\u2022lacions - RECIPLASA\" \/>\n<meta property=\"og:description\" content=\"L&#8217;empresa p\u00fablica per al tractament i reciclatge dels residus s\u00f2lids urbans de la zona centre de la prov\u00edncia de Castell\u00f3, Reciplasa, ha aprovat en el consell d&#8217;administraci\u00f3 la pujada del c\u00e0non que els Ajuntaments han de pagar per cada tona de brossa que es tracta en les seues instal\u2022lacions, aproximadament, en un 5%. La presidentaDale que hay m\u00e1s ...\" \/>\n<meta property=\"og:url\" content=\"https:\/\/www.reciplasa.es\/reciplasa-acuerda-una-subida-del-canon-del-ipc-comenzara-las-inversiones-mejora-las-instalaciones\/\" \/>\n<meta property=\"og:site_name\" content=\"RECIPLASA\" \/>\n<meta property=\"article:published_time\" content=\"2018-10-31T08:29:25+00:00\" \/>\n<meta property=\"article:modified_time\" content=\"2018-11-02T08:29:58+00:00\" \/>\n<meta property=\"og:image\" content=\"https:\/\/www.reciplasa.es\/wp-content\/uploads\/2018\/11\/311018-Consell-Administracio\u011b.jpg\" \/>\n\t<meta property=\"og:image:width\" content=\"3888\" \/>\n\t<meta property=\"og:image:height\" content=\"2592\" \/>\n\t<meta property=\"og:image:type\" content=\"image\/jpeg\" \/>\n<meta name=\"author\" content=\"Cristina Marco\" \/>\n<meta name=\"twitter:card\" content=\"summary_large_image\" \/>\n<meta name=\"twitter:label1\" content=\"Written by\" \/>\n\t<meta name=\"twitter:data1\" content=\"Cristina Marco\" \/>\n\t<meta name=\"twitter:label2\" content=\"Est. reading time\" \/>\n\t<meta name=\"twitter:data2\" content=\"2 minutes\" \/>\n<script type=\"application\/ld+json\" class=\"yoast-schema-graph\">{\"@context\":\"https:\\\/\\\/schema.org\",\"@graph\":[{\"@type\":\"Article\",\"@id\":\"https:\\\/\\\/www.reciplasa.es\\\/reciplasa-acuerda-una-subida-del-canon-del-ipc-comenzara-las-inversiones-mejora-las-instalaciones\\\/#article\",\"isPartOf\":{\"@id\":\"https:\\\/\\\/www.reciplasa.es\\\/reciplasa-acuerda-una-subida-del-canon-del-ipc-comenzara-las-inversiones-mejora-las-instalaciones\\\/\"},\"author\":{\"name\":\"Cristina Marco\",\"@id\":\"https:\\\/\\\/www.reciplasa.es\\\/#\\\/schema\\\/person\\\/608ffc094e3c56d49e6c6ec8f1ea0e82\"},\"headline\":\"Reciplasa acorda una pujada del c\u00e0non de l\u2019IPC i comen\u00e7ar\u00e0 les inversions de millora a les instal\u2022lacions\",\"datePublished\":\"2018-10-31T08:29:25+00:00\",\"dateModified\":\"2018-11-02T08:29:58+00:00\",\"mainEntityOfPage\":{\"@id\":\"https:\\\/\\\/www.reciplasa.es\\\/reciplasa-acuerda-una-subida-del-canon-del-ipc-comenzara-las-inversiones-mejora-las-instalaciones\\\/\"},\"wordCount\":367,\"image\":{\"@id\":\"https:\\\/\\\/www.reciplasa.es\\\/reciplasa-acuerda-una-subida-del-canon-del-ipc-comenzara-las-inversiones-mejora-las-instalaciones\\\/#primaryimage\"},\"thumbnailUrl\":\"https:\\\/\\\/www.reciplasa.es\\\/wp-content\\\/uploads\\\/2018\\\/11\\\/311018-Consell-Administracio\u011b.jpg\",\"articleSection\":[\"Not\u00edcies corporatives\"],\"inLanguage\":\"va-VA\"},{\"@type\":\"WebPage\",\"@id\":\"https:\\\/\\\/www.reciplasa.es\\\/reciplasa-acuerda-una-subida-del-canon-del-ipc-comenzara-las-inversiones-mejora-las-instalaciones\\\/\",\"url\":\"https:\\\/\\\/www.reciplasa.es\\\/reciplasa-acuerda-una-subida-del-canon-del-ipc-comenzara-las-inversiones-mejora-las-instalaciones\\\/\",\"name\":\"Reciplasa acorda una pujada del c\u00e0non de l\u2019IPC i comen\u00e7ar\u00e0 les inversions de millora a les instal\u2022lacions - RECIPLASA\",\"isPartOf\":{\"@id\":\"https:\\\/\\\/www.reciplasa.es\\\/#website\"},\"primaryImageOfPage\":{\"@id\":\"https:\\\/\\\/www.reciplasa.es\\\/reciplasa-acuerda-una-subida-del-canon-del-ipc-comenzara-las-inversiones-mejora-las-instalaciones\\\/#primaryimage\"},\"image\":{\"@id\":\"https:\\\/\\\/www.reciplasa.es\\\/reciplasa-acuerda-una-subida-del-canon-del-ipc-comenzara-las-inversiones-mejora-las-instalaciones\\\/#primaryimage\"},\"thumbnailUrl\":\"https:\\\/\\\/www.reciplasa.es\\\/wp-content\\\/uploads\\\/2018\\\/11\\\/311018-Consell-Administracio\u011b.jpg\",\"datePublished\":\"2018-10-31T08:29:25+00:00\",\"dateModified\":\"2018-11-02T08:29:58+00:00\",\"author\":{\"@id\":\"https:\\\/\\\/www.reciplasa.es\\\/#\\\/schema\\\/person\\\/608ffc094e3c56d49e6c6ec8f1ea0e82\"},\"breadcrumb\":{\"@id\":\"https:\\\/\\\/www.reciplasa.es\\\/reciplasa-acuerda-una-subida-del-canon-del-ipc-comenzara-las-inversiones-mejora-las-instalaciones\\\/#breadcrumb\"},\"inLanguage\":\"va-VA\",\"potentialAction\":[{\"@type\":\"ReadAction\",\"target\":[\"https:\\\/\\\/www.reciplasa.es\\\/reciplasa-acuerda-una-subida-del-canon-del-ipc-comenzara-las-inversiones-mejora-las-instalaciones\\\/\"]}]},{\"@type\":\"ImageObject\",\"inLanguage\":\"va-VA\",\"@id\":\"https:\\\/\\\/www.reciplasa.es\\\/reciplasa-acuerda-una-subida-del-canon-del-ipc-comenzara-las-inversiones-mejora-las-instalaciones\\\/#primaryimage\",\"url\":\"https:\\\/\\\/www.reciplasa.es\\\/wp-content\\\/uploads\\\/2018\\\/11\\\/311018-Consell-Administracio\u011b.jpg\",\"contentUrl\":\"https:\\\/\\\/www.reciplasa.es\\\/wp-content\\\/uploads\\\/2018\\\/11\\\/311018-Consell-Administracio\u011b.jpg\",\"width\":3888,\"height\":2592},{\"@type\":\"BreadcrumbList\",\"@id\":\"https:\\\/\\\/www.reciplasa.es\\\/reciplasa-acuerda-una-subida-del-canon-del-ipc-comenzara-las-inversiones-mejora-las-instalaciones\\\/#breadcrumb\",\"itemListElement\":[{\"@type\":\"ListItem\",\"position\":1,\"name\":\"Portada\",\"item\":\"https:\\\/\\\/www.reciplasa.es\\\/va\\\/\"},{\"@type\":\"ListItem\",\"position\":2,\"name\":\"Reciplasa acorda una pujada del c\u00e0non de l\u2019IPC i comen\u00e7ar\u00e0 les inversions de millora a les instal\u2022lacions\"}]},{\"@type\":\"WebSite\",\"@id\":\"https:\\\/\\\/www.reciplasa.es\\\/#website\",\"url\":\"https:\\\/\\\/www.reciplasa.es\\\/\",\"name\":\"RECIPLASA\",\"description\":\"Reciclats de Residus La Plana SA\",\"potentialAction\":[{\"@type\":\"SearchAction\",\"target\":{\"@type\":\"EntryPoint\",\"urlTemplate\":\"https:\\\/\\\/www.reciplasa.es\\\/?s={search_term_string}\"},\"query-input\":{\"@type\":\"PropertyValueSpecification\",\"valueRequired\":true,\"valueName\":\"search_term_string\"}}],\"inLanguage\":\"va-VA\"},{\"@type\":\"Person\",\"@id\":\"https:\\\/\\\/www.reciplasa.es\\\/#\\\/schema\\\/person\\\/608ffc094e3c56d49e6c6ec8f1ea0e82\",\"name\":\"Cristina Marco\",\"image\":{\"@type\":\"ImageObject\",\"inLanguage\":\"va-VA\",\"@id\":\"https:\\\/\\\/secure.gravatar.com\\\/avatar\\\/6da7e00dc41d26d3c4245f3b2d70d687293df0dfc18f03719354383f7be4f34b?s=96&d=mm&r=g\",\"url\":\"https:\\\/\\\/secure.gravatar.com\\\/avatar\\\/6da7e00dc41d26d3c4245f3b2d70d687293df0dfc18f03719354383f7be4f34b?s=96&d=mm&r=g\",\"contentUrl\":\"https:\\\/\\\/secure.gravatar.com\\\/avatar\\\/6da7e00dc41d26d3c4245f3b2d70d687293df0dfc18f03719354383f7be4f34b?s=96&d=mm&r=g\",\"caption\":\"Cristina Marco\"},\"url\":\"https:\\\/\\\/www.reciplasa.es\\\/va\\\/author\\\/cristina\\\/\"}]}<\/script>\n<!-- \/ Yoast SEO plugin. -->","yoast_head_json":{"title":"Reciplasa acorda una pujada del c\u00e0non de l\u2019IPC i comen\u00e7ar\u00e0 les inversions de millora a les instal\u2022lacions - RECIPLASA","robots":{"index":"index","follow":"follow","max-snippet":"max-snippet:-1","max-image-preview":"max-image-preview:large","max-video-preview":"max-video-preview:-1"},"canonical":"https:\/\/www.reciplasa.es\/reciplasa-acuerda-una-subida-del-canon-del-ipc-comenzara-las-inversiones-mejora-las-instalaciones\/","og_locale":"en_US","og_type":"article","og_title":"Reciplasa acorda una pujada del c\u00e0non de l\u2019IPC i comen\u00e7ar\u00e0 les inversions de millora a les instal\u2022lacions - RECIPLASA","og_description":"L&#8217;empresa p\u00fablica per al tractament i reciclatge dels residus s\u00f2lids urbans de la zona centre de la prov\u00edncia de Castell\u00f3, Reciplasa, ha aprovat en el consell d&#8217;administraci\u00f3 la pujada del c\u00e0non que els Ajuntaments han de pagar per cada tona de brossa que es tracta en les seues instal\u2022lacions, aproximadament, en un 5%. La presidentaDale que hay m\u00e1s ...","og_url":"https:\/\/www.reciplasa.es\/reciplasa-acuerda-una-subida-del-canon-del-ipc-comenzara-las-inversiones-mejora-las-instalaciones\/","og_site_name":"RECIPLASA","article_published_time":"2018-10-31T08:29:25+00:00","article_modified_time":"2018-11-02T08:29:58+00:00","og_image":[{"width":3888,"height":2592,"url":"https:\/\/www.reciplasa.es\/wp-content\/uploads\/2018\/11\/311018-Consell-Administracio\u011b.jpg","type":"image\/jpeg"}],"author":"Cristina Marco","twitter_card":"summary_large_image","twitter_misc":{"Written by":"Cristina Marco","Est. reading time":"2 minutes"},"schema":{"@context":"https:\/\/schema.org","@graph":[{"@type":"Article","@id":"https:\/\/www.reciplasa.es\/reciplasa-acuerda-una-subida-del-canon-del-ipc-comenzara-las-inversiones-mejora-las-instalaciones\/#article","isPartOf":{"@id":"https:\/\/www.reciplasa.es\/reciplasa-acuerda-una-subida-del-canon-del-ipc-comenzara-las-inversiones-mejora-las-instalaciones\/"},"author":{"name":"Cristina Marco","@id":"https:\/\/www.reciplasa.es\/#\/schema\/person\/608ffc094e3c56d49e6c6ec8f1ea0e82"},"headline":"Reciplasa acorda una pujada del c\u00e0non de l\u2019IPC i comen\u00e7ar\u00e0 les inversions de millora a les instal\u2022lacions","datePublished":"2018-10-31T08:29:25+00:00","dateModified":"2018-11-02T08:29:58+00:00","mainEntityOfPage":{"@id":"https:\/\/www.reciplasa.es\/reciplasa-acuerda-una-subida-del-canon-del-ipc-comenzara-las-inversiones-mejora-las-instalaciones\/"},"wordCount":367,"image":{"@id":"https:\/\/www.reciplasa.es\/reciplasa-acuerda-una-subida-del-canon-del-ipc-comenzara-las-inversiones-mejora-las-instalaciones\/#primaryimage"},"thumbnailUrl":"https:\/\/www.reciplasa.es\/wp-content\/uploads\/2018\/11\/311018-Consell-Administracio\u011b.jpg","articleSection":["Not\u00edcies corporatives"],"inLanguage":"va-VA"},{"@type":"WebPage","@id":"https:\/\/www.reciplasa.es\/reciplasa-acuerda-una-subida-del-canon-del-ipc-comenzara-las-inversiones-mejora-las-instalaciones\/","url":"https:\/\/www.reciplasa.es\/reciplasa-acuerda-una-subida-del-canon-del-ipc-comenzara-las-inversiones-mejora-las-instalaciones\/","name":"Reciplasa acorda una pujada del c\u00e0non de l\u2019IPC i comen\u00e7ar\u00e0 les inversions de millora a les instal\u2022lacions - RECIPLASA","isPartOf":{"@id":"https:\/\/www.reciplasa.es\/#website"},"primaryImageOfPage":{"@id":"https:\/\/www.reciplasa.es\/reciplasa-acuerda-una-subida-del-canon-del-ipc-comenzara-las-inversiones-mejora-las-instalaciones\/#primaryimage"},"image":{"@id":"https:\/\/www.reciplasa.es\/reciplasa-acuerda-una-subida-del-canon-del-ipc-comenzara-las-inversiones-mejora-las-instalaciones\/#primaryimage"},"thumbnailUrl":"https:\/\/www.reciplasa.es\/wp-content\/uploads\/2018\/11\/311018-Consell-Administracio\u011b.jpg","datePublished":"2018-10-31T08:29:25+00:00","dateModified":"2018-11-02T08:29:58+00:00","author":{"@id":"https:\/\/www.reciplasa.es\/#\/schema\/person\/608ffc094e3c56d49e6c6ec8f1ea0e82"},"breadcrumb":{"@id":"https:\/\/www.reciplasa.es\/reciplasa-acuerda-una-subida-del-canon-del-ipc-comenzara-las-inversiones-mejora-las-instalaciones\/#breadcrumb"},"inLanguage":"va-VA","potentialAction":[{"@type":"ReadAction","target":["https:\/\/www.reciplasa.es\/reciplasa-acuerda-una-subida-del-canon-del-ipc-comenzara-las-inversiones-mejora-las-instalaciones\/"]}]},{"@type":"ImageObject","inLanguage":"va-VA","@id":"https:\/\/www.reciplasa.es\/reciplasa-acuerda-una-subida-del-canon-del-ipc-comenzara-las-inversiones-mejora-las-instalaciones\/#primaryimage","url":"https:\/\/www.reciplasa.es\/wp-content\/uploads\/2018\/11\/311018-Consell-Administracio\u011b.jpg","contentUrl":"https:\/\/www.reciplasa.es\/wp-content\/uploads\/2018\/11\/311018-Consell-Administracio\u011b.jpg","width":3888,"height":2592},{"@type":"BreadcrumbList","@id":"https:\/\/www.reciplasa.es\/reciplasa-acuerda-una-subida-del-canon-del-ipc-comenzara-las-inversiones-mejora-las-instalaciones\/#breadcrumb","itemListElement":[{"@type":"ListItem","position":1,"name":"Portada","item":"https:\/\/www.reciplasa.es\/va\/"},{"@type":"ListItem","position":2,"name":"Reciplasa acorda una pujada del c\u00e0non de l\u2019IPC i comen\u00e7ar\u00e0 les inversions de millora a les instal\u2022lacions"}]},{"@type":"WebSite","@id":"https:\/\/www.reciplasa.es\/#website","url":"https:\/\/www.reciplasa.es\/","name":"RECIPLASA","description":"Reciclats de Residus La Plana SA","potentialAction":[{"@type":"SearchAction","target":{"@type":"EntryPoint","urlTemplate":"https:\/\/www.reciplasa.es\/?s={search_term_string}"},"query-input":{"@type":"PropertyValueSpecification","valueRequired":true,"valueName":"search_term_string"}}],"inLanguage":"va-VA"},{"@type":"Person","@id":"https:\/\/www.reciplasa.es\/#\/schema\/person\/608ffc094e3c56d49e6c6ec8f1ea0e82","name":"Cristina Marco","image":{"@type":"ImageObject","inLanguage":"va-VA","@id":"https:\/\/secure.gravatar.com\/avatar\/6da7e00dc41d26d3c4245f3b2d70d687293df0dfc18f03719354383f7be4f34b?s=96&d=mm&r=g","url":"https:\/\/secure.gravatar.com\/avatar\/6da7e00dc41d26d3c4245f3b2d70d687293df0dfc18f03719354383f7be4f34b?s=96&d=mm&r=g","contentUrl":"https:\/\/secure.gravatar.com\/avatar\/6da7e00dc41d26d3c4245f3b2d70d687293df0dfc18f03719354383f7be4f34b?s=96&d=mm&r=g","caption":"Cristina Marco"},"url":"https:\/\/www.reciplasa.es\/va\/author\/cristina\/"}]}},"_links":{"self":[{"href":"https:\/\/www.reciplasa.es\/va\/wp-json\/wp\/v2\/posts\/13595","targetHints":{"allow":["GET"]}}],"collection":[{"href":"https:\/\/www.reciplasa.es\/va\/wp-json\/wp\/v2\/posts"}],"about":[{"href":"https:\/\/www.reciplasa.es\/va\/wp-json\/wp\/v2\/types\/post"}],"author":[{"embeddable":true,"href":"https:\/\/www.reciplasa.es\/va\/wp-json\/wp\/v2\/users\/3"}],"replies":[{"embeddable":true,"href":"https:\/\/www.reciplasa.es\/va\/wp-json\/wp\/v2\/comments?post=13595"}],"version-history":[{"count":1,"href":"https:\/\/www.reciplasa.es\/va\/wp-json\/wp\/v2\/posts\/13595\/revisions"}],"predecessor-version":[{"id":13596,"href":"https:\/\/www.reciplasa.es\/va\/wp-json\/wp\/v2\/posts\/13595\/revisions\/13596"}],"wp:featuredmedia":[{"embeddable":true,"href":"https:\/\/www.reciplasa.es\/va\/wp-json\/wp\/v2\/media\/13593"}],"wp:attachment":[{"href":"https:\/\/www.reciplasa.es\/va\/wp-json\/wp\/v2\/media?parent=13595"}],"wp:term":[{"taxonomy":"category","embeddable":true,"href":"https:\/\/www.reciplasa.es\/va\/wp-json\/wp\/v2\/categories?post=13595"},{"taxonomy":"post_tag","embeddable":true,"href":"https:\/\/www.reciplasa.es\/va\/wp-json\/wp\/v2\/tags?post=13595"}],"curies":[{"name":"wp","href":"https:\/\/api.w.org\/{rel}","templated":true}]}}