{"id":13700,"date":"2018-12-03T09:43:02","date_gmt":"2018-12-03T09:43:02","guid":{"rendered":"http:\/\/www.reciplasa.es\/?p=13700\/"},"modified":"2023-07-25T15:00:22","modified_gmt":"2023-07-25T15:00:22","slug":"ivan-segura-i-santiago-alegre-guanyen-els-premis-al-millor-tfm-i-tfg-gestio-residus-urbans","status":"publish","type":"post","link":"https:\/\/www.reciplasa.es\/va\/ivan-segura-i-santiago-alegre-guanyen-els-premis-al-millor-tfm-i-tfg-gestio-residus-urbans\/","title":{"rendered":"Iv\u00e1n Segura i Santiago Alegre guanyen els premis al millor TFM i TFG sobre gesti\u00f3 de residus urbans"},"content":{"rendered":"<p>L&#8217;empresa p\u00fablica per al tractament i reciclatge dels residus s\u00f2lids urbans de la zona centre de la prov\u00edncia de Castell\u00f3, <a href=\"http:\/\/www.reciplasa.es\/va\/\">Reciplasa<\/a>, ha atorgat avui els premis de la <a href=\"http:\/\/catedrareciplasa.uji.es\/es\/home-alternativa\/\">C\u00e0tedra Reciplasa-UJI<\/a> als millors treballs finals de m\u00e0ster (TFM) i final de grau (TFG) a Iv\u00e1n Segura i Santiago Alegre, respectivament. La presidenta de Reciplasa i vicealcaldesa de Castell\u00f3, Ali Brancal, ha lliurat aquests premis en la seu de l\u2019UJI en la ciutat La Llotja del C\u00e0nem, juntament amb el vicerector de Planificaci\u00f3, Coordinaci\u00f3 i Comunicaci\u00f3, Modest Fabra, i ha destacat \u201cla import\u00e0ncia d&#8217;investigar sobre la gesti\u00f3 de residus.Per aix\u00f2 vam crear aquests premis, per a incentivar els treballs relacionats amb les finalitats de la C\u00e0tedra Reciplasa entre els estudiants de grau i de m\u00e0ster, que aquests nous coneixements servisquen per a millorar la problem\u00e0tica existent sobre els residus i avan\u00e7ar cap a una societat m\u00e9s sostenible\u201d.<\/p>\n<p><a href=\"http:\/\/www.reciplasa.es\/wp-content\/uploads\/2018\/12\/entrega-premios-mejor-TFG-TFM-2.jpg\" rel=\"lightbox[13700]\"><img loading=\"lazy\" decoding=\"async\" class=\"alignnone wp-image-13686 size-large\" title=\"Reciplasa entrega premios TFG TFM\" src=\"http:\/\/www.reciplasa.es\/wp-content\/uploads\/2018\/12\/entrega-premios-mejor-TFG-TFM-2-1024x683.jpg\" alt=\"\" width=\"800\" height=\"534\" srcset=\"https:\/\/www.reciplasa.es\/wp-content\/uploads\/2018\/12\/entrega-premios-mejor-TFG-TFM-2-1024x683.jpg 1024w, https:\/\/www.reciplasa.es\/wp-content\/uploads\/2018\/12\/entrega-premios-mejor-TFG-TFM-2-300x200.jpg 300w, https:\/\/www.reciplasa.es\/wp-content\/uploads\/2018\/12\/entrega-premios-mejor-TFG-TFM-2-768x512.jpg 768w\" sizes=\"auto, (max-width: 800px) 100vw, 800px\" \/><\/a><\/p>\n<p>Aix\u00ed, els premis estan dotats amb 600\u20ac per al guanyador del millor TFM i 400\u20ac per al millor TFG. La convocat\u00f2ria es va realitzar el passat mes de mar\u00e7 i han pogut participar tots aquells estudiants que han defensat el seu projecte final de grau o projecte final de m\u00e0ster en la UJI, durant 2017 i 2018, en \u00e0rees de recerca relacionades amb la C\u00e0tedra Reciplasa. D&#8217;entre els treballs presentats, el jurat, presidit per F\u00e9lix Hern\u00e1ndez, director de la C\u00e0tedra, i compost per Antonio Gallardo, coordinador del grup Enginyeria de Residus (INGRES) de la UJI, Fernando Albarr\u00e1n, director t\u00e8cnic de Reciplasa, i Ignacio Morell, Director de l&#8217;Institut Universitari de Plaguicides i Aig\u00fces de la UJI, ha escollit el titulat: <em>Comparative study between the use of district heating and individual heating systems, based on biomass, in an inland rural town of theprovince of Castell\u00f3<\/em> d&#8217;Iv\u00e1n Segura, M\u00e0ster en Enginyeria Industrial i <em>Projecte d&#8217;a\u00efllament energ\u00e8tic d&#8217;una planta de tractament de Residus S\u00f2lids Urbans mitjan\u00e7ant gasificaci\u00f3 dels rebutjos<\/em> de Santiago Alegre, Grau en Enginyeria Industrial.<\/p>\n<p><a href=\"http:\/\/www.reciplasa.es\/wp-content\/uploads\/2018\/12\/entrega-premios-mejor-TFG-TFM-8.jpg\" rel=\"lightbox[13700]\"><img loading=\"lazy\" decoding=\"async\" class=\"alignnone wp-image-13688 size-large\" title=\"Reciplasa entrega premios TFG TFM\" src=\"http:\/\/www.reciplasa.es\/wp-content\/uploads\/2018\/12\/entrega-premios-mejor-TFG-TFM-8-1024x683.jpg\" alt=\"\" width=\"800\" height=\"534\" srcset=\"https:\/\/www.reciplasa.es\/wp-content\/uploads\/2018\/12\/entrega-premios-mejor-TFG-TFM-8-1024x683.jpg 1024w, https:\/\/www.reciplasa.es\/wp-content\/uploads\/2018\/12\/entrega-premios-mejor-TFG-TFM-8-300x200.jpg 300w, https:\/\/www.reciplasa.es\/wp-content\/uploads\/2018\/12\/entrega-premios-mejor-TFG-TFM-8-768x512.jpg 768w\" sizes=\"auto, (max-width: 800px) 100vw, 800px\" \/><\/a><\/p>\n<p>Finalment, Brancal comenta que \u201cdes de Reciplasa estem molt implicats en la recerca, per a\u00e7\u00f2 participem en l&#8217;organitzaci\u00f3 d&#8217;aquests guardons, entre altres iniciatives, ja que ens van a permetre avan\u00e7ar i aconseguir els objectius de sostenibilitat de la Uni\u00f3 Europea. A m\u00e9s, volem fomentar la doc\u00e8ncia, la difusi\u00f3 del coneixement i la innovaci\u00f3 en el sector de gesti\u00f3 i tractament de residus s\u00f2lids urbans, pensem que en aquesta tasca \u00e9s molt important comptar amb el suport d&#8217;una instituci\u00f3 tan rellevant per a la prov\u00edncia com la <a href=\"https:\/\/www.uji.es\/com\/fotonoticies\/arxiu\/2018\/11\/premis-reciplasa-2018\/&amp;idioma=ca\">UJI<\/a>\u201d.<\/p>\n<p style=\"text-align: center;\"><img loading=\"lazy\" decoding=\"async\" class=\"alignnone wp-image-13685 size-medium\" title=\"Reciplasa entrega premio TFG TFM\" src=\"http:\/\/www.reciplasa.es\/wp-content\/uploads\/2018\/12\/entrega-premios-mejor-TFG-TFM-4-300x200.jpg\" alt=\"\" width=\"300\" height=\"200\" srcset=\"https:\/\/www.reciplasa.es\/wp-content\/uploads\/2018\/12\/entrega-premios-mejor-TFG-TFM-4-300x200.jpg 300w, https:\/\/www.reciplasa.es\/wp-content\/uploads\/2018\/12\/entrega-premios-mejor-TFG-TFM-4-768x512.jpg 768w, https:\/\/www.reciplasa.es\/wp-content\/uploads\/2018\/12\/entrega-premios-mejor-TFG-TFM-4-1024x683.jpg 1024w\" sizes=\"auto, (max-width: 300px) 100vw, 300px\" \/> <a href=\"http:\/\/www.reciplasa.es\/wp-content\/uploads\/2018\/12\/entrega-premios-mejor-TFG-TFM-5.jpg\" rel=\"lightbox[13700]\" rel=\"http:\/\/www.reciplasa.es\/wp-content\/uploads\/2018\/12\/entrega-premios-mejor-TFG-TFM-5.jpg\"><img loading=\"lazy\" decoding=\"async\" class=\"alignnone wp-image-13687 size-medium\" title=\"Reciplasa entrega premio TFG TFM\" src=\"http:\/\/www.reciplasa.es\/wp-content\/uploads\/2018\/12\/entrega-premios-mejor-TFG-TFM-5-300x199.jpg\" alt=\"\" width=\"300\" height=\"199\" srcset=\"https:\/\/www.reciplasa.es\/wp-content\/uploads\/2018\/12\/entrega-premios-mejor-TFG-TFM-5-300x199.jpg 300w, https:\/\/www.reciplasa.es\/wp-content\/uploads\/2018\/12\/entrega-premios-mejor-TFG-TFM-5-768x510.jpg 768w, https:\/\/www.reciplasa.es\/wp-content\/uploads\/2018\/12\/entrega-premios-mejor-TFG-TFM-5-1024x680.jpg 1024w\" sizes=\"auto, (max-width: 300px) 100vw, 300px\" \/><\/a><\/p>\n","protected":false},"excerpt":{"rendered":"<p>L&#8217;empresa p\u00fablica per al tractament i reciclatge dels residus s\u00f2lids urbans de la zona centre de la prov\u00edncia de Castell\u00f3, Reciplasa, ha atorgat avui els premis de la C\u00e0tedra Reciplasa-UJI als millors treballs finals de m\u00e0ster (TFM) i final de grau (TFG) a Iv\u00e1n Segura i Santiago Alegre, respectivament. La presidenta de Reciplasa i vicealcaldesaDale que hay m\u00e1s &#8230;<\/p>\n","protected":false},"author":3,"featured_media":13684,"comment_status":"closed","ping_status":"closed","sticky":false,"template":"","format":"standard","meta":{"footnotes":""},"categories":[88],"tags":[],"class_list":["post-13700","post","type-post","status-publish","format-standard","has-post-thumbnail","hentry","category-catedra-reciplasa-uji"],"yoast_head":"<!-- This site is optimized with the Yoast SEO plugin v27.4 - https:\/\/yoast.com\/product\/yoast-seo-wordpress\/ -->\n<title>Iv\u00e1n Segura i Santiago Alegre guanyen els premis al millor TFM i TFG sobre gesti\u00f3 de residus urbans - RECIPLASA<\/title>\n<meta name=\"robots\" content=\"index, follow, max-snippet:-1, max-image-preview:large, max-video-preview:-1\" \/>\n<link rel=\"canonical\" href=\"https:\/\/www.reciplasa.es\/ivan-segura-santiago-alegre-ganan-los-premios-mejor-tfm-tfg-gestion-residuos-urbanos\/\" \/>\n<meta property=\"og:locale\" content=\"en_US\" \/>\n<meta property=\"og:type\" content=\"article\" \/>\n<meta property=\"og:title\" content=\"Iv\u00e1n Segura i Santiago Alegre guanyen els premis al millor TFM i TFG sobre gesti\u00f3 de residus urbans - RECIPLASA\" \/>\n<meta property=\"og:description\" content=\"L&#8217;empresa p\u00fablica per al tractament i reciclatge dels residus s\u00f2lids urbans de la zona centre de la prov\u00edncia de Castell\u00f3, Reciplasa, ha atorgat avui els premis de la C\u00e0tedra Reciplasa-UJI als millors treballs finals de m\u00e0ster (TFM) i final de grau (TFG) a Iv\u00e1n Segura i Santiago Alegre, respectivament. La presidenta de Reciplasa i vicealcaldesaDale que hay m\u00e1s ...\" \/>\n<meta property=\"og:url\" content=\"https:\/\/www.reciplasa.es\/ivan-segura-santiago-alegre-ganan-los-premios-mejor-tfm-tfg-gestion-residuos-urbanos\/\" \/>\n<meta property=\"og:site_name\" content=\"RECIPLASA\" \/>\n<meta property=\"article:published_time\" content=\"2018-12-03T09:43:02+00:00\" \/>\n<meta property=\"article:modified_time\" content=\"2023-07-25T15:00:22+00:00\" \/>\n<meta property=\"og:image\" content=\"https:\/\/www.reciplasa.es\/wp-content\/uploads\/2018\/12\/entrega-premios-mejor-TFG-TFM.jpg\" \/>\n\t<meta property=\"og:image:width\" content=\"3464\" \/>\n\t<meta property=\"og:image:height\" content=\"2309\" \/>\n\t<meta property=\"og:image:type\" content=\"image\/jpeg\" \/>\n<meta name=\"author\" content=\"Cristina Marco\" \/>\n<meta name=\"twitter:card\" content=\"summary_large_image\" \/>\n<meta name=\"twitter:label1\" content=\"Written by\" \/>\n\t<meta name=\"twitter:data1\" content=\"Cristina Marco\" \/>\n\t<meta name=\"twitter:label2\" content=\"Est. reading time\" \/>\n\t<meta name=\"twitter:data2\" content=\"2 minutes\" \/>\n<script type=\"application\/ld+json\" class=\"yoast-schema-graph\">{\"@context\":\"https:\\\/\\\/schema.org\",\"@graph\":[{\"@type\":\"Article\",\"@id\":\"https:\\\/\\\/www.reciplasa.es\\\/ivan-segura-santiago-alegre-ganan-los-premios-mejor-tfm-tfg-gestion-residuos-urbanos\\\/#article\",\"isPartOf\":{\"@id\":\"https:\\\/\\\/www.reciplasa.es\\\/ivan-segura-santiago-alegre-ganan-los-premios-mejor-tfm-tfg-gestion-residuos-urbanos\\\/\"},\"author\":{\"name\":\"Cristina Marco\",\"@id\":\"https:\\\/\\\/www.reciplasa.es\\\/#\\\/schema\\\/person\\\/608ffc094e3c56d49e6c6ec8f1ea0e82\"},\"headline\":\"Iv\u00e1n Segura i Santiago Alegre guanyen els premis al millor TFM i TFG sobre gesti\u00f3 de residus urbans\",\"datePublished\":\"2018-12-03T09:43:02+00:00\",\"dateModified\":\"2023-07-25T15:00:22+00:00\",\"mainEntityOfPage\":{\"@id\":\"https:\\\/\\\/www.reciplasa.es\\\/ivan-segura-santiago-alegre-ganan-los-premios-mejor-tfm-tfg-gestion-residuos-urbanos\\\/\"},\"wordCount\":464,\"image\":{\"@id\":\"https:\\\/\\\/www.reciplasa.es\\\/ivan-segura-santiago-alegre-ganan-los-premios-mejor-tfm-tfg-gestion-residuos-urbanos\\\/#primaryimage\"},\"thumbnailUrl\":\"https:\\\/\\\/www.reciplasa.es\\\/wp-content\\\/uploads\\\/2018\\\/12\\\/entrega-premios-mejor-TFG-TFM.jpg\",\"articleSection\":[\"C\u00e0tedra Reciplasa-UJI\"],\"inLanguage\":\"va-VA\"},{\"@type\":\"WebPage\",\"@id\":\"https:\\\/\\\/www.reciplasa.es\\\/ivan-segura-santiago-alegre-ganan-los-premios-mejor-tfm-tfg-gestion-residuos-urbanos\\\/\",\"url\":\"https:\\\/\\\/www.reciplasa.es\\\/ivan-segura-santiago-alegre-ganan-los-premios-mejor-tfm-tfg-gestion-residuos-urbanos\\\/\",\"name\":\"Iv\u00e1n Segura i Santiago Alegre guanyen els premis al millor TFM i TFG sobre gesti\u00f3 de residus urbans - RECIPLASA\",\"isPartOf\":{\"@id\":\"https:\\\/\\\/www.reciplasa.es\\\/#website\"},\"primaryImageOfPage\":{\"@id\":\"https:\\\/\\\/www.reciplasa.es\\\/ivan-segura-santiago-alegre-ganan-los-premios-mejor-tfm-tfg-gestion-residuos-urbanos\\\/#primaryimage\"},\"image\":{\"@id\":\"https:\\\/\\\/www.reciplasa.es\\\/ivan-segura-santiago-alegre-ganan-los-premios-mejor-tfm-tfg-gestion-residuos-urbanos\\\/#primaryimage\"},\"thumbnailUrl\":\"https:\\\/\\\/www.reciplasa.es\\\/wp-content\\\/uploads\\\/2018\\\/12\\\/entrega-premios-mejor-TFG-TFM.jpg\",\"datePublished\":\"2018-12-03T09:43:02+00:00\",\"dateModified\":\"2023-07-25T15:00:22+00:00\",\"author\":{\"@id\":\"https:\\\/\\\/www.reciplasa.es\\\/#\\\/schema\\\/person\\\/608ffc094e3c56d49e6c6ec8f1ea0e82\"},\"breadcrumb\":{\"@id\":\"https:\\\/\\\/www.reciplasa.es\\\/ivan-segura-santiago-alegre-ganan-los-premios-mejor-tfm-tfg-gestion-residuos-urbanos\\\/#breadcrumb\"},\"inLanguage\":\"va-VA\",\"potentialAction\":[{\"@type\":\"ReadAction\",\"target\":[\"https:\\\/\\\/www.reciplasa.es\\\/ivan-segura-santiago-alegre-ganan-los-premios-mejor-tfm-tfg-gestion-residuos-urbanos\\\/\"]}]},{\"@type\":\"ImageObject\",\"inLanguage\":\"va-VA\",\"@id\":\"https:\\\/\\\/www.reciplasa.es\\\/ivan-segura-santiago-alegre-ganan-los-premios-mejor-tfm-tfg-gestion-residuos-urbanos\\\/#primaryimage\",\"url\":\"https:\\\/\\\/www.reciplasa.es\\\/wp-content\\\/uploads\\\/2018\\\/12\\\/entrega-premios-mejor-TFG-TFM.jpg\",\"contentUrl\":\"https:\\\/\\\/www.reciplasa.es\\\/wp-content\\\/uploads\\\/2018\\\/12\\\/entrega-premios-mejor-TFG-TFM.jpg\",\"width\":3464,\"height\":2309,\"caption\":\"Reciplasa entrega premios TFG TFM\"},{\"@type\":\"BreadcrumbList\",\"@id\":\"https:\\\/\\\/www.reciplasa.es\\\/ivan-segura-santiago-alegre-ganan-los-premios-mejor-tfm-tfg-gestion-residuos-urbanos\\\/#breadcrumb\",\"itemListElement\":[{\"@type\":\"ListItem\",\"position\":1,\"name\":\"Portada\",\"item\":\"https:\\\/\\\/www.reciplasa.es\\\/va\\\/\"},{\"@type\":\"ListItem\",\"position\":2,\"name\":\"Iv\u00e1n Segura i Santiago Alegre guanyen els premis al millor TFM i TFG sobre gesti\u00f3 de residus urbans\"}]},{\"@type\":\"WebSite\",\"@id\":\"https:\\\/\\\/www.reciplasa.es\\\/#website\",\"url\":\"https:\\\/\\\/www.reciplasa.es\\\/\",\"name\":\"RECIPLASA\",\"description\":\"Reciclats de Residus La Plana SA\",\"potentialAction\":[{\"@type\":\"SearchAction\",\"target\":{\"@type\":\"EntryPoint\",\"urlTemplate\":\"https:\\\/\\\/www.reciplasa.es\\\/?s={search_term_string}\"},\"query-input\":{\"@type\":\"PropertyValueSpecification\",\"valueRequired\":true,\"valueName\":\"search_term_string\"}}],\"inLanguage\":\"va-VA\"},{\"@type\":\"Person\",\"@id\":\"https:\\\/\\\/www.reciplasa.es\\\/#\\\/schema\\\/person\\\/608ffc094e3c56d49e6c6ec8f1ea0e82\",\"name\":\"Cristina Marco\",\"image\":{\"@type\":\"ImageObject\",\"inLanguage\":\"va-VA\",\"@id\":\"https:\\\/\\\/secure.gravatar.com\\\/avatar\\\/6da7e00dc41d26d3c4245f3b2d70d687293df0dfc18f03719354383f7be4f34b?s=96&d=mm&r=g\",\"url\":\"https:\\\/\\\/secure.gravatar.com\\\/avatar\\\/6da7e00dc41d26d3c4245f3b2d70d687293df0dfc18f03719354383f7be4f34b?s=96&d=mm&r=g\",\"contentUrl\":\"https:\\\/\\\/secure.gravatar.com\\\/avatar\\\/6da7e00dc41d26d3c4245f3b2d70d687293df0dfc18f03719354383f7be4f34b?s=96&d=mm&r=g\",\"caption\":\"Cristina Marco\"},\"url\":\"https:\\\/\\\/www.reciplasa.es\\\/va\\\/author\\\/cristina\\\/\"}]}<\/script>\n<!-- \/ Yoast SEO plugin. -->","yoast_head_json":{"title":"Iv\u00e1n Segura i Santiago Alegre guanyen els premis al millor TFM i TFG sobre gesti\u00f3 de residus urbans - RECIPLASA","robots":{"index":"index","follow":"follow","max-snippet":"max-snippet:-1","max-image-preview":"max-image-preview:large","max-video-preview":"max-video-preview:-1"},"canonical":"https:\/\/www.reciplasa.es\/ivan-segura-santiago-alegre-ganan-los-premios-mejor-tfm-tfg-gestion-residuos-urbanos\/","og_locale":"en_US","og_type":"article","og_title":"Iv\u00e1n Segura i Santiago Alegre guanyen els premis al millor TFM i TFG sobre gesti\u00f3 de residus urbans - RECIPLASA","og_description":"L&#8217;empresa p\u00fablica per al tractament i reciclatge dels residus s\u00f2lids urbans de la zona centre de la prov\u00edncia de Castell\u00f3, Reciplasa, ha atorgat avui els premis de la C\u00e0tedra Reciplasa-UJI als millors treballs finals de m\u00e0ster (TFM) i final de grau (TFG) a Iv\u00e1n Segura i Santiago Alegre, respectivament. La presidenta de Reciplasa i vicealcaldesaDale que hay m\u00e1s ...","og_url":"https:\/\/www.reciplasa.es\/ivan-segura-santiago-alegre-ganan-los-premios-mejor-tfm-tfg-gestion-residuos-urbanos\/","og_site_name":"RECIPLASA","article_published_time":"2018-12-03T09:43:02+00:00","article_modified_time":"2023-07-25T15:00:22+00:00","og_image":[{"width":3464,"height":2309,"url":"https:\/\/www.reciplasa.es\/wp-content\/uploads\/2018\/12\/entrega-premios-mejor-TFG-TFM.jpg","type":"image\/jpeg"}],"author":"Cristina Marco","twitter_card":"summary_large_image","twitter_misc":{"Written by":"Cristina Marco","Est. reading time":"2 minutes"},"schema":{"@context":"https:\/\/schema.org","@graph":[{"@type":"Article","@id":"https:\/\/www.reciplasa.es\/ivan-segura-santiago-alegre-ganan-los-premios-mejor-tfm-tfg-gestion-residuos-urbanos\/#article","isPartOf":{"@id":"https:\/\/www.reciplasa.es\/ivan-segura-santiago-alegre-ganan-los-premios-mejor-tfm-tfg-gestion-residuos-urbanos\/"},"author":{"name":"Cristina Marco","@id":"https:\/\/www.reciplasa.es\/#\/schema\/person\/608ffc094e3c56d49e6c6ec8f1ea0e82"},"headline":"Iv\u00e1n Segura i Santiago Alegre guanyen els premis al millor TFM i TFG sobre gesti\u00f3 de residus urbans","datePublished":"2018-12-03T09:43:02+00:00","dateModified":"2023-07-25T15:00:22+00:00","mainEntityOfPage":{"@id":"https:\/\/www.reciplasa.es\/ivan-segura-santiago-alegre-ganan-los-premios-mejor-tfm-tfg-gestion-residuos-urbanos\/"},"wordCount":464,"image":{"@id":"https:\/\/www.reciplasa.es\/ivan-segura-santiago-alegre-ganan-los-premios-mejor-tfm-tfg-gestion-residuos-urbanos\/#primaryimage"},"thumbnailUrl":"https:\/\/www.reciplasa.es\/wp-content\/uploads\/2018\/12\/entrega-premios-mejor-TFG-TFM.jpg","articleSection":["C\u00e0tedra Reciplasa-UJI"],"inLanguage":"va-VA"},{"@type":"WebPage","@id":"https:\/\/www.reciplasa.es\/ivan-segura-santiago-alegre-ganan-los-premios-mejor-tfm-tfg-gestion-residuos-urbanos\/","url":"https:\/\/www.reciplasa.es\/ivan-segura-santiago-alegre-ganan-los-premios-mejor-tfm-tfg-gestion-residuos-urbanos\/","name":"Iv\u00e1n Segura i Santiago Alegre guanyen els premis al millor TFM i TFG sobre gesti\u00f3 de residus urbans - RECIPLASA","isPartOf":{"@id":"https:\/\/www.reciplasa.es\/#website"},"primaryImageOfPage":{"@id":"https:\/\/www.reciplasa.es\/ivan-segura-santiago-alegre-ganan-los-premios-mejor-tfm-tfg-gestion-residuos-urbanos\/#primaryimage"},"image":{"@id":"https:\/\/www.reciplasa.es\/ivan-segura-santiago-alegre-ganan-los-premios-mejor-tfm-tfg-gestion-residuos-urbanos\/#primaryimage"},"thumbnailUrl":"https:\/\/www.reciplasa.es\/wp-content\/uploads\/2018\/12\/entrega-premios-mejor-TFG-TFM.jpg","datePublished":"2018-12-03T09:43:02+00:00","dateModified":"2023-07-25T15:00:22+00:00","author":{"@id":"https:\/\/www.reciplasa.es\/#\/schema\/person\/608ffc094e3c56d49e6c6ec8f1ea0e82"},"breadcrumb":{"@id":"https:\/\/www.reciplasa.es\/ivan-segura-santiago-alegre-ganan-los-premios-mejor-tfm-tfg-gestion-residuos-urbanos\/#breadcrumb"},"inLanguage":"va-VA","potentialAction":[{"@type":"ReadAction","target":["https:\/\/www.reciplasa.es\/ivan-segura-santiago-alegre-ganan-los-premios-mejor-tfm-tfg-gestion-residuos-urbanos\/"]}]},{"@type":"ImageObject","inLanguage":"va-VA","@id":"https:\/\/www.reciplasa.es\/ivan-segura-santiago-alegre-ganan-los-premios-mejor-tfm-tfg-gestion-residuos-urbanos\/#primaryimage","url":"https:\/\/www.reciplasa.es\/wp-content\/uploads\/2018\/12\/entrega-premios-mejor-TFG-TFM.jpg","contentUrl":"https:\/\/www.reciplasa.es\/wp-content\/uploads\/2018\/12\/entrega-premios-mejor-TFG-TFM.jpg","width":3464,"height":2309,"caption":"Reciplasa entrega premios TFG TFM"},{"@type":"BreadcrumbList","@id":"https:\/\/www.reciplasa.es\/ivan-segura-santiago-alegre-ganan-los-premios-mejor-tfm-tfg-gestion-residuos-urbanos\/#breadcrumb","itemListElement":[{"@type":"ListItem","position":1,"name":"Portada","item":"https:\/\/www.reciplasa.es\/va\/"},{"@type":"ListItem","position":2,"name":"Iv\u00e1n Segura i Santiago Alegre guanyen els premis al millor TFM i TFG sobre gesti\u00f3 de residus urbans"}]},{"@type":"WebSite","@id":"https:\/\/www.reciplasa.es\/#website","url":"https:\/\/www.reciplasa.es\/","name":"RECIPLASA","description":"Reciclats de Residus La Plana SA","potentialAction":[{"@type":"SearchAction","target":{"@type":"EntryPoint","urlTemplate":"https:\/\/www.reciplasa.es\/?s={search_term_string}"},"query-input":{"@type":"PropertyValueSpecification","valueRequired":true,"valueName":"search_term_string"}}],"inLanguage":"va-VA"},{"@type":"Person","@id":"https:\/\/www.reciplasa.es\/#\/schema\/person\/608ffc094e3c56d49e6c6ec8f1ea0e82","name":"Cristina Marco","image":{"@type":"ImageObject","inLanguage":"va-VA","@id":"https:\/\/secure.gravatar.com\/avatar\/6da7e00dc41d26d3c4245f3b2d70d687293df0dfc18f03719354383f7be4f34b?s=96&d=mm&r=g","url":"https:\/\/secure.gravatar.com\/avatar\/6da7e00dc41d26d3c4245f3b2d70d687293df0dfc18f03719354383f7be4f34b?s=96&d=mm&r=g","contentUrl":"https:\/\/secure.gravatar.com\/avatar\/6da7e00dc41d26d3c4245f3b2d70d687293df0dfc18f03719354383f7be4f34b?s=96&d=mm&r=g","caption":"Cristina Marco"},"url":"https:\/\/www.reciplasa.es\/va\/author\/cristina\/"}]}},"_links":{"self":[{"href":"https:\/\/www.reciplasa.es\/va\/wp-json\/wp\/v2\/posts\/13700","targetHints":{"allow":["GET"]}}],"collection":[{"href":"https:\/\/www.reciplasa.es\/va\/wp-json\/wp\/v2\/posts"}],"about":[{"href":"https:\/\/www.reciplasa.es\/va\/wp-json\/wp\/v2\/types\/post"}],"author":[{"embeddable":true,"href":"https:\/\/www.reciplasa.es\/va\/wp-json\/wp\/v2\/users\/3"}],"replies":[{"embeddable":true,"href":"https:\/\/www.reciplasa.es\/va\/wp-json\/wp\/v2\/comments?post=13700"}],"version-history":[{"count":2,"href":"https:\/\/www.reciplasa.es\/va\/wp-json\/wp\/v2\/posts\/13700\/revisions"}],"predecessor-version":[{"id":13703,"href":"https:\/\/www.reciplasa.es\/va\/wp-json\/wp\/v2\/posts\/13700\/revisions\/13703"}],"wp:featuredmedia":[{"embeddable":true,"href":"https:\/\/www.reciplasa.es\/va\/wp-json\/wp\/v2\/media\/13684"}],"wp:attachment":[{"href":"https:\/\/www.reciplasa.es\/va\/wp-json\/wp\/v2\/media?parent=13700"}],"wp:term":[{"taxonomy":"category","embeddable":true,"href":"https:\/\/www.reciplasa.es\/va\/wp-json\/wp\/v2\/categories?post=13700"},{"taxonomy":"post_tag","embeddable":true,"href":"https:\/\/www.reciplasa.es\/va\/wp-json\/wp\/v2\/tags?post=13700"}],"curies":[{"name":"wp","href":"https:\/\/api.w.org\/{rel}","templated":true}]}}