{"id":13743,"date":"2019-02-19T16:30:42","date_gmt":"2019-02-19T16:30:42","guid":{"rendered":"http:\/\/www.reciplasa.es\/?p=13743\/"},"modified":"2019-02-20T08:44:17","modified_gmt":"2019-02-20T08:44:17","slug":"consell-dadministracio-nomena-ignasi-garcia-nou-president-reciplasa","status":"publish","type":"post","link":"https:\/\/www.reciplasa.es\/va\/consell-dadministracio-nomena-ignasi-garcia-nou-president-reciplasa\/","title":{"rendered":"El consell d\u2019administraci\u00f3 nomena a Ignasi Garcia nou president de Reciplasa"},"content":{"rendered":"<p>El consell d&#8217;administraci\u00f3 de l&#8217;empresa p\u00fablica per al tractament i reciclatge dels residus s\u00f2lids urbans de la zona centre de la prov\u00edncia de Castell\u00f3, <a href=\"http:\/\/www.reciplasa.es\/va\/\">Reciplasa<\/a>, ha nomenat hui a Ignasi Garcia, vicealcalde de Castell\u00f3, com a nou president de l&#8217;entitat. En una Junta General Universal convocada pr\u00e8viament, el regidor castellonenc ha sigut designat en el c\u00e0rrec de representant de l&#8217;Ajuntament de Castell\u00f3 en el consell d&#8217;administraci\u00f3 de Reciplasa. Tot seguit, per unanimitat, aquest organisme l\u2019ha triat com a president. Garcia ha explicat que \u201cassumisc la presid\u00e8ncia de Reciplasa amb el ple convenciment que el llegat de la meua predecessora, Ali Brancal, \u00e9s el cam\u00ed que hem de seguir. Tenim molt clar que cal posar en marxa el pla de gesti\u00f3 que vam aprovar perqu\u00e8 aquesta entitat siga pionera en la gesti\u00f3 de residus i a generar el menor rebuig possible, ja no nom\u00e9s perqu\u00e8 ens ho demana la Uni\u00f3 Europea si no perqu\u00e8 \u00e9s el que ens demanda la ciutadania\u201d.<\/p>\n<p>A m\u00e9s, el mateix consell d&#8217;administraci\u00f3 ha prorrogat la <a href=\"http:\/\/catedrareciplasa.uji.es\">C\u00e0tedra Reciplasa-UJI<\/a> per a la gesti\u00f3 de residus que continuar\u00e0 treballant amb els objectius generals del foment de la doc\u00e8ncia, la investigaci\u00f3, la difusi\u00f3 del coneixement i la innovaci\u00f3 en el sector de gesti\u00f3 i tractament de residus s\u00f2lids urbans. A m\u00e9s de les activitats d&#8217;inter\u00e9s general que s&#8217;organitzen com jornades, congressos o confer\u00e8ncies, el conveni de creaci\u00f3 de la c\u00e0tedra contempla el desenvolupament de dos projectes d&#8217;investigaci\u00f3: un sobre el control de contaminants org\u00e0nics en les aig\u00fces de l\u2019entorn de la planta que executar\u00e0 l&#8217;Institut Universitari de Plaguicides i Aig\u00fces (IUPA) i un altre sobre la catalogaci\u00f3 de CSR (Combustible S\u00f2lid Recuperat) i la seua utilitzaci\u00f3 en instal\u00b7lacions que realitzar\u00e0 el Grup d&#8217;Investigaci\u00f3 en Enginyeria de Residus (INGRES) que es continuaran desenvolupant en aquest 2019. Referent a aix\u00f2, Garcia ha comentat que \u201cestem invertint en la nostra mat\u00e8ria grisa i en aprofitar les sinergies que ens ofereixen els nostres investigadors per a desenvolupar aquests projectes que sens dubte suposaran un benefici per a la ciutadania i per a l&#8217;entorn\u201d.<\/p>\n","protected":false},"excerpt":{"rendered":"<p>El consell d&#8217;administraci\u00f3 de l&#8217;empresa p\u00fablica per al tractament i reciclatge dels residus s\u00f2lids urbans de la zona centre de la prov\u00edncia de Castell\u00f3, Reciplasa, ha nomenat hui a Ignasi Garcia, vicealcalde de Castell\u00f3, com a nou president de l&#8217;entitat. En una Junta General Universal convocada pr\u00e8viament, el regidor castellonenc ha sigut designat en elDale que hay m\u00e1s &#8230;<\/p>\n","protected":false},"author":3,"featured_media":13741,"comment_status":"closed","ping_status":"closed","sticky":false,"template":"","format":"standard","meta":{"footnotes":""},"categories":[87],"tags":[],"class_list":["post-13743","post","type-post","status-publish","format-standard","has-post-thumbnail","hentry","category-noticies-corporatives"],"yoast_head":"<!-- This site is optimized with the Yoast SEO plugin v27.4 - https:\/\/yoast.com\/product\/yoast-seo-wordpress\/ -->\n<title>El consell d\u2019administraci\u00f3 nomena a Ignasi Garcia nou president de Reciplasa - RECIPLASA<\/title>\n<meta name=\"robots\" content=\"index, follow, max-snippet:-1, max-image-preview:large, max-video-preview:-1\" \/>\n<link rel=\"canonical\" href=\"https:\/\/www.reciplasa.es\/va\/consell-dadministracio-nomena-ignasi-garcia-nou-president-reciplasa\/\" \/>\n<meta property=\"og:locale\" content=\"en_US\" \/>\n<meta property=\"og:type\" content=\"article\" \/>\n<meta property=\"og:title\" content=\"El consell d\u2019administraci\u00f3 nomena a Ignasi Garcia nou president de Reciplasa - RECIPLASA\" \/>\n<meta property=\"og:description\" content=\"El consell d&#8217;administraci\u00f3 de l&#8217;empresa p\u00fablica per al tractament i reciclatge dels residus s\u00f2lids urbans de la zona centre de la prov\u00edncia de Castell\u00f3, Reciplasa, ha nomenat hui a Ignasi Garcia, vicealcalde de Castell\u00f3, com a nou president de l&#8217;entitat. En una Junta General Universal convocada pr\u00e8viament, el regidor castellonenc ha sigut designat en elDale que hay m\u00e1s ...\" \/>\n<meta property=\"og:url\" content=\"https:\/\/www.reciplasa.es\/va\/consell-dadministracio-nomena-ignasi-garcia-nou-president-reciplasa\/\" \/>\n<meta property=\"og:site_name\" content=\"RECIPLASA\" \/>\n<meta property=\"article:published_time\" content=\"2019-02-19T16:30:42+00:00\" \/>\n<meta property=\"article:modified_time\" content=\"2019-02-20T08:44:17+00:00\" \/>\n<meta property=\"og:image\" content=\"https:\/\/www.reciplasa.es\/wp-content\/uploads\/2019\/02\/Consell-administracio\u00ec-Reciplasa-19-02-19.jpg\" \/>\n\t<meta property=\"og:image:width\" content=\"3888\" \/>\n\t<meta property=\"og:image:height\" content=\"2592\" \/>\n\t<meta property=\"og:image:type\" content=\"image\/jpeg\" \/>\n<meta name=\"author\" content=\"Cristina Marco\" \/>\n<meta name=\"twitter:card\" content=\"summary_large_image\" \/>\n<meta name=\"twitter:label1\" content=\"Written by\" \/>\n\t<meta name=\"twitter:data1\" content=\"Cristina Marco\" \/>\n\t<meta name=\"twitter:label2\" content=\"Est. reading time\" \/>\n\t<meta name=\"twitter:data2\" content=\"2 minutes\" \/>\n<script type=\"application\/ld+json\" class=\"yoast-schema-graph\">{\"@context\":\"https:\\\/\\\/schema.org\",\"@graph\":[{\"@type\":\"Article\",\"@id\":\"https:\\\/\\\/www.reciplasa.es\\\/va\\\/consell-dadministracio-nomena-ignasi-garcia-nou-president-reciplasa\\\/#article\",\"isPartOf\":{\"@id\":\"https:\\\/\\\/www.reciplasa.es\\\/va\\\/consell-dadministracio-nomena-ignasi-garcia-nou-president-reciplasa\\\/\"},\"author\":{\"name\":\"Cristina Marco\",\"@id\":\"https:\\\/\\\/www.reciplasa.es\\\/#\\\/schema\\\/person\\\/608ffc094e3c56d49e6c6ec8f1ea0e82\"},\"headline\":\"El consell d\u2019administraci\u00f3 nomena a Ignasi Garcia nou president de Reciplasa\",\"datePublished\":\"2019-02-19T16:30:42+00:00\",\"dateModified\":\"2019-02-20T08:44:17+00:00\",\"mainEntityOfPage\":{\"@id\":\"https:\\\/\\\/www.reciplasa.es\\\/va\\\/consell-dadministracio-nomena-ignasi-garcia-nou-president-reciplasa\\\/\"},\"wordCount\":385,\"image\":{\"@id\":\"https:\\\/\\\/www.reciplasa.es\\\/va\\\/consell-dadministracio-nomena-ignasi-garcia-nou-president-reciplasa\\\/#primaryimage\"},\"thumbnailUrl\":\"https:\\\/\\\/www.reciplasa.es\\\/wp-content\\\/uploads\\\/2019\\\/02\\\/Consell-administracio\u00ec-Reciplasa-19-02-19.jpg\",\"articleSection\":[\"Not\u00edcies corporatives\"],\"inLanguage\":\"va-VA\"},{\"@type\":\"WebPage\",\"@id\":\"https:\\\/\\\/www.reciplasa.es\\\/va\\\/consell-dadministracio-nomena-ignasi-garcia-nou-president-reciplasa\\\/\",\"url\":\"https:\\\/\\\/www.reciplasa.es\\\/va\\\/consell-dadministracio-nomena-ignasi-garcia-nou-president-reciplasa\\\/\",\"name\":\"El consell d\u2019administraci\u00f3 nomena a Ignasi Garcia nou president de Reciplasa - RECIPLASA\",\"isPartOf\":{\"@id\":\"https:\\\/\\\/www.reciplasa.es\\\/#website\"},\"primaryImageOfPage\":{\"@id\":\"https:\\\/\\\/www.reciplasa.es\\\/va\\\/consell-dadministracio-nomena-ignasi-garcia-nou-president-reciplasa\\\/#primaryimage\"},\"image\":{\"@id\":\"https:\\\/\\\/www.reciplasa.es\\\/va\\\/consell-dadministracio-nomena-ignasi-garcia-nou-president-reciplasa\\\/#primaryimage\"},\"thumbnailUrl\":\"https:\\\/\\\/www.reciplasa.es\\\/wp-content\\\/uploads\\\/2019\\\/02\\\/Consell-administracio\u00ec-Reciplasa-19-02-19.jpg\",\"datePublished\":\"2019-02-19T16:30:42+00:00\",\"dateModified\":\"2019-02-20T08:44:17+00:00\",\"author\":{\"@id\":\"https:\\\/\\\/www.reciplasa.es\\\/#\\\/schema\\\/person\\\/608ffc094e3c56d49e6c6ec8f1ea0e82\"},\"breadcrumb\":{\"@id\":\"https:\\\/\\\/www.reciplasa.es\\\/va\\\/consell-dadministracio-nomena-ignasi-garcia-nou-president-reciplasa\\\/#breadcrumb\"},\"inLanguage\":\"va-VA\",\"potentialAction\":[{\"@type\":\"ReadAction\",\"target\":[\"https:\\\/\\\/www.reciplasa.es\\\/va\\\/consell-dadministracio-nomena-ignasi-garcia-nou-president-reciplasa\\\/\"]}]},{\"@type\":\"ImageObject\",\"inLanguage\":\"va-VA\",\"@id\":\"https:\\\/\\\/www.reciplasa.es\\\/va\\\/consell-dadministracio-nomena-ignasi-garcia-nou-president-reciplasa\\\/#primaryimage\",\"url\":\"https:\\\/\\\/www.reciplasa.es\\\/wp-content\\\/uploads\\\/2019\\\/02\\\/Consell-administracio\u00ec-Reciplasa-19-02-19.jpg\",\"contentUrl\":\"https:\\\/\\\/www.reciplasa.es\\\/wp-content\\\/uploads\\\/2019\\\/02\\\/Consell-administracio\u00ec-Reciplasa-19-02-19.jpg\",\"width\":3888,\"height\":2592},{\"@type\":\"BreadcrumbList\",\"@id\":\"https:\\\/\\\/www.reciplasa.es\\\/va\\\/consell-dadministracio-nomena-ignasi-garcia-nou-president-reciplasa\\\/#breadcrumb\",\"itemListElement\":[{\"@type\":\"ListItem\",\"position\":1,\"name\":\"Portada\",\"item\":\"https:\\\/\\\/www.reciplasa.es\\\/va\\\/\"},{\"@type\":\"ListItem\",\"position\":2,\"name\":\"El consell d\u2019administraci\u00f3 nomena a Ignasi Garcia nou president de Reciplasa\"}]},{\"@type\":\"WebSite\",\"@id\":\"https:\\\/\\\/www.reciplasa.es\\\/#website\",\"url\":\"https:\\\/\\\/www.reciplasa.es\\\/\",\"name\":\"RECIPLASA\",\"description\":\"Reciclats de Residus La Plana SA\",\"potentialAction\":[{\"@type\":\"SearchAction\",\"target\":{\"@type\":\"EntryPoint\",\"urlTemplate\":\"https:\\\/\\\/www.reciplasa.es\\\/?s={search_term_string}\"},\"query-input\":{\"@type\":\"PropertyValueSpecification\",\"valueRequired\":true,\"valueName\":\"search_term_string\"}}],\"inLanguage\":\"va-VA\"},{\"@type\":\"Person\",\"@id\":\"https:\\\/\\\/www.reciplasa.es\\\/#\\\/schema\\\/person\\\/608ffc094e3c56d49e6c6ec8f1ea0e82\",\"name\":\"Cristina Marco\",\"image\":{\"@type\":\"ImageObject\",\"inLanguage\":\"va-VA\",\"@id\":\"https:\\\/\\\/secure.gravatar.com\\\/avatar\\\/6da7e00dc41d26d3c4245f3b2d70d687293df0dfc18f03719354383f7be4f34b?s=96&d=mm&r=g\",\"url\":\"https:\\\/\\\/secure.gravatar.com\\\/avatar\\\/6da7e00dc41d26d3c4245f3b2d70d687293df0dfc18f03719354383f7be4f34b?s=96&d=mm&r=g\",\"contentUrl\":\"https:\\\/\\\/secure.gravatar.com\\\/avatar\\\/6da7e00dc41d26d3c4245f3b2d70d687293df0dfc18f03719354383f7be4f34b?s=96&d=mm&r=g\",\"caption\":\"Cristina Marco\"},\"url\":\"https:\\\/\\\/www.reciplasa.es\\\/va\\\/author\\\/cristina\\\/\"}]}<\/script>\n<!-- \/ Yoast SEO plugin. -->","yoast_head_json":{"title":"El consell d\u2019administraci\u00f3 nomena a Ignasi Garcia nou president de Reciplasa - RECIPLASA","robots":{"index":"index","follow":"follow","max-snippet":"max-snippet:-1","max-image-preview":"max-image-preview:large","max-video-preview":"max-video-preview:-1"},"canonical":"https:\/\/www.reciplasa.es\/va\/consell-dadministracio-nomena-ignasi-garcia-nou-president-reciplasa\/","og_locale":"en_US","og_type":"article","og_title":"El consell d\u2019administraci\u00f3 nomena a Ignasi Garcia nou president de Reciplasa - RECIPLASA","og_description":"El consell d&#8217;administraci\u00f3 de l&#8217;empresa p\u00fablica per al tractament i reciclatge dels residus s\u00f2lids urbans de la zona centre de la prov\u00edncia de Castell\u00f3, Reciplasa, ha nomenat hui a Ignasi Garcia, vicealcalde de Castell\u00f3, com a nou president de l&#8217;entitat. En una Junta General Universal convocada pr\u00e8viament, el regidor castellonenc ha sigut designat en elDale que hay m\u00e1s ...","og_url":"https:\/\/www.reciplasa.es\/va\/consell-dadministracio-nomena-ignasi-garcia-nou-president-reciplasa\/","og_site_name":"RECIPLASA","article_published_time":"2019-02-19T16:30:42+00:00","article_modified_time":"2019-02-20T08:44:17+00:00","og_image":[{"width":3888,"height":2592,"url":"https:\/\/www.reciplasa.es\/wp-content\/uploads\/2019\/02\/Consell-administracio\u00ec-Reciplasa-19-02-19.jpg","type":"image\/jpeg"}],"author":"Cristina Marco","twitter_card":"summary_large_image","twitter_misc":{"Written by":"Cristina Marco","Est. reading time":"2 minutes"},"schema":{"@context":"https:\/\/schema.org","@graph":[{"@type":"Article","@id":"https:\/\/www.reciplasa.es\/va\/consell-dadministracio-nomena-ignasi-garcia-nou-president-reciplasa\/#article","isPartOf":{"@id":"https:\/\/www.reciplasa.es\/va\/consell-dadministracio-nomena-ignasi-garcia-nou-president-reciplasa\/"},"author":{"name":"Cristina Marco","@id":"https:\/\/www.reciplasa.es\/#\/schema\/person\/608ffc094e3c56d49e6c6ec8f1ea0e82"},"headline":"El consell d\u2019administraci\u00f3 nomena a Ignasi Garcia nou president de Reciplasa","datePublished":"2019-02-19T16:30:42+00:00","dateModified":"2019-02-20T08:44:17+00:00","mainEntityOfPage":{"@id":"https:\/\/www.reciplasa.es\/va\/consell-dadministracio-nomena-ignasi-garcia-nou-president-reciplasa\/"},"wordCount":385,"image":{"@id":"https:\/\/www.reciplasa.es\/va\/consell-dadministracio-nomena-ignasi-garcia-nou-president-reciplasa\/#primaryimage"},"thumbnailUrl":"https:\/\/www.reciplasa.es\/wp-content\/uploads\/2019\/02\/Consell-administracio\u00ec-Reciplasa-19-02-19.jpg","articleSection":["Not\u00edcies corporatives"],"inLanguage":"va-VA"},{"@type":"WebPage","@id":"https:\/\/www.reciplasa.es\/va\/consell-dadministracio-nomena-ignasi-garcia-nou-president-reciplasa\/","url":"https:\/\/www.reciplasa.es\/va\/consell-dadministracio-nomena-ignasi-garcia-nou-president-reciplasa\/","name":"El consell d\u2019administraci\u00f3 nomena a Ignasi Garcia nou president de Reciplasa - RECIPLASA","isPartOf":{"@id":"https:\/\/www.reciplasa.es\/#website"},"primaryImageOfPage":{"@id":"https:\/\/www.reciplasa.es\/va\/consell-dadministracio-nomena-ignasi-garcia-nou-president-reciplasa\/#primaryimage"},"image":{"@id":"https:\/\/www.reciplasa.es\/va\/consell-dadministracio-nomena-ignasi-garcia-nou-president-reciplasa\/#primaryimage"},"thumbnailUrl":"https:\/\/www.reciplasa.es\/wp-content\/uploads\/2019\/02\/Consell-administracio\u00ec-Reciplasa-19-02-19.jpg","datePublished":"2019-02-19T16:30:42+00:00","dateModified":"2019-02-20T08:44:17+00:00","author":{"@id":"https:\/\/www.reciplasa.es\/#\/schema\/person\/608ffc094e3c56d49e6c6ec8f1ea0e82"},"breadcrumb":{"@id":"https:\/\/www.reciplasa.es\/va\/consell-dadministracio-nomena-ignasi-garcia-nou-president-reciplasa\/#breadcrumb"},"inLanguage":"va-VA","potentialAction":[{"@type":"ReadAction","target":["https:\/\/www.reciplasa.es\/va\/consell-dadministracio-nomena-ignasi-garcia-nou-president-reciplasa\/"]}]},{"@type":"ImageObject","inLanguage":"va-VA","@id":"https:\/\/www.reciplasa.es\/va\/consell-dadministracio-nomena-ignasi-garcia-nou-president-reciplasa\/#primaryimage","url":"https:\/\/www.reciplasa.es\/wp-content\/uploads\/2019\/02\/Consell-administracio\u00ec-Reciplasa-19-02-19.jpg","contentUrl":"https:\/\/www.reciplasa.es\/wp-content\/uploads\/2019\/02\/Consell-administracio\u00ec-Reciplasa-19-02-19.jpg","width":3888,"height":2592},{"@type":"BreadcrumbList","@id":"https:\/\/www.reciplasa.es\/va\/consell-dadministracio-nomena-ignasi-garcia-nou-president-reciplasa\/#breadcrumb","itemListElement":[{"@type":"ListItem","position":1,"name":"Portada","item":"https:\/\/www.reciplasa.es\/va\/"},{"@type":"ListItem","position":2,"name":"El consell d\u2019administraci\u00f3 nomena a Ignasi Garcia nou president de Reciplasa"}]},{"@type":"WebSite","@id":"https:\/\/www.reciplasa.es\/#website","url":"https:\/\/www.reciplasa.es\/","name":"RECIPLASA","description":"Reciclats de Residus La Plana SA","potentialAction":[{"@type":"SearchAction","target":{"@type":"EntryPoint","urlTemplate":"https:\/\/www.reciplasa.es\/?s={search_term_string}"},"query-input":{"@type":"PropertyValueSpecification","valueRequired":true,"valueName":"search_term_string"}}],"inLanguage":"va-VA"},{"@type":"Person","@id":"https:\/\/www.reciplasa.es\/#\/schema\/person\/608ffc094e3c56d49e6c6ec8f1ea0e82","name":"Cristina Marco","image":{"@type":"ImageObject","inLanguage":"va-VA","@id":"https:\/\/secure.gravatar.com\/avatar\/6da7e00dc41d26d3c4245f3b2d70d687293df0dfc18f03719354383f7be4f34b?s=96&d=mm&r=g","url":"https:\/\/secure.gravatar.com\/avatar\/6da7e00dc41d26d3c4245f3b2d70d687293df0dfc18f03719354383f7be4f34b?s=96&d=mm&r=g","contentUrl":"https:\/\/secure.gravatar.com\/avatar\/6da7e00dc41d26d3c4245f3b2d70d687293df0dfc18f03719354383f7be4f34b?s=96&d=mm&r=g","caption":"Cristina Marco"},"url":"https:\/\/www.reciplasa.es\/va\/author\/cristina\/"}]}},"_links":{"self":[{"href":"https:\/\/www.reciplasa.es\/va\/wp-json\/wp\/v2\/posts\/13743","targetHints":{"allow":["GET"]}}],"collection":[{"href":"https:\/\/www.reciplasa.es\/va\/wp-json\/wp\/v2\/posts"}],"about":[{"href":"https:\/\/www.reciplasa.es\/va\/wp-json\/wp\/v2\/types\/post"}],"author":[{"embeddable":true,"href":"https:\/\/www.reciplasa.es\/va\/wp-json\/wp\/v2\/users\/3"}],"replies":[{"embeddable":true,"href":"https:\/\/www.reciplasa.es\/va\/wp-json\/wp\/v2\/comments?post=13743"}],"version-history":[{"count":1,"href":"https:\/\/www.reciplasa.es\/va\/wp-json\/wp\/v2\/posts\/13743\/revisions"}],"predecessor-version":[{"id":13744,"href":"https:\/\/www.reciplasa.es\/va\/wp-json\/wp\/v2\/posts\/13743\/revisions\/13744"}],"wp:featuredmedia":[{"embeddable":true,"href":"https:\/\/www.reciplasa.es\/va\/wp-json\/wp\/v2\/media\/13741"}],"wp:attachment":[{"href":"https:\/\/www.reciplasa.es\/va\/wp-json\/wp\/v2\/media?parent=13743"}],"wp:term":[{"taxonomy":"category","embeddable":true,"href":"https:\/\/www.reciplasa.es\/va\/wp-json\/wp\/v2\/categories?post=13743"},{"taxonomy":"post_tag","embeddable":true,"href":"https:\/\/www.reciplasa.es\/va\/wp-json\/wp\/v2\/tags?post=13743"}],"curies":[{"name":"wp","href":"https:\/\/api.w.org\/{rel}","templated":true}]}}