{"id":13772,"date":"2019-03-07T08:46:07","date_gmt":"2019-03-07T08:46:07","guid":{"rendered":"http:\/\/www.reciplasa.es\/?p=13772\/"},"modified":"2023-07-25T15:00:28","modified_gmt":"2023-07-25T15:00:28","slug":"luji-i-reciplasa-renoven-conveni-la-catedra-gestio-residus-urbans","status":"publish","type":"post","link":"https:\/\/www.reciplasa.es\/va\/luji-i-reciplasa-renoven-conveni-la-catedra-gestio-residus-urbans\/","title":{"rendered":"L\u2019UJI i Reciplasa renoven el conveni de la C\u00e0tedra de Gesti\u00f3 de Residus Urbans"},"content":{"rendered":"<p>La rectora de la <a href=\"http:\/\/www.uji.es\">Universitat Jaume I<\/a>, Eva Alc\u00f3n, i el president de Reciplasa, Ignasi Garcia, han signat dimecres 6 de mar\u00e7 de 2019 la renovaci\u00f3 del conveni de la <a href=\"http:\/\/catedrareciplasa.uji.es\/es\/home-alternativa\/\">C\u00e0tedra Reciplasa de Gesti\u00f3 de Residus Urbans<\/a> de la universitat p\u00fablica de Castell\u00f3, que continuar\u00e0 dirigida pel catedr\u00e0tic de Qu\u00edmica Anal\u00edtica i secretari de l\u2019Institut Universitari de Plaguicides i Aig\u00fces, F\u00e9lix Hern\u00e1ndez. La c\u00e0tedra t\u00e9 com a objectius generals el foment de la doc\u00e8ncia, la investigaci\u00f3, la difusi\u00f3 del coneixement i la innovaci\u00f3 en el sector de gesti\u00f3 i tractament de residus s\u00f2lids urbans. A m\u00e9s de les activitats d\u2019inter\u00e8s general que s\u2019organitzen com jornades, congressos o confer\u00e8ncies, el conveni de renovaci\u00f3 de la c\u00e0tedra contempla el desenvolupament de dos projectes d\u2019investigaci\u00f3: un sobre el control de contaminants org\u00e0nics en les aig\u00fces de l\u2019entorn de la planta que executar\u00e0 l\u2019Institut Universitari de Plaguicides i Aig\u00fces i un altre sobre la catalogaci\u00f3 de CSR i la seua utilitzaci\u00f3 en instal\u2022lacions que realitzar\u00e0 el Grup d\u2019Investigaci\u00f3 en Enginyeria de Residus (INGRES).<\/p>\n<p>Despr\u00e9s de la firma, el representant de Reciplasa i vicealcalde de Castell\u00f3, Ignasi Garc\u00eda, ha comentat que \u00abel consorci t\u00e9 uns grans reptes, com \u00e9s la reducci\u00f3 dels rebuigs, i treballar per frenar el canvi clim\u00e0tic i la col\u2022laboraci\u00f3 de la universitat \u00e9s cabdal, perqu\u00e8 ens guia a l\u2019hora de fer els estudis i ens ajuda a divulgar i a informar i conscienciar a la ciutadania, principalment als menuts\u00bb. Per la seua banda, la rectora Eva Alc\u00f3n ha comentat que \u00e9s molt satisfactori per la universitat renovar la col\u2022laboraci\u00f3 i \u00abdonar-li un nou impuls a la transfer\u00e8ncia, perqu\u00e8 \u00e9s important que els resultats de les investigacions arriben a tota la societat i contribuir, d\u2019aquesta manera, al progr\u00e9s social, econ\u00f2mic i hum\u00e0\u00bb. Alc\u00f3n ha agra\u00eft la confian\u00e7a dipositada en els grups d\u2019investigaci\u00f3, qui tenen una llarga traject\u00f2ria de treball en aquest \u00e0mbit.<\/p>\n<p>A l\u2019acte tamb\u00e9 hi ha assistit Modesto Fabra, vicerector de Planificaci\u00f3, Coordinaci\u00f3 i Comunicaci\u00f3; Jes\u00fas Lancis, vicerector d\u2019Investigaci\u00f3 i Postgrau; F\u00e9lix Hern\u00e1ndez, director de la C\u00e0tedra; Fernando Albarr\u00e1n, director t\u00e8cnic de Reciplasa; Antonio Gallardo, responsable del grup d\u2019investigaci\u00f3 INGRES i Carlos Sales, membre de l\u2019IUPA.<\/p>\n<p><a href=\"http:\/\/www.reciplasa.es\/wp-content\/uploads\/2019\/03\/Conveni_Reciplasa_DLL58-2.jpg\" rel=\"lightbox[13772]\"><img loading=\"lazy\" decoding=\"async\" class=\"size-large wp-image-13769\" src=\"http:\/\/www.reciplasa.es\/wp-content\/uploads\/2019\/03\/Conveni_Reciplasa_DLL58-2-1020x1024.jpg\" alt=\"\" width=\"800\" height=\"803\" srcset=\"https:\/\/www.reciplasa.es\/wp-content\/uploads\/2019\/03\/Conveni_Reciplasa_DLL58-2-1020x1024.jpg 1020w, https:\/\/www.reciplasa.es\/wp-content\/uploads\/2019\/03\/Conveni_Reciplasa_DLL58-2-150x150.jpg 150w, https:\/\/www.reciplasa.es\/wp-content\/uploads\/2019\/03\/Conveni_Reciplasa_DLL58-2-300x300.jpg 300w, https:\/\/www.reciplasa.es\/wp-content\/uploads\/2019\/03\/Conveni_Reciplasa_DLL58-2-768x771.jpg 768w, https:\/\/www.reciplasa.es\/wp-content\/uploads\/2019\/03\/Conveni_Reciplasa_DLL58-2-95x95.jpg 95w, https:\/\/www.reciplasa.es\/wp-content\/uploads\/2019\/03\/Conveni_Reciplasa_DLL58-2-275x275.jpg 275w, https:\/\/www.reciplasa.es\/wp-content\/uploads\/2019\/03\/Conveni_Reciplasa_DLL58-2.jpg 1817w\" sizes=\"auto, (max-width: 800px) 100vw, 800px\" \/><\/a><\/p>\n<h3><strong>QU\u00c8 FEM AMB EL FEM?<\/strong><\/h3>\n<p>Una de les activitats que realitza la C\u00e0tedra amb la col\u2022laboraci\u00f3 del CEFIRE de Castell\u00f3 i el Seminari d\u2019Educaci\u00f3 Ambiental \u00e9s \u00abQu\u00e8 fem amb el fem?\u00bb, un concurs adre\u00e7at a l\u2019estudiantat preuniversitari amb el prop\u00f2sit de fomentar en els centres d&#8217;ensenyament mitj\u00e0 una major conscienciaci\u00f3 sobre la gesti\u00f3 responsable dels residus urbans. Els treballs, que poden presentar-se en valenci\u00e0, castell\u00e0 o angl\u00e8s, cal enviar-los juntament amb el formulari d\u2019inscripci\u00f3 que hi ha a la p\u00e0gina de la c\u00e0tedra, al correu electr\u00f2nic catedrareciplasa@uji.es fins al 3 de maig de 2019. Els premis es donaran a con\u00e8ixer el 24 de maig i es lliuraran durant el mes de juny a la universitat p\u00fablica de Castell\u00f3.<\/p>\n<p><a href=\"http:\/\/www.reciplasa.es\/va\/quefemambelfem\/\">Qu\u00e8 fem amb el fem?<\/a> \u00e9s un concurs en qu\u00e8 es pot participar amb maquetes, c\u00f2mics, v\u00eddeos, relats o treballs d\u2019investigaci\u00f3 que pret\u00e9n desenvolupar la creativitat i l\u2019expressi\u00f3 de coneixements cient\u00edfics, matem\u00e0tics i tecnol\u00f2gics, mitjan\u00e7ant diferents llenguatges art\u00edstics per tal de fomentar una ciutadania cr\u00edticament activa i responsable per avan\u00e7ar cap a un model de societat m\u00e9s sostenible. Est\u00e0 adre\u00e7at a tots els nivells educatius: infantil, prim\u00e0ria, secund\u00e0ria i educaci\u00f3 especial als quals se\u2019ls convida a reflexionar per a prendre consci\u00e8ncia sobre la import\u00e0ncia que t\u00e9 la gesti\u00f3 dels residus s\u00f2lids urbans en la nostra societat. Alguns dels temes proposats s\u00f3n l\u2019economia circular, la recollida selectiva, l\u2019impacte dels residus, la tecnologia de residus o la seua valoritzaci\u00f3 com a recurs, i aspectes al voltant de les \u00ab4R\u00bb: reduir, reciclar, reutilitzar i recuperar.<\/p>\n","protected":false},"excerpt":{"rendered":"<p>La rectora de la Universitat Jaume I, Eva Alc\u00f3n, i el president de Reciplasa, Ignasi Garcia, han signat dimecres 6 de mar\u00e7 de 2019 la renovaci\u00f3 del conveni de la C\u00e0tedra Reciplasa de Gesti\u00f3 de Residus Urbans de la universitat p\u00fablica de Castell\u00f3, que continuar\u00e0 dirigida pel catedr\u00e0tic de Qu\u00edmica Anal\u00edtica i secretari de l\u2019InstitutDale que hay m\u00e1s &#8230;<\/p>\n","protected":false},"author":3,"featured_media":13766,"comment_status":"closed","ping_status":"closed","sticky":false,"template":"","format":"standard","meta":{"footnotes":""},"categories":[88],"tags":[],"class_list":["post-13772","post","type-post","status-publish","format-standard","has-post-thumbnail","hentry","category-catedra-reciplasa-uji"],"yoast_head":"<!-- This site is optimized with the Yoast SEO plugin v27.4 - https:\/\/yoast.com\/product\/yoast-seo-wordpress\/ -->\n<title>L\u2019UJI i Reciplasa renoven el conveni de la C\u00e0tedra de Gesti\u00f3 de Residus Urbans - RECIPLASA<\/title>\n<meta name=\"robots\" content=\"index, follow, max-snippet:-1, max-image-preview:large, max-video-preview:-1\" \/>\n<link rel=\"canonical\" href=\"https:\/\/www.reciplasa.es\/la-uji-reciplasa-renuevan-convenio-la-catedra-gestion-residuos-urbanos\/\" \/>\n<meta property=\"og:locale\" content=\"en_US\" \/>\n<meta property=\"og:type\" content=\"article\" \/>\n<meta property=\"og:title\" content=\"L\u2019UJI i Reciplasa renoven el conveni de la C\u00e0tedra de Gesti\u00f3 de Residus Urbans - RECIPLASA\" \/>\n<meta property=\"og:description\" content=\"La rectora de la Universitat Jaume I, Eva Alc\u00f3n, i el president de Reciplasa, Ignasi Garcia, han signat dimecres 6 de mar\u00e7 de 2019 la renovaci\u00f3 del conveni de la C\u00e0tedra Reciplasa de Gesti\u00f3 de Residus Urbans de la universitat p\u00fablica de Castell\u00f3, que continuar\u00e0 dirigida pel catedr\u00e0tic de Qu\u00edmica Anal\u00edtica i secretari de l\u2019InstitutDale que hay m\u00e1s ...\" \/>\n<meta property=\"og:url\" content=\"https:\/\/www.reciplasa.es\/la-uji-reciplasa-renuevan-convenio-la-catedra-gestion-residuos-urbanos\/\" \/>\n<meta property=\"og:site_name\" content=\"RECIPLASA\" \/>\n<meta property=\"article:published_time\" content=\"2019-03-07T08:46:07+00:00\" \/>\n<meta property=\"article:modified_time\" content=\"2023-07-25T15:00:28+00:00\" \/>\n<meta property=\"og:image\" content=\"https:\/\/www.reciplasa.es\/wp-content\/uploads\/2019\/03\/Conveni_Reciplasa_DLL34.jpg\" \/>\n\t<meta property=\"og:image:width\" content=\"2738\" \/>\n\t<meta property=\"og:image:height\" content=\"1825\" \/>\n\t<meta property=\"og:image:type\" content=\"image\/jpeg\" \/>\n<meta name=\"author\" content=\"Cristina Marco\" \/>\n<meta name=\"twitter:card\" content=\"summary_large_image\" \/>\n<meta name=\"twitter:label1\" content=\"Written by\" \/>\n\t<meta name=\"twitter:data1\" content=\"Cristina Marco\" \/>\n\t<meta name=\"twitter:label2\" content=\"Est. reading time\" \/>\n\t<meta name=\"twitter:data2\" content=\"3 minutes\" \/>\n<script type=\"application\/ld+json\" class=\"yoast-schema-graph\">{\"@context\":\"https:\\\/\\\/schema.org\",\"@graph\":[{\"@type\":\"Article\",\"@id\":\"https:\\\/\\\/www.reciplasa.es\\\/la-uji-reciplasa-renuevan-convenio-la-catedra-gestion-residuos-urbanos\\\/#article\",\"isPartOf\":{\"@id\":\"https:\\\/\\\/www.reciplasa.es\\\/la-uji-reciplasa-renuevan-convenio-la-catedra-gestion-residuos-urbanos\\\/\"},\"author\":{\"name\":\"Cristina Marco\",\"@id\":\"https:\\\/\\\/www.reciplasa.es\\\/#\\\/schema\\\/person\\\/608ffc094e3c56d49e6c6ec8f1ea0e82\"},\"headline\":\"L\u2019UJI i Reciplasa renoven el conveni de la C\u00e0tedra de Gesti\u00f3 de Residus Urbans\",\"datePublished\":\"2019-03-07T08:46:07+00:00\",\"dateModified\":\"2023-07-25T15:00:28+00:00\",\"mainEntityOfPage\":{\"@id\":\"https:\\\/\\\/www.reciplasa.es\\\/la-uji-reciplasa-renuevan-convenio-la-catedra-gestion-residuos-urbanos\\\/\"},\"wordCount\":708,\"image\":{\"@id\":\"https:\\\/\\\/www.reciplasa.es\\\/la-uji-reciplasa-renuevan-convenio-la-catedra-gestion-residuos-urbanos\\\/#primaryimage\"},\"thumbnailUrl\":\"https:\\\/\\\/www.reciplasa.es\\\/wp-content\\\/uploads\\\/2019\\\/03\\\/Conveni_Reciplasa_DLL34.jpg\",\"articleSection\":[\"C\u00e0tedra Reciplasa-UJI\"],\"inLanguage\":\"va-VA\"},{\"@type\":\"WebPage\",\"@id\":\"https:\\\/\\\/www.reciplasa.es\\\/la-uji-reciplasa-renuevan-convenio-la-catedra-gestion-residuos-urbanos\\\/\",\"url\":\"https:\\\/\\\/www.reciplasa.es\\\/la-uji-reciplasa-renuevan-convenio-la-catedra-gestion-residuos-urbanos\\\/\",\"name\":\"L\u2019UJI i Reciplasa renoven el conveni de la C\u00e0tedra de Gesti\u00f3 de Residus Urbans - RECIPLASA\",\"isPartOf\":{\"@id\":\"https:\\\/\\\/www.reciplasa.es\\\/#website\"},\"primaryImageOfPage\":{\"@id\":\"https:\\\/\\\/www.reciplasa.es\\\/la-uji-reciplasa-renuevan-convenio-la-catedra-gestion-residuos-urbanos\\\/#primaryimage\"},\"image\":{\"@id\":\"https:\\\/\\\/www.reciplasa.es\\\/la-uji-reciplasa-renuevan-convenio-la-catedra-gestion-residuos-urbanos\\\/#primaryimage\"},\"thumbnailUrl\":\"https:\\\/\\\/www.reciplasa.es\\\/wp-content\\\/uploads\\\/2019\\\/03\\\/Conveni_Reciplasa_DLL34.jpg\",\"datePublished\":\"2019-03-07T08:46:07+00:00\",\"dateModified\":\"2023-07-25T15:00:28+00:00\",\"author\":{\"@id\":\"https:\\\/\\\/www.reciplasa.es\\\/#\\\/schema\\\/person\\\/608ffc094e3c56d49e6c6ec8f1ea0e82\"},\"breadcrumb\":{\"@id\":\"https:\\\/\\\/www.reciplasa.es\\\/la-uji-reciplasa-renuevan-convenio-la-catedra-gestion-residuos-urbanos\\\/#breadcrumb\"},\"inLanguage\":\"va-VA\",\"potentialAction\":[{\"@type\":\"ReadAction\",\"target\":[\"https:\\\/\\\/www.reciplasa.es\\\/la-uji-reciplasa-renuevan-convenio-la-catedra-gestion-residuos-urbanos\\\/\"]}]},{\"@type\":\"ImageObject\",\"inLanguage\":\"va-VA\",\"@id\":\"https:\\\/\\\/www.reciplasa.es\\\/la-uji-reciplasa-renuevan-convenio-la-catedra-gestion-residuos-urbanos\\\/#primaryimage\",\"url\":\"https:\\\/\\\/www.reciplasa.es\\\/wp-content\\\/uploads\\\/2019\\\/03\\\/Conveni_Reciplasa_DLL34.jpg\",\"contentUrl\":\"https:\\\/\\\/www.reciplasa.es\\\/wp-content\\\/uploads\\\/2019\\\/03\\\/Conveni_Reciplasa_DLL34.jpg\",\"width\":2738,\"height\":1825,\"caption\":\"Conveni C\u00e0tedra Reciplasa\"},{\"@type\":\"BreadcrumbList\",\"@id\":\"https:\\\/\\\/www.reciplasa.es\\\/la-uji-reciplasa-renuevan-convenio-la-catedra-gestion-residuos-urbanos\\\/#breadcrumb\",\"itemListElement\":[{\"@type\":\"ListItem\",\"position\":1,\"name\":\"Portada\",\"item\":\"https:\\\/\\\/www.reciplasa.es\\\/va\\\/\"},{\"@type\":\"ListItem\",\"position\":2,\"name\":\"L\u2019UJI i Reciplasa renoven el conveni de la C\u00e0tedra de Gesti\u00f3 de Residus Urbans\"}]},{\"@type\":\"WebSite\",\"@id\":\"https:\\\/\\\/www.reciplasa.es\\\/#website\",\"url\":\"https:\\\/\\\/www.reciplasa.es\\\/\",\"name\":\"RECIPLASA\",\"description\":\"Reciclats de Residus La Plana SA\",\"potentialAction\":[{\"@type\":\"SearchAction\",\"target\":{\"@type\":\"EntryPoint\",\"urlTemplate\":\"https:\\\/\\\/www.reciplasa.es\\\/?s={search_term_string}\"},\"query-input\":{\"@type\":\"PropertyValueSpecification\",\"valueRequired\":true,\"valueName\":\"search_term_string\"}}],\"inLanguage\":\"va-VA\"},{\"@type\":\"Person\",\"@id\":\"https:\\\/\\\/www.reciplasa.es\\\/#\\\/schema\\\/person\\\/608ffc094e3c56d49e6c6ec8f1ea0e82\",\"name\":\"Cristina Marco\",\"image\":{\"@type\":\"ImageObject\",\"inLanguage\":\"va-VA\",\"@id\":\"https:\\\/\\\/secure.gravatar.com\\\/avatar\\\/6da7e00dc41d26d3c4245f3b2d70d687293df0dfc18f03719354383f7be4f34b?s=96&d=mm&r=g\",\"url\":\"https:\\\/\\\/secure.gravatar.com\\\/avatar\\\/6da7e00dc41d26d3c4245f3b2d70d687293df0dfc18f03719354383f7be4f34b?s=96&d=mm&r=g\",\"contentUrl\":\"https:\\\/\\\/secure.gravatar.com\\\/avatar\\\/6da7e00dc41d26d3c4245f3b2d70d687293df0dfc18f03719354383f7be4f34b?s=96&d=mm&r=g\",\"caption\":\"Cristina Marco\"},\"url\":\"https:\\\/\\\/www.reciplasa.es\\\/va\\\/author\\\/cristina\\\/\"}]}<\/script>\n<!-- \/ Yoast SEO plugin. -->","yoast_head_json":{"title":"L\u2019UJI i Reciplasa renoven el conveni de la C\u00e0tedra de Gesti\u00f3 de Residus Urbans - RECIPLASA","robots":{"index":"index","follow":"follow","max-snippet":"max-snippet:-1","max-image-preview":"max-image-preview:large","max-video-preview":"max-video-preview:-1"},"canonical":"https:\/\/www.reciplasa.es\/la-uji-reciplasa-renuevan-convenio-la-catedra-gestion-residuos-urbanos\/","og_locale":"en_US","og_type":"article","og_title":"L\u2019UJI i Reciplasa renoven el conveni de la C\u00e0tedra de Gesti\u00f3 de Residus Urbans - RECIPLASA","og_description":"La rectora de la Universitat Jaume I, Eva Alc\u00f3n, i el president de Reciplasa, Ignasi Garcia, han signat dimecres 6 de mar\u00e7 de 2019 la renovaci\u00f3 del conveni de la C\u00e0tedra Reciplasa de Gesti\u00f3 de Residus Urbans de la universitat p\u00fablica de Castell\u00f3, que continuar\u00e0 dirigida pel catedr\u00e0tic de Qu\u00edmica Anal\u00edtica i secretari de l\u2019InstitutDale que hay m\u00e1s ...","og_url":"https:\/\/www.reciplasa.es\/la-uji-reciplasa-renuevan-convenio-la-catedra-gestion-residuos-urbanos\/","og_site_name":"RECIPLASA","article_published_time":"2019-03-07T08:46:07+00:00","article_modified_time":"2023-07-25T15:00:28+00:00","og_image":[{"width":2738,"height":1825,"url":"https:\/\/www.reciplasa.es\/wp-content\/uploads\/2019\/03\/Conveni_Reciplasa_DLL34.jpg","type":"image\/jpeg"}],"author":"Cristina Marco","twitter_card":"summary_large_image","twitter_misc":{"Written by":"Cristina Marco","Est. reading time":"3 minutes"},"schema":{"@context":"https:\/\/schema.org","@graph":[{"@type":"Article","@id":"https:\/\/www.reciplasa.es\/la-uji-reciplasa-renuevan-convenio-la-catedra-gestion-residuos-urbanos\/#article","isPartOf":{"@id":"https:\/\/www.reciplasa.es\/la-uji-reciplasa-renuevan-convenio-la-catedra-gestion-residuos-urbanos\/"},"author":{"name":"Cristina Marco","@id":"https:\/\/www.reciplasa.es\/#\/schema\/person\/608ffc094e3c56d49e6c6ec8f1ea0e82"},"headline":"L\u2019UJI i Reciplasa renoven el conveni de la C\u00e0tedra de Gesti\u00f3 de Residus Urbans","datePublished":"2019-03-07T08:46:07+00:00","dateModified":"2023-07-25T15:00:28+00:00","mainEntityOfPage":{"@id":"https:\/\/www.reciplasa.es\/la-uji-reciplasa-renuevan-convenio-la-catedra-gestion-residuos-urbanos\/"},"wordCount":708,"image":{"@id":"https:\/\/www.reciplasa.es\/la-uji-reciplasa-renuevan-convenio-la-catedra-gestion-residuos-urbanos\/#primaryimage"},"thumbnailUrl":"https:\/\/www.reciplasa.es\/wp-content\/uploads\/2019\/03\/Conveni_Reciplasa_DLL34.jpg","articleSection":["C\u00e0tedra Reciplasa-UJI"],"inLanguage":"va-VA"},{"@type":"WebPage","@id":"https:\/\/www.reciplasa.es\/la-uji-reciplasa-renuevan-convenio-la-catedra-gestion-residuos-urbanos\/","url":"https:\/\/www.reciplasa.es\/la-uji-reciplasa-renuevan-convenio-la-catedra-gestion-residuos-urbanos\/","name":"L\u2019UJI i Reciplasa renoven el conveni de la C\u00e0tedra de Gesti\u00f3 de Residus Urbans - RECIPLASA","isPartOf":{"@id":"https:\/\/www.reciplasa.es\/#website"},"primaryImageOfPage":{"@id":"https:\/\/www.reciplasa.es\/la-uji-reciplasa-renuevan-convenio-la-catedra-gestion-residuos-urbanos\/#primaryimage"},"image":{"@id":"https:\/\/www.reciplasa.es\/la-uji-reciplasa-renuevan-convenio-la-catedra-gestion-residuos-urbanos\/#primaryimage"},"thumbnailUrl":"https:\/\/www.reciplasa.es\/wp-content\/uploads\/2019\/03\/Conveni_Reciplasa_DLL34.jpg","datePublished":"2019-03-07T08:46:07+00:00","dateModified":"2023-07-25T15:00:28+00:00","author":{"@id":"https:\/\/www.reciplasa.es\/#\/schema\/person\/608ffc094e3c56d49e6c6ec8f1ea0e82"},"breadcrumb":{"@id":"https:\/\/www.reciplasa.es\/la-uji-reciplasa-renuevan-convenio-la-catedra-gestion-residuos-urbanos\/#breadcrumb"},"inLanguage":"va-VA","potentialAction":[{"@type":"ReadAction","target":["https:\/\/www.reciplasa.es\/la-uji-reciplasa-renuevan-convenio-la-catedra-gestion-residuos-urbanos\/"]}]},{"@type":"ImageObject","inLanguage":"va-VA","@id":"https:\/\/www.reciplasa.es\/la-uji-reciplasa-renuevan-convenio-la-catedra-gestion-residuos-urbanos\/#primaryimage","url":"https:\/\/www.reciplasa.es\/wp-content\/uploads\/2019\/03\/Conveni_Reciplasa_DLL34.jpg","contentUrl":"https:\/\/www.reciplasa.es\/wp-content\/uploads\/2019\/03\/Conveni_Reciplasa_DLL34.jpg","width":2738,"height":1825,"caption":"Conveni C\u00e0tedra Reciplasa"},{"@type":"BreadcrumbList","@id":"https:\/\/www.reciplasa.es\/la-uji-reciplasa-renuevan-convenio-la-catedra-gestion-residuos-urbanos\/#breadcrumb","itemListElement":[{"@type":"ListItem","position":1,"name":"Portada","item":"https:\/\/www.reciplasa.es\/va\/"},{"@type":"ListItem","position":2,"name":"L\u2019UJI i Reciplasa renoven el conveni de la C\u00e0tedra de Gesti\u00f3 de Residus Urbans"}]},{"@type":"WebSite","@id":"https:\/\/www.reciplasa.es\/#website","url":"https:\/\/www.reciplasa.es\/","name":"RECIPLASA","description":"Reciclats de Residus La Plana SA","potentialAction":[{"@type":"SearchAction","target":{"@type":"EntryPoint","urlTemplate":"https:\/\/www.reciplasa.es\/?s={search_term_string}"},"query-input":{"@type":"PropertyValueSpecification","valueRequired":true,"valueName":"search_term_string"}}],"inLanguage":"va-VA"},{"@type":"Person","@id":"https:\/\/www.reciplasa.es\/#\/schema\/person\/608ffc094e3c56d49e6c6ec8f1ea0e82","name":"Cristina Marco","image":{"@type":"ImageObject","inLanguage":"va-VA","@id":"https:\/\/secure.gravatar.com\/avatar\/6da7e00dc41d26d3c4245f3b2d70d687293df0dfc18f03719354383f7be4f34b?s=96&d=mm&r=g","url":"https:\/\/secure.gravatar.com\/avatar\/6da7e00dc41d26d3c4245f3b2d70d687293df0dfc18f03719354383f7be4f34b?s=96&d=mm&r=g","contentUrl":"https:\/\/secure.gravatar.com\/avatar\/6da7e00dc41d26d3c4245f3b2d70d687293df0dfc18f03719354383f7be4f34b?s=96&d=mm&r=g","caption":"Cristina Marco"},"url":"https:\/\/www.reciplasa.es\/va\/author\/cristina\/"}]}},"_links":{"self":[{"href":"https:\/\/www.reciplasa.es\/va\/wp-json\/wp\/v2\/posts\/13772","targetHints":{"allow":["GET"]}}],"collection":[{"href":"https:\/\/www.reciplasa.es\/va\/wp-json\/wp\/v2\/posts"}],"about":[{"href":"https:\/\/www.reciplasa.es\/va\/wp-json\/wp\/v2\/types\/post"}],"author":[{"embeddable":true,"href":"https:\/\/www.reciplasa.es\/va\/wp-json\/wp\/v2\/users\/3"}],"replies":[{"embeddable":true,"href":"https:\/\/www.reciplasa.es\/va\/wp-json\/wp\/v2\/comments?post=13772"}],"version-history":[{"count":1,"href":"https:\/\/www.reciplasa.es\/va\/wp-json\/wp\/v2\/posts\/13772\/revisions"}],"predecessor-version":[{"id":13773,"href":"https:\/\/www.reciplasa.es\/va\/wp-json\/wp\/v2\/posts\/13772\/revisions\/13773"}],"wp:featuredmedia":[{"embeddable":true,"href":"https:\/\/www.reciplasa.es\/va\/wp-json\/wp\/v2\/media\/13766"}],"wp:attachment":[{"href":"https:\/\/www.reciplasa.es\/va\/wp-json\/wp\/v2\/media?parent=13772"}],"wp:term":[{"taxonomy":"category","embeddable":true,"href":"https:\/\/www.reciplasa.es\/va\/wp-json\/wp\/v2\/categories?post=13772"},{"taxonomy":"post_tag","embeddable":true,"href":"https:\/\/www.reciplasa.es\/va\/wp-json\/wp\/v2\/tags?post=13772"}],"curies":[{"name":"wp","href":"https:\/\/api.w.org\/{rel}","templated":true}]}}