{"id":13795,"date":"2019-03-22T09:58:34","date_gmt":"2019-03-22T09:58:34","guid":{"rendered":"http:\/\/www.reciplasa.es\/?p=13795\/"},"modified":"2023-07-25T14:57:26","modified_gmt":"2023-07-25T14:57:26","slug":"reciplasa-ha-iniciat-la-inversio-40-milions-deuros-per-modernitzar-les-seues-instal%e2%80%a2lacions","status":"publish","type":"post","link":"https:\/\/www.reciplasa.es\/va\/reciplasa-ha-iniciat-la-inversio-40-milions-deuros-per-modernitzar-les-seues-instal%e2%80%a2lacions\/","title":{"rendered":"Reciplasa ha iniciat la inversi\u00f3 de 40 milions d\u2019euros per a modernitzar les seues instal\u2022lacions"},"content":{"rendered":"<h6><em><span style=\"font-weight: 400;\">Les actuacions consisteixen a ampliar i millorar les plantes d&#8217;Onda i Almassora amb les quals s&#8217;aconseguir\u00e0 un estalvi econ\u00f2mic i ecol\u00f2gic per a la ciutadania<\/span><\/em><\/h6>\n<p>L&#8217;empresa p\u00fablica Reciplasa ha iniciat les obres de millora i ampliaci\u00f3 de les seues instal\u00b7lacions a Onda i Almassora, que compten amb un pressupost de 40 milions d&#8217;euros i s&#8217;invertiran durant els pr\u00f2xims exercicis. El president de Reciplasa i vicealcalde de Castell\u00f3, Ignasi Garcia, ha visitat la planta d&#8217;Onda i ha comprovat l&#8217;estat dels treballs. Garcia ha explicat que \u201cla finalitat d&#8217;aquesta modernitzaci\u00f3 \u00e9s ser m\u00e9s eficients reduint l&#8217;impacte ambiental i econ\u00f2mic dels residus que es generen en la zona centre de la prov\u00edncia de Castell\u00f3. A m\u00e9s, amb aquestes modificacions, la planta s&#8217;adequar\u00e0 a les normatives m\u00e9s exigents de la Uni\u00f3 Europea que entraran en vigor en els pr\u00f2xims anys. \u00c9s un comprom\u00eds amb el compliment de la Llei per\u00f2 tamb\u00e9 ho fem amb el convenciment que \u00e9s molt positiu per a la societat i el nostre entorn\u201d.<\/p>\n<p>Les primeres actuacions que ja s&#8217;han dut a terme en la planta de tractament i gesti\u00f3 de residus d&#8217;Onda han sigut l&#8217;automatitzaci\u00f3 de la l\u00ednia d&#8217;eixida de subproductes i la instal\u00b7laci\u00f3 de portes autom\u00e0tiques en els fossats d&#8217;abocament amb un pressupost de 807.799,34 euros, a m\u00e9s s&#8217;estan modernitzant les l\u00ednies de classificaci\u00f3 i triatge. D&#8217;aquesta manera, l&#8217;empresa ha optimitzat el rendiment dels processos de selecci\u00f3 i gesti\u00f3 de les instal\u00b7lacions, aix\u00ed com millorat els consums energ\u00e8tics dels equips.<\/p>\n<p><a href=\"http:\/\/www.reciplasa.es\/wp-content\/uploads\/2019\/03\/Visita-President-Reciplasa-Planta_15.jpg\" rel=\"lightbox[13795]\"><img loading=\"lazy\" decoding=\"async\" class=\"aligncenter size-large wp-image-13791\" src=\"http:\/\/www.reciplasa.es\/wp-content\/uploads\/2019\/03\/Visita-President-Reciplasa-Planta_15-1024x683.jpg\" alt=\"\" width=\"800\" height=\"534\" srcset=\"https:\/\/www.reciplasa.es\/wp-content\/uploads\/2019\/03\/Visita-President-Reciplasa-Planta_15-1024x683.jpg 1024w, https:\/\/www.reciplasa.es\/wp-content\/uploads\/2019\/03\/Visita-President-Reciplasa-Planta_15-300x200.jpg 300w, https:\/\/www.reciplasa.es\/wp-content\/uploads\/2019\/03\/Visita-President-Reciplasa-Planta_15-768x512.jpg 768w\" sizes=\"auto, (max-width: 800px) 100vw, 800px\" \/><\/a><\/p>\n<p>Garcia afirma que \u201cd&#8217;aquesta forma podem recuperar m\u00e9s residus per a la seua reutilitzaci\u00f3 i evitem que acaben en l&#8217;abocador. Aix\u00f2 ens permetr\u00e0 treballar per a intentar reduir la contaminaci\u00f3 ambiental i complir la normativa europea que indica que en 2020 la quota de rebuig no siga superior al 35% i en 2030 al 10%\u201d i afig que \u201caquest \u00e9s sol el principi de totes les millores que preveu el Pla de Gesti\u00f3 del Consorci C2 aprovat per unanimitat al setembre de 2016\u201d.<\/p>\n<p>Les pr\u00f2ximes mesures que s&#8217;executaran s\u00f3n l&#8217;obra civil del trasllat de l&#8217;edifici d&#8217;afinament i l&#8217;ampliaci\u00f3 de la nau de reciclatge a Onda, aix\u00ed com la redacci\u00f3 del projecte de construcci\u00f3 dels nous t\u00fanels de fermentaci\u00f3 per a la mat\u00e8ria org\u00e0nica recollida selectivament. Pel que respecta a la planta d&#8217;Almassora, s&#8217;ha sol\u00b7licitat la llic\u00e8ncia d&#8217;obra per a l&#8217;inici dels treballs de remodelaci\u00f3 que comen\u00e7aran quan estiguen tots els permisos. Garcia conclou que \u201cReciplasa \u00e9s una entitat sense \u00e0nim de lucre i tots els beneficis es destinaran a millorar el servei de tractament dels residus que s&#8217;ofereix a la ciutadania i a les campanyes de conscienciaci\u00f3 perqu\u00e8 existisca un consum responsable per part de les persones, per\u00f2 tamb\u00e9 perqu\u00e8 les empreses facen un disseny sostenible dels seus productes, evitant produir residus de m\u00e9s\u201d.<\/p>\n","protected":false},"excerpt":{"rendered":"<p>Les actuacions consisteixen a ampliar i millorar les plantes d&#8217;Onda i Almassora amb les quals s&#8217;aconseguir\u00e0 un estalvi econ\u00f2mic i ecol\u00f2gic per a la ciutadania L&#8217;empresa p\u00fablica Reciplasa ha iniciat les obres de millora i ampliaci\u00f3 de les seues instal\u00b7lacions a Onda i Almassora, que compten amb un pressupost de 40 milions d&#8217;euros i s&#8217;invertiranDale que hay m\u00e1s &#8230;<\/p>\n","protected":false},"author":3,"featured_media":13790,"comment_status":"closed","ping_status":"closed","sticky":false,"template":"","format":"standard","meta":{"footnotes":""},"categories":[87],"tags":[],"class_list":["post-13795","post","type-post","status-publish","format-standard","has-post-thumbnail","hentry","category-noticies-corporatives"],"yoast_head":"<!-- This site is optimized with the Yoast SEO plugin v27.4 - https:\/\/yoast.com\/product\/yoast-seo-wordpress\/ -->\n<title>Reciplasa ha iniciat la inversi\u00f3 de 40 milions d\u2019euros per a modernitzar les seues instal\u2022lacions - RECIPLASA<\/title>\n<meta name=\"description\" content=\"Les actuacions consisteixen a ampliar i millorar les plantes d&#039;Onda i Almassora i aconseguir un estalvi econ\u00f2mic i ecol\u00f2gic per a la ciutadania.\" \/>\n<meta name=\"robots\" content=\"index, follow, max-snippet:-1, max-image-preview:large, max-video-preview:-1\" \/>\n<link rel=\"canonical\" href=\"https:\/\/www.reciplasa.es\/va\/reciplasa-ha-iniciat-la-inversio-40-milions-deuros-per-modernitzar-les-seues-instal\u2022lacions\/\" \/>\n<meta property=\"og:locale\" content=\"en_US\" \/>\n<meta property=\"og:type\" content=\"article\" \/>\n<meta property=\"og:title\" content=\"Reciplasa ha iniciat la inversi\u00f3 de 40 milions d\u2019euros per a modernitzar les seues instal\u2022lacions - RECIPLASA\" \/>\n<meta property=\"og:description\" content=\"Les actuacions consisteixen a ampliar i millorar les plantes d&#039;Onda i Almassora i aconseguir un estalvi econ\u00f2mic i ecol\u00f2gic per a la ciutadania.\" \/>\n<meta property=\"og:url\" content=\"https:\/\/www.reciplasa.es\/va\/reciplasa-ha-iniciat-la-inversio-40-milions-deuros-per-modernitzar-les-seues-instal\u2022lacions\/\" \/>\n<meta property=\"og:site_name\" content=\"RECIPLASA\" \/>\n<meta property=\"article:published_time\" content=\"2019-03-22T09:58:34+00:00\" \/>\n<meta property=\"article:modified_time\" content=\"2023-07-25T14:57:26+00:00\" \/>\n<meta property=\"og:image\" content=\"https:\/\/www.reciplasa.es\/wp-content\/uploads\/2019\/03\/Visita-President-Reciplasa-Planta.jpg\" \/>\n\t<meta property=\"og:image:width\" content=\"3888\" \/>\n\t<meta property=\"og:image:height\" content=\"2592\" \/>\n\t<meta property=\"og:image:type\" content=\"image\/jpeg\" \/>\n<meta name=\"author\" content=\"Cristina Marco\" \/>\n<meta name=\"twitter:card\" content=\"summary_large_image\" \/>\n<meta name=\"twitter:label1\" content=\"Written by\" \/>\n\t<meta name=\"twitter:data1\" content=\"Cristina Marco\" \/>\n\t<meta name=\"twitter:label2\" content=\"Est. reading time\" \/>\n\t<meta name=\"twitter:data2\" content=\"2 minutes\" \/>\n<script type=\"application\/ld+json\" class=\"yoast-schema-graph\">{\"@context\":\"https:\\\/\\\/schema.org\",\"@graph\":[{\"@type\":\"Article\",\"@id\":\"https:\\\/\\\/www.reciplasa.es\\\/va\\\/reciplasa-ha-iniciat-la-inversio-40-milions-deuros-per-modernitzar-les-seues-instal%e2%80%a2lacions\\\/#article\",\"isPartOf\":{\"@id\":\"https:\\\/\\\/www.reciplasa.es\\\/va\\\/reciplasa-ha-iniciat-la-inversio-40-milions-deuros-per-modernitzar-les-seues-instal%e2%80%a2lacions\\\/\"},\"author\":{\"name\":\"Cristina Marco\",\"@id\":\"https:\\\/\\\/www.reciplasa.es\\\/#\\\/schema\\\/person\\\/608ffc094e3c56d49e6c6ec8f1ea0e82\"},\"headline\":\"Reciplasa ha iniciat la inversi\u00f3 de 40 milions d\u2019euros per a modernitzar les seues instal\u2022lacions\",\"datePublished\":\"2019-03-22T09:58:34+00:00\",\"dateModified\":\"2023-07-25T14:57:26+00:00\",\"mainEntityOfPage\":{\"@id\":\"https:\\\/\\\/www.reciplasa.es\\\/va\\\/reciplasa-ha-iniciat-la-inversio-40-milions-deuros-per-modernitzar-les-seues-instal%e2%80%a2lacions\\\/\"},\"wordCount\":524,\"image\":{\"@id\":\"https:\\\/\\\/www.reciplasa.es\\\/va\\\/reciplasa-ha-iniciat-la-inversio-40-milions-deuros-per-modernitzar-les-seues-instal%e2%80%a2lacions\\\/#primaryimage\"},\"thumbnailUrl\":\"https:\\\/\\\/www.reciplasa.es\\\/wp-content\\\/uploads\\\/2019\\\/03\\\/Visita-President-Reciplasa-Planta.jpg\",\"articleSection\":[\"Not\u00edcies corporatives\"],\"inLanguage\":\"va-VA\"},{\"@type\":\"WebPage\",\"@id\":\"https:\\\/\\\/www.reciplasa.es\\\/va\\\/reciplasa-ha-iniciat-la-inversio-40-milions-deuros-per-modernitzar-les-seues-instal%e2%80%a2lacions\\\/\",\"url\":\"https:\\\/\\\/www.reciplasa.es\\\/va\\\/reciplasa-ha-iniciat-la-inversio-40-milions-deuros-per-modernitzar-les-seues-instal%e2%80%a2lacions\\\/\",\"name\":\"Reciplasa ha iniciat la inversi\u00f3 de 40 milions d\u2019euros per a modernitzar les seues instal\u2022lacions - RECIPLASA\",\"isPartOf\":{\"@id\":\"https:\\\/\\\/www.reciplasa.es\\\/#website\"},\"primaryImageOfPage\":{\"@id\":\"https:\\\/\\\/www.reciplasa.es\\\/va\\\/reciplasa-ha-iniciat-la-inversio-40-milions-deuros-per-modernitzar-les-seues-instal%e2%80%a2lacions\\\/#primaryimage\"},\"image\":{\"@id\":\"https:\\\/\\\/www.reciplasa.es\\\/va\\\/reciplasa-ha-iniciat-la-inversio-40-milions-deuros-per-modernitzar-les-seues-instal%e2%80%a2lacions\\\/#primaryimage\"},\"thumbnailUrl\":\"https:\\\/\\\/www.reciplasa.es\\\/wp-content\\\/uploads\\\/2019\\\/03\\\/Visita-President-Reciplasa-Planta.jpg\",\"datePublished\":\"2019-03-22T09:58:34+00:00\",\"dateModified\":\"2023-07-25T14:57:26+00:00\",\"author\":{\"@id\":\"https:\\\/\\\/www.reciplasa.es\\\/#\\\/schema\\\/person\\\/608ffc094e3c56d49e6c6ec8f1ea0e82\"},\"description\":\"Les actuacions consisteixen a ampliar i millorar les plantes d'Onda i Almassora i aconseguir un estalvi econ\u00f2mic i ecol\u00f2gic per a la ciutadania.\",\"breadcrumb\":{\"@id\":\"https:\\\/\\\/www.reciplasa.es\\\/va\\\/reciplasa-ha-iniciat-la-inversio-40-milions-deuros-per-modernitzar-les-seues-instal%e2%80%a2lacions\\\/#breadcrumb\"},\"inLanguage\":\"va-VA\",\"potentialAction\":[{\"@type\":\"ReadAction\",\"target\":[\"https:\\\/\\\/www.reciplasa.es\\\/va\\\/reciplasa-ha-iniciat-la-inversio-40-milions-deuros-per-modernitzar-les-seues-instal%e2%80%a2lacions\\\/\"]}]},{\"@type\":\"ImageObject\",\"inLanguage\":\"va-VA\",\"@id\":\"https:\\\/\\\/www.reciplasa.es\\\/va\\\/reciplasa-ha-iniciat-la-inversio-40-milions-deuros-per-modernitzar-les-seues-instal%e2%80%a2lacions\\\/#primaryimage\",\"url\":\"https:\\\/\\\/www.reciplasa.es\\\/wp-content\\\/uploads\\\/2019\\\/03\\\/Visita-President-Reciplasa-Planta.jpg\",\"contentUrl\":\"https:\\\/\\\/www.reciplasa.es\\\/wp-content\\\/uploads\\\/2019\\\/03\\\/Visita-President-Reciplasa-Planta.jpg\",\"width\":3888,\"height\":2592,\"caption\":\"Mejorar plantas de Onda y Alamazora de Reciplasa\"},{\"@type\":\"BreadcrumbList\",\"@id\":\"https:\\\/\\\/www.reciplasa.es\\\/va\\\/reciplasa-ha-iniciat-la-inversio-40-milions-deuros-per-modernitzar-les-seues-instal%e2%80%a2lacions\\\/#breadcrumb\",\"itemListElement\":[{\"@type\":\"ListItem\",\"position\":1,\"name\":\"Portada\",\"item\":\"https:\\\/\\\/www.reciplasa.es\\\/va\\\/\"},{\"@type\":\"ListItem\",\"position\":2,\"name\":\"Reciplasa ha iniciat la inversi\u00f3 de 40 milions d\u2019euros per a modernitzar les seues instal\u2022lacions\"}]},{\"@type\":\"WebSite\",\"@id\":\"https:\\\/\\\/www.reciplasa.es\\\/#website\",\"url\":\"https:\\\/\\\/www.reciplasa.es\\\/\",\"name\":\"RECIPLASA\",\"description\":\"Reciclats de Residus La Plana SA\",\"potentialAction\":[{\"@type\":\"SearchAction\",\"target\":{\"@type\":\"EntryPoint\",\"urlTemplate\":\"https:\\\/\\\/www.reciplasa.es\\\/?s={search_term_string}\"},\"query-input\":{\"@type\":\"PropertyValueSpecification\",\"valueRequired\":true,\"valueName\":\"search_term_string\"}}],\"inLanguage\":\"va-VA\"},{\"@type\":\"Person\",\"@id\":\"https:\\\/\\\/www.reciplasa.es\\\/#\\\/schema\\\/person\\\/608ffc094e3c56d49e6c6ec8f1ea0e82\",\"name\":\"Cristina Marco\",\"image\":{\"@type\":\"ImageObject\",\"inLanguage\":\"va-VA\",\"@id\":\"https:\\\/\\\/secure.gravatar.com\\\/avatar\\\/6da7e00dc41d26d3c4245f3b2d70d687293df0dfc18f03719354383f7be4f34b?s=96&d=mm&r=g\",\"url\":\"https:\\\/\\\/secure.gravatar.com\\\/avatar\\\/6da7e00dc41d26d3c4245f3b2d70d687293df0dfc18f03719354383f7be4f34b?s=96&d=mm&r=g\",\"contentUrl\":\"https:\\\/\\\/secure.gravatar.com\\\/avatar\\\/6da7e00dc41d26d3c4245f3b2d70d687293df0dfc18f03719354383f7be4f34b?s=96&d=mm&r=g\",\"caption\":\"Cristina Marco\"},\"url\":\"https:\\\/\\\/www.reciplasa.es\\\/va\\\/author\\\/cristina\\\/\"}]}<\/script>\n<!-- \/ Yoast SEO plugin. -->","yoast_head_json":{"title":"Reciplasa ha iniciat la inversi\u00f3 de 40 milions d\u2019euros per a modernitzar les seues instal\u2022lacions - RECIPLASA","description":"Les actuacions consisteixen a ampliar i millorar les plantes d'Onda i Almassora i aconseguir un estalvi econ\u00f2mic i ecol\u00f2gic per a la ciutadania.","robots":{"index":"index","follow":"follow","max-snippet":"max-snippet:-1","max-image-preview":"max-image-preview:large","max-video-preview":"max-video-preview:-1"},"canonical":"https:\/\/www.reciplasa.es\/va\/reciplasa-ha-iniciat-la-inversio-40-milions-deuros-per-modernitzar-les-seues-instal\u2022lacions\/","og_locale":"en_US","og_type":"article","og_title":"Reciplasa ha iniciat la inversi\u00f3 de 40 milions d\u2019euros per a modernitzar les seues instal\u2022lacions - RECIPLASA","og_description":"Les actuacions consisteixen a ampliar i millorar les plantes d'Onda i Almassora i aconseguir un estalvi econ\u00f2mic i ecol\u00f2gic per a la ciutadania.","og_url":"https:\/\/www.reciplasa.es\/va\/reciplasa-ha-iniciat-la-inversio-40-milions-deuros-per-modernitzar-les-seues-instal\u2022lacions\/","og_site_name":"RECIPLASA","article_published_time":"2019-03-22T09:58:34+00:00","article_modified_time":"2023-07-25T14:57:26+00:00","og_image":[{"width":3888,"height":2592,"url":"https:\/\/www.reciplasa.es\/wp-content\/uploads\/2019\/03\/Visita-President-Reciplasa-Planta.jpg","type":"image\/jpeg"}],"author":"Cristina Marco","twitter_card":"summary_large_image","twitter_misc":{"Written by":"Cristina Marco","Est. reading time":"2 minutes"},"schema":{"@context":"https:\/\/schema.org","@graph":[{"@type":"Article","@id":"https:\/\/www.reciplasa.es\/va\/reciplasa-ha-iniciat-la-inversio-40-milions-deuros-per-modernitzar-les-seues-instal%e2%80%a2lacions\/#article","isPartOf":{"@id":"https:\/\/www.reciplasa.es\/va\/reciplasa-ha-iniciat-la-inversio-40-milions-deuros-per-modernitzar-les-seues-instal%e2%80%a2lacions\/"},"author":{"name":"Cristina Marco","@id":"https:\/\/www.reciplasa.es\/#\/schema\/person\/608ffc094e3c56d49e6c6ec8f1ea0e82"},"headline":"Reciplasa ha iniciat la inversi\u00f3 de 40 milions d\u2019euros per a modernitzar les seues instal\u2022lacions","datePublished":"2019-03-22T09:58:34+00:00","dateModified":"2023-07-25T14:57:26+00:00","mainEntityOfPage":{"@id":"https:\/\/www.reciplasa.es\/va\/reciplasa-ha-iniciat-la-inversio-40-milions-deuros-per-modernitzar-les-seues-instal%e2%80%a2lacions\/"},"wordCount":524,"image":{"@id":"https:\/\/www.reciplasa.es\/va\/reciplasa-ha-iniciat-la-inversio-40-milions-deuros-per-modernitzar-les-seues-instal%e2%80%a2lacions\/#primaryimage"},"thumbnailUrl":"https:\/\/www.reciplasa.es\/wp-content\/uploads\/2019\/03\/Visita-President-Reciplasa-Planta.jpg","articleSection":["Not\u00edcies corporatives"],"inLanguage":"va-VA"},{"@type":"WebPage","@id":"https:\/\/www.reciplasa.es\/va\/reciplasa-ha-iniciat-la-inversio-40-milions-deuros-per-modernitzar-les-seues-instal%e2%80%a2lacions\/","url":"https:\/\/www.reciplasa.es\/va\/reciplasa-ha-iniciat-la-inversio-40-milions-deuros-per-modernitzar-les-seues-instal%e2%80%a2lacions\/","name":"Reciplasa ha iniciat la inversi\u00f3 de 40 milions d\u2019euros per a modernitzar les seues instal\u2022lacions - RECIPLASA","isPartOf":{"@id":"https:\/\/www.reciplasa.es\/#website"},"primaryImageOfPage":{"@id":"https:\/\/www.reciplasa.es\/va\/reciplasa-ha-iniciat-la-inversio-40-milions-deuros-per-modernitzar-les-seues-instal%e2%80%a2lacions\/#primaryimage"},"image":{"@id":"https:\/\/www.reciplasa.es\/va\/reciplasa-ha-iniciat-la-inversio-40-milions-deuros-per-modernitzar-les-seues-instal%e2%80%a2lacions\/#primaryimage"},"thumbnailUrl":"https:\/\/www.reciplasa.es\/wp-content\/uploads\/2019\/03\/Visita-President-Reciplasa-Planta.jpg","datePublished":"2019-03-22T09:58:34+00:00","dateModified":"2023-07-25T14:57:26+00:00","author":{"@id":"https:\/\/www.reciplasa.es\/#\/schema\/person\/608ffc094e3c56d49e6c6ec8f1ea0e82"},"description":"Les actuacions consisteixen a ampliar i millorar les plantes d'Onda i Almassora i aconseguir un estalvi econ\u00f2mic i ecol\u00f2gic per a la ciutadania.","breadcrumb":{"@id":"https:\/\/www.reciplasa.es\/va\/reciplasa-ha-iniciat-la-inversio-40-milions-deuros-per-modernitzar-les-seues-instal%e2%80%a2lacions\/#breadcrumb"},"inLanguage":"va-VA","potentialAction":[{"@type":"ReadAction","target":["https:\/\/www.reciplasa.es\/va\/reciplasa-ha-iniciat-la-inversio-40-milions-deuros-per-modernitzar-les-seues-instal%e2%80%a2lacions\/"]}]},{"@type":"ImageObject","inLanguage":"va-VA","@id":"https:\/\/www.reciplasa.es\/va\/reciplasa-ha-iniciat-la-inversio-40-milions-deuros-per-modernitzar-les-seues-instal%e2%80%a2lacions\/#primaryimage","url":"https:\/\/www.reciplasa.es\/wp-content\/uploads\/2019\/03\/Visita-President-Reciplasa-Planta.jpg","contentUrl":"https:\/\/www.reciplasa.es\/wp-content\/uploads\/2019\/03\/Visita-President-Reciplasa-Planta.jpg","width":3888,"height":2592,"caption":"Mejorar plantas de Onda y Alamazora de Reciplasa"},{"@type":"BreadcrumbList","@id":"https:\/\/www.reciplasa.es\/va\/reciplasa-ha-iniciat-la-inversio-40-milions-deuros-per-modernitzar-les-seues-instal%e2%80%a2lacions\/#breadcrumb","itemListElement":[{"@type":"ListItem","position":1,"name":"Portada","item":"https:\/\/www.reciplasa.es\/va\/"},{"@type":"ListItem","position":2,"name":"Reciplasa ha iniciat la inversi\u00f3 de 40 milions d\u2019euros per a modernitzar les seues instal\u2022lacions"}]},{"@type":"WebSite","@id":"https:\/\/www.reciplasa.es\/#website","url":"https:\/\/www.reciplasa.es\/","name":"RECIPLASA","description":"Reciclats de Residus La Plana SA","potentialAction":[{"@type":"SearchAction","target":{"@type":"EntryPoint","urlTemplate":"https:\/\/www.reciplasa.es\/?s={search_term_string}"},"query-input":{"@type":"PropertyValueSpecification","valueRequired":true,"valueName":"search_term_string"}}],"inLanguage":"va-VA"},{"@type":"Person","@id":"https:\/\/www.reciplasa.es\/#\/schema\/person\/608ffc094e3c56d49e6c6ec8f1ea0e82","name":"Cristina Marco","image":{"@type":"ImageObject","inLanguage":"va-VA","@id":"https:\/\/secure.gravatar.com\/avatar\/6da7e00dc41d26d3c4245f3b2d70d687293df0dfc18f03719354383f7be4f34b?s=96&d=mm&r=g","url":"https:\/\/secure.gravatar.com\/avatar\/6da7e00dc41d26d3c4245f3b2d70d687293df0dfc18f03719354383f7be4f34b?s=96&d=mm&r=g","contentUrl":"https:\/\/secure.gravatar.com\/avatar\/6da7e00dc41d26d3c4245f3b2d70d687293df0dfc18f03719354383f7be4f34b?s=96&d=mm&r=g","caption":"Cristina Marco"},"url":"https:\/\/www.reciplasa.es\/va\/author\/cristina\/"}]}},"_links":{"self":[{"href":"https:\/\/www.reciplasa.es\/va\/wp-json\/wp\/v2\/posts\/13795","targetHints":{"allow":["GET"]}}],"collection":[{"href":"https:\/\/www.reciplasa.es\/va\/wp-json\/wp\/v2\/posts"}],"about":[{"href":"https:\/\/www.reciplasa.es\/va\/wp-json\/wp\/v2\/types\/post"}],"author":[{"embeddable":true,"href":"https:\/\/www.reciplasa.es\/va\/wp-json\/wp\/v2\/users\/3"}],"replies":[{"embeddable":true,"href":"https:\/\/www.reciplasa.es\/va\/wp-json\/wp\/v2\/comments?post=13795"}],"version-history":[{"count":3,"href":"https:\/\/www.reciplasa.es\/va\/wp-json\/wp\/v2\/posts\/13795\/revisions"}],"predecessor-version":[{"id":14022,"href":"https:\/\/www.reciplasa.es\/va\/wp-json\/wp\/v2\/posts\/13795\/revisions\/14022"}],"wp:featuredmedia":[{"embeddable":true,"href":"https:\/\/www.reciplasa.es\/va\/wp-json\/wp\/v2\/media\/13790"}],"wp:attachment":[{"href":"https:\/\/www.reciplasa.es\/va\/wp-json\/wp\/v2\/media?parent=13795"}],"wp:term":[{"taxonomy":"category","embeddable":true,"href":"https:\/\/www.reciplasa.es\/va\/wp-json\/wp\/v2\/categories?post=13795"},{"taxonomy":"post_tag","embeddable":true,"href":"https:\/\/www.reciplasa.es\/va\/wp-json\/wp\/v2\/tags?post=13795"}],"curies":[{"name":"wp","href":"https:\/\/api.w.org\/{rel}","templated":true}]}}