{"id":13898,"date":"2019-06-03T07:47:02","date_gmt":"2019-06-03T07:47:02","guid":{"rendered":"http:\/\/www.reciplasa.es\/?p=13898\/"},"modified":"2023-07-25T15:00:10","modified_gmt":"2023-07-25T15:00:10","slug":"reciplasa-collabora-la-vi-jornada-dintercanvi-dexperiencies-deducacio-ambiental","status":"publish","type":"post","link":"https:\/\/www.reciplasa.es\/va\/reciplasa-collabora-la-vi-jornada-dintercanvi-dexperiencies-deducacio-ambiental\/","title":{"rendered":"Reciplasa col\u2022labora en la VI Jornada d&#8217;Intercanvi d&#8217;Experi\u00e8ncies d&#8217;Educaci\u00f3 Ambiental"},"content":{"rendered":"<h6><em><span style=\"font-weight: 400;\">L&#8217;empresa p\u00fablica a trav\u00e9s de la C\u00e0tedra de l&#8217;UJI patrocina una part d&#8217;aquesta trobada organitzada pel Seminari d&#8217;Educaci\u00f3 Ambiental de Castell\u00f3\u00a0<\/span><\/em><\/h6>\n<p>El Seminari d&#8217;Educaci\u00f3 Ambiental de Castell\u00f3 ha organitzat la VI Trobada d&#8217;Intercanvi d&#8217;Experi\u00e8ncies en Educaci\u00f3 Ambiental (IEAA), en el Sal\u00f3 d&#8217;Actes del Ermitorio de la Verge de Gr\u00e0cia de Vila-real, en el qual ha col\u00b7laborat Reciplasa, l&#8217;empresa p\u00fablica de tractament de residus de la zona centre de la prov\u00edncia de Castell\u00f3, a trav\u00e9s de la <a href=\"http:\/\/catedrareciplasa.uji.es\/es\/home-alternativa\/\">C\u00e0tedra Reciplasa-UJI per a la Gesti\u00f3 Residus Urbans<\/a>, En aquest esdeveniment han participat com a col\u00b7laboradors el CEFIRE de Castell\u00f3, l&#8217;Associaci\u00f3 Valenciana d&#8217;Educaci\u00f3 Ambiental i Desenvolupament Sostenible i el <a href=\"http:\/\/www.vila-real.es\/portal\/p_1_principal1.jsp?codResi=1&amp;language=ca\">Ajuntament de Vila-real<\/a>.<\/p>\n<p><a href=\"http:\/\/www.reciplasa.es\/wp-content\/uploads\/2019\/06\/IMG_1173.jpg\" rel=\"lightbox[13898]\"><img loading=\"lazy\" decoding=\"async\" class=\"aligncenter size-large wp-image-13894\" src=\"http:\/\/www.reciplasa.es\/wp-content\/uploads\/2019\/06\/IMG_1173-1024x768.jpg\" alt=\"\" width=\"800\" height=\"600\" srcset=\"https:\/\/www.reciplasa.es\/wp-content\/uploads\/2019\/06\/IMG_1173-1024x768.jpg 1024w, https:\/\/www.reciplasa.es\/wp-content\/uploads\/2019\/06\/IMG_1173-300x225.jpg 300w, https:\/\/www.reciplasa.es\/wp-content\/uploads\/2019\/06\/IMG_1173-768x576.jpg 768w, https:\/\/www.reciplasa.es\/wp-content\/uploads\/2019\/06\/IMG_1173.jpg 1672w\" sizes=\"auto, (max-width: 800px) 100vw, 800px\" \/><\/a><\/p>\n<p>La VI trobada IEEA t\u00e9 com a principals objectius fomentar l&#8217;educaci\u00f3 ambiental i facilitar al professorat referencies per a con\u00e9ixer i compartir les experi\u00e8ncies que estan desenvolupant en els centres d&#8217;ensenyament primari i secundari en mat\u00e8ries de car\u00e0cter ecol\u00f2gic i social (gesti\u00f3 de residus, hort escolar, alimentaci\u00f3 saludable, consum responsable, energia, contaminaci\u00f3, canvi clim\u00e0tic\u2026), on l&#8217;alumnat t\u00e9 un gran protagonisme. La C\u00e0tedra Reciplasa de Gesti\u00f3 de Residus Urbans ha col\u00b7laborat i patrocinat aquesta edici\u00f3, dins de la seua pol\u00edtica de divulgaci\u00f3 i foment d&#8217;activitats que estiguen relacionades amb el medi ambient i la gesti\u00f3 sostenible dels residus urbans.<\/p>\n<p>A m\u00e9s, Reciplasa tamb\u00e9 fomenta el concurs <a href=\"http:\/\/www.reciplasa.es\/va\/quefemambelfem\/\"><em>Qu\u00e8 fem amb el fem?<\/em><\/a>, patrocinat per la C\u00e0tedra de l&#8217;UJI dirigit als centres d&#8217;ensenyament mitj\u00e0 per a promoure una major conscienciaci\u00f3 sobre la gesti\u00f3 responsable dels residus urbans. A aquest efecte, s&#8217;atorgaran premis als millors treballs en les categories d&#8217;infantil, prim\u00e0ria i ESO, realitzats per grups d&#8217;alumnes dirigits pel seu professor. El lliurament de premis tindr\u00e0 lloc el dia 5 de juny, coincidint amb el dia mundial del medi ambient.<\/p>\n<p><a href=\"http:\/\/www.reciplasa.es\/wp-content\/uploads\/2019\/06\/intercanvi-experie\u00ccncies.jpg\" rel=\"lightbox[13898]\"><img loading=\"lazy\" decoding=\"async\" class=\"aligncenter size-large wp-image-13893\" src=\"http:\/\/www.reciplasa.es\/wp-content\/uploads\/2019\/06\/intercanvi-experie\u00ccncies-1024x768.jpg\" alt=\"\" width=\"800\" height=\"600\" srcset=\"https:\/\/www.reciplasa.es\/wp-content\/uploads\/2019\/06\/intercanvi-experie\u00ccncies-1024x768.jpg 1024w, https:\/\/www.reciplasa.es\/wp-content\/uploads\/2019\/06\/intercanvi-experie\u00ccncies-300x225.jpg 300w, https:\/\/www.reciplasa.es\/wp-content\/uploads\/2019\/06\/intercanvi-experie\u00ccncies-768x576.jpg 768w\" sizes=\"auto, (max-width: 800px) 100vw, 800px\" \/><\/a><\/p>\n","protected":false},"excerpt":{"rendered":"<p>L&#8217;empresa p\u00fablica a trav\u00e9s de la C\u00e0tedra de l&#8217;UJI patrocina una part d&#8217;aquesta trobada organitzada pel Seminari d&#8217;Educaci\u00f3 Ambiental de Castell\u00f3\u00a0 El Seminari d&#8217;Educaci\u00f3 Ambiental de Castell\u00f3 ha organitzat la VI Trobada d&#8217;Intercanvi d&#8217;Experi\u00e8ncies en Educaci\u00f3 Ambiental (IEAA), en el Sal\u00f3 d&#8217;Actes del Ermitorio de la Verge de Gr\u00e0cia de Vila-real, en el qual haDale que hay m\u00e1s &#8230;<\/p>\n","protected":false},"author":3,"featured_media":13892,"comment_status":"closed","ping_status":"closed","sticky":false,"template":"","format":"standard","meta":{"footnotes":""},"categories":[88],"tags":[],"class_list":["post-13898","post","type-post","status-publish","format-standard","has-post-thumbnail","hentry","category-catedra-reciplasa-uji"],"yoast_head":"<!-- This site is optimized with the Yoast SEO plugin v27.4 - https:\/\/yoast.com\/product\/yoast-seo-wordpress\/ -->\n<title>Reciplasa col\u2022labora en la VI Jornada d&#039;Intercanvi d&#039;Experi\u00e8ncies d&#039;Educaci\u00f3 Ambiental - RECIPLASA<\/title>\n<meta name=\"robots\" content=\"index, follow, max-snippet:-1, max-image-preview:large, max-video-preview:-1\" \/>\n<link rel=\"canonical\" href=\"https:\/\/www.reciplasa.es\/reciplasa-colabora-la-vi-jornada-intercambio-experiencias-educacion-ambiental\/\" \/>\n<meta property=\"og:locale\" content=\"en_US\" \/>\n<meta property=\"og:type\" content=\"article\" \/>\n<meta property=\"og:title\" content=\"Reciplasa col\u2022labora en la VI Jornada d&#039;Intercanvi d&#039;Experi\u00e8ncies d&#039;Educaci\u00f3 Ambiental - RECIPLASA\" \/>\n<meta property=\"og:description\" content=\"L&#8217;empresa p\u00fablica a trav\u00e9s de la C\u00e0tedra de l&#8217;UJI patrocina una part d&#8217;aquesta trobada organitzada pel Seminari d&#8217;Educaci\u00f3 Ambiental de Castell\u00f3\u00a0 El Seminari d&#8217;Educaci\u00f3 Ambiental de Castell\u00f3 ha organitzat la VI Trobada d&#8217;Intercanvi d&#8217;Experi\u00e8ncies en Educaci\u00f3 Ambiental (IEAA), en el Sal\u00f3 d&#8217;Actes del Ermitorio de la Verge de Gr\u00e0cia de Vila-real, en el qual haDale que hay m\u00e1s ...\" \/>\n<meta property=\"og:url\" content=\"https:\/\/www.reciplasa.es\/reciplasa-colabora-la-vi-jornada-intercambio-experiencias-educacion-ambiental\/\" \/>\n<meta property=\"og:site_name\" content=\"RECIPLASA\" \/>\n<meta property=\"article:published_time\" content=\"2019-06-03T07:47:02+00:00\" \/>\n<meta property=\"article:modified_time\" content=\"2023-07-25T15:00:10+00:00\" \/>\n<meta property=\"og:image\" content=\"https:\/\/www.reciplasa.es\/wp-content\/uploads\/2019\/06\/Trobada-mediambiental.jpg\" \/>\n\t<meta property=\"og:image:width\" content=\"4096\" \/>\n\t<meta property=\"og:image:height\" content=\"3072\" \/>\n\t<meta property=\"og:image:type\" content=\"image\/jpeg\" \/>\n<meta name=\"author\" content=\"Cristina Marco\" \/>\n<meta name=\"twitter:card\" content=\"summary_large_image\" \/>\n<meta name=\"twitter:label1\" content=\"Written by\" \/>\n\t<meta name=\"twitter:data1\" content=\"Cristina Marco\" \/>\n\t<meta name=\"twitter:label2\" content=\"Est. reading time\" \/>\n\t<meta name=\"twitter:data2\" content=\"2 minutes\" \/>\n<script type=\"application\/ld+json\" class=\"yoast-schema-graph\">{\"@context\":\"https:\\\/\\\/schema.org\",\"@graph\":[{\"@type\":\"Article\",\"@id\":\"https:\\\/\\\/www.reciplasa.es\\\/reciplasa-colabora-la-vi-jornada-intercambio-experiencias-educacion-ambiental\\\/#article\",\"isPartOf\":{\"@id\":\"https:\\\/\\\/www.reciplasa.es\\\/reciplasa-colabora-la-vi-jornada-intercambio-experiencias-educacion-ambiental\\\/\"},\"author\":{\"name\":\"Cristina Marco\",\"@id\":\"https:\\\/\\\/www.reciplasa.es\\\/#\\\/schema\\\/person\\\/608ffc094e3c56d49e6c6ec8f1ea0e82\"},\"headline\":\"Reciplasa col\u2022labora en la VI Jornada d&#8217;Intercanvi d&#8217;Experi\u00e8ncies d&#8217;Educaci\u00f3 Ambiental\",\"datePublished\":\"2019-06-03T07:47:02+00:00\",\"dateModified\":\"2023-07-25T15:00:10+00:00\",\"mainEntityOfPage\":{\"@id\":\"https:\\\/\\\/www.reciplasa.es\\\/reciplasa-colabora-la-vi-jornada-intercambio-experiencias-educacion-ambiental\\\/\"},\"wordCount\":341,\"image\":{\"@id\":\"https:\\\/\\\/www.reciplasa.es\\\/reciplasa-colabora-la-vi-jornada-intercambio-experiencias-educacion-ambiental\\\/#primaryimage\"},\"thumbnailUrl\":\"https:\\\/\\\/www.reciplasa.es\\\/wp-content\\\/uploads\\\/2019\\\/06\\\/Trobada-mediambiental.jpg\",\"articleSection\":[\"C\u00e0tedra Reciplasa-UJI\"],\"inLanguage\":\"va-VA\"},{\"@type\":\"WebPage\",\"@id\":\"https:\\\/\\\/www.reciplasa.es\\\/reciplasa-colabora-la-vi-jornada-intercambio-experiencias-educacion-ambiental\\\/\",\"url\":\"https:\\\/\\\/www.reciplasa.es\\\/reciplasa-colabora-la-vi-jornada-intercambio-experiencias-educacion-ambiental\\\/\",\"name\":\"Reciplasa col\u2022labora en la VI Jornada d'Intercanvi d'Experi\u00e8ncies d'Educaci\u00f3 Ambiental - RECIPLASA\",\"isPartOf\":{\"@id\":\"https:\\\/\\\/www.reciplasa.es\\\/#website\"},\"primaryImageOfPage\":{\"@id\":\"https:\\\/\\\/www.reciplasa.es\\\/reciplasa-colabora-la-vi-jornada-intercambio-experiencias-educacion-ambiental\\\/#primaryimage\"},\"image\":{\"@id\":\"https:\\\/\\\/www.reciplasa.es\\\/reciplasa-colabora-la-vi-jornada-intercambio-experiencias-educacion-ambiental\\\/#primaryimage\"},\"thumbnailUrl\":\"https:\\\/\\\/www.reciplasa.es\\\/wp-content\\\/uploads\\\/2019\\\/06\\\/Trobada-mediambiental.jpg\",\"datePublished\":\"2019-06-03T07:47:02+00:00\",\"dateModified\":\"2023-07-25T15:00:10+00:00\",\"author\":{\"@id\":\"https:\\\/\\\/www.reciplasa.es\\\/#\\\/schema\\\/person\\\/608ffc094e3c56d49e6c6ec8f1ea0e82\"},\"breadcrumb\":{\"@id\":\"https:\\\/\\\/www.reciplasa.es\\\/reciplasa-colabora-la-vi-jornada-intercambio-experiencias-educacion-ambiental\\\/#breadcrumb\"},\"inLanguage\":\"va-VA\",\"potentialAction\":[{\"@type\":\"ReadAction\",\"target\":[\"https:\\\/\\\/www.reciplasa.es\\\/reciplasa-colabora-la-vi-jornada-intercambio-experiencias-educacion-ambiental\\\/\"]}]},{\"@type\":\"ImageObject\",\"inLanguage\":\"va-VA\",\"@id\":\"https:\\\/\\\/www.reciplasa.es\\\/reciplasa-colabora-la-vi-jornada-intercambio-experiencias-educacion-ambiental\\\/#primaryimage\",\"url\":\"https:\\\/\\\/www.reciplasa.es\\\/wp-content\\\/uploads\\\/2019\\\/06\\\/Trobada-mediambiental.jpg\",\"contentUrl\":\"https:\\\/\\\/www.reciplasa.es\\\/wp-content\\\/uploads\\\/2019\\\/06\\\/Trobada-mediambiental.jpg\",\"width\":4096,\"height\":3072,\"caption\":\"Trobada mediambiental reciplasa\"},{\"@type\":\"BreadcrumbList\",\"@id\":\"https:\\\/\\\/www.reciplasa.es\\\/reciplasa-colabora-la-vi-jornada-intercambio-experiencias-educacion-ambiental\\\/#breadcrumb\",\"itemListElement\":[{\"@type\":\"ListItem\",\"position\":1,\"name\":\"Portada\",\"item\":\"https:\\\/\\\/www.reciplasa.es\\\/va\\\/\"},{\"@type\":\"ListItem\",\"position\":2,\"name\":\"Reciplasa col\u2022labora en la VI Jornada d&#8217;Intercanvi d&#8217;Experi\u00e8ncies d&#8217;Educaci\u00f3 Ambiental\"}]},{\"@type\":\"WebSite\",\"@id\":\"https:\\\/\\\/www.reciplasa.es\\\/#website\",\"url\":\"https:\\\/\\\/www.reciplasa.es\\\/\",\"name\":\"RECIPLASA\",\"description\":\"Reciclats de Residus La Plana SA\",\"potentialAction\":[{\"@type\":\"SearchAction\",\"target\":{\"@type\":\"EntryPoint\",\"urlTemplate\":\"https:\\\/\\\/www.reciplasa.es\\\/?s={search_term_string}\"},\"query-input\":{\"@type\":\"PropertyValueSpecification\",\"valueRequired\":true,\"valueName\":\"search_term_string\"}}],\"inLanguage\":\"va-VA\"},{\"@type\":\"Person\",\"@id\":\"https:\\\/\\\/www.reciplasa.es\\\/#\\\/schema\\\/person\\\/608ffc094e3c56d49e6c6ec8f1ea0e82\",\"name\":\"Cristina Marco\",\"image\":{\"@type\":\"ImageObject\",\"inLanguage\":\"va-VA\",\"@id\":\"https:\\\/\\\/secure.gravatar.com\\\/avatar\\\/6da7e00dc41d26d3c4245f3b2d70d687293df0dfc18f03719354383f7be4f34b?s=96&d=mm&r=g\",\"url\":\"https:\\\/\\\/secure.gravatar.com\\\/avatar\\\/6da7e00dc41d26d3c4245f3b2d70d687293df0dfc18f03719354383f7be4f34b?s=96&d=mm&r=g\",\"contentUrl\":\"https:\\\/\\\/secure.gravatar.com\\\/avatar\\\/6da7e00dc41d26d3c4245f3b2d70d687293df0dfc18f03719354383f7be4f34b?s=96&d=mm&r=g\",\"caption\":\"Cristina Marco\"},\"url\":\"https:\\\/\\\/www.reciplasa.es\\\/va\\\/author\\\/cristina\\\/\"}]}<\/script>\n<!-- \/ Yoast SEO plugin. -->","yoast_head_json":{"title":"Reciplasa col\u2022labora en la VI Jornada d'Intercanvi d'Experi\u00e8ncies d'Educaci\u00f3 Ambiental - RECIPLASA","robots":{"index":"index","follow":"follow","max-snippet":"max-snippet:-1","max-image-preview":"max-image-preview:large","max-video-preview":"max-video-preview:-1"},"canonical":"https:\/\/www.reciplasa.es\/reciplasa-colabora-la-vi-jornada-intercambio-experiencias-educacion-ambiental\/","og_locale":"en_US","og_type":"article","og_title":"Reciplasa col\u2022labora en la VI Jornada d'Intercanvi d'Experi\u00e8ncies d'Educaci\u00f3 Ambiental - RECIPLASA","og_description":"L&#8217;empresa p\u00fablica a trav\u00e9s de la C\u00e0tedra de l&#8217;UJI patrocina una part d&#8217;aquesta trobada organitzada pel Seminari d&#8217;Educaci\u00f3 Ambiental de Castell\u00f3\u00a0 El Seminari d&#8217;Educaci\u00f3 Ambiental de Castell\u00f3 ha organitzat la VI Trobada d&#8217;Intercanvi d&#8217;Experi\u00e8ncies en Educaci\u00f3 Ambiental (IEAA), en el Sal\u00f3 d&#8217;Actes del Ermitorio de la Verge de Gr\u00e0cia de Vila-real, en el qual haDale que hay m\u00e1s ...","og_url":"https:\/\/www.reciplasa.es\/reciplasa-colabora-la-vi-jornada-intercambio-experiencias-educacion-ambiental\/","og_site_name":"RECIPLASA","article_published_time":"2019-06-03T07:47:02+00:00","article_modified_time":"2023-07-25T15:00:10+00:00","og_image":[{"width":4096,"height":3072,"url":"https:\/\/www.reciplasa.es\/wp-content\/uploads\/2019\/06\/Trobada-mediambiental.jpg","type":"image\/jpeg"}],"author":"Cristina Marco","twitter_card":"summary_large_image","twitter_misc":{"Written by":"Cristina Marco","Est. reading time":"2 minutes"},"schema":{"@context":"https:\/\/schema.org","@graph":[{"@type":"Article","@id":"https:\/\/www.reciplasa.es\/reciplasa-colabora-la-vi-jornada-intercambio-experiencias-educacion-ambiental\/#article","isPartOf":{"@id":"https:\/\/www.reciplasa.es\/reciplasa-colabora-la-vi-jornada-intercambio-experiencias-educacion-ambiental\/"},"author":{"name":"Cristina Marco","@id":"https:\/\/www.reciplasa.es\/#\/schema\/person\/608ffc094e3c56d49e6c6ec8f1ea0e82"},"headline":"Reciplasa col\u2022labora en la VI Jornada d&#8217;Intercanvi d&#8217;Experi\u00e8ncies d&#8217;Educaci\u00f3 Ambiental","datePublished":"2019-06-03T07:47:02+00:00","dateModified":"2023-07-25T15:00:10+00:00","mainEntityOfPage":{"@id":"https:\/\/www.reciplasa.es\/reciplasa-colabora-la-vi-jornada-intercambio-experiencias-educacion-ambiental\/"},"wordCount":341,"image":{"@id":"https:\/\/www.reciplasa.es\/reciplasa-colabora-la-vi-jornada-intercambio-experiencias-educacion-ambiental\/#primaryimage"},"thumbnailUrl":"https:\/\/www.reciplasa.es\/wp-content\/uploads\/2019\/06\/Trobada-mediambiental.jpg","articleSection":["C\u00e0tedra Reciplasa-UJI"],"inLanguage":"va-VA"},{"@type":"WebPage","@id":"https:\/\/www.reciplasa.es\/reciplasa-colabora-la-vi-jornada-intercambio-experiencias-educacion-ambiental\/","url":"https:\/\/www.reciplasa.es\/reciplasa-colabora-la-vi-jornada-intercambio-experiencias-educacion-ambiental\/","name":"Reciplasa col\u2022labora en la VI Jornada d'Intercanvi d'Experi\u00e8ncies d'Educaci\u00f3 Ambiental - RECIPLASA","isPartOf":{"@id":"https:\/\/www.reciplasa.es\/#website"},"primaryImageOfPage":{"@id":"https:\/\/www.reciplasa.es\/reciplasa-colabora-la-vi-jornada-intercambio-experiencias-educacion-ambiental\/#primaryimage"},"image":{"@id":"https:\/\/www.reciplasa.es\/reciplasa-colabora-la-vi-jornada-intercambio-experiencias-educacion-ambiental\/#primaryimage"},"thumbnailUrl":"https:\/\/www.reciplasa.es\/wp-content\/uploads\/2019\/06\/Trobada-mediambiental.jpg","datePublished":"2019-06-03T07:47:02+00:00","dateModified":"2023-07-25T15:00:10+00:00","author":{"@id":"https:\/\/www.reciplasa.es\/#\/schema\/person\/608ffc094e3c56d49e6c6ec8f1ea0e82"},"breadcrumb":{"@id":"https:\/\/www.reciplasa.es\/reciplasa-colabora-la-vi-jornada-intercambio-experiencias-educacion-ambiental\/#breadcrumb"},"inLanguage":"va-VA","potentialAction":[{"@type":"ReadAction","target":["https:\/\/www.reciplasa.es\/reciplasa-colabora-la-vi-jornada-intercambio-experiencias-educacion-ambiental\/"]}]},{"@type":"ImageObject","inLanguage":"va-VA","@id":"https:\/\/www.reciplasa.es\/reciplasa-colabora-la-vi-jornada-intercambio-experiencias-educacion-ambiental\/#primaryimage","url":"https:\/\/www.reciplasa.es\/wp-content\/uploads\/2019\/06\/Trobada-mediambiental.jpg","contentUrl":"https:\/\/www.reciplasa.es\/wp-content\/uploads\/2019\/06\/Trobada-mediambiental.jpg","width":4096,"height":3072,"caption":"Trobada mediambiental reciplasa"},{"@type":"BreadcrumbList","@id":"https:\/\/www.reciplasa.es\/reciplasa-colabora-la-vi-jornada-intercambio-experiencias-educacion-ambiental\/#breadcrumb","itemListElement":[{"@type":"ListItem","position":1,"name":"Portada","item":"https:\/\/www.reciplasa.es\/va\/"},{"@type":"ListItem","position":2,"name":"Reciplasa col\u2022labora en la VI Jornada d&#8217;Intercanvi d&#8217;Experi\u00e8ncies d&#8217;Educaci\u00f3 Ambiental"}]},{"@type":"WebSite","@id":"https:\/\/www.reciplasa.es\/#website","url":"https:\/\/www.reciplasa.es\/","name":"RECIPLASA","description":"Reciclats de Residus La Plana SA","potentialAction":[{"@type":"SearchAction","target":{"@type":"EntryPoint","urlTemplate":"https:\/\/www.reciplasa.es\/?s={search_term_string}"},"query-input":{"@type":"PropertyValueSpecification","valueRequired":true,"valueName":"search_term_string"}}],"inLanguage":"va-VA"},{"@type":"Person","@id":"https:\/\/www.reciplasa.es\/#\/schema\/person\/608ffc094e3c56d49e6c6ec8f1ea0e82","name":"Cristina Marco","image":{"@type":"ImageObject","inLanguage":"va-VA","@id":"https:\/\/secure.gravatar.com\/avatar\/6da7e00dc41d26d3c4245f3b2d70d687293df0dfc18f03719354383f7be4f34b?s=96&d=mm&r=g","url":"https:\/\/secure.gravatar.com\/avatar\/6da7e00dc41d26d3c4245f3b2d70d687293df0dfc18f03719354383f7be4f34b?s=96&d=mm&r=g","contentUrl":"https:\/\/secure.gravatar.com\/avatar\/6da7e00dc41d26d3c4245f3b2d70d687293df0dfc18f03719354383f7be4f34b?s=96&d=mm&r=g","caption":"Cristina Marco"},"url":"https:\/\/www.reciplasa.es\/va\/author\/cristina\/"}]}},"_links":{"self":[{"href":"https:\/\/www.reciplasa.es\/va\/wp-json\/wp\/v2\/posts\/13898","targetHints":{"allow":["GET"]}}],"collection":[{"href":"https:\/\/www.reciplasa.es\/va\/wp-json\/wp\/v2\/posts"}],"about":[{"href":"https:\/\/www.reciplasa.es\/va\/wp-json\/wp\/v2\/types\/post"}],"author":[{"embeddable":true,"href":"https:\/\/www.reciplasa.es\/va\/wp-json\/wp\/v2\/users\/3"}],"replies":[{"embeddable":true,"href":"https:\/\/www.reciplasa.es\/va\/wp-json\/wp\/v2\/comments?post=13898"}],"version-history":[{"count":4,"href":"https:\/\/www.reciplasa.es\/va\/wp-json\/wp\/v2\/posts\/13898\/revisions"}],"predecessor-version":[{"id":14020,"href":"https:\/\/www.reciplasa.es\/va\/wp-json\/wp\/v2\/posts\/13898\/revisions\/14020"}],"wp:featuredmedia":[{"embeddable":true,"href":"https:\/\/www.reciplasa.es\/va\/wp-json\/wp\/v2\/media\/13892"}],"wp:attachment":[{"href":"https:\/\/www.reciplasa.es\/va\/wp-json\/wp\/v2\/media?parent=13898"}],"wp:term":[{"taxonomy":"category","embeddable":true,"href":"https:\/\/www.reciplasa.es\/va\/wp-json\/wp\/v2\/categories?post=13898"},{"taxonomy":"post_tag","embeddable":true,"href":"https:\/\/www.reciplasa.es\/va\/wp-json\/wp\/v2\/tags?post=13898"}],"curies":[{"name":"wp","href":"https:\/\/api.w.org\/{rel}","templated":true}]}}