{"id":13991,"date":"2019-06-28T07:23:36","date_gmt":"2019-06-28T07:23:36","guid":{"rendered":"http:\/\/www.reciplasa.es\/?p=13991\/"},"modified":"2023-07-25T14:57:15","modified_gmt":"2023-07-25T14:57:15","slug":"tacrc-desestima-recurs-la-contractacio-del-transport-del-rebuig-reciplasa","status":"publish","type":"post","link":"https:\/\/www.reciplasa.es\/va\/tacrc-desestima-recurs-la-contractacio-del-transport-del-rebuig-reciplasa\/","title":{"rendered":"El TACRC desestima el recurs contra la contractaci\u00f3 del transport del rebuig de Reciplasa"},"content":{"rendered":"<h6><em><span style=\"font-weight: 400;\">El Tribunal Administratiu Central de Recursos Contractuals acorda al\u00e7ar la suspensi\u00f3 pel que el procediment continuar\u00e0 amb els tr\u00e0mits previstos<\/span><\/em><\/h6>\n<p>El Tribunal Administratiu Central de Recursos Contractuals (TACRC) ha desestimat el recurs que una empresa havia interposat sobre el concurs per a la contractaci\u00f3 del servei de transport per carretera i valoritzaci\u00f3 i\/o eliminaci\u00f3 de rebutjos generats en la planta. Aquesta resoluci\u00f3 permetr\u00e0 continuar amb el procediment de contractaci\u00f3 i adjudicaci\u00f3 del servei, que en cap moment s&#8217;ha vist afectat pel recurs.<\/p>\n<p>El TACRC desestima tant la impugnaci\u00f3 del contingut dels plecs i aclariments realitzats com la resta d&#8217;al\u00b7legacions, ja que considera que no existeix cap vulneraci\u00f3 dels principis de contractaci\u00f3 ni en la forma de presentaci\u00f3 dels lots, ni en les valoracions de vehicles i les instal\u00b7lacions que es van aportar per l&#8217;empresa que finalment va ser adjudicat\u00e0ria.<\/p>\n<p>Ignasi Garcia, president de Reciplasa, explica que \u201cel proc\u00e9s havia sigut transparent en tot moment, ja que es va publicar en la Plataforma de Contractaci\u00f3 de l&#8217;Estat, per aix\u00f2 ten\u00edem la confian\u00e7a que s&#8217;havia garantit la igualtat de totes les companyies participants. No obstant aix\u00f2, des del primer moment, vam voler dissipar qualsevol tipus de dubte i vam estar pendents de la resoluci\u00f3 per a esmenar qualsevol possible error, que amb aquest dictamen es confirma que no va haver-hi\u201d.<\/p>\n","protected":false},"excerpt":{"rendered":"<p>El Tribunal Administratiu Central de Recursos Contractuals acorda al\u00e7ar la suspensi\u00f3 pel que el procediment continuar\u00e0 amb els tr\u00e0mits previstos El Tribunal Administratiu Central de Recursos Contractuals (TACRC) ha desestimat el recurs que una empresa havia interposat sobre el concurs per a la contractaci\u00f3 del servei de transport per carretera i valoritzaci\u00f3 i\/o eliminaci\u00f3 deDale que hay m\u00e1s &#8230;<\/p>\n","protected":false},"author":3,"featured_media":13989,"comment_status":"closed","ping_status":"closed","sticky":false,"template":"","format":"standard","meta":{"footnotes":""},"categories":[87],"tags":[],"class_list":["post-13991","post","type-post","status-publish","format-standard","has-post-thumbnail","hentry","category-noticies-corporatives"],"yoast_head":"<!-- This site is optimized with the Yoast SEO plugin v27.4 - https:\/\/yoast.com\/product\/yoast-seo-wordpress\/ -->\n<title>El TACRC desestima el recurs contra la contractaci\u00f3 del transport del rebuig de Reciplasa - RECIPLASA<\/title>\n<meta name=\"robots\" content=\"index, follow, max-snippet:-1, max-image-preview:large, max-video-preview:-1\" \/>\n<link rel=\"canonical\" href=\"https:\/\/www.reciplasa.es\/va\/tacrc-desestima-recurs-la-contractacio-del-transport-del-rebuig-reciplasa\/\" \/>\n<meta property=\"og:locale\" content=\"en_US\" \/>\n<meta property=\"og:type\" content=\"article\" \/>\n<meta property=\"og:title\" content=\"El TACRC desestima el recurs contra la contractaci\u00f3 del transport del rebuig de Reciplasa - RECIPLASA\" \/>\n<meta property=\"og:description\" content=\"El Tribunal Administratiu Central de Recursos Contractuals acorda al\u00e7ar la suspensi\u00f3 pel que el procediment continuar\u00e0 amb els tr\u00e0mits previstos El Tribunal Administratiu Central de Recursos Contractuals (TACRC) ha desestimat el recurs que una empresa havia interposat sobre el concurs per a la contractaci\u00f3 del servei de transport per carretera i valoritzaci\u00f3 i\/o eliminaci\u00f3 deDale que hay m\u00e1s ...\" \/>\n<meta property=\"og:url\" content=\"https:\/\/www.reciplasa.es\/va\/tacrc-desestima-recurs-la-contractacio-del-transport-del-rebuig-reciplasa\/\" \/>\n<meta property=\"og:site_name\" content=\"RECIPLASA\" \/>\n<meta property=\"article:published_time\" content=\"2019-06-28T07:23:36+00:00\" \/>\n<meta property=\"article:modified_time\" content=\"2023-07-25T14:57:15+00:00\" \/>\n<meta property=\"og:image\" content=\"https:\/\/www.reciplasa.es\/wp-content\/uploads\/2019\/06\/RECIPLASA-RECICLAJES-LA-PLANA_9773.jpg\" \/>\n\t<meta property=\"og:image:width\" content=\"2816\" \/>\n\t<meta property=\"og:image:height\" content=\"1880\" \/>\n\t<meta property=\"og:image:type\" content=\"image\/jpeg\" \/>\n<meta name=\"author\" content=\"Cristina Marco\" \/>\n<meta name=\"twitter:card\" content=\"summary_large_image\" \/>\n<meta name=\"twitter:label1\" content=\"Written by\" \/>\n\t<meta name=\"twitter:data1\" content=\"Cristina Marco\" \/>\n\t<meta name=\"twitter:label2\" content=\"Est. reading time\" \/>\n\t<meta name=\"twitter:data2\" content=\"1 minute\" \/>\n<script type=\"application\/ld+json\" class=\"yoast-schema-graph\">{\"@context\":\"https:\\\/\\\/schema.org\",\"@graph\":[{\"@type\":\"Article\",\"@id\":\"https:\\\/\\\/www.reciplasa.es\\\/va\\\/tacrc-desestima-recurs-la-contractacio-del-transport-del-rebuig-reciplasa\\\/#article\",\"isPartOf\":{\"@id\":\"https:\\\/\\\/www.reciplasa.es\\\/va\\\/tacrc-desestima-recurs-la-contractacio-del-transport-del-rebuig-reciplasa\\\/\"},\"author\":{\"name\":\"Cristina Marco\",\"@id\":\"https:\\\/\\\/www.reciplasa.es\\\/#\\\/schema\\\/person\\\/608ffc094e3c56d49e6c6ec8f1ea0e82\"},\"headline\":\"El TACRC desestima el recurs contra la contractaci\u00f3 del transport del rebuig de Reciplasa\",\"datePublished\":\"2019-06-28T07:23:36+00:00\",\"dateModified\":\"2023-07-25T14:57:15+00:00\",\"mainEntityOfPage\":{\"@id\":\"https:\\\/\\\/www.reciplasa.es\\\/va\\\/tacrc-desestima-recurs-la-contractacio-del-transport-del-rebuig-reciplasa\\\/\"},\"wordCount\":246,\"image\":{\"@id\":\"https:\\\/\\\/www.reciplasa.es\\\/va\\\/tacrc-desestima-recurs-la-contractacio-del-transport-del-rebuig-reciplasa\\\/#primaryimage\"},\"thumbnailUrl\":\"https:\\\/\\\/www.reciplasa.es\\\/wp-content\\\/uploads\\\/2019\\\/06\\\/RECIPLASA-RECICLAJES-LA-PLANA_9773.jpg\",\"articleSection\":[\"Not\u00edcies corporatives\"],\"inLanguage\":\"va-VA\"},{\"@type\":\"WebPage\",\"@id\":\"https:\\\/\\\/www.reciplasa.es\\\/va\\\/tacrc-desestima-recurs-la-contractacio-del-transport-del-rebuig-reciplasa\\\/\",\"url\":\"https:\\\/\\\/www.reciplasa.es\\\/va\\\/tacrc-desestima-recurs-la-contractacio-del-transport-del-rebuig-reciplasa\\\/\",\"name\":\"El TACRC desestima el recurs contra la contractaci\u00f3 del transport del rebuig de Reciplasa - RECIPLASA\",\"isPartOf\":{\"@id\":\"https:\\\/\\\/www.reciplasa.es\\\/#website\"},\"primaryImageOfPage\":{\"@id\":\"https:\\\/\\\/www.reciplasa.es\\\/va\\\/tacrc-desestima-recurs-la-contractacio-del-transport-del-rebuig-reciplasa\\\/#primaryimage\"},\"image\":{\"@id\":\"https:\\\/\\\/www.reciplasa.es\\\/va\\\/tacrc-desestima-recurs-la-contractacio-del-transport-del-rebuig-reciplasa\\\/#primaryimage\"},\"thumbnailUrl\":\"https:\\\/\\\/www.reciplasa.es\\\/wp-content\\\/uploads\\\/2019\\\/06\\\/RECIPLASA-RECICLAJES-LA-PLANA_9773.jpg\",\"datePublished\":\"2019-06-28T07:23:36+00:00\",\"dateModified\":\"2023-07-25T14:57:15+00:00\",\"author\":{\"@id\":\"https:\\\/\\\/www.reciplasa.es\\\/#\\\/schema\\\/person\\\/608ffc094e3c56d49e6c6ec8f1ea0e82\"},\"breadcrumb\":{\"@id\":\"https:\\\/\\\/www.reciplasa.es\\\/va\\\/tacrc-desestima-recurs-la-contractacio-del-transport-del-rebuig-reciplasa\\\/#breadcrumb\"},\"inLanguage\":\"va-VA\",\"potentialAction\":[{\"@type\":\"ReadAction\",\"target\":[\"https:\\\/\\\/www.reciplasa.es\\\/va\\\/tacrc-desestima-recurs-la-contractacio-del-transport-del-rebuig-reciplasa\\\/\"]}]},{\"@type\":\"ImageObject\",\"inLanguage\":\"va-VA\",\"@id\":\"https:\\\/\\\/www.reciplasa.es\\\/va\\\/tacrc-desestima-recurs-la-contractacio-del-transport-del-rebuig-reciplasa\\\/#primaryimage\",\"url\":\"https:\\\/\\\/www.reciplasa.es\\\/wp-content\\\/uploads\\\/2019\\\/06\\\/RECIPLASA-RECICLAJES-LA-PLANA_9773.jpg\",\"contentUrl\":\"https:\\\/\\\/www.reciplasa.es\\\/wp-content\\\/uploads\\\/2019\\\/06\\\/RECIPLASA-RECICLAJES-LA-PLANA_9773.jpg\",\"width\":2816,\"height\":1880},{\"@type\":\"BreadcrumbList\",\"@id\":\"https:\\\/\\\/www.reciplasa.es\\\/va\\\/tacrc-desestima-recurs-la-contractacio-del-transport-del-rebuig-reciplasa\\\/#breadcrumb\",\"itemListElement\":[{\"@type\":\"ListItem\",\"position\":1,\"name\":\"Portada\",\"item\":\"https:\\\/\\\/www.reciplasa.es\\\/va\\\/\"},{\"@type\":\"ListItem\",\"position\":2,\"name\":\"El TACRC desestima el recurs contra la contractaci\u00f3 del transport del rebuig de Reciplasa\"}]},{\"@type\":\"WebSite\",\"@id\":\"https:\\\/\\\/www.reciplasa.es\\\/#website\",\"url\":\"https:\\\/\\\/www.reciplasa.es\\\/\",\"name\":\"RECIPLASA\",\"description\":\"Reciclats de Residus La Plana SA\",\"potentialAction\":[{\"@type\":\"SearchAction\",\"target\":{\"@type\":\"EntryPoint\",\"urlTemplate\":\"https:\\\/\\\/www.reciplasa.es\\\/?s={search_term_string}\"},\"query-input\":{\"@type\":\"PropertyValueSpecification\",\"valueRequired\":true,\"valueName\":\"search_term_string\"}}],\"inLanguage\":\"va-VA\"},{\"@type\":\"Person\",\"@id\":\"https:\\\/\\\/www.reciplasa.es\\\/#\\\/schema\\\/person\\\/608ffc094e3c56d49e6c6ec8f1ea0e82\",\"name\":\"Cristina Marco\",\"image\":{\"@type\":\"ImageObject\",\"inLanguage\":\"va-VA\",\"@id\":\"https:\\\/\\\/secure.gravatar.com\\\/avatar\\\/6da7e00dc41d26d3c4245f3b2d70d687293df0dfc18f03719354383f7be4f34b?s=96&d=mm&r=g\",\"url\":\"https:\\\/\\\/secure.gravatar.com\\\/avatar\\\/6da7e00dc41d26d3c4245f3b2d70d687293df0dfc18f03719354383f7be4f34b?s=96&d=mm&r=g\",\"contentUrl\":\"https:\\\/\\\/secure.gravatar.com\\\/avatar\\\/6da7e00dc41d26d3c4245f3b2d70d687293df0dfc18f03719354383f7be4f34b?s=96&d=mm&r=g\",\"caption\":\"Cristina Marco\"},\"url\":\"https:\\\/\\\/www.reciplasa.es\\\/va\\\/author\\\/cristina\\\/\"}]}<\/script>\n<!-- \/ Yoast SEO plugin. -->","yoast_head_json":{"title":"El TACRC desestima el recurs contra la contractaci\u00f3 del transport del rebuig de Reciplasa - RECIPLASA","robots":{"index":"index","follow":"follow","max-snippet":"max-snippet:-1","max-image-preview":"max-image-preview:large","max-video-preview":"max-video-preview:-1"},"canonical":"https:\/\/www.reciplasa.es\/va\/tacrc-desestima-recurs-la-contractacio-del-transport-del-rebuig-reciplasa\/","og_locale":"en_US","og_type":"article","og_title":"El TACRC desestima el recurs contra la contractaci\u00f3 del transport del rebuig de Reciplasa - RECIPLASA","og_description":"El Tribunal Administratiu Central de Recursos Contractuals acorda al\u00e7ar la suspensi\u00f3 pel que el procediment continuar\u00e0 amb els tr\u00e0mits previstos El Tribunal Administratiu Central de Recursos Contractuals (TACRC) ha desestimat el recurs que una empresa havia interposat sobre el concurs per a la contractaci\u00f3 del servei de transport per carretera i valoritzaci\u00f3 i\/o eliminaci\u00f3 deDale que hay m\u00e1s ...","og_url":"https:\/\/www.reciplasa.es\/va\/tacrc-desestima-recurs-la-contractacio-del-transport-del-rebuig-reciplasa\/","og_site_name":"RECIPLASA","article_published_time":"2019-06-28T07:23:36+00:00","article_modified_time":"2023-07-25T14:57:15+00:00","og_image":[{"width":2816,"height":1880,"url":"https:\/\/www.reciplasa.es\/wp-content\/uploads\/2019\/06\/RECIPLASA-RECICLAJES-LA-PLANA_9773.jpg","type":"image\/jpeg"}],"author":"Cristina Marco","twitter_card":"summary_large_image","twitter_misc":{"Written by":"Cristina Marco","Est. reading time":"1 minute"},"schema":{"@context":"https:\/\/schema.org","@graph":[{"@type":"Article","@id":"https:\/\/www.reciplasa.es\/va\/tacrc-desestima-recurs-la-contractacio-del-transport-del-rebuig-reciplasa\/#article","isPartOf":{"@id":"https:\/\/www.reciplasa.es\/va\/tacrc-desestima-recurs-la-contractacio-del-transport-del-rebuig-reciplasa\/"},"author":{"name":"Cristina Marco","@id":"https:\/\/www.reciplasa.es\/#\/schema\/person\/608ffc094e3c56d49e6c6ec8f1ea0e82"},"headline":"El TACRC desestima el recurs contra la contractaci\u00f3 del transport del rebuig de Reciplasa","datePublished":"2019-06-28T07:23:36+00:00","dateModified":"2023-07-25T14:57:15+00:00","mainEntityOfPage":{"@id":"https:\/\/www.reciplasa.es\/va\/tacrc-desestima-recurs-la-contractacio-del-transport-del-rebuig-reciplasa\/"},"wordCount":246,"image":{"@id":"https:\/\/www.reciplasa.es\/va\/tacrc-desestima-recurs-la-contractacio-del-transport-del-rebuig-reciplasa\/#primaryimage"},"thumbnailUrl":"https:\/\/www.reciplasa.es\/wp-content\/uploads\/2019\/06\/RECIPLASA-RECICLAJES-LA-PLANA_9773.jpg","articleSection":["Not\u00edcies corporatives"],"inLanguage":"va-VA"},{"@type":"WebPage","@id":"https:\/\/www.reciplasa.es\/va\/tacrc-desestima-recurs-la-contractacio-del-transport-del-rebuig-reciplasa\/","url":"https:\/\/www.reciplasa.es\/va\/tacrc-desestima-recurs-la-contractacio-del-transport-del-rebuig-reciplasa\/","name":"El TACRC desestima el recurs contra la contractaci\u00f3 del transport del rebuig de Reciplasa - RECIPLASA","isPartOf":{"@id":"https:\/\/www.reciplasa.es\/#website"},"primaryImageOfPage":{"@id":"https:\/\/www.reciplasa.es\/va\/tacrc-desestima-recurs-la-contractacio-del-transport-del-rebuig-reciplasa\/#primaryimage"},"image":{"@id":"https:\/\/www.reciplasa.es\/va\/tacrc-desestima-recurs-la-contractacio-del-transport-del-rebuig-reciplasa\/#primaryimage"},"thumbnailUrl":"https:\/\/www.reciplasa.es\/wp-content\/uploads\/2019\/06\/RECIPLASA-RECICLAJES-LA-PLANA_9773.jpg","datePublished":"2019-06-28T07:23:36+00:00","dateModified":"2023-07-25T14:57:15+00:00","author":{"@id":"https:\/\/www.reciplasa.es\/#\/schema\/person\/608ffc094e3c56d49e6c6ec8f1ea0e82"},"breadcrumb":{"@id":"https:\/\/www.reciplasa.es\/va\/tacrc-desestima-recurs-la-contractacio-del-transport-del-rebuig-reciplasa\/#breadcrumb"},"inLanguage":"va-VA","potentialAction":[{"@type":"ReadAction","target":["https:\/\/www.reciplasa.es\/va\/tacrc-desestima-recurs-la-contractacio-del-transport-del-rebuig-reciplasa\/"]}]},{"@type":"ImageObject","inLanguage":"va-VA","@id":"https:\/\/www.reciplasa.es\/va\/tacrc-desestima-recurs-la-contractacio-del-transport-del-rebuig-reciplasa\/#primaryimage","url":"https:\/\/www.reciplasa.es\/wp-content\/uploads\/2019\/06\/RECIPLASA-RECICLAJES-LA-PLANA_9773.jpg","contentUrl":"https:\/\/www.reciplasa.es\/wp-content\/uploads\/2019\/06\/RECIPLASA-RECICLAJES-LA-PLANA_9773.jpg","width":2816,"height":1880},{"@type":"BreadcrumbList","@id":"https:\/\/www.reciplasa.es\/va\/tacrc-desestima-recurs-la-contractacio-del-transport-del-rebuig-reciplasa\/#breadcrumb","itemListElement":[{"@type":"ListItem","position":1,"name":"Portada","item":"https:\/\/www.reciplasa.es\/va\/"},{"@type":"ListItem","position":2,"name":"El TACRC desestima el recurs contra la contractaci\u00f3 del transport del rebuig de Reciplasa"}]},{"@type":"WebSite","@id":"https:\/\/www.reciplasa.es\/#website","url":"https:\/\/www.reciplasa.es\/","name":"RECIPLASA","description":"Reciclats de Residus La Plana SA","potentialAction":[{"@type":"SearchAction","target":{"@type":"EntryPoint","urlTemplate":"https:\/\/www.reciplasa.es\/?s={search_term_string}"},"query-input":{"@type":"PropertyValueSpecification","valueRequired":true,"valueName":"search_term_string"}}],"inLanguage":"va-VA"},{"@type":"Person","@id":"https:\/\/www.reciplasa.es\/#\/schema\/person\/608ffc094e3c56d49e6c6ec8f1ea0e82","name":"Cristina Marco","image":{"@type":"ImageObject","inLanguage":"va-VA","@id":"https:\/\/secure.gravatar.com\/avatar\/6da7e00dc41d26d3c4245f3b2d70d687293df0dfc18f03719354383f7be4f34b?s=96&d=mm&r=g","url":"https:\/\/secure.gravatar.com\/avatar\/6da7e00dc41d26d3c4245f3b2d70d687293df0dfc18f03719354383f7be4f34b?s=96&d=mm&r=g","contentUrl":"https:\/\/secure.gravatar.com\/avatar\/6da7e00dc41d26d3c4245f3b2d70d687293df0dfc18f03719354383f7be4f34b?s=96&d=mm&r=g","caption":"Cristina Marco"},"url":"https:\/\/www.reciplasa.es\/va\/author\/cristina\/"}]}},"_links":{"self":[{"href":"https:\/\/www.reciplasa.es\/va\/wp-json\/wp\/v2\/posts\/13991","targetHints":{"allow":["GET"]}}],"collection":[{"href":"https:\/\/www.reciplasa.es\/va\/wp-json\/wp\/v2\/posts"}],"about":[{"href":"https:\/\/www.reciplasa.es\/va\/wp-json\/wp\/v2\/types\/post"}],"author":[{"embeddable":true,"href":"https:\/\/www.reciplasa.es\/va\/wp-json\/wp\/v2\/users\/3"}],"replies":[{"embeddable":true,"href":"https:\/\/www.reciplasa.es\/va\/wp-json\/wp\/v2\/comments?post=13991"}],"version-history":[{"count":4,"href":"https:\/\/www.reciplasa.es\/va\/wp-json\/wp\/v2\/posts\/13991\/revisions"}],"predecessor-version":[{"id":14018,"href":"https:\/\/www.reciplasa.es\/va\/wp-json\/wp\/v2\/posts\/13991\/revisions\/14018"}],"wp:featuredmedia":[{"embeddable":true,"href":"https:\/\/www.reciplasa.es\/va\/wp-json\/wp\/v2\/media\/13989"}],"wp:attachment":[{"href":"https:\/\/www.reciplasa.es\/va\/wp-json\/wp\/v2\/media?parent=13991"}],"wp:term":[{"taxonomy":"category","embeddable":true,"href":"https:\/\/www.reciplasa.es\/va\/wp-json\/wp\/v2\/categories?post=13991"},{"taxonomy":"post_tag","embeddable":true,"href":"https:\/\/www.reciplasa.es\/va\/wp-json\/wp\/v2\/tags?post=13991"}],"curies":[{"name":"wp","href":"https:\/\/api.w.org\/{rel}","templated":true}]}}