{"id":14008,"date":"2019-07-03T07:22:06","date_gmt":"2019-07-03T07:22:06","guid":{"rendered":"http:\/\/www.reciplasa.es\/?p=14008\/"},"modified":"2019-07-03T09:11:48","modified_gmt":"2019-07-03T09:11:48","slug":"reciplasa-constitueix-el-seu-nou-consell-dadministracio-per-a-afrontar-uns-anys-clau-en-la-gestio","status":"publish","type":"post","link":"https:\/\/www.reciplasa.es\/va\/reciplasa-constitueix-el-seu-nou-consell-dadministracio-per-a-afrontar-uns-anys-clau-en-la-gestio\/","title":{"rendered":"Reciplasa constitueix el seu nou consell d&#8217;administraci\u00f3 per a afrontar uns anys clau en la gesti\u00f3"},"content":{"rendered":"\n<h6 class=\"wp-block-heading\"><em><span style=\"font-weight: 400;\">Ignasi Garcia, regidor de Castell\u00f3,\ncontinuar\u00e0 al capdavant de l&#8217;empresa p\u00fablica i Salvador Aguilella substitueix a\nXimo Huguet com a representant d&#8217;Onda<\/span><\/em><\/h6>\n\n\n\n<p><\/p>\n\n\n\n<p>L&#8217;empresa p\u00fablica per a la gesti\u00f3 dels residus de la zona centre de la prov\u00edncia de Castell\u00f3, Reciplasa, ha conformat el seu nou consell d&#8217;administraci\u00f3 per a afrontar uns anys clau en la gesti\u00f3 de l&#8217;entitat. Aix\u00ed, el president continuar\u00e0 sent Ignasi Garcia, representant de l&#8217;Ajuntament de Castell\u00f3 i Salvador Aguilella ser\u00e0 el vicepresident de l&#8217;entitat substituint a Ximo Huguet com a representant de l&#8217;Ajuntament d&#8217;Onda. En les altres localitats representades en el consell, no ha existit cap canvi i continuaran sent consellers: Jos\u00e9 Benlloch, alcalde de Vila-real; Mar\u00eda Josep Safont, alcaldessa de Borriana; Merche Gal\u00ed, alcaldessa d&#8217;Almassora, Susana Marques, alcaldessa de Benic\u00e0ssim, Samuel Falomir, alcalde de l&#8217;Alcora i Alfred Remolar, alcalde de Betx\u00ed.<\/p>\n\n\n\n<p>Garcia\nexplica que \u201cafrontem aquest mandat com un dels m\u00e9s importants en la hist\u00f2ria\nde l&#8217;entitat, ja que hem comen\u00e7at a escometre les inversions de 40 milions\nd&#8217;euros que suposaran la modernitzaci\u00f3 total de les nostres instal\u00b7lacions i un\ngran avan\u00e7 en el tractament de residus. \u00c9s un vertader repte per a l&#8217;empresa\np\u00fablica, ja que tenim la voluntat de reduir els costos econ\u00f2mics i ecol\u00f2gics de\nla gesti\u00f3 del fem, adaptant-nos a les normatives europees m\u00e9s exigents i\nadoptant les solucions m\u00e9s eficients per al proc\u00e9s, tal com ve contemplat en el\npla de gesti\u00f3 que es va aprovar en el seu moment per unanimitat en el Consorci\nC2 al qual d\u00f3na servei Reciplasa\u201d. Cal recordar que aquest Consorci est\u00e0\nrepresentada la Generalitat Valenciana, la Diputaci\u00f3 de Castell\u00f3 i els 46\nmunicipis als quals l&#8217;ens d\u00f3na servei.<\/p>\n\n\n\n<p>El\npresident afirma que \u201chem iniciat l&#8217;activitat amb la convicci\u00f3 que el tema dels\nresidus quedar\u00e0 fora del debat partidista, com sempre ha succe\u00eft en Reciplasa,\ni que totes les administracions hem de treballar en la mateixa direcci\u00f3, que no\n\u00e9s una altra que la millora del Medi Ambient i l&#8217;optimitzaci\u00f3 dels recursos de\nla nostra zona d&#8217;influ\u00e8ncia\u201d i conclou que \u201ccontinuarem amb el treball que ja\ns&#8217;est\u00e0 executant per part de Reciplasa des de fa m\u00e9s de 20 anys per a dur a\nterme la millor gesti\u00f3 possible del fem, per\u00f2 tamb\u00e9 volem seguir amb la l\u00ednia\nde conscienciaci\u00f3, transpar\u00e8ncia i informaci\u00f3 que hem iniciat des de fa uns\nanys perqu\u00e8 pensem que la ciutadania t\u00e9 dret a con\u00e9ixer\nel que ocorre amb els seus impostos a cada moment\u201d.<\/p>\n","protected":false},"excerpt":{"rendered":"<p>Ignasi Garcia, regidor de Castell\u00f3, continuar\u00e0 al capdavant de l&#8217;empresa p\u00fablica i Salvador Aguilella substitueix a Ximo Huguet com a representant d&#8217;Onda L&#8217;empresa p\u00fablica per a la gesti\u00f3 dels residus de la zona centre de la prov\u00edncia de Castell\u00f3, Reciplasa, ha conformat el seu nou consell d&#8217;administraci\u00f3 per a afrontar uns anys clau en laDale que hay m\u00e1s &#8230;<\/p>\n","protected":false},"author":3,"featured_media":13998,"comment_status":"closed","ping_status":"closed","sticky":false,"template":"","format":"standard","meta":{"footnotes":""},"categories":[87],"tags":[],"class_list":["post-14008","post","type-post","status-publish","format-standard","has-post-thumbnail","hentry","category-noticies-corporatives"],"yoast_head":"<!-- This site is optimized with the Yoast SEO plugin v27.4 - https:\/\/yoast.com\/product\/yoast-seo-wordpress\/ -->\n<title>Reciplasa constitueix el seu nou consell d&#039;administraci\u00f3 per a afrontar uns anys clau en la gesti\u00f3 - RECIPLASA<\/title>\n<meta name=\"robots\" content=\"index, follow, max-snippet:-1, max-image-preview:large, max-video-preview:-1\" \/>\n<link rel=\"canonical\" href=\"https:\/\/www.reciplasa.es\/reciplasa-constituye-su-nuevo-consejo-de-administracion-para-afrontar-unos-anos-clave-en-la-gestion\/\" \/>\n<meta property=\"og:locale\" content=\"en_US\" \/>\n<meta property=\"og:type\" content=\"article\" \/>\n<meta property=\"og:title\" content=\"Reciplasa constitueix el seu nou consell d&#039;administraci\u00f3 per a afrontar uns anys clau en la gesti\u00f3 - RECIPLASA\" \/>\n<meta property=\"og:description\" content=\"Ignasi Garcia, regidor de Castell\u00f3, continuar\u00e0 al capdavant de l&#8217;empresa p\u00fablica i Salvador Aguilella substitueix a Ximo Huguet com a representant d&#8217;Onda L&#8217;empresa p\u00fablica per a la gesti\u00f3 dels residus de la zona centre de la prov\u00edncia de Castell\u00f3, Reciplasa, ha conformat el seu nou consell d&#8217;administraci\u00f3 per a afrontar uns anys clau en laDale que hay m\u00e1s ...\" \/>\n<meta property=\"og:url\" content=\"https:\/\/www.reciplasa.es\/reciplasa-constituye-su-nuevo-consejo-de-administracion-para-afrontar-unos-anos-clave-en-la-gestion\/\" \/>\n<meta property=\"og:site_name\" content=\"RECIPLASA\" \/>\n<meta property=\"article:published_time\" content=\"2019-07-03T07:22:06+00:00\" \/>\n<meta property=\"article:modified_time\" content=\"2019-07-03T09:11:48+00:00\" \/>\n<meta property=\"og:image\" content=\"https:\/\/www.reciplasa.es\/wp-content\/uploads\/2013\/12\/Consell-Reciplasa-02-07-2019.jpg\" \/>\n\t<meta property=\"og:image:width\" content=\"3888\" \/>\n\t<meta property=\"og:image:height\" content=\"2592\" \/>\n\t<meta property=\"og:image:type\" content=\"image\/jpeg\" \/>\n<meta name=\"author\" content=\"Cristina Marco\" \/>\n<meta name=\"twitter:card\" content=\"summary_large_image\" \/>\n<meta name=\"twitter:label1\" content=\"Written by\" \/>\n\t<meta name=\"twitter:data1\" content=\"Cristina Marco\" \/>\n\t<meta name=\"twitter:label2\" content=\"Est. reading time\" \/>\n\t<meta name=\"twitter:data2\" content=\"2 minutes\" \/>\n<script type=\"application\/ld+json\" class=\"yoast-schema-graph\">{\"@context\":\"https:\\\/\\\/schema.org\",\"@graph\":[{\"@type\":\"Article\",\"@id\":\"https:\\\/\\\/www.reciplasa.es\\\/reciplasa-constituye-su-nuevo-consejo-de-administracion-para-afrontar-unos-anos-clave-en-la-gestion\\\/#article\",\"isPartOf\":{\"@id\":\"https:\\\/\\\/www.reciplasa.es\\\/reciplasa-constituye-su-nuevo-consejo-de-administracion-para-afrontar-unos-anos-clave-en-la-gestion\\\/\"},\"author\":{\"name\":\"Cristina Marco\",\"@id\":\"https:\\\/\\\/www.reciplasa.es\\\/#\\\/schema\\\/person\\\/608ffc094e3c56d49e6c6ec8f1ea0e82\"},\"headline\":\"Reciplasa constitueix el seu nou consell d&#8217;administraci\u00f3 per a afrontar uns anys clau en la gesti\u00f3\",\"datePublished\":\"2019-07-03T07:22:06+00:00\",\"dateModified\":\"2019-07-03T09:11:48+00:00\",\"mainEntityOfPage\":{\"@id\":\"https:\\\/\\\/www.reciplasa.es\\\/reciplasa-constituye-su-nuevo-consejo-de-administracion-para-afrontar-unos-anos-clave-en-la-gestion\\\/\"},\"wordCount\":460,\"image\":{\"@id\":\"https:\\\/\\\/www.reciplasa.es\\\/reciplasa-constituye-su-nuevo-consejo-de-administracion-para-afrontar-unos-anos-clave-en-la-gestion\\\/#primaryimage\"},\"thumbnailUrl\":\"https:\\\/\\\/www.reciplasa.es\\\/wp-content\\\/uploads\\\/2013\\\/12\\\/Consell-Reciplasa-02-07-2019.jpg\",\"articleSection\":[\"Not\u00edcies corporatives\"],\"inLanguage\":\"va-VA\"},{\"@type\":\"WebPage\",\"@id\":\"https:\\\/\\\/www.reciplasa.es\\\/reciplasa-constituye-su-nuevo-consejo-de-administracion-para-afrontar-unos-anos-clave-en-la-gestion\\\/\",\"url\":\"https:\\\/\\\/www.reciplasa.es\\\/reciplasa-constituye-su-nuevo-consejo-de-administracion-para-afrontar-unos-anos-clave-en-la-gestion\\\/\",\"name\":\"Reciplasa constitueix el seu nou consell d'administraci\u00f3 per a afrontar uns anys clau en la gesti\u00f3 - RECIPLASA\",\"isPartOf\":{\"@id\":\"https:\\\/\\\/www.reciplasa.es\\\/#website\"},\"primaryImageOfPage\":{\"@id\":\"https:\\\/\\\/www.reciplasa.es\\\/reciplasa-constituye-su-nuevo-consejo-de-administracion-para-afrontar-unos-anos-clave-en-la-gestion\\\/#primaryimage\"},\"image\":{\"@id\":\"https:\\\/\\\/www.reciplasa.es\\\/reciplasa-constituye-su-nuevo-consejo-de-administracion-para-afrontar-unos-anos-clave-en-la-gestion\\\/#primaryimage\"},\"thumbnailUrl\":\"https:\\\/\\\/www.reciplasa.es\\\/wp-content\\\/uploads\\\/2013\\\/12\\\/Consell-Reciplasa-02-07-2019.jpg\",\"datePublished\":\"2019-07-03T07:22:06+00:00\",\"dateModified\":\"2019-07-03T09:11:48+00:00\",\"author\":{\"@id\":\"https:\\\/\\\/www.reciplasa.es\\\/#\\\/schema\\\/person\\\/608ffc094e3c56d49e6c6ec8f1ea0e82\"},\"breadcrumb\":{\"@id\":\"https:\\\/\\\/www.reciplasa.es\\\/reciplasa-constituye-su-nuevo-consejo-de-administracion-para-afrontar-unos-anos-clave-en-la-gestion\\\/#breadcrumb\"},\"inLanguage\":\"va-VA\",\"potentialAction\":[{\"@type\":\"ReadAction\",\"target\":[\"https:\\\/\\\/www.reciplasa.es\\\/reciplasa-constituye-su-nuevo-consejo-de-administracion-para-afrontar-unos-anos-clave-en-la-gestion\\\/\"]}]},{\"@type\":\"ImageObject\",\"inLanguage\":\"va-VA\",\"@id\":\"https:\\\/\\\/www.reciplasa.es\\\/reciplasa-constituye-su-nuevo-consejo-de-administracion-para-afrontar-unos-anos-clave-en-la-gestion\\\/#primaryimage\",\"url\":\"https:\\\/\\\/www.reciplasa.es\\\/wp-content\\\/uploads\\\/2013\\\/12\\\/Consell-Reciplasa-02-07-2019.jpg\",\"contentUrl\":\"https:\\\/\\\/www.reciplasa.es\\\/wp-content\\\/uploads\\\/2013\\\/12\\\/Consell-Reciplasa-02-07-2019.jpg\",\"width\":3888,\"height\":2592,\"caption\":\"Reuni\u00f3n del consejo de Reciplasa 02-07-2019\"},{\"@type\":\"BreadcrumbList\",\"@id\":\"https:\\\/\\\/www.reciplasa.es\\\/reciplasa-constituye-su-nuevo-consejo-de-administracion-para-afrontar-unos-anos-clave-en-la-gestion\\\/#breadcrumb\",\"itemListElement\":[{\"@type\":\"ListItem\",\"position\":1,\"name\":\"Portada\",\"item\":\"https:\\\/\\\/www.reciplasa.es\\\/va\\\/\"},{\"@type\":\"ListItem\",\"position\":2,\"name\":\"Reciplasa constitueix el seu nou consell d&#8217;administraci\u00f3 per a afrontar uns anys clau en la gesti\u00f3\"}]},{\"@type\":\"WebSite\",\"@id\":\"https:\\\/\\\/www.reciplasa.es\\\/#website\",\"url\":\"https:\\\/\\\/www.reciplasa.es\\\/\",\"name\":\"RECIPLASA\",\"description\":\"Reciclats de Residus La Plana SA\",\"potentialAction\":[{\"@type\":\"SearchAction\",\"target\":{\"@type\":\"EntryPoint\",\"urlTemplate\":\"https:\\\/\\\/www.reciplasa.es\\\/?s={search_term_string}\"},\"query-input\":{\"@type\":\"PropertyValueSpecification\",\"valueRequired\":true,\"valueName\":\"search_term_string\"}}],\"inLanguage\":\"va-VA\"},{\"@type\":\"Person\",\"@id\":\"https:\\\/\\\/www.reciplasa.es\\\/#\\\/schema\\\/person\\\/608ffc094e3c56d49e6c6ec8f1ea0e82\",\"name\":\"Cristina Marco\",\"image\":{\"@type\":\"ImageObject\",\"inLanguage\":\"va-VA\",\"@id\":\"https:\\\/\\\/secure.gravatar.com\\\/avatar\\\/6da7e00dc41d26d3c4245f3b2d70d687293df0dfc18f03719354383f7be4f34b?s=96&d=mm&r=g\",\"url\":\"https:\\\/\\\/secure.gravatar.com\\\/avatar\\\/6da7e00dc41d26d3c4245f3b2d70d687293df0dfc18f03719354383f7be4f34b?s=96&d=mm&r=g\",\"contentUrl\":\"https:\\\/\\\/secure.gravatar.com\\\/avatar\\\/6da7e00dc41d26d3c4245f3b2d70d687293df0dfc18f03719354383f7be4f34b?s=96&d=mm&r=g\",\"caption\":\"Cristina Marco\"},\"url\":\"https:\\\/\\\/www.reciplasa.es\\\/va\\\/author\\\/cristina\\\/\"}]}<\/script>\n<!-- \/ Yoast SEO plugin. -->","yoast_head_json":{"title":"Reciplasa constitueix el seu nou consell d'administraci\u00f3 per a afrontar uns anys clau en la gesti\u00f3 - RECIPLASA","robots":{"index":"index","follow":"follow","max-snippet":"max-snippet:-1","max-image-preview":"max-image-preview:large","max-video-preview":"max-video-preview:-1"},"canonical":"https:\/\/www.reciplasa.es\/reciplasa-constituye-su-nuevo-consejo-de-administracion-para-afrontar-unos-anos-clave-en-la-gestion\/","og_locale":"en_US","og_type":"article","og_title":"Reciplasa constitueix el seu nou consell d'administraci\u00f3 per a afrontar uns anys clau en la gesti\u00f3 - RECIPLASA","og_description":"Ignasi Garcia, regidor de Castell\u00f3, continuar\u00e0 al capdavant de l&#8217;empresa p\u00fablica i Salvador Aguilella substitueix a Ximo Huguet com a representant d&#8217;Onda L&#8217;empresa p\u00fablica per a la gesti\u00f3 dels residus de la zona centre de la prov\u00edncia de Castell\u00f3, Reciplasa, ha conformat el seu nou consell d&#8217;administraci\u00f3 per a afrontar uns anys clau en laDale que hay m\u00e1s ...","og_url":"https:\/\/www.reciplasa.es\/reciplasa-constituye-su-nuevo-consejo-de-administracion-para-afrontar-unos-anos-clave-en-la-gestion\/","og_site_name":"RECIPLASA","article_published_time":"2019-07-03T07:22:06+00:00","article_modified_time":"2019-07-03T09:11:48+00:00","og_image":[{"width":3888,"height":2592,"url":"https:\/\/www.reciplasa.es\/wp-content\/uploads\/2013\/12\/Consell-Reciplasa-02-07-2019.jpg","type":"image\/jpeg"}],"author":"Cristina Marco","twitter_card":"summary_large_image","twitter_misc":{"Written by":"Cristina Marco","Est. reading time":"2 minutes"},"schema":{"@context":"https:\/\/schema.org","@graph":[{"@type":"Article","@id":"https:\/\/www.reciplasa.es\/reciplasa-constituye-su-nuevo-consejo-de-administracion-para-afrontar-unos-anos-clave-en-la-gestion\/#article","isPartOf":{"@id":"https:\/\/www.reciplasa.es\/reciplasa-constituye-su-nuevo-consejo-de-administracion-para-afrontar-unos-anos-clave-en-la-gestion\/"},"author":{"name":"Cristina Marco","@id":"https:\/\/www.reciplasa.es\/#\/schema\/person\/608ffc094e3c56d49e6c6ec8f1ea0e82"},"headline":"Reciplasa constitueix el seu nou consell d&#8217;administraci\u00f3 per a afrontar uns anys clau en la gesti\u00f3","datePublished":"2019-07-03T07:22:06+00:00","dateModified":"2019-07-03T09:11:48+00:00","mainEntityOfPage":{"@id":"https:\/\/www.reciplasa.es\/reciplasa-constituye-su-nuevo-consejo-de-administracion-para-afrontar-unos-anos-clave-en-la-gestion\/"},"wordCount":460,"image":{"@id":"https:\/\/www.reciplasa.es\/reciplasa-constituye-su-nuevo-consejo-de-administracion-para-afrontar-unos-anos-clave-en-la-gestion\/#primaryimage"},"thumbnailUrl":"https:\/\/www.reciplasa.es\/wp-content\/uploads\/2013\/12\/Consell-Reciplasa-02-07-2019.jpg","articleSection":["Not\u00edcies corporatives"],"inLanguage":"va-VA"},{"@type":"WebPage","@id":"https:\/\/www.reciplasa.es\/reciplasa-constituye-su-nuevo-consejo-de-administracion-para-afrontar-unos-anos-clave-en-la-gestion\/","url":"https:\/\/www.reciplasa.es\/reciplasa-constituye-su-nuevo-consejo-de-administracion-para-afrontar-unos-anos-clave-en-la-gestion\/","name":"Reciplasa constitueix el seu nou consell d'administraci\u00f3 per a afrontar uns anys clau en la gesti\u00f3 - RECIPLASA","isPartOf":{"@id":"https:\/\/www.reciplasa.es\/#website"},"primaryImageOfPage":{"@id":"https:\/\/www.reciplasa.es\/reciplasa-constituye-su-nuevo-consejo-de-administracion-para-afrontar-unos-anos-clave-en-la-gestion\/#primaryimage"},"image":{"@id":"https:\/\/www.reciplasa.es\/reciplasa-constituye-su-nuevo-consejo-de-administracion-para-afrontar-unos-anos-clave-en-la-gestion\/#primaryimage"},"thumbnailUrl":"https:\/\/www.reciplasa.es\/wp-content\/uploads\/2013\/12\/Consell-Reciplasa-02-07-2019.jpg","datePublished":"2019-07-03T07:22:06+00:00","dateModified":"2019-07-03T09:11:48+00:00","author":{"@id":"https:\/\/www.reciplasa.es\/#\/schema\/person\/608ffc094e3c56d49e6c6ec8f1ea0e82"},"breadcrumb":{"@id":"https:\/\/www.reciplasa.es\/reciplasa-constituye-su-nuevo-consejo-de-administracion-para-afrontar-unos-anos-clave-en-la-gestion\/#breadcrumb"},"inLanguage":"va-VA","potentialAction":[{"@type":"ReadAction","target":["https:\/\/www.reciplasa.es\/reciplasa-constituye-su-nuevo-consejo-de-administracion-para-afrontar-unos-anos-clave-en-la-gestion\/"]}]},{"@type":"ImageObject","inLanguage":"va-VA","@id":"https:\/\/www.reciplasa.es\/reciplasa-constituye-su-nuevo-consejo-de-administracion-para-afrontar-unos-anos-clave-en-la-gestion\/#primaryimage","url":"https:\/\/www.reciplasa.es\/wp-content\/uploads\/2013\/12\/Consell-Reciplasa-02-07-2019.jpg","contentUrl":"https:\/\/www.reciplasa.es\/wp-content\/uploads\/2013\/12\/Consell-Reciplasa-02-07-2019.jpg","width":3888,"height":2592,"caption":"Reuni\u00f3n del consejo de Reciplasa 02-07-2019"},{"@type":"BreadcrumbList","@id":"https:\/\/www.reciplasa.es\/reciplasa-constituye-su-nuevo-consejo-de-administracion-para-afrontar-unos-anos-clave-en-la-gestion\/#breadcrumb","itemListElement":[{"@type":"ListItem","position":1,"name":"Portada","item":"https:\/\/www.reciplasa.es\/va\/"},{"@type":"ListItem","position":2,"name":"Reciplasa constitueix el seu nou consell d&#8217;administraci\u00f3 per a afrontar uns anys clau en la gesti\u00f3"}]},{"@type":"WebSite","@id":"https:\/\/www.reciplasa.es\/#website","url":"https:\/\/www.reciplasa.es\/","name":"RECIPLASA","description":"Reciclats de Residus La Plana SA","potentialAction":[{"@type":"SearchAction","target":{"@type":"EntryPoint","urlTemplate":"https:\/\/www.reciplasa.es\/?s={search_term_string}"},"query-input":{"@type":"PropertyValueSpecification","valueRequired":true,"valueName":"search_term_string"}}],"inLanguage":"va-VA"},{"@type":"Person","@id":"https:\/\/www.reciplasa.es\/#\/schema\/person\/608ffc094e3c56d49e6c6ec8f1ea0e82","name":"Cristina Marco","image":{"@type":"ImageObject","inLanguage":"va-VA","@id":"https:\/\/secure.gravatar.com\/avatar\/6da7e00dc41d26d3c4245f3b2d70d687293df0dfc18f03719354383f7be4f34b?s=96&d=mm&r=g","url":"https:\/\/secure.gravatar.com\/avatar\/6da7e00dc41d26d3c4245f3b2d70d687293df0dfc18f03719354383f7be4f34b?s=96&d=mm&r=g","contentUrl":"https:\/\/secure.gravatar.com\/avatar\/6da7e00dc41d26d3c4245f3b2d70d687293df0dfc18f03719354383f7be4f34b?s=96&d=mm&r=g","caption":"Cristina Marco"},"url":"https:\/\/www.reciplasa.es\/va\/author\/cristina\/"}]}},"_links":{"self":[{"href":"https:\/\/www.reciplasa.es\/va\/wp-json\/wp\/v2\/posts\/14008","targetHints":{"allow":["GET"]}}],"collection":[{"href":"https:\/\/www.reciplasa.es\/va\/wp-json\/wp\/v2\/posts"}],"about":[{"href":"https:\/\/www.reciplasa.es\/va\/wp-json\/wp\/v2\/types\/post"}],"author":[{"embeddable":true,"href":"https:\/\/www.reciplasa.es\/va\/wp-json\/wp\/v2\/users\/3"}],"replies":[{"embeddable":true,"href":"https:\/\/www.reciplasa.es\/va\/wp-json\/wp\/v2\/comments?post=14008"}],"version-history":[{"count":2,"href":"https:\/\/www.reciplasa.es\/va\/wp-json\/wp\/v2\/posts\/14008\/revisions"}],"predecessor-version":[{"id":14012,"href":"https:\/\/www.reciplasa.es\/va\/wp-json\/wp\/v2\/posts\/14008\/revisions\/14012"}],"wp:featuredmedia":[{"embeddable":true,"href":"https:\/\/www.reciplasa.es\/va\/wp-json\/wp\/v2\/media\/13998"}],"wp:attachment":[{"href":"https:\/\/www.reciplasa.es\/va\/wp-json\/wp\/v2\/media?parent=14008"}],"wp:term":[{"taxonomy":"category","embeddable":true,"href":"https:\/\/www.reciplasa.es\/va\/wp-json\/wp\/v2\/categories?post=14008"},{"taxonomy":"post_tag","embeddable":true,"href":"https:\/\/www.reciplasa.es\/va\/wp-json\/wp\/v2\/tags?post=14008"}],"curies":[{"name":"wp","href":"https:\/\/api.w.org\/{rel}","templated":true}]}}