{"id":14055,"date":"2019-07-24T13:00:19","date_gmt":"2019-07-24T13:00:19","guid":{"rendered":"http:\/\/www.reciplasa.es\/?p=14055\/"},"modified":"2019-07-29T07:47:35","modified_gmt":"2019-07-29T07:47:35","slug":"els-consellers-de-reciplasa-visiten-la-planta-donda-per-a-coneixer-in-situ-les-inversions-del-pla-de-gestio","status":"publish","type":"post","link":"https:\/\/www.reciplasa.es\/va\/els-consellers-de-reciplasa-visiten-la-planta-donda-per-a-coneixer-in-situ-les-inversions-del-pla-de-gestio\/","title":{"rendered":"Els consellers de Reciplasa visiten la planta d&#8217;Onda per a con\u00e9ixer \u2018in situ\u2019 les inversions del pla de gesti\u00f3"},"content":{"rendered":"\n<h6><em><span style=\"font-weight: 400;\">El consell d&#8217;administraci\u00f3 es va celebrar en les instal\u2022lacions de l&#8217;empresa p\u00fablica per a mostrar les millores a realitzar amb la inversi\u00f3 de 40 milions<\/span><\/em><\/h6>\n\n\n\n<br><p>L&#8217;empresa p\u00fablica de tractament de residus de la zona centre de la prov\u00edncia de Castell\u00f3, Reciplasa, ha celebrat el seu consell d&#8217;administraci\u00f3 en les oficines de la companyia a Onda i els consellers han pogut visitar la planta de tractament de residus de l&#8217;entitat. A m\u00e9s, durant la Junta General d&#8217;Accionistes pr\u00e8via al consell, Carlos D\u00edaz, regidor d&#8217;Urbanisme de Benic\u00e0ssim, ha substitu\u00eft a Susana Marqu\u00e9s com a consellera de la societat. El president de Reciplasa, Ignasi Garcia, ha explicat que \u201cestem en un moment transcendental per a la nostra entitat, ja que s&#8217;han iniciat les inversions que suposaran una millora considerable en aquesta planta d&#8217;Onda i que significaran un avan\u00e7 en la reducci\u00f3 de costos econ\u00f2mics i ecol\u00f2gics del tractament dels residus. El pla de gesti\u00f3 que es va aprovar al setembre de 2016 amb la unanimitat de tots els municipis de l&#8217;\u00e0rea d&#8217;influ\u00e8ncia de Reciplasa, la Diputaci\u00f3 i la Generalitat, \u00e9s molt ambici\u00f3s i preveu millores valorades en prop de 40 milions d&#8217;euros, que reduiran el rebuig que es destina a l&#8217;abocador per a complir amb les normatives m\u00e9s exigents de la Uni\u00f3 Europea\u201d.<br> <br>Les primeres actuacions que ja s&#8217;han dut a terme en la planta de tractament i gesti\u00f3 de residus d&#8217;Onda han sigut l&#8217;automatitzaci\u00f3 de la l\u00ednia d&#8217;eixida de subproductes i la instal\u00b7laci\u00f3 de portes autom\u00e0tiques en els fossats d&#8217;abocament amb un pressupost de 807.799,34 euros, a m\u00e9s s&#8217;estan modernitzant les l\u00ednies de classificaci\u00f3 i triatge. D&#8217;aquesta manera, l&#8217;empresa ha optimitzat el rendiment dels processos de selecci\u00f3 i gesti\u00f3 de les instal\u00b7lacions, aix\u00ed com millorat els consums energ\u00e8tics dels equips.<\/p>\n\n\n\n<figure class=\"wp-block-image\"><img loading=\"lazy\" decoding=\"async\" width=\"1024\" height=\"718\" src=\"http:\/\/www.reciplasa.es\/wp-content\/uploads\/2019\/07\/reunio\u00ec-consell-Reciplasa-en-la-planta-1024x718.jpg\" alt=\"reunion consejo de administraci\u00f3n reciplasa\" class=\"wp-image-14046\" srcset=\"https:\/\/www.reciplasa.es\/wp-content\/uploads\/2019\/07\/reunio\u00ec-consell-Reciplasa-en-la-planta-1024x718.jpg 1024w, https:\/\/www.reciplasa.es\/wp-content\/uploads\/2019\/07\/reunio\u00ec-consell-Reciplasa-en-la-planta-300x210.jpg 300w, https:\/\/www.reciplasa.es\/wp-content\/uploads\/2019\/07\/reunio\u00ec-consell-Reciplasa-en-la-planta-768x539.jpg 768w, https:\/\/www.reciplasa.es\/wp-content\/uploads\/2019\/07\/reunio\u00ec-consell-Reciplasa-en-la-planta-370x260.jpg 370w\" sizes=\"auto, (max-width: 1024px) 100vw, 1024px\" \/><\/figure>\n\n\n\n<p>Garcia afirma que \u201cd&#8217;aquesta forma podem recuperar m\u00e9s residus per a la seua reutilitzaci\u00f3 i evitem que acaben en l&#8217;abocador. Aix\u00f2 ens permetr\u00e0 treballar per a intentar reduir la contaminaci\u00f3 ambiental i complir la normativa europea que indica que en 2020 la quota de rebuig no siga superior al 35% i en 2030 al 10%\u201d i afig que \u201caquest \u00e9s nom\u00e9s el principi de totes les millores que preveu el Pla de Gesti\u00f3 del Consorci C2. \u00c9s un comprom\u00eds amb el compliment de la Llei per\u00f2 tamb\u00e9 el fem amb el convenciment que \u00e9s molt positiu per a la societat i el nostre entorn\u201d.<br> <br>Les pr\u00f2ximes mesures que s&#8217;executaran s\u00f3n l&#8217;obra civil del trasllat de l&#8217;edifici d&#8217;afinament i l&#8217;ampliaci\u00f3 de la nau de reciclatge a Onda, aix\u00ed com la redacci\u00f3 del projecte de construcci\u00f3 dels nous t\u00fanels de fermentaci\u00f3 per a la mat\u00e8ria org\u00e0nica recollida selectivament. Pel que respecta a la planta d&#8217;Almassora, s&#8217;ha sol\u00b7licitat la llic\u00e8ncia d&#8217;obra per a l&#8217;inici dels treballs de remodelaci\u00f3 que comen\u00e7aran quan estiguen tots els permisos. Garcia conclou que \u201cReciplasa \u00e9s una empresa p\u00fablica que gestiona els impostos de la ciutadania i sempre busca l&#8217;inter\u00e9s general, aix\u00ed que tots els beneficis es destinaran a millorar el servei de tractament dels residus i a les campanyes de conscienciaci\u00f3 perqu\u00e8 existisca un consum responsable per part de les persones, per\u00f2 tamb\u00e9 treballarem des de les administracions perqu\u00e8 les empreses facen un disseny sostenible dels seus productes, evitant produir residus de m\u00e9s\u201d.<\/p>\n","protected":false},"excerpt":{"rendered":"<p>El consell d&#8217;administraci\u00f3 es va celebrar en les instal\u2022lacions de l&#8217;empresa p\u00fablica per a mostrar les millores a realitzar amb la inversi\u00f3 de 40 milions L&#8217;empresa p\u00fablica de tractament de residus de la zona centre de la prov\u00edncia de Castell\u00f3, Reciplasa, ha celebrat el seu consell d&#8217;administraci\u00f3 en les oficines de la companyia a OndaDale que hay m\u00e1s &#8230;<\/p>\n","protected":false},"author":3,"featured_media":14045,"comment_status":"closed","ping_status":"closed","sticky":false,"template":"","format":"standard","meta":{"footnotes":""},"categories":[87],"tags":[],"class_list":["post-14055","post","type-post","status-publish","format-standard","has-post-thumbnail","hentry","category-noticies-corporatives"],"yoast_head":"<!-- This site is optimized with the Yoast SEO plugin v27.4 - https:\/\/yoast.com\/product\/yoast-seo-wordpress\/ -->\n<title>Els consellers de Reciplasa visiten la planta d&#039;Onda per a con\u00e9ixer \u2018in situ\u2019 les inversions del pla de gesti\u00f3 - RECIPLASA<\/title>\n<meta name=\"robots\" content=\"index, follow, max-snippet:-1, max-image-preview:large, max-video-preview:-1\" \/>\n<link rel=\"canonical\" href=\"https:\/\/www.reciplasa.es\/los-consejeros-de-reciplasa-visitan-la-planta-de-onda-para-conocer-in-situ-las-inversiones-del-plan-de-gestion\/\" \/>\n<meta property=\"og:locale\" content=\"en_US\" \/>\n<meta property=\"og:type\" content=\"article\" \/>\n<meta property=\"og:title\" content=\"Els consellers de Reciplasa visiten la planta d&#039;Onda per a con\u00e9ixer \u2018in situ\u2019 les inversions del pla de gesti\u00f3 - RECIPLASA\" \/>\n<meta property=\"og:description\" content=\"El consell d&#8217;administraci\u00f3 es va celebrar en les instal\u2022lacions de l&#8217;empresa p\u00fablica per a mostrar les millores a realitzar amb la inversi\u00f3 de 40 milions L&#8217;empresa p\u00fablica de tractament de residus de la zona centre de la prov\u00edncia de Castell\u00f3, Reciplasa, ha celebrat el seu consell d&#8217;administraci\u00f3 en les oficines de la companyia a OndaDale que hay m\u00e1s ...\" \/>\n<meta property=\"og:url\" content=\"https:\/\/www.reciplasa.es\/los-consejeros-de-reciplasa-visitan-la-planta-de-onda-para-conocer-in-situ-las-inversiones-del-plan-de-gestion\/\" \/>\n<meta property=\"og:site_name\" content=\"RECIPLASA\" \/>\n<meta property=\"article:published_time\" content=\"2019-07-24T13:00:19+00:00\" \/>\n<meta property=\"article:modified_time\" content=\"2019-07-29T07:47:35+00:00\" \/>\n<meta property=\"og:image\" content=\"https:\/\/www.reciplasa.es\/wp-content\/uploads\/2019\/07\/visita-a-la-planta-consell-administracio\u011b.jpg\" \/>\n\t<meta property=\"og:image:width\" content=\"3888\" \/>\n\t<meta property=\"og:image:height\" content=\"2592\" \/>\n\t<meta property=\"og:image:type\" content=\"image\/jpeg\" \/>\n<meta name=\"author\" content=\"Cristina Marco\" \/>\n<meta name=\"twitter:card\" content=\"summary_large_image\" \/>\n<meta name=\"twitter:label1\" content=\"Written by\" \/>\n\t<meta name=\"twitter:data1\" content=\"Cristina Marco\" \/>\n\t<meta name=\"twitter:label2\" content=\"Est. reading time\" \/>\n\t<meta name=\"twitter:data2\" content=\"3 minutes\" \/>\n<script type=\"application\/ld+json\" class=\"yoast-schema-graph\">{\"@context\":\"https:\\\/\\\/schema.org\",\"@graph\":[{\"@type\":\"Article\",\"@id\":\"https:\\\/\\\/www.reciplasa.es\\\/los-consejeros-de-reciplasa-visitan-la-planta-de-onda-para-conocer-in-situ-las-inversiones-del-plan-de-gestion\\\/#article\",\"isPartOf\":{\"@id\":\"https:\\\/\\\/www.reciplasa.es\\\/los-consejeros-de-reciplasa-visitan-la-planta-de-onda-para-conocer-in-situ-las-inversiones-del-plan-de-gestion\\\/\"},\"author\":{\"name\":\"Cristina Marco\",\"@id\":\"https:\\\/\\\/www.reciplasa.es\\\/#\\\/schema\\\/person\\\/608ffc094e3c56d49e6c6ec8f1ea0e82\"},\"headline\":\"Els consellers de Reciplasa visiten la planta d&#8217;Onda per a con\u00e9ixer \u2018in situ\u2019 les inversions del pla de gesti\u00f3\",\"datePublished\":\"2019-07-24T13:00:19+00:00\",\"dateModified\":\"2019-07-29T07:47:35+00:00\",\"mainEntityOfPage\":{\"@id\":\"https:\\\/\\\/www.reciplasa.es\\\/los-consejeros-de-reciplasa-visitan-la-planta-de-onda-para-conocer-in-situ-las-inversiones-del-plan-de-gestion\\\/\"},\"wordCount\":615,\"image\":{\"@id\":\"https:\\\/\\\/www.reciplasa.es\\\/los-consejeros-de-reciplasa-visitan-la-planta-de-onda-para-conocer-in-situ-las-inversiones-del-plan-de-gestion\\\/#primaryimage\"},\"thumbnailUrl\":\"https:\\\/\\\/www.reciplasa.es\\\/wp-content\\\/uploads\\\/2019\\\/07\\\/visita-a-la-planta-consell-administracio\u011b.jpg\",\"articleSection\":[\"Not\u00edcies corporatives\"],\"inLanguage\":\"va-VA\"},{\"@type\":\"WebPage\",\"@id\":\"https:\\\/\\\/www.reciplasa.es\\\/los-consejeros-de-reciplasa-visitan-la-planta-de-onda-para-conocer-in-situ-las-inversiones-del-plan-de-gestion\\\/\",\"url\":\"https:\\\/\\\/www.reciplasa.es\\\/los-consejeros-de-reciplasa-visitan-la-planta-de-onda-para-conocer-in-situ-las-inversiones-del-plan-de-gestion\\\/\",\"name\":\"Els consellers de Reciplasa visiten la planta d'Onda per a con\u00e9ixer \u2018in situ\u2019 les inversions del pla de gesti\u00f3 - RECIPLASA\",\"isPartOf\":{\"@id\":\"https:\\\/\\\/www.reciplasa.es\\\/#website\"},\"primaryImageOfPage\":{\"@id\":\"https:\\\/\\\/www.reciplasa.es\\\/los-consejeros-de-reciplasa-visitan-la-planta-de-onda-para-conocer-in-situ-las-inversiones-del-plan-de-gestion\\\/#primaryimage\"},\"image\":{\"@id\":\"https:\\\/\\\/www.reciplasa.es\\\/los-consejeros-de-reciplasa-visitan-la-planta-de-onda-para-conocer-in-situ-las-inversiones-del-plan-de-gestion\\\/#primaryimage\"},\"thumbnailUrl\":\"https:\\\/\\\/www.reciplasa.es\\\/wp-content\\\/uploads\\\/2019\\\/07\\\/visita-a-la-planta-consell-administracio\u011b.jpg\",\"datePublished\":\"2019-07-24T13:00:19+00:00\",\"dateModified\":\"2019-07-29T07:47:35+00:00\",\"author\":{\"@id\":\"https:\\\/\\\/www.reciplasa.es\\\/#\\\/schema\\\/person\\\/608ffc094e3c56d49e6c6ec8f1ea0e82\"},\"breadcrumb\":{\"@id\":\"https:\\\/\\\/www.reciplasa.es\\\/los-consejeros-de-reciplasa-visitan-la-planta-de-onda-para-conocer-in-situ-las-inversiones-del-plan-de-gestion\\\/#breadcrumb\"},\"inLanguage\":\"va-VA\",\"potentialAction\":[{\"@type\":\"ReadAction\",\"target\":[\"https:\\\/\\\/www.reciplasa.es\\\/los-consejeros-de-reciplasa-visitan-la-planta-de-onda-para-conocer-in-situ-las-inversiones-del-plan-de-gestion\\\/\"]}]},{\"@type\":\"ImageObject\",\"inLanguage\":\"va-VA\",\"@id\":\"https:\\\/\\\/www.reciplasa.es\\\/los-consejeros-de-reciplasa-visitan-la-planta-de-onda-para-conocer-in-situ-las-inversiones-del-plan-de-gestion\\\/#primaryimage\",\"url\":\"https:\\\/\\\/www.reciplasa.es\\\/wp-content\\\/uploads\\\/2019\\\/07\\\/visita-a-la-planta-consell-administracio\u011b.jpg\",\"contentUrl\":\"https:\\\/\\\/www.reciplasa.es\\\/wp-content\\\/uploads\\\/2019\\\/07\\\/visita-a-la-planta-consell-administracio\u011b.jpg\",\"width\":3888,\"height\":2592,\"caption\":\"El consejo de administraci\u00f3n de Reciplasa visita la planta\"},{\"@type\":\"BreadcrumbList\",\"@id\":\"https:\\\/\\\/www.reciplasa.es\\\/los-consejeros-de-reciplasa-visitan-la-planta-de-onda-para-conocer-in-situ-las-inversiones-del-plan-de-gestion\\\/#breadcrumb\",\"itemListElement\":[{\"@type\":\"ListItem\",\"position\":1,\"name\":\"Portada\",\"item\":\"https:\\\/\\\/www.reciplasa.es\\\/va\\\/\"},{\"@type\":\"ListItem\",\"position\":2,\"name\":\"Els consellers de Reciplasa visiten la planta d&#8217;Onda per a con\u00e9ixer \u2018in situ\u2019 les inversions del pla de gesti\u00f3\"}]},{\"@type\":\"WebSite\",\"@id\":\"https:\\\/\\\/www.reciplasa.es\\\/#website\",\"url\":\"https:\\\/\\\/www.reciplasa.es\\\/\",\"name\":\"RECIPLASA\",\"description\":\"Reciclats de Residus La Plana SA\",\"potentialAction\":[{\"@type\":\"SearchAction\",\"target\":{\"@type\":\"EntryPoint\",\"urlTemplate\":\"https:\\\/\\\/www.reciplasa.es\\\/?s={search_term_string}\"},\"query-input\":{\"@type\":\"PropertyValueSpecification\",\"valueRequired\":true,\"valueName\":\"search_term_string\"}}],\"inLanguage\":\"va-VA\"},{\"@type\":\"Person\",\"@id\":\"https:\\\/\\\/www.reciplasa.es\\\/#\\\/schema\\\/person\\\/608ffc094e3c56d49e6c6ec8f1ea0e82\",\"name\":\"Cristina Marco\",\"image\":{\"@type\":\"ImageObject\",\"inLanguage\":\"va-VA\",\"@id\":\"https:\\\/\\\/secure.gravatar.com\\\/avatar\\\/6da7e00dc41d26d3c4245f3b2d70d687293df0dfc18f03719354383f7be4f34b?s=96&d=mm&r=g\",\"url\":\"https:\\\/\\\/secure.gravatar.com\\\/avatar\\\/6da7e00dc41d26d3c4245f3b2d70d687293df0dfc18f03719354383f7be4f34b?s=96&d=mm&r=g\",\"contentUrl\":\"https:\\\/\\\/secure.gravatar.com\\\/avatar\\\/6da7e00dc41d26d3c4245f3b2d70d687293df0dfc18f03719354383f7be4f34b?s=96&d=mm&r=g\",\"caption\":\"Cristina Marco\"},\"url\":\"https:\\\/\\\/www.reciplasa.es\\\/va\\\/author\\\/cristina\\\/\"}]}<\/script>\n<!-- \/ Yoast SEO plugin. -->","yoast_head_json":{"title":"Els consellers de Reciplasa visiten la planta d'Onda per a con\u00e9ixer \u2018in situ\u2019 les inversions del pla de gesti\u00f3 - RECIPLASA","robots":{"index":"index","follow":"follow","max-snippet":"max-snippet:-1","max-image-preview":"max-image-preview:large","max-video-preview":"max-video-preview:-1"},"canonical":"https:\/\/www.reciplasa.es\/los-consejeros-de-reciplasa-visitan-la-planta-de-onda-para-conocer-in-situ-las-inversiones-del-plan-de-gestion\/","og_locale":"en_US","og_type":"article","og_title":"Els consellers de Reciplasa visiten la planta d'Onda per a con\u00e9ixer \u2018in situ\u2019 les inversions del pla de gesti\u00f3 - RECIPLASA","og_description":"El consell d&#8217;administraci\u00f3 es va celebrar en les instal\u2022lacions de l&#8217;empresa p\u00fablica per a mostrar les millores a realitzar amb la inversi\u00f3 de 40 milions L&#8217;empresa p\u00fablica de tractament de residus de la zona centre de la prov\u00edncia de Castell\u00f3, Reciplasa, ha celebrat el seu consell d&#8217;administraci\u00f3 en les oficines de la companyia a OndaDale que hay m\u00e1s ...","og_url":"https:\/\/www.reciplasa.es\/los-consejeros-de-reciplasa-visitan-la-planta-de-onda-para-conocer-in-situ-las-inversiones-del-plan-de-gestion\/","og_site_name":"RECIPLASA","article_published_time":"2019-07-24T13:00:19+00:00","article_modified_time":"2019-07-29T07:47:35+00:00","og_image":[{"width":3888,"height":2592,"url":"https:\/\/www.reciplasa.es\/wp-content\/uploads\/2019\/07\/visita-a-la-planta-consell-administracio\u011b.jpg","type":"image\/jpeg"}],"author":"Cristina Marco","twitter_card":"summary_large_image","twitter_misc":{"Written by":"Cristina Marco","Est. reading time":"3 minutes"},"schema":{"@context":"https:\/\/schema.org","@graph":[{"@type":"Article","@id":"https:\/\/www.reciplasa.es\/los-consejeros-de-reciplasa-visitan-la-planta-de-onda-para-conocer-in-situ-las-inversiones-del-plan-de-gestion\/#article","isPartOf":{"@id":"https:\/\/www.reciplasa.es\/los-consejeros-de-reciplasa-visitan-la-planta-de-onda-para-conocer-in-situ-las-inversiones-del-plan-de-gestion\/"},"author":{"name":"Cristina Marco","@id":"https:\/\/www.reciplasa.es\/#\/schema\/person\/608ffc094e3c56d49e6c6ec8f1ea0e82"},"headline":"Els consellers de Reciplasa visiten la planta d&#8217;Onda per a con\u00e9ixer \u2018in situ\u2019 les inversions del pla de gesti\u00f3","datePublished":"2019-07-24T13:00:19+00:00","dateModified":"2019-07-29T07:47:35+00:00","mainEntityOfPage":{"@id":"https:\/\/www.reciplasa.es\/los-consejeros-de-reciplasa-visitan-la-planta-de-onda-para-conocer-in-situ-las-inversiones-del-plan-de-gestion\/"},"wordCount":615,"image":{"@id":"https:\/\/www.reciplasa.es\/los-consejeros-de-reciplasa-visitan-la-planta-de-onda-para-conocer-in-situ-las-inversiones-del-plan-de-gestion\/#primaryimage"},"thumbnailUrl":"https:\/\/www.reciplasa.es\/wp-content\/uploads\/2019\/07\/visita-a-la-planta-consell-administracio\u011b.jpg","articleSection":["Not\u00edcies corporatives"],"inLanguage":"va-VA"},{"@type":"WebPage","@id":"https:\/\/www.reciplasa.es\/los-consejeros-de-reciplasa-visitan-la-planta-de-onda-para-conocer-in-situ-las-inversiones-del-plan-de-gestion\/","url":"https:\/\/www.reciplasa.es\/los-consejeros-de-reciplasa-visitan-la-planta-de-onda-para-conocer-in-situ-las-inversiones-del-plan-de-gestion\/","name":"Els consellers de Reciplasa visiten la planta d'Onda per a con\u00e9ixer \u2018in situ\u2019 les inversions del pla de gesti\u00f3 - RECIPLASA","isPartOf":{"@id":"https:\/\/www.reciplasa.es\/#website"},"primaryImageOfPage":{"@id":"https:\/\/www.reciplasa.es\/los-consejeros-de-reciplasa-visitan-la-planta-de-onda-para-conocer-in-situ-las-inversiones-del-plan-de-gestion\/#primaryimage"},"image":{"@id":"https:\/\/www.reciplasa.es\/los-consejeros-de-reciplasa-visitan-la-planta-de-onda-para-conocer-in-situ-las-inversiones-del-plan-de-gestion\/#primaryimage"},"thumbnailUrl":"https:\/\/www.reciplasa.es\/wp-content\/uploads\/2019\/07\/visita-a-la-planta-consell-administracio\u011b.jpg","datePublished":"2019-07-24T13:00:19+00:00","dateModified":"2019-07-29T07:47:35+00:00","author":{"@id":"https:\/\/www.reciplasa.es\/#\/schema\/person\/608ffc094e3c56d49e6c6ec8f1ea0e82"},"breadcrumb":{"@id":"https:\/\/www.reciplasa.es\/los-consejeros-de-reciplasa-visitan-la-planta-de-onda-para-conocer-in-situ-las-inversiones-del-plan-de-gestion\/#breadcrumb"},"inLanguage":"va-VA","potentialAction":[{"@type":"ReadAction","target":["https:\/\/www.reciplasa.es\/los-consejeros-de-reciplasa-visitan-la-planta-de-onda-para-conocer-in-situ-las-inversiones-del-plan-de-gestion\/"]}]},{"@type":"ImageObject","inLanguage":"va-VA","@id":"https:\/\/www.reciplasa.es\/los-consejeros-de-reciplasa-visitan-la-planta-de-onda-para-conocer-in-situ-las-inversiones-del-plan-de-gestion\/#primaryimage","url":"https:\/\/www.reciplasa.es\/wp-content\/uploads\/2019\/07\/visita-a-la-planta-consell-administracio\u011b.jpg","contentUrl":"https:\/\/www.reciplasa.es\/wp-content\/uploads\/2019\/07\/visita-a-la-planta-consell-administracio\u011b.jpg","width":3888,"height":2592,"caption":"El consejo de administraci\u00f3n de Reciplasa visita la planta"},{"@type":"BreadcrumbList","@id":"https:\/\/www.reciplasa.es\/los-consejeros-de-reciplasa-visitan-la-planta-de-onda-para-conocer-in-situ-las-inversiones-del-plan-de-gestion\/#breadcrumb","itemListElement":[{"@type":"ListItem","position":1,"name":"Portada","item":"https:\/\/www.reciplasa.es\/va\/"},{"@type":"ListItem","position":2,"name":"Els consellers de Reciplasa visiten la planta d&#8217;Onda per a con\u00e9ixer \u2018in situ\u2019 les inversions del pla de gesti\u00f3"}]},{"@type":"WebSite","@id":"https:\/\/www.reciplasa.es\/#website","url":"https:\/\/www.reciplasa.es\/","name":"RECIPLASA","description":"Reciclats de Residus La Plana SA","potentialAction":[{"@type":"SearchAction","target":{"@type":"EntryPoint","urlTemplate":"https:\/\/www.reciplasa.es\/?s={search_term_string}"},"query-input":{"@type":"PropertyValueSpecification","valueRequired":true,"valueName":"search_term_string"}}],"inLanguage":"va-VA"},{"@type":"Person","@id":"https:\/\/www.reciplasa.es\/#\/schema\/person\/608ffc094e3c56d49e6c6ec8f1ea0e82","name":"Cristina Marco","image":{"@type":"ImageObject","inLanguage":"va-VA","@id":"https:\/\/secure.gravatar.com\/avatar\/6da7e00dc41d26d3c4245f3b2d70d687293df0dfc18f03719354383f7be4f34b?s=96&d=mm&r=g","url":"https:\/\/secure.gravatar.com\/avatar\/6da7e00dc41d26d3c4245f3b2d70d687293df0dfc18f03719354383f7be4f34b?s=96&d=mm&r=g","contentUrl":"https:\/\/secure.gravatar.com\/avatar\/6da7e00dc41d26d3c4245f3b2d70d687293df0dfc18f03719354383f7be4f34b?s=96&d=mm&r=g","caption":"Cristina Marco"},"url":"https:\/\/www.reciplasa.es\/va\/author\/cristina\/"}]}},"_links":{"self":[{"href":"https:\/\/www.reciplasa.es\/va\/wp-json\/wp\/v2\/posts\/14055","targetHints":{"allow":["GET"]}}],"collection":[{"href":"https:\/\/www.reciplasa.es\/va\/wp-json\/wp\/v2\/posts"}],"about":[{"href":"https:\/\/www.reciplasa.es\/va\/wp-json\/wp\/v2\/types\/post"}],"author":[{"embeddable":true,"href":"https:\/\/www.reciplasa.es\/va\/wp-json\/wp\/v2\/users\/3"}],"replies":[{"embeddable":true,"href":"https:\/\/www.reciplasa.es\/va\/wp-json\/wp\/v2\/comments?post=14055"}],"version-history":[{"count":3,"href":"https:\/\/www.reciplasa.es\/va\/wp-json\/wp\/v2\/posts\/14055\/revisions"}],"predecessor-version":[{"id":14060,"href":"https:\/\/www.reciplasa.es\/va\/wp-json\/wp\/v2\/posts\/14055\/revisions\/14060"}],"wp:featuredmedia":[{"embeddable":true,"href":"https:\/\/www.reciplasa.es\/va\/wp-json\/wp\/v2\/media\/14045"}],"wp:attachment":[{"href":"https:\/\/www.reciplasa.es\/va\/wp-json\/wp\/v2\/media?parent=14055"}],"wp:term":[{"taxonomy":"category","embeddable":true,"href":"https:\/\/www.reciplasa.es\/va\/wp-json\/wp\/v2\/categories?post=14055"},{"taxonomy":"post_tag","embeddable":true,"href":"https:\/\/www.reciplasa.es\/va\/wp-json\/wp\/v2\/tags?post=14055"}],"curies":[{"name":"wp","href":"https:\/\/api.w.org\/{rel}","templated":true}]}}