{"id":14086,"date":"2019-09-24T07:34:46","date_gmt":"2019-09-24T07:34:46","guid":{"rendered":"http:\/\/www.reciplasa.es\/?p=14086\/"},"modified":"2019-09-24T07:37:00","modified_gmt":"2019-09-24T07:37:00","slug":"reciplasa-demana-informes-juridics-per-a-avancar-en-el-pla-de-gestio","status":"publish","type":"post","link":"https:\/\/www.reciplasa.es\/va\/reciplasa-demana-informes-juridics-per-a-avancar-en-el-pla-de-gestio\/","title":{"rendered":"Reciplasa demana informes jur\u00eddics per a avan\u00e7ar en el Pla de Gesti\u00f3"},"content":{"rendered":"\n<h6><em><span style=\"font-weight: 400;\">L&#8217;empresa\np\u00fablica preveu amb aquest projecte millorar la planta de tractament d&#8217;Onda amb\nuna inversi\u00f3 pr\u00f2xima als 40 milions d&#8217;euros<\/span><\/em><\/h6>\n\n\n\n<p>L&#8217;empresa p\u00fablica per al tractament dels residus de la zona centre de la prov\u00edncia de Castell\u00f3, Reciplasa, ha sol\u00b7licitat uns informes jur\u00eddics per a avan\u00e7ar en el Pla de Gesti\u00f3 aprovat en el seu moment i que suposar\u00e0 una inversi\u00f3 de 40 milions d&#8217;euros per a la millora de les instal\u00b7lacions de la societat. Ignasi Garcia, president de Reciplasa, ha manifestat, despr\u00e9s del consell d&#8217;administraci\u00f3 celebrat hui a l&#8217;Ajuntament de Castell\u00f3 que \u201chem demanat un informe legal sobre la situaci\u00f3 generada en la societat pels \u00faltims esdeveniments relatius a l&#8217;abocador, ja que volem continuar avan\u00e7ant en la millora de les nostres instal\u00b7lacions a Onda per a oferir un servei concorde a l&#8217;actualitat i adaptar-les a les m\u00e9s exigents normatives mediambientals europees\u201d. <\/p>\n\n\n\n<p>\u201cEn aquest cas, es tracta de continuar amb el projecte aprovat definitivament en 2016 i per consens de totes les parts, els 46 municipis, la Generalitat i la Diputaci\u00f3 de Castell\u00f3, pel qual es pret\u00e9n millorar en el tractament dels residus que generem i poder dur a terme unes inversions beneficioses per al medi ambient. Es tracta de reduir el cost econ\u00f2mic i, sobretot, l&#8217;ecol\u00f2gic que genera el fem, per exemple, embalant el rebuig perqu\u00e8 ocupe menys lloc en l&#8217;abocador, per a evitar que es dispersen materials pl\u00e0stics i la creaci\u00f3 de lixiviats\u201d, ha comentat Garcia que afig que \u201cs\u00f3n unes inversions molt importants per a l&#8217;entitat i per al conjunt de la societat, ja que farem importants passos per a la millora del medi ambient\u201d.<\/p>\n\n\n\n<figure class=\"wp-block-image\"><img loading=\"lazy\" decoding=\"async\" width=\"1024\" height=\"683\" src=\"http:\/\/www.reciplasa.es\/wp-content\/uploads\/2019\/09\/Reunio\u00ec-Consell-Reciplasa-23-09-19-1024x683.jpg\" alt=\"reuni\u00f3n reciplasa\" class=\"wp-image-14082\" srcset=\"https:\/\/www.reciplasa.es\/wp-content\/uploads\/2019\/09\/Reunio\u00ec-Consell-Reciplasa-23-09-19-1024x683.jpg 1024w, https:\/\/www.reciplasa.es\/wp-content\/uploads\/2019\/09\/Reunio\u00ec-Consell-Reciplasa-23-09-19-300x200.jpg 300w, https:\/\/www.reciplasa.es\/wp-content\/uploads\/2019\/09\/Reunio\u00ec-Consell-Reciplasa-23-09-19-768x512.jpg 768w\" sizes=\"auto, (max-width: 1024px) 100vw, 1024px\" \/><\/figure>\n\n\n\n<p>A m\u00e9s, el consell d&#8217;administraci\u00f3 de Reciplasa ha sigut\ninformat que Reciplasa ha iniciat l&#8217;auditoria per a con\u00e9ixer els requisits\nmediambientals i de seguretat en les seues instal\u00b7lacions d&#8217;Almassora i Onda,\naix\u00ed com en els abocadors d&#8217;aquesta localitat i de Tales. El president de\nReciplasa, Ignasi Garcia, ha explicat que \u201cl&#8217;estudi mediambiental \u00e9s un\nrequisit legal i l&#8217;hem ampliat amb l&#8217;avaluaci\u00f3 de seguretat per a garantir en\ntot moment que complim amb els indicadors de qualitat. Revisarem a fons les\ninstal\u00b7lacions de Reciplasa per a millorar en all\u00f2 que siga necessari amb\naquestes inversions que hem explicat anteriorment\u201d.<\/p>\n","protected":false},"excerpt":{"rendered":"<p>L&#8217;empresa p\u00fablica preveu amb aquest projecte millorar la planta de tractament d&#8217;Onda amb una inversi\u00f3 pr\u00f2xima als 40 milions d&#8217;euros L&#8217;empresa p\u00fablica per al tractament dels residus de la zona centre de la prov\u00edncia de Castell\u00f3, Reciplasa, ha sol\u00b7licitat uns informes jur\u00eddics per a avan\u00e7ar en el Pla de Gesti\u00f3 aprovat en el seu momentDale que hay m\u00e1s &#8230;<\/p>\n","protected":false},"author":3,"featured_media":14083,"comment_status":"closed","ping_status":"closed","sticky":false,"template":"","format":"standard","meta":{"footnotes":""},"categories":[87],"tags":[],"class_list":["post-14086","post","type-post","status-publish","format-standard","has-post-thumbnail","hentry","category-noticies-corporatives"],"yoast_head":"<!-- This site is optimized with the Yoast SEO plugin v27.4 - https:\/\/yoast.com\/product\/yoast-seo-wordpress\/ -->\n<title>Reciplasa demana informes jur\u00eddics per a avan\u00e7ar en el Pla de Gesti\u00f3 - RECIPLASA<\/title>\n<meta name=\"robots\" content=\"index, follow, max-snippet:-1, max-image-preview:large, max-video-preview:-1\" \/>\n<link rel=\"canonical\" href=\"https:\/\/www.reciplasa.es\/reciplasa-pide-informes-juridicos-para-avanzar-en-el-plan-de-gestion\/\" \/>\n<meta property=\"og:locale\" content=\"en_US\" \/>\n<meta property=\"og:type\" content=\"article\" \/>\n<meta property=\"og:title\" content=\"Reciplasa demana informes jur\u00eddics per a avan\u00e7ar en el Pla de Gesti\u00f3 - RECIPLASA\" \/>\n<meta property=\"og:description\" content=\"L&#8217;empresa p\u00fablica preveu amb aquest projecte millorar la planta de tractament d&#8217;Onda amb una inversi\u00f3 pr\u00f2xima als 40 milions d&#8217;euros L&#8217;empresa p\u00fablica per al tractament dels residus de la zona centre de la prov\u00edncia de Castell\u00f3, Reciplasa, ha sol\u00b7licitat uns informes jur\u00eddics per a avan\u00e7ar en el Pla de Gesti\u00f3 aprovat en el seu momentDale que hay m\u00e1s ...\" \/>\n<meta property=\"og:url\" content=\"https:\/\/www.reciplasa.es\/reciplasa-pide-informes-juridicos-para-avanzar-en-el-plan-de-gestion\/\" \/>\n<meta property=\"og:site_name\" content=\"RECIPLASA\" \/>\n<meta property=\"article:published_time\" content=\"2019-09-24T07:34:46+00:00\" \/>\n<meta property=\"article:modified_time\" content=\"2019-09-24T07:37:00+00:00\" \/>\n<meta property=\"og:image\" content=\"https:\/\/www.reciplasa.es\/wp-content\/uploads\/2019\/09\/reunio\u011b-consell-administracio\u011b-23-09-19.jpg\" \/>\n\t<meta property=\"og:image:width\" content=\"3888\" \/>\n\t<meta property=\"og:image:height\" content=\"2592\" \/>\n\t<meta property=\"og:image:type\" content=\"image\/jpeg\" \/>\n<meta name=\"author\" content=\"Cristina Marco\" \/>\n<meta name=\"twitter:card\" content=\"summary_large_image\" \/>\n<meta name=\"twitter:label1\" content=\"Written by\" \/>\n\t<meta name=\"twitter:data1\" content=\"Cristina Marco\" \/>\n\t<meta name=\"twitter:label2\" content=\"Est. reading time\" \/>\n\t<meta name=\"twitter:data2\" content=\"2 minutes\" \/>\n<script type=\"application\/ld+json\" class=\"yoast-schema-graph\">{\"@context\":\"https:\\\/\\\/schema.org\",\"@graph\":[{\"@type\":\"Article\",\"@id\":\"https:\\\/\\\/www.reciplasa.es\\\/reciplasa-pide-informes-juridicos-para-avanzar-en-el-plan-de-gestion\\\/#article\",\"isPartOf\":{\"@id\":\"https:\\\/\\\/www.reciplasa.es\\\/reciplasa-pide-informes-juridicos-para-avanzar-en-el-plan-de-gestion\\\/\"},\"author\":{\"name\":\"Cristina Marco\",\"@id\":\"https:\\\/\\\/www.reciplasa.es\\\/#\\\/schema\\\/person\\\/608ffc094e3c56d49e6c6ec8f1ea0e82\"},\"headline\":\"Reciplasa demana informes jur\u00eddics per a avan\u00e7ar en el Pla de Gesti\u00f3\",\"datePublished\":\"2019-09-24T07:34:46+00:00\",\"dateModified\":\"2019-09-24T07:37:00+00:00\",\"mainEntityOfPage\":{\"@id\":\"https:\\\/\\\/www.reciplasa.es\\\/reciplasa-pide-informes-juridicos-para-avanzar-en-el-plan-de-gestion\\\/\"},\"wordCount\":415,\"image\":{\"@id\":\"https:\\\/\\\/www.reciplasa.es\\\/reciplasa-pide-informes-juridicos-para-avanzar-en-el-plan-de-gestion\\\/#primaryimage\"},\"thumbnailUrl\":\"https:\\\/\\\/www.reciplasa.es\\\/wp-content\\\/uploads\\\/2019\\\/09\\\/reunio\u011b-consell-administracio\u011b-23-09-19.jpg\",\"articleSection\":[\"Not\u00edcies corporatives\"],\"inLanguage\":\"va-VA\"},{\"@type\":\"WebPage\",\"@id\":\"https:\\\/\\\/www.reciplasa.es\\\/reciplasa-pide-informes-juridicos-para-avanzar-en-el-plan-de-gestion\\\/\",\"url\":\"https:\\\/\\\/www.reciplasa.es\\\/reciplasa-pide-informes-juridicos-para-avanzar-en-el-plan-de-gestion\\\/\",\"name\":\"Reciplasa demana informes jur\u00eddics per a avan\u00e7ar en el Pla de Gesti\u00f3 - RECIPLASA\",\"isPartOf\":{\"@id\":\"https:\\\/\\\/www.reciplasa.es\\\/#website\"},\"primaryImageOfPage\":{\"@id\":\"https:\\\/\\\/www.reciplasa.es\\\/reciplasa-pide-informes-juridicos-para-avanzar-en-el-plan-de-gestion\\\/#primaryimage\"},\"image\":{\"@id\":\"https:\\\/\\\/www.reciplasa.es\\\/reciplasa-pide-informes-juridicos-para-avanzar-en-el-plan-de-gestion\\\/#primaryimage\"},\"thumbnailUrl\":\"https:\\\/\\\/www.reciplasa.es\\\/wp-content\\\/uploads\\\/2019\\\/09\\\/reunio\u011b-consell-administracio\u011b-23-09-19.jpg\",\"datePublished\":\"2019-09-24T07:34:46+00:00\",\"dateModified\":\"2019-09-24T07:37:00+00:00\",\"author\":{\"@id\":\"https:\\\/\\\/www.reciplasa.es\\\/#\\\/schema\\\/person\\\/608ffc094e3c56d49e6c6ec8f1ea0e82\"},\"breadcrumb\":{\"@id\":\"https:\\\/\\\/www.reciplasa.es\\\/reciplasa-pide-informes-juridicos-para-avanzar-en-el-plan-de-gestion\\\/#breadcrumb\"},\"inLanguage\":\"va-VA\",\"potentialAction\":[{\"@type\":\"ReadAction\",\"target\":[\"https:\\\/\\\/www.reciplasa.es\\\/reciplasa-pide-informes-juridicos-para-avanzar-en-el-plan-de-gestion\\\/\"]}]},{\"@type\":\"ImageObject\",\"inLanguage\":\"va-VA\",\"@id\":\"https:\\\/\\\/www.reciplasa.es\\\/reciplasa-pide-informes-juridicos-para-avanzar-en-el-plan-de-gestion\\\/#primaryimage\",\"url\":\"https:\\\/\\\/www.reciplasa.es\\\/wp-content\\\/uploads\\\/2019\\\/09\\\/reunio\u011b-consell-administracio\u011b-23-09-19.jpg\",\"contentUrl\":\"https:\\\/\\\/www.reciplasa.es\\\/wp-content\\\/uploads\\\/2019\\\/09\\\/reunio\u011b-consell-administracio\u011b-23-09-19.jpg\",\"width\":3888,\"height\":2592,\"caption\":\"Reuni\u00f3n Reciplasa\"},{\"@type\":\"BreadcrumbList\",\"@id\":\"https:\\\/\\\/www.reciplasa.es\\\/reciplasa-pide-informes-juridicos-para-avanzar-en-el-plan-de-gestion\\\/#breadcrumb\",\"itemListElement\":[{\"@type\":\"ListItem\",\"position\":1,\"name\":\"Portada\",\"item\":\"https:\\\/\\\/www.reciplasa.es\\\/va\\\/\"},{\"@type\":\"ListItem\",\"position\":2,\"name\":\"Reciplasa demana informes jur\u00eddics per a avan\u00e7ar en el Pla de Gesti\u00f3\"}]},{\"@type\":\"WebSite\",\"@id\":\"https:\\\/\\\/www.reciplasa.es\\\/#website\",\"url\":\"https:\\\/\\\/www.reciplasa.es\\\/\",\"name\":\"RECIPLASA\",\"description\":\"Reciclats de Residus La Plana SA\",\"potentialAction\":[{\"@type\":\"SearchAction\",\"target\":{\"@type\":\"EntryPoint\",\"urlTemplate\":\"https:\\\/\\\/www.reciplasa.es\\\/?s={search_term_string}\"},\"query-input\":{\"@type\":\"PropertyValueSpecification\",\"valueRequired\":true,\"valueName\":\"search_term_string\"}}],\"inLanguage\":\"va-VA\"},{\"@type\":\"Person\",\"@id\":\"https:\\\/\\\/www.reciplasa.es\\\/#\\\/schema\\\/person\\\/608ffc094e3c56d49e6c6ec8f1ea0e82\",\"name\":\"Cristina Marco\",\"image\":{\"@type\":\"ImageObject\",\"inLanguage\":\"va-VA\",\"@id\":\"https:\\\/\\\/secure.gravatar.com\\\/avatar\\\/6da7e00dc41d26d3c4245f3b2d70d687293df0dfc18f03719354383f7be4f34b?s=96&d=mm&r=g\",\"url\":\"https:\\\/\\\/secure.gravatar.com\\\/avatar\\\/6da7e00dc41d26d3c4245f3b2d70d687293df0dfc18f03719354383f7be4f34b?s=96&d=mm&r=g\",\"contentUrl\":\"https:\\\/\\\/secure.gravatar.com\\\/avatar\\\/6da7e00dc41d26d3c4245f3b2d70d687293df0dfc18f03719354383f7be4f34b?s=96&d=mm&r=g\",\"caption\":\"Cristina Marco\"},\"url\":\"https:\\\/\\\/www.reciplasa.es\\\/va\\\/author\\\/cristina\\\/\"}]}<\/script>\n<!-- \/ Yoast SEO plugin. -->","yoast_head_json":{"title":"Reciplasa demana informes jur\u00eddics per a avan\u00e7ar en el Pla de Gesti\u00f3 - RECIPLASA","robots":{"index":"index","follow":"follow","max-snippet":"max-snippet:-1","max-image-preview":"max-image-preview:large","max-video-preview":"max-video-preview:-1"},"canonical":"https:\/\/www.reciplasa.es\/reciplasa-pide-informes-juridicos-para-avanzar-en-el-plan-de-gestion\/","og_locale":"en_US","og_type":"article","og_title":"Reciplasa demana informes jur\u00eddics per a avan\u00e7ar en el Pla de Gesti\u00f3 - RECIPLASA","og_description":"L&#8217;empresa p\u00fablica preveu amb aquest projecte millorar la planta de tractament d&#8217;Onda amb una inversi\u00f3 pr\u00f2xima als 40 milions d&#8217;euros L&#8217;empresa p\u00fablica per al tractament dels residus de la zona centre de la prov\u00edncia de Castell\u00f3, Reciplasa, ha sol\u00b7licitat uns informes jur\u00eddics per a avan\u00e7ar en el Pla de Gesti\u00f3 aprovat en el seu momentDale que hay m\u00e1s ...","og_url":"https:\/\/www.reciplasa.es\/reciplasa-pide-informes-juridicos-para-avanzar-en-el-plan-de-gestion\/","og_site_name":"RECIPLASA","article_published_time":"2019-09-24T07:34:46+00:00","article_modified_time":"2019-09-24T07:37:00+00:00","og_image":[{"width":3888,"height":2592,"url":"https:\/\/www.reciplasa.es\/wp-content\/uploads\/2019\/09\/reunio\u011b-consell-administracio\u011b-23-09-19.jpg","type":"image\/jpeg"}],"author":"Cristina Marco","twitter_card":"summary_large_image","twitter_misc":{"Written by":"Cristina Marco","Est. reading time":"2 minutes"},"schema":{"@context":"https:\/\/schema.org","@graph":[{"@type":"Article","@id":"https:\/\/www.reciplasa.es\/reciplasa-pide-informes-juridicos-para-avanzar-en-el-plan-de-gestion\/#article","isPartOf":{"@id":"https:\/\/www.reciplasa.es\/reciplasa-pide-informes-juridicos-para-avanzar-en-el-plan-de-gestion\/"},"author":{"name":"Cristina Marco","@id":"https:\/\/www.reciplasa.es\/#\/schema\/person\/608ffc094e3c56d49e6c6ec8f1ea0e82"},"headline":"Reciplasa demana informes jur\u00eddics per a avan\u00e7ar en el Pla de Gesti\u00f3","datePublished":"2019-09-24T07:34:46+00:00","dateModified":"2019-09-24T07:37:00+00:00","mainEntityOfPage":{"@id":"https:\/\/www.reciplasa.es\/reciplasa-pide-informes-juridicos-para-avanzar-en-el-plan-de-gestion\/"},"wordCount":415,"image":{"@id":"https:\/\/www.reciplasa.es\/reciplasa-pide-informes-juridicos-para-avanzar-en-el-plan-de-gestion\/#primaryimage"},"thumbnailUrl":"https:\/\/www.reciplasa.es\/wp-content\/uploads\/2019\/09\/reunio\u011b-consell-administracio\u011b-23-09-19.jpg","articleSection":["Not\u00edcies corporatives"],"inLanguage":"va-VA"},{"@type":"WebPage","@id":"https:\/\/www.reciplasa.es\/reciplasa-pide-informes-juridicos-para-avanzar-en-el-plan-de-gestion\/","url":"https:\/\/www.reciplasa.es\/reciplasa-pide-informes-juridicos-para-avanzar-en-el-plan-de-gestion\/","name":"Reciplasa demana informes jur\u00eddics per a avan\u00e7ar en el Pla de Gesti\u00f3 - RECIPLASA","isPartOf":{"@id":"https:\/\/www.reciplasa.es\/#website"},"primaryImageOfPage":{"@id":"https:\/\/www.reciplasa.es\/reciplasa-pide-informes-juridicos-para-avanzar-en-el-plan-de-gestion\/#primaryimage"},"image":{"@id":"https:\/\/www.reciplasa.es\/reciplasa-pide-informes-juridicos-para-avanzar-en-el-plan-de-gestion\/#primaryimage"},"thumbnailUrl":"https:\/\/www.reciplasa.es\/wp-content\/uploads\/2019\/09\/reunio\u011b-consell-administracio\u011b-23-09-19.jpg","datePublished":"2019-09-24T07:34:46+00:00","dateModified":"2019-09-24T07:37:00+00:00","author":{"@id":"https:\/\/www.reciplasa.es\/#\/schema\/person\/608ffc094e3c56d49e6c6ec8f1ea0e82"},"breadcrumb":{"@id":"https:\/\/www.reciplasa.es\/reciplasa-pide-informes-juridicos-para-avanzar-en-el-plan-de-gestion\/#breadcrumb"},"inLanguage":"va-VA","potentialAction":[{"@type":"ReadAction","target":["https:\/\/www.reciplasa.es\/reciplasa-pide-informes-juridicos-para-avanzar-en-el-plan-de-gestion\/"]}]},{"@type":"ImageObject","inLanguage":"va-VA","@id":"https:\/\/www.reciplasa.es\/reciplasa-pide-informes-juridicos-para-avanzar-en-el-plan-de-gestion\/#primaryimage","url":"https:\/\/www.reciplasa.es\/wp-content\/uploads\/2019\/09\/reunio\u011b-consell-administracio\u011b-23-09-19.jpg","contentUrl":"https:\/\/www.reciplasa.es\/wp-content\/uploads\/2019\/09\/reunio\u011b-consell-administracio\u011b-23-09-19.jpg","width":3888,"height":2592,"caption":"Reuni\u00f3n Reciplasa"},{"@type":"BreadcrumbList","@id":"https:\/\/www.reciplasa.es\/reciplasa-pide-informes-juridicos-para-avanzar-en-el-plan-de-gestion\/#breadcrumb","itemListElement":[{"@type":"ListItem","position":1,"name":"Portada","item":"https:\/\/www.reciplasa.es\/va\/"},{"@type":"ListItem","position":2,"name":"Reciplasa demana informes jur\u00eddics per a avan\u00e7ar en el Pla de Gesti\u00f3"}]},{"@type":"WebSite","@id":"https:\/\/www.reciplasa.es\/#website","url":"https:\/\/www.reciplasa.es\/","name":"RECIPLASA","description":"Reciclats de Residus La Plana SA","potentialAction":[{"@type":"SearchAction","target":{"@type":"EntryPoint","urlTemplate":"https:\/\/www.reciplasa.es\/?s={search_term_string}"},"query-input":{"@type":"PropertyValueSpecification","valueRequired":true,"valueName":"search_term_string"}}],"inLanguage":"va-VA"},{"@type":"Person","@id":"https:\/\/www.reciplasa.es\/#\/schema\/person\/608ffc094e3c56d49e6c6ec8f1ea0e82","name":"Cristina Marco","image":{"@type":"ImageObject","inLanguage":"va-VA","@id":"https:\/\/secure.gravatar.com\/avatar\/6da7e00dc41d26d3c4245f3b2d70d687293df0dfc18f03719354383f7be4f34b?s=96&d=mm&r=g","url":"https:\/\/secure.gravatar.com\/avatar\/6da7e00dc41d26d3c4245f3b2d70d687293df0dfc18f03719354383f7be4f34b?s=96&d=mm&r=g","contentUrl":"https:\/\/secure.gravatar.com\/avatar\/6da7e00dc41d26d3c4245f3b2d70d687293df0dfc18f03719354383f7be4f34b?s=96&d=mm&r=g","caption":"Cristina Marco"},"url":"https:\/\/www.reciplasa.es\/va\/author\/cristina\/"}]}},"_links":{"self":[{"href":"https:\/\/www.reciplasa.es\/va\/wp-json\/wp\/v2\/posts\/14086","targetHints":{"allow":["GET"]}}],"collection":[{"href":"https:\/\/www.reciplasa.es\/va\/wp-json\/wp\/v2\/posts"}],"about":[{"href":"https:\/\/www.reciplasa.es\/va\/wp-json\/wp\/v2\/types\/post"}],"author":[{"embeddable":true,"href":"https:\/\/www.reciplasa.es\/va\/wp-json\/wp\/v2\/users\/3"}],"replies":[{"embeddable":true,"href":"https:\/\/www.reciplasa.es\/va\/wp-json\/wp\/v2\/comments?post=14086"}],"version-history":[{"count":2,"href":"https:\/\/www.reciplasa.es\/va\/wp-json\/wp\/v2\/posts\/14086\/revisions"}],"predecessor-version":[{"id":14088,"href":"https:\/\/www.reciplasa.es\/va\/wp-json\/wp\/v2\/posts\/14086\/revisions\/14088"}],"wp:featuredmedia":[{"embeddable":true,"href":"https:\/\/www.reciplasa.es\/va\/wp-json\/wp\/v2\/media\/14083"}],"wp:attachment":[{"href":"https:\/\/www.reciplasa.es\/va\/wp-json\/wp\/v2\/media?parent=14086"}],"wp:term":[{"taxonomy":"category","embeddable":true,"href":"https:\/\/www.reciplasa.es\/va\/wp-json\/wp\/v2\/categories?post=14086"},{"taxonomy":"post_tag","embeddable":true,"href":"https:\/\/www.reciplasa.es\/va\/wp-json\/wp\/v2\/tags?post=14086"}],"curies":[{"name":"wp","href":"https:\/\/api.w.org\/{rel}","templated":true}]}}