{"id":14104,"date":"2019-10-03T06:50:39","date_gmt":"2019-10-03T06:50:39","guid":{"rendered":"http:\/\/www.reciplasa.es\/?p=14104\/"},"modified":"2023-07-25T14:57:11","modified_gmt":"2023-07-25T14:57:11","slug":"reciplasa-visita-al-costat-de-la-consellera-molla-la-planta-de-algimia-com-a-referent-per-a-les-futures-inversions","status":"publish","type":"post","link":"https:\/\/www.reciplasa.es\/va\/reciplasa-visita-al-costat-de-la-consellera-molla-la-planta-de-algimia-com-a-referent-per-a-les-futures-inversions\/","title":{"rendered":"Reciplasa visita al costat de la consellera Moll\u00e0 la planta de Alg\u00edmia com a referent per a les futures inversions"},"content":{"rendered":"\n<p>El president Reciplasa, Ignasi Garcia, juntament amb diferents membres del consell d&#8217;administraci\u00f3 de l&#8217;entitat, la consellera d&#8217;Agricultura, Desenvolupament Rural, Emerg\u00e8ncia Clim\u00e0tica i Transici\u00f3 Ecol\u00f2gica, Mireia Moll\u00e0, i el director general de Qualitat Ambiental, Joan Piquer, han visitat hui la planta de tractament de residus de Alg\u00edmia de Alfara, que d\u00f3na servei a la zona sud de la prov\u00edncia de Castell\u00f3 i nord de Val\u00e8ncia, per a con\u00e9ixer de primera m\u00e0 aquestes instal\u00b7lacions que han de servir com a referent per a les inversions de 40 milions d&#8217;euros que est\u00e0 escometent l&#8217;empresa p\u00fablica en les instal\u00b7lacions d&#8217;Onda. Garcia ha explicat que \u201cla planta d&#8217;Onda es va obrir en 1998 i en els \u00faltims quatre anys s&#8217;ha dissenyat un pla per a renovar-la i modernitzar-la ja que tenim un objectiu manat, no solament per la legislaci\u00f3 europea, si no per la responsabilitat social i el comprom\u00eds amb la ciutadania. Tenim un model, com \u00e9s el de Alg\u00edmia, que sabem que est\u00e0 funcionant i volem poder aplicar-ho i millorar-ho, si cap, en les nostres instal\u00b7lacions d&#8217;Onda\u201d.<\/p>\n\n\n\n<figure class=\"wp-block-image\"><img loading=\"lazy\" decoding=\"async\" width=\"1024\" height=\"678\" src=\"http:\/\/www.reciplasa.es\/wp-content\/uploads\/2019\/10\/VisitaplantaAlgimia_3-1024x678.jpg\" alt=\"\" class=\"wp-image-14101\" srcset=\"https:\/\/www.reciplasa.es\/wp-content\/uploads\/2019\/10\/VisitaplantaAlgimia_3-1024x678.jpg 1024w, https:\/\/www.reciplasa.es\/wp-content\/uploads\/2019\/10\/VisitaplantaAlgimia_3-300x199.jpg 300w, https:\/\/www.reciplasa.es\/wp-content\/uploads\/2019\/10\/VisitaplantaAlgimia_3-768x509.jpg 768w\" sizes=\"auto, (max-width: 1024px) 100vw, 1024px\" \/><\/figure>\n\n\n\n<p>\u201cTenim molts reptes per davant, el m\u00e9s important \u00e9s reduir la quantitat de rebuig que va a l&#8217;abocador i en aix\u00f2 estem treballant. Per\u00f2 tamb\u00e9 tenim per davant l&#8217;obligaci\u00f3 de tractar els residus org\u00e0nics i l&#8217;educaci\u00f3 ambiental, que \u00e9s una cosa que estava desdibuixada i amb el Pla Integral de Residus avan\u00e7arem molt a reduir l&#8217;impacte ambiental. L&#8217;objectiu \u00e9s en uns dos anys acostar-nos al nivell de recuperaci\u00f3 i reducci\u00f3 del rebuig que t\u00e9 Alg\u00edmia\u201d, ha explicat Garcia.<\/p>\n\n\n\n<figure class=\"wp-block-image\"><img loading=\"lazy\" decoding=\"async\" width=\"1024\" height=\"678\" src=\"http:\/\/www.reciplasa.es\/wp-content\/uploads\/2019\/10\/VisitaplantaAlgimia_1-1024x678.jpg\" alt=\"\" class=\"wp-image-14102\" srcset=\"https:\/\/www.reciplasa.es\/wp-content\/uploads\/2019\/10\/VisitaplantaAlgimia_1-1024x678.jpg 1024w, https:\/\/www.reciplasa.es\/wp-content\/uploads\/2019\/10\/VisitaplantaAlgimia_1-300x199.jpg 300w, https:\/\/www.reciplasa.es\/wp-content\/uploads\/2019\/10\/VisitaplantaAlgimia_1-768x509.jpg 768w\" sizes=\"auto, (max-width: 1024px) 100vw, 1024px\" \/><\/figure>\n\n\n\n<p>Per part seua, Moll\u00e0 ha explicat \u201caquesta planta \u00e9s un model exemplar a\nnivell europeu. En aquest sentit emplace al fet que model de Algimia siga el\nque s&#8217;implante en el Consorci C2 (Onda) en contraposici\u00f3 a l&#8217;actual\ninstal\u00b7laci\u00f3 que ha quedat desfasada. Estem en un moment d&#8217;emerg\u00e8ncia\nclim\u00e0tica, per aix\u00f2 vull instar al consell d&#8217;administraci\u00f3 de Reciplasa i als\nmunicipis involucrats en el Consorci C2 al fet que, des del consens,\ncomprenguen que cal acostar-se a aquesta gesti\u00f3 exemplar dels residus ser\u00e0 molt\npositiu per a la ciutadania i amb la visita de hui, estic conven\u00e7uda que els\nresponsables pol\u00edtics s&#8217;hauran conven\u00e7ut que aquest \u00e9s el model que seguir per\na tindre dos referents a la prov\u00edncia de Castell\u00f3\u201d.<\/p>\n\n\n\n<h3 class=\"wp-block-heading\"><strong>Consell d&#8217;administraci\u00f3<\/strong><\/h3>\n\n\n\n<figure class=\"wp-block-image\"><img loading=\"lazy\" decoding=\"async\" width=\"1024\" height=\"678\" src=\"http:\/\/www.reciplasa.es\/wp-content\/uploads\/2019\/10\/ReunionConsejoReciplasa-1024x678.jpg\" alt=\"consejo administraci\u00f3n de reciplasa\" class=\"wp-image-14099\" srcset=\"https:\/\/www.reciplasa.es\/wp-content\/uploads\/2019\/10\/ReunionConsejoReciplasa-1024x678.jpg 1024w, https:\/\/www.reciplasa.es\/wp-content\/uploads\/2019\/10\/ReunionConsejoReciplasa-300x199.jpg 300w, https:\/\/www.reciplasa.es\/wp-content\/uploads\/2019\/10\/ReunionConsejoReciplasa-768x509.jpg 768w\" sizes=\"auto, (max-width: 1024px) 100vw, 1024px\" \/><\/figure>\n\n\n\n<p>D&#8217;altra banda, aquest mat\u00ed ha tingut lloc a l&#8217;ajuntament de Vila-real el consell d&#8217;administraci\u00f3 de Reciplasa que ha aprovat uns pressupostos de 16,3 milions d&#8217;euros per al pr\u00f2xim exercici. Aix\u00ed, els consellers han aprovat dins d&#8217;aquests comptes 3,3 milions per a donar continu\u00eftat a les inversions ja iniciades i que conclouran amb els citats 40 milions d&#8217;euros per a modernitzar les instal\u00b7lacions de l&#8217;empresa p\u00fablica i aconseguir aix\u00ed reduir els costos econ\u00f2mics i ecol\u00f2gics del tractament dels residus. Aix\u00ed mateix, el consell ha aprovat per unanimitat la pujada d&#8217;un 6% del c\u00e0non de transfer\u00e8ncia i de tractament de residus de poda i voluminosos i un 9% el de tractament i eliminaci\u00f3 de residus respecte a les quotes d&#8217;enguany, amb la finalitat d&#8217;afrontar els sobrecostos generats pel rebliment de l&#8217;abocador i aquestes noves inversions de millora plantejades en el pla de gesti\u00f3.<\/p>\n","protected":false},"excerpt":{"rendered":"<p>El president Reciplasa, Ignasi Garcia, juntament amb diferents membres del consell d&#8217;administraci\u00f3 de l&#8217;entitat, la consellera d&#8217;Agricultura, Desenvolupament Rural, Emerg\u00e8ncia Clim\u00e0tica i Transici\u00f3 Ecol\u00f2gica, Mireia Moll\u00e0, i el director general de Qualitat Ambiental, Joan Piquer, han visitat hui la planta de tractament de residus de Alg\u00edmia de Alfara, que d\u00f3na servei a la zona sudDale que hay m\u00e1s &#8230;<\/p>\n","protected":false},"author":3,"featured_media":14100,"comment_status":"closed","ping_status":"closed","sticky":false,"template":"","format":"standard","meta":{"footnotes":""},"categories":[87],"tags":[],"class_list":["post-14104","post","type-post","status-publish","format-standard","has-post-thumbnail","hentry","category-noticies-corporatives"],"yoast_head":"<!-- This site is optimized with the Yoast SEO plugin v27.4 - https:\/\/yoast.com\/product\/yoast-seo-wordpress\/ -->\n<title>Reciplasa visita al costat de la consellera Moll\u00e0 la planta de Alg\u00edmia com a referent per a les futures inversions - RECIPLASA<\/title>\n<meta name=\"robots\" content=\"index, follow, max-snippet:-1, max-image-preview:large, max-video-preview:-1\" \/>\n<link rel=\"canonical\" href=\"https:\/\/www.reciplasa.es\/reciplasa-visita-junto-a-la-consellera-molla-la-planta-de-algimia-como-referente-para-las-futuras-inversiones\/\" \/>\n<meta property=\"og:locale\" content=\"en_US\" \/>\n<meta property=\"og:type\" content=\"article\" \/>\n<meta property=\"og:title\" content=\"Reciplasa visita al costat de la consellera Moll\u00e0 la planta de Alg\u00edmia com a referent per a les futures inversions - RECIPLASA\" \/>\n<meta property=\"og:description\" content=\"El president Reciplasa, Ignasi Garcia, juntament amb diferents membres del consell d&#8217;administraci\u00f3 de l&#8217;entitat, la consellera d&#8217;Agricultura, Desenvolupament Rural, Emerg\u00e8ncia Clim\u00e0tica i Transici\u00f3 Ecol\u00f2gica, Mireia Moll\u00e0, i el director general de Qualitat Ambiental, Joan Piquer, han visitat hui la planta de tractament de residus de Alg\u00edmia de Alfara, que d\u00f3na servei a la zona sudDale que hay m\u00e1s ...\" \/>\n<meta property=\"og:url\" content=\"https:\/\/www.reciplasa.es\/reciplasa-visita-junto-a-la-consellera-molla-la-planta-de-algimia-como-referente-para-las-futuras-inversiones\/\" \/>\n<meta property=\"og:site_name\" content=\"RECIPLASA\" \/>\n<meta property=\"article:published_time\" content=\"2019-10-03T06:50:39+00:00\" \/>\n<meta property=\"article:modified_time\" content=\"2023-07-25T14:57:11+00:00\" \/>\n<meta property=\"og:image\" content=\"https:\/\/www.reciplasa.es\/wp-content\/uploads\/2019\/10\/VisitaplantaAlgimia_2.jpg\" \/>\n\t<meta property=\"og:image:width\" content=\"4928\" \/>\n\t<meta property=\"og:image:height\" content=\"3264\" \/>\n\t<meta property=\"og:image:type\" content=\"image\/jpeg\" \/>\n<meta name=\"author\" content=\"Cristina Marco\" \/>\n<meta name=\"twitter:card\" content=\"summary_large_image\" \/>\n<meta name=\"twitter:label1\" content=\"Written by\" \/>\n\t<meta name=\"twitter:data1\" content=\"Cristina Marco\" \/>\n\t<meta name=\"twitter:label2\" content=\"Est. reading time\" \/>\n\t<meta name=\"twitter:data2\" content=\"3 minutes\" \/>\n<script type=\"application\/ld+json\" class=\"yoast-schema-graph\">{\"@context\":\"https:\\\/\\\/schema.org\",\"@graph\":[{\"@type\":\"Article\",\"@id\":\"https:\\\/\\\/www.reciplasa.es\\\/reciplasa-visita-junto-a-la-consellera-molla-la-planta-de-algimia-como-referente-para-las-futuras-inversiones\\\/#article\",\"isPartOf\":{\"@id\":\"https:\\\/\\\/www.reciplasa.es\\\/reciplasa-visita-junto-a-la-consellera-molla-la-planta-de-algimia-como-referente-para-las-futuras-inversiones\\\/\"},\"author\":{\"name\":\"Cristina Marco\",\"@id\":\"https:\\\/\\\/www.reciplasa.es\\\/#\\\/schema\\\/person\\\/608ffc094e3c56d49e6c6ec8f1ea0e82\"},\"headline\":\"Reciplasa visita al costat de la consellera Moll\u00e0 la planta de Alg\u00edmia com a referent per a les futures inversions\",\"datePublished\":\"2019-10-03T06:50:39+00:00\",\"dateModified\":\"2023-07-25T14:57:11+00:00\",\"mainEntityOfPage\":{\"@id\":\"https:\\\/\\\/www.reciplasa.es\\\/reciplasa-visita-junto-a-la-consellera-molla-la-planta-de-algimia-como-referente-para-las-futuras-inversiones\\\/\"},\"wordCount\":592,\"image\":{\"@id\":\"https:\\\/\\\/www.reciplasa.es\\\/reciplasa-visita-junto-a-la-consellera-molla-la-planta-de-algimia-como-referente-para-las-futuras-inversiones\\\/#primaryimage\"},\"thumbnailUrl\":\"https:\\\/\\\/www.reciplasa.es\\\/wp-content\\\/uploads\\\/2019\\\/10\\\/VisitaplantaAlgimia_2.jpg\",\"articleSection\":[\"Not\u00edcies corporatives\"],\"inLanguage\":\"va-VA\"},{\"@type\":\"WebPage\",\"@id\":\"https:\\\/\\\/www.reciplasa.es\\\/reciplasa-visita-junto-a-la-consellera-molla-la-planta-de-algimia-como-referente-para-las-futuras-inversiones\\\/\",\"url\":\"https:\\\/\\\/www.reciplasa.es\\\/reciplasa-visita-junto-a-la-consellera-molla-la-planta-de-algimia-como-referente-para-las-futuras-inversiones\\\/\",\"name\":\"Reciplasa visita al costat de la consellera Moll\u00e0 la planta de Alg\u00edmia com a referent per a les futures inversions - RECIPLASA\",\"isPartOf\":{\"@id\":\"https:\\\/\\\/www.reciplasa.es\\\/#website\"},\"primaryImageOfPage\":{\"@id\":\"https:\\\/\\\/www.reciplasa.es\\\/reciplasa-visita-junto-a-la-consellera-molla-la-planta-de-algimia-como-referente-para-las-futuras-inversiones\\\/#primaryimage\"},\"image\":{\"@id\":\"https:\\\/\\\/www.reciplasa.es\\\/reciplasa-visita-junto-a-la-consellera-molla-la-planta-de-algimia-como-referente-para-las-futuras-inversiones\\\/#primaryimage\"},\"thumbnailUrl\":\"https:\\\/\\\/www.reciplasa.es\\\/wp-content\\\/uploads\\\/2019\\\/10\\\/VisitaplantaAlgimia_2.jpg\",\"datePublished\":\"2019-10-03T06:50:39+00:00\",\"dateModified\":\"2023-07-25T14:57:11+00:00\",\"author\":{\"@id\":\"https:\\\/\\\/www.reciplasa.es\\\/#\\\/schema\\\/person\\\/608ffc094e3c56d49e6c6ec8f1ea0e82\"},\"breadcrumb\":{\"@id\":\"https:\\\/\\\/www.reciplasa.es\\\/reciplasa-visita-junto-a-la-consellera-molla-la-planta-de-algimia-como-referente-para-las-futuras-inversiones\\\/#breadcrumb\"},\"inLanguage\":\"va-VA\",\"potentialAction\":[{\"@type\":\"ReadAction\",\"target\":[\"https:\\\/\\\/www.reciplasa.es\\\/reciplasa-visita-junto-a-la-consellera-molla-la-planta-de-algimia-como-referente-para-las-futuras-inversiones\\\/\"]}]},{\"@type\":\"ImageObject\",\"inLanguage\":\"va-VA\",\"@id\":\"https:\\\/\\\/www.reciplasa.es\\\/reciplasa-visita-junto-a-la-consellera-molla-la-planta-de-algimia-como-referente-para-las-futuras-inversiones\\\/#primaryimage\",\"url\":\"https:\\\/\\\/www.reciplasa.es\\\/wp-content\\\/uploads\\\/2019\\\/10\\\/VisitaplantaAlgimia_2.jpg\",\"contentUrl\":\"https:\\\/\\\/www.reciplasa.es\\\/wp-content\\\/uploads\\\/2019\\\/10\\\/VisitaplantaAlgimia_2.jpg\",\"width\":4928,\"height\":3264},{\"@type\":\"BreadcrumbList\",\"@id\":\"https:\\\/\\\/www.reciplasa.es\\\/reciplasa-visita-junto-a-la-consellera-molla-la-planta-de-algimia-como-referente-para-las-futuras-inversiones\\\/#breadcrumb\",\"itemListElement\":[{\"@type\":\"ListItem\",\"position\":1,\"name\":\"Portada\",\"item\":\"https:\\\/\\\/www.reciplasa.es\\\/va\\\/\"},{\"@type\":\"ListItem\",\"position\":2,\"name\":\"Reciplasa visita al costat de la consellera Moll\u00e0 la planta de Alg\u00edmia com a referent per a les futures inversions\"}]},{\"@type\":\"WebSite\",\"@id\":\"https:\\\/\\\/www.reciplasa.es\\\/#website\",\"url\":\"https:\\\/\\\/www.reciplasa.es\\\/\",\"name\":\"RECIPLASA\",\"description\":\"Reciclats de Residus La Plana SA\",\"potentialAction\":[{\"@type\":\"SearchAction\",\"target\":{\"@type\":\"EntryPoint\",\"urlTemplate\":\"https:\\\/\\\/www.reciplasa.es\\\/?s={search_term_string}\"},\"query-input\":{\"@type\":\"PropertyValueSpecification\",\"valueRequired\":true,\"valueName\":\"search_term_string\"}}],\"inLanguage\":\"va-VA\"},{\"@type\":\"Person\",\"@id\":\"https:\\\/\\\/www.reciplasa.es\\\/#\\\/schema\\\/person\\\/608ffc094e3c56d49e6c6ec8f1ea0e82\",\"name\":\"Cristina Marco\",\"image\":{\"@type\":\"ImageObject\",\"inLanguage\":\"va-VA\",\"@id\":\"https:\\\/\\\/secure.gravatar.com\\\/avatar\\\/6da7e00dc41d26d3c4245f3b2d70d687293df0dfc18f03719354383f7be4f34b?s=96&d=mm&r=g\",\"url\":\"https:\\\/\\\/secure.gravatar.com\\\/avatar\\\/6da7e00dc41d26d3c4245f3b2d70d687293df0dfc18f03719354383f7be4f34b?s=96&d=mm&r=g\",\"contentUrl\":\"https:\\\/\\\/secure.gravatar.com\\\/avatar\\\/6da7e00dc41d26d3c4245f3b2d70d687293df0dfc18f03719354383f7be4f34b?s=96&d=mm&r=g\",\"caption\":\"Cristina Marco\"},\"url\":\"https:\\\/\\\/www.reciplasa.es\\\/va\\\/author\\\/cristina\\\/\"}]}<\/script>\n<!-- \/ Yoast SEO plugin. -->","yoast_head_json":{"title":"Reciplasa visita al costat de la consellera Moll\u00e0 la planta de Alg\u00edmia com a referent per a les futures inversions - RECIPLASA","robots":{"index":"index","follow":"follow","max-snippet":"max-snippet:-1","max-image-preview":"max-image-preview:large","max-video-preview":"max-video-preview:-1"},"canonical":"https:\/\/www.reciplasa.es\/reciplasa-visita-junto-a-la-consellera-molla-la-planta-de-algimia-como-referente-para-las-futuras-inversiones\/","og_locale":"en_US","og_type":"article","og_title":"Reciplasa visita al costat de la consellera Moll\u00e0 la planta de Alg\u00edmia com a referent per a les futures inversions - RECIPLASA","og_description":"El president Reciplasa, Ignasi Garcia, juntament amb diferents membres del consell d&#8217;administraci\u00f3 de l&#8217;entitat, la consellera d&#8217;Agricultura, Desenvolupament Rural, Emerg\u00e8ncia Clim\u00e0tica i Transici\u00f3 Ecol\u00f2gica, Mireia Moll\u00e0, i el director general de Qualitat Ambiental, Joan Piquer, han visitat hui la planta de tractament de residus de Alg\u00edmia de Alfara, que d\u00f3na servei a la zona sudDale que hay m\u00e1s ...","og_url":"https:\/\/www.reciplasa.es\/reciplasa-visita-junto-a-la-consellera-molla-la-planta-de-algimia-como-referente-para-las-futuras-inversiones\/","og_site_name":"RECIPLASA","article_published_time":"2019-10-03T06:50:39+00:00","article_modified_time":"2023-07-25T14:57:11+00:00","og_image":[{"width":4928,"height":3264,"url":"https:\/\/www.reciplasa.es\/wp-content\/uploads\/2019\/10\/VisitaplantaAlgimia_2.jpg","type":"image\/jpeg"}],"author":"Cristina Marco","twitter_card":"summary_large_image","twitter_misc":{"Written by":"Cristina Marco","Est. reading time":"3 minutes"},"schema":{"@context":"https:\/\/schema.org","@graph":[{"@type":"Article","@id":"https:\/\/www.reciplasa.es\/reciplasa-visita-junto-a-la-consellera-molla-la-planta-de-algimia-como-referente-para-las-futuras-inversiones\/#article","isPartOf":{"@id":"https:\/\/www.reciplasa.es\/reciplasa-visita-junto-a-la-consellera-molla-la-planta-de-algimia-como-referente-para-las-futuras-inversiones\/"},"author":{"name":"Cristina Marco","@id":"https:\/\/www.reciplasa.es\/#\/schema\/person\/608ffc094e3c56d49e6c6ec8f1ea0e82"},"headline":"Reciplasa visita al costat de la consellera Moll\u00e0 la planta de Alg\u00edmia com a referent per a les futures inversions","datePublished":"2019-10-03T06:50:39+00:00","dateModified":"2023-07-25T14:57:11+00:00","mainEntityOfPage":{"@id":"https:\/\/www.reciplasa.es\/reciplasa-visita-junto-a-la-consellera-molla-la-planta-de-algimia-como-referente-para-las-futuras-inversiones\/"},"wordCount":592,"image":{"@id":"https:\/\/www.reciplasa.es\/reciplasa-visita-junto-a-la-consellera-molla-la-planta-de-algimia-como-referente-para-las-futuras-inversiones\/#primaryimage"},"thumbnailUrl":"https:\/\/www.reciplasa.es\/wp-content\/uploads\/2019\/10\/VisitaplantaAlgimia_2.jpg","articleSection":["Not\u00edcies corporatives"],"inLanguage":"va-VA"},{"@type":"WebPage","@id":"https:\/\/www.reciplasa.es\/reciplasa-visita-junto-a-la-consellera-molla-la-planta-de-algimia-como-referente-para-las-futuras-inversiones\/","url":"https:\/\/www.reciplasa.es\/reciplasa-visita-junto-a-la-consellera-molla-la-planta-de-algimia-como-referente-para-las-futuras-inversiones\/","name":"Reciplasa visita al costat de la consellera Moll\u00e0 la planta de Alg\u00edmia com a referent per a les futures inversions - RECIPLASA","isPartOf":{"@id":"https:\/\/www.reciplasa.es\/#website"},"primaryImageOfPage":{"@id":"https:\/\/www.reciplasa.es\/reciplasa-visita-junto-a-la-consellera-molla-la-planta-de-algimia-como-referente-para-las-futuras-inversiones\/#primaryimage"},"image":{"@id":"https:\/\/www.reciplasa.es\/reciplasa-visita-junto-a-la-consellera-molla-la-planta-de-algimia-como-referente-para-las-futuras-inversiones\/#primaryimage"},"thumbnailUrl":"https:\/\/www.reciplasa.es\/wp-content\/uploads\/2019\/10\/VisitaplantaAlgimia_2.jpg","datePublished":"2019-10-03T06:50:39+00:00","dateModified":"2023-07-25T14:57:11+00:00","author":{"@id":"https:\/\/www.reciplasa.es\/#\/schema\/person\/608ffc094e3c56d49e6c6ec8f1ea0e82"},"breadcrumb":{"@id":"https:\/\/www.reciplasa.es\/reciplasa-visita-junto-a-la-consellera-molla-la-planta-de-algimia-como-referente-para-las-futuras-inversiones\/#breadcrumb"},"inLanguage":"va-VA","potentialAction":[{"@type":"ReadAction","target":["https:\/\/www.reciplasa.es\/reciplasa-visita-junto-a-la-consellera-molla-la-planta-de-algimia-como-referente-para-las-futuras-inversiones\/"]}]},{"@type":"ImageObject","inLanguage":"va-VA","@id":"https:\/\/www.reciplasa.es\/reciplasa-visita-junto-a-la-consellera-molla-la-planta-de-algimia-como-referente-para-las-futuras-inversiones\/#primaryimage","url":"https:\/\/www.reciplasa.es\/wp-content\/uploads\/2019\/10\/VisitaplantaAlgimia_2.jpg","contentUrl":"https:\/\/www.reciplasa.es\/wp-content\/uploads\/2019\/10\/VisitaplantaAlgimia_2.jpg","width":4928,"height":3264},{"@type":"BreadcrumbList","@id":"https:\/\/www.reciplasa.es\/reciplasa-visita-junto-a-la-consellera-molla-la-planta-de-algimia-como-referente-para-las-futuras-inversiones\/#breadcrumb","itemListElement":[{"@type":"ListItem","position":1,"name":"Portada","item":"https:\/\/www.reciplasa.es\/va\/"},{"@type":"ListItem","position":2,"name":"Reciplasa visita al costat de la consellera Moll\u00e0 la planta de Alg\u00edmia com a referent per a les futures inversions"}]},{"@type":"WebSite","@id":"https:\/\/www.reciplasa.es\/#website","url":"https:\/\/www.reciplasa.es\/","name":"RECIPLASA","description":"Reciclats de Residus La Plana SA","potentialAction":[{"@type":"SearchAction","target":{"@type":"EntryPoint","urlTemplate":"https:\/\/www.reciplasa.es\/?s={search_term_string}"},"query-input":{"@type":"PropertyValueSpecification","valueRequired":true,"valueName":"search_term_string"}}],"inLanguage":"va-VA"},{"@type":"Person","@id":"https:\/\/www.reciplasa.es\/#\/schema\/person\/608ffc094e3c56d49e6c6ec8f1ea0e82","name":"Cristina Marco","image":{"@type":"ImageObject","inLanguage":"va-VA","@id":"https:\/\/secure.gravatar.com\/avatar\/6da7e00dc41d26d3c4245f3b2d70d687293df0dfc18f03719354383f7be4f34b?s=96&d=mm&r=g","url":"https:\/\/secure.gravatar.com\/avatar\/6da7e00dc41d26d3c4245f3b2d70d687293df0dfc18f03719354383f7be4f34b?s=96&d=mm&r=g","contentUrl":"https:\/\/secure.gravatar.com\/avatar\/6da7e00dc41d26d3c4245f3b2d70d687293df0dfc18f03719354383f7be4f34b?s=96&d=mm&r=g","caption":"Cristina Marco"},"url":"https:\/\/www.reciplasa.es\/va\/author\/cristina\/"}]}},"_links":{"self":[{"href":"https:\/\/www.reciplasa.es\/va\/wp-json\/wp\/v2\/posts\/14104","targetHints":{"allow":["GET"]}}],"collection":[{"href":"https:\/\/www.reciplasa.es\/va\/wp-json\/wp\/v2\/posts"}],"about":[{"href":"https:\/\/www.reciplasa.es\/va\/wp-json\/wp\/v2\/types\/post"}],"author":[{"embeddable":true,"href":"https:\/\/www.reciplasa.es\/va\/wp-json\/wp\/v2\/users\/3"}],"replies":[{"embeddable":true,"href":"https:\/\/www.reciplasa.es\/va\/wp-json\/wp\/v2\/comments?post=14104"}],"version-history":[{"count":1,"href":"https:\/\/www.reciplasa.es\/va\/wp-json\/wp\/v2\/posts\/14104\/revisions"}],"predecessor-version":[{"id":14105,"href":"https:\/\/www.reciplasa.es\/va\/wp-json\/wp\/v2\/posts\/14104\/revisions\/14105"}],"wp:featuredmedia":[{"embeddable":true,"href":"https:\/\/www.reciplasa.es\/va\/wp-json\/wp\/v2\/media\/14100"}],"wp:attachment":[{"href":"https:\/\/www.reciplasa.es\/va\/wp-json\/wp\/v2\/media?parent=14104"}],"wp:term":[{"taxonomy":"category","embeddable":true,"href":"https:\/\/www.reciplasa.es\/va\/wp-json\/wp\/v2\/categories?post=14104"},{"taxonomy":"post_tag","embeddable":true,"href":"https:\/\/www.reciplasa.es\/va\/wp-json\/wp\/v2\/tags?post=14104"}],"curies":[{"name":"wp","href":"https:\/\/api.w.org\/{rel}","templated":true}]}}