{"id":14222,"date":"2019-10-22T13:35:45","date_gmt":"2019-10-22T13:35:45","guid":{"rendered":"http:\/\/www.reciplasa.es\/?p=14222\/"},"modified":"2019-10-23T06:50:15","modified_gmt":"2019-10-23T06:50:15","slug":"la-catedra-reciplasa-de-luji-aborda-en-una-jornada-la-recollida-selectiva-del-fem-per-part-de-la-ciutadania","status":"publish","type":"post","link":"https:\/\/www.reciplasa.es\/va\/la-catedra-reciplasa-de-luji-aborda-en-una-jornada-la-recollida-selectiva-del-fem-per-part-de-la-ciutadania\/","title":{"rendered":"La C\u00e0tedra Reciplasa de l\u2019UJI aborda en una jornada la recollida selectiva del fem per part de la ciutadania"},"content":{"rendered":"\n<h6><em><span style=\"font-weight: 400;\">Amb la participaci\u00f3 d\u2019una representaci\u00f3\ndels consumidors, Administraci\u00f3, empreses i gestors de plantes <\/span><\/em><\/h6>\n\n\n\n<p>La C\u00e0tedra Reciplasa de Gesti\u00f3 dels Residus Urbans de la Universitat Jaume\nI de Castell\u00f3 ha organitzat per <strong>dijous\n24 d\u2019octubre de 2019<\/strong> a les <strong>18 hores<\/strong>\na la <strong>Llotja del C\u00e0nem<\/strong> una jornada\ndins del cicle \u00abGesti\u00f3 sostenible dels residus urbans. El valor del fem\u00bb que\nabordar\u00e0 el tema de \u00abEl ciutad\u00e0 front a la recollida selectiva del fem\u00bb,amb l\u2019objectiu\nd\u2019oferir un f\u00f2rum de discussi\u00f3 amb els punts de vista de la ciutadania,\nl\u2019Administraci\u00f3 i els gestors de les plantes de tractament i de les empreses de\nrecollida i reciclatge. <\/p>\n\n\n\n<p>La jornada s\u2019iniciar\u00e0 amb la presentaci\u00f3 per part del director de la\nC\u00e0tedra, el professor F\u00e9lix Hern\u00e1ndez, i una breu intervenci\u00f3 dels ponents:\nJuan Francisco Mart\u00ednez, enginyer municipal de Borriana; Sonia Poveda, de\nl\u2019empresa Ecoembes; Crist\u00f3bal Badenes, enginyer municipal de Castell\u00f3 de la\nPlana; Juan Carlos Insa, en representaci\u00f3 de la Uni\u00f3 de Consumidors de Castell\u00f3\ni Fernando Albarr\u00e1n, director t\u00e8cnic de Reciplasa. <\/p>\n\n\n\n<p>Posteriorment, el periodista Basilio Trilles moderar\u00e0 un debat amb els ponents\ni el director de la c\u00e0tedra en qu\u00e8 s\u2019abordaran entre altres, temes com la\nrecollida de mat\u00e8ria org\u00e0nica; l\u2019adequada selecci\u00f3 del fem per al seu dep\u00f2sit i\nposterior reciclat, la recollida porta a porta, el sistema de reciclat o la\nrecuperaci\u00f3 d\u2019envasos.<\/p>\n\n\n\n<p>M\u00e9s informaci\u00f3: <a href=\"http:\/\/catedrareciplasa.uji.es\/\">http:\/\/catedrareciplasa.uji.es\/<\/a><\/p>\n\n\n\n<figure class=\"wp-block-image\"><img loading=\"lazy\" decoding=\"async\" width=\"724\" height=\"1024\" src=\"http:\/\/www.reciplasa.es\/wp-content\/uploads\/2019\/10\/cartell-724x1024.jpg\" alt=\"\" class=\"wp-image-14225\" srcset=\"https:\/\/www.reciplasa.es\/wp-content\/uploads\/2019\/10\/cartell-724x1024.jpg 724w, https:\/\/www.reciplasa.es\/wp-content\/uploads\/2019\/10\/cartell-212x300.jpg 212w, https:\/\/www.reciplasa.es\/wp-content\/uploads\/2019\/10\/cartell-768x1087.jpg 768w, https:\/\/www.reciplasa.es\/wp-content\/uploads\/2019\/10\/cartell.jpg 826w\" sizes=\"auto, (max-width: 724px) 100vw, 724px\" \/><\/figure>\n\n\n\n<p><strong>Temes a tractar \u2013 Ponents<\/strong><\/p>\n\n\n\n<p>1) Punt net: import\u00e0ncia de la selecci\u00f3 adequada del material depositat \u2013 Juanfran  Mart\u00ednez, Enginyer Municipal, <a href=\"http:\/\/www.burriana.es\/index.php\/va\/\">Ajuntament de Borriana<\/a><br> 2) Caminant cap a una economia circular. La Gesti\u00f3 d&#8217;Envasos a la Comunitat Valenciana \u2013 Sonia P\u00f3veda, <a href=\"https:\/\/www.ecoembes.com\/es\">ECOEMBES<\/a><br> 3) Implantaci\u00f3 de la recollida org\u00e0nica a la ciutat de Castell\u00f3\u2013 Crist\u00f3bal Badenes,  Enginyer Municipal, <a href=\"http:\/\/www.castello.es\/web30\/pages\/inicio_web10.php?id=val\">Ajuntamento de Castell\u00f3<\/a><br> 4) Visi\u00f3 de l&#8217;usuari\/consumidor, Juan Carlos Insa, Uni\u00f3 de Consumidors de Castell\u00f3<br> 5) Perspectiva des de la planta de tractament i gesti\u00f3 dels residus urbans \u2013  Fernando Albarr\u00e1n, RECIPLASA<\/p>\n","protected":false},"excerpt":{"rendered":"<p>Amb la participaci\u00f3 d\u2019una representaci\u00f3 dels consumidors, Administraci\u00f3, empreses i gestors de plantes La C\u00e0tedra Reciplasa de Gesti\u00f3 dels Residus Urbans de la Universitat Jaume I de Castell\u00f3 ha organitzat per dijous 24 d\u2019octubre de 2019 a les 18 hores a la Llotja del C\u00e0nem una jornada dins del cicle \u00abGesti\u00f3 sostenible dels residus urbans.Dale que hay m\u00e1s &#8230;<\/p>\n","protected":false},"author":3,"featured_media":14219,"comment_status":"closed","ping_status":"closed","sticky":false,"template":"","format":"standard","meta":{"footnotes":""},"categories":[87],"tags":[],"class_list":["post-14222","post","type-post","status-publish","format-standard","has-post-thumbnail","hentry","category-noticies-corporatives"],"yoast_head":"<!-- This site is optimized with the Yoast SEO plugin v27.4 - https:\/\/yoast.com\/product\/yoast-seo-wordpress\/ -->\n<title>La C\u00e0tedra Reciplasa de l\u2019UJI aborda en una jornada la recollida selectiva del fem per part de la ciutadania - RECIPLASA<\/title>\n<meta name=\"robots\" content=\"index, follow, max-snippet:-1, max-image-preview:large, max-video-preview:-1\" \/>\n<link rel=\"canonical\" href=\"https:\/\/www.reciplasa.es\/la-catedra-reciplasa-de-la-uji-aborda-en-una-jornada-la-recogida-selectiva-de-la-basura-por-parte-de-la-ciudadania\/\" \/>\n<meta property=\"og:locale\" content=\"en_US\" \/>\n<meta property=\"og:type\" content=\"article\" \/>\n<meta property=\"og:title\" content=\"La C\u00e0tedra Reciplasa de l\u2019UJI aborda en una jornada la recollida selectiva del fem per part de la ciutadania - RECIPLASA\" \/>\n<meta property=\"og:description\" content=\"Amb la participaci\u00f3 d\u2019una representaci\u00f3 dels consumidors, Administraci\u00f3, empreses i gestors de plantes La C\u00e0tedra Reciplasa de Gesti\u00f3 dels Residus Urbans de la Universitat Jaume I de Castell\u00f3 ha organitzat per dijous 24 d\u2019octubre de 2019 a les 18 hores a la Llotja del C\u00e0nem una jornada dins del cicle \u00abGesti\u00f3 sostenible dels residus urbans.Dale que hay m\u00e1s ...\" \/>\n<meta property=\"og:url\" content=\"https:\/\/www.reciplasa.es\/la-catedra-reciplasa-de-la-uji-aborda-en-una-jornada-la-recogida-selectiva-de-la-basura-por-parte-de-la-ciudadania\/\" \/>\n<meta property=\"og:site_name\" content=\"RECIPLASA\" \/>\n<meta property=\"article:published_time\" content=\"2019-10-22T13:35:45+00:00\" \/>\n<meta property=\"article:modified_time\" content=\"2019-10-23T06:50:15+00:00\" \/>\n<meta property=\"og:image\" content=\"https:\/\/www.reciplasa.es\/wp-content\/uploads\/2019\/10\/llotja-del-c\u00e0nem-conferencia-catedra-reciplasa-uji.jpg\" \/>\n\t<meta property=\"og:image:width\" content=\"1772\" \/>\n\t<meta property=\"og:image:height\" content=\"1181\" \/>\n\t<meta property=\"og:image:type\" content=\"image\/jpeg\" \/>\n<meta name=\"author\" content=\"Cristina Marco\" \/>\n<meta name=\"twitter:card\" content=\"summary_large_image\" \/>\n<meta name=\"twitter:label1\" content=\"Written by\" \/>\n\t<meta name=\"twitter:data1\" content=\"Cristina Marco\" \/>\n\t<meta name=\"twitter:label2\" content=\"Est. reading time\" \/>\n\t<meta name=\"twitter:data2\" content=\"2 minutes\" \/>\n<script type=\"application\/ld+json\" class=\"yoast-schema-graph\">{\"@context\":\"https:\\\/\\\/schema.org\",\"@graph\":[{\"@type\":\"Article\",\"@id\":\"https:\\\/\\\/www.reciplasa.es\\\/la-catedra-reciplasa-de-la-uji-aborda-en-una-jornada-la-recogida-selectiva-de-la-basura-por-parte-de-la-ciudadania\\\/#article\",\"isPartOf\":{\"@id\":\"https:\\\/\\\/www.reciplasa.es\\\/la-catedra-reciplasa-de-la-uji-aborda-en-una-jornada-la-recogida-selectiva-de-la-basura-por-parte-de-la-ciudadania\\\/\"},\"author\":{\"name\":\"Cristina Marco\",\"@id\":\"https:\\\/\\\/www.reciplasa.es\\\/#\\\/schema\\\/person\\\/608ffc094e3c56d49e6c6ec8f1ea0e82\"},\"headline\":\"La C\u00e0tedra Reciplasa de l\u2019UJI aborda en una jornada la recollida selectiva del fem per part de la ciutadania\",\"datePublished\":\"2019-10-22T13:35:45+00:00\",\"dateModified\":\"2019-10-23T06:50:15+00:00\",\"mainEntityOfPage\":{\"@id\":\"https:\\\/\\\/www.reciplasa.es\\\/la-catedra-reciplasa-de-la-uji-aborda-en-una-jornada-la-recogida-selectiva-de-la-basura-por-parte-de-la-ciudadania\\\/\"},\"wordCount\":359,\"image\":{\"@id\":\"https:\\\/\\\/www.reciplasa.es\\\/la-catedra-reciplasa-de-la-uji-aborda-en-una-jornada-la-recogida-selectiva-de-la-basura-por-parte-de-la-ciudadania\\\/#primaryimage\"},\"thumbnailUrl\":\"https:\\\/\\\/www.reciplasa.es\\\/wp-content\\\/uploads\\\/2019\\\/10\\\/llotja-del-c\u00e0nem-conferencia-catedra-reciplasa-uji.jpg\",\"articleSection\":[\"Not\u00edcies corporatives\"],\"inLanguage\":\"va-VA\"},{\"@type\":\"WebPage\",\"@id\":\"https:\\\/\\\/www.reciplasa.es\\\/la-catedra-reciplasa-de-la-uji-aborda-en-una-jornada-la-recogida-selectiva-de-la-basura-por-parte-de-la-ciudadania\\\/\",\"url\":\"https:\\\/\\\/www.reciplasa.es\\\/la-catedra-reciplasa-de-la-uji-aborda-en-una-jornada-la-recogida-selectiva-de-la-basura-por-parte-de-la-ciudadania\\\/\",\"name\":\"La C\u00e0tedra Reciplasa de l\u2019UJI aborda en una jornada la recollida selectiva del fem per part de la ciutadania - RECIPLASA\",\"isPartOf\":{\"@id\":\"https:\\\/\\\/www.reciplasa.es\\\/#website\"},\"primaryImageOfPage\":{\"@id\":\"https:\\\/\\\/www.reciplasa.es\\\/la-catedra-reciplasa-de-la-uji-aborda-en-una-jornada-la-recogida-selectiva-de-la-basura-por-parte-de-la-ciudadania\\\/#primaryimage\"},\"image\":{\"@id\":\"https:\\\/\\\/www.reciplasa.es\\\/la-catedra-reciplasa-de-la-uji-aborda-en-una-jornada-la-recogida-selectiva-de-la-basura-por-parte-de-la-ciudadania\\\/#primaryimage\"},\"thumbnailUrl\":\"https:\\\/\\\/www.reciplasa.es\\\/wp-content\\\/uploads\\\/2019\\\/10\\\/llotja-del-c\u00e0nem-conferencia-catedra-reciplasa-uji.jpg\",\"datePublished\":\"2019-10-22T13:35:45+00:00\",\"dateModified\":\"2019-10-23T06:50:15+00:00\",\"author\":{\"@id\":\"https:\\\/\\\/www.reciplasa.es\\\/#\\\/schema\\\/person\\\/608ffc094e3c56d49e6c6ec8f1ea0e82\"},\"breadcrumb\":{\"@id\":\"https:\\\/\\\/www.reciplasa.es\\\/la-catedra-reciplasa-de-la-uji-aborda-en-una-jornada-la-recogida-selectiva-de-la-basura-por-parte-de-la-ciudadania\\\/#breadcrumb\"},\"inLanguage\":\"va-VA\",\"potentialAction\":[{\"@type\":\"ReadAction\",\"target\":[\"https:\\\/\\\/www.reciplasa.es\\\/la-catedra-reciplasa-de-la-uji-aborda-en-una-jornada-la-recogida-selectiva-de-la-basura-por-parte-de-la-ciudadania\\\/\"]}]},{\"@type\":\"ImageObject\",\"inLanguage\":\"va-VA\",\"@id\":\"https:\\\/\\\/www.reciplasa.es\\\/la-catedra-reciplasa-de-la-uji-aborda-en-una-jornada-la-recogida-selectiva-de-la-basura-por-parte-de-la-ciudadania\\\/#primaryimage\",\"url\":\"https:\\\/\\\/www.reciplasa.es\\\/wp-content\\\/uploads\\\/2019\\\/10\\\/llotja-del-c\u00e0nem-conferencia-catedra-reciplasa-uji.jpg\",\"contentUrl\":\"https:\\\/\\\/www.reciplasa.es\\\/wp-content\\\/uploads\\\/2019\\\/10\\\/llotja-del-c\u00e0nem-conferencia-catedra-reciplasa-uji.jpg\",\"width\":1772,\"height\":1181,\"caption\":\"lugar de la conferencia El ciudadano frente a la recogida selectiva de la basura\"},{\"@type\":\"BreadcrumbList\",\"@id\":\"https:\\\/\\\/www.reciplasa.es\\\/la-catedra-reciplasa-de-la-uji-aborda-en-una-jornada-la-recogida-selectiva-de-la-basura-por-parte-de-la-ciudadania\\\/#breadcrumb\",\"itemListElement\":[{\"@type\":\"ListItem\",\"position\":1,\"name\":\"Portada\",\"item\":\"https:\\\/\\\/www.reciplasa.es\\\/va\\\/\"},{\"@type\":\"ListItem\",\"position\":2,\"name\":\"La C\u00e0tedra Reciplasa de l\u2019UJI aborda en una jornada la recollida selectiva del fem per part de la ciutadania\"}]},{\"@type\":\"WebSite\",\"@id\":\"https:\\\/\\\/www.reciplasa.es\\\/#website\",\"url\":\"https:\\\/\\\/www.reciplasa.es\\\/\",\"name\":\"RECIPLASA\",\"description\":\"Reciclats de Residus La Plana SA\",\"potentialAction\":[{\"@type\":\"SearchAction\",\"target\":{\"@type\":\"EntryPoint\",\"urlTemplate\":\"https:\\\/\\\/www.reciplasa.es\\\/?s={search_term_string}\"},\"query-input\":{\"@type\":\"PropertyValueSpecification\",\"valueRequired\":true,\"valueName\":\"search_term_string\"}}],\"inLanguage\":\"va-VA\"},{\"@type\":\"Person\",\"@id\":\"https:\\\/\\\/www.reciplasa.es\\\/#\\\/schema\\\/person\\\/608ffc094e3c56d49e6c6ec8f1ea0e82\",\"name\":\"Cristina Marco\",\"image\":{\"@type\":\"ImageObject\",\"inLanguage\":\"va-VA\",\"@id\":\"https:\\\/\\\/secure.gravatar.com\\\/avatar\\\/6da7e00dc41d26d3c4245f3b2d70d687293df0dfc18f03719354383f7be4f34b?s=96&d=mm&r=g\",\"url\":\"https:\\\/\\\/secure.gravatar.com\\\/avatar\\\/6da7e00dc41d26d3c4245f3b2d70d687293df0dfc18f03719354383f7be4f34b?s=96&d=mm&r=g\",\"contentUrl\":\"https:\\\/\\\/secure.gravatar.com\\\/avatar\\\/6da7e00dc41d26d3c4245f3b2d70d687293df0dfc18f03719354383f7be4f34b?s=96&d=mm&r=g\",\"caption\":\"Cristina Marco\"},\"url\":\"https:\\\/\\\/www.reciplasa.es\\\/va\\\/author\\\/cristina\\\/\"}]}<\/script>\n<!-- \/ Yoast SEO plugin. -->","yoast_head_json":{"title":"La C\u00e0tedra Reciplasa de l\u2019UJI aborda en una jornada la recollida selectiva del fem per part de la ciutadania - RECIPLASA","robots":{"index":"index","follow":"follow","max-snippet":"max-snippet:-1","max-image-preview":"max-image-preview:large","max-video-preview":"max-video-preview:-1"},"canonical":"https:\/\/www.reciplasa.es\/la-catedra-reciplasa-de-la-uji-aborda-en-una-jornada-la-recogida-selectiva-de-la-basura-por-parte-de-la-ciudadania\/","og_locale":"en_US","og_type":"article","og_title":"La C\u00e0tedra Reciplasa de l\u2019UJI aborda en una jornada la recollida selectiva del fem per part de la ciutadania - RECIPLASA","og_description":"Amb la participaci\u00f3 d\u2019una representaci\u00f3 dels consumidors, Administraci\u00f3, empreses i gestors de plantes La C\u00e0tedra Reciplasa de Gesti\u00f3 dels Residus Urbans de la Universitat Jaume I de Castell\u00f3 ha organitzat per dijous 24 d\u2019octubre de 2019 a les 18 hores a la Llotja del C\u00e0nem una jornada dins del cicle \u00abGesti\u00f3 sostenible dels residus urbans.Dale que hay m\u00e1s ...","og_url":"https:\/\/www.reciplasa.es\/la-catedra-reciplasa-de-la-uji-aborda-en-una-jornada-la-recogida-selectiva-de-la-basura-por-parte-de-la-ciudadania\/","og_site_name":"RECIPLASA","article_published_time":"2019-10-22T13:35:45+00:00","article_modified_time":"2019-10-23T06:50:15+00:00","og_image":[{"width":1772,"height":1181,"url":"https:\/\/www.reciplasa.es\/wp-content\/uploads\/2019\/10\/llotja-del-c\u00e0nem-conferencia-catedra-reciplasa-uji.jpg","type":"image\/jpeg"}],"author":"Cristina Marco","twitter_card":"summary_large_image","twitter_misc":{"Written by":"Cristina Marco","Est. reading time":"2 minutes"},"schema":{"@context":"https:\/\/schema.org","@graph":[{"@type":"Article","@id":"https:\/\/www.reciplasa.es\/la-catedra-reciplasa-de-la-uji-aborda-en-una-jornada-la-recogida-selectiva-de-la-basura-por-parte-de-la-ciudadania\/#article","isPartOf":{"@id":"https:\/\/www.reciplasa.es\/la-catedra-reciplasa-de-la-uji-aborda-en-una-jornada-la-recogida-selectiva-de-la-basura-por-parte-de-la-ciudadania\/"},"author":{"name":"Cristina Marco","@id":"https:\/\/www.reciplasa.es\/#\/schema\/person\/608ffc094e3c56d49e6c6ec8f1ea0e82"},"headline":"La C\u00e0tedra Reciplasa de l\u2019UJI aborda en una jornada la recollida selectiva del fem per part de la ciutadania","datePublished":"2019-10-22T13:35:45+00:00","dateModified":"2019-10-23T06:50:15+00:00","mainEntityOfPage":{"@id":"https:\/\/www.reciplasa.es\/la-catedra-reciplasa-de-la-uji-aborda-en-una-jornada-la-recogida-selectiva-de-la-basura-por-parte-de-la-ciudadania\/"},"wordCount":359,"image":{"@id":"https:\/\/www.reciplasa.es\/la-catedra-reciplasa-de-la-uji-aborda-en-una-jornada-la-recogida-selectiva-de-la-basura-por-parte-de-la-ciudadania\/#primaryimage"},"thumbnailUrl":"https:\/\/www.reciplasa.es\/wp-content\/uploads\/2019\/10\/llotja-del-c\u00e0nem-conferencia-catedra-reciplasa-uji.jpg","articleSection":["Not\u00edcies corporatives"],"inLanguage":"va-VA"},{"@type":"WebPage","@id":"https:\/\/www.reciplasa.es\/la-catedra-reciplasa-de-la-uji-aborda-en-una-jornada-la-recogida-selectiva-de-la-basura-por-parte-de-la-ciudadania\/","url":"https:\/\/www.reciplasa.es\/la-catedra-reciplasa-de-la-uji-aborda-en-una-jornada-la-recogida-selectiva-de-la-basura-por-parte-de-la-ciudadania\/","name":"La C\u00e0tedra Reciplasa de l\u2019UJI aborda en una jornada la recollida selectiva del fem per part de la ciutadania - RECIPLASA","isPartOf":{"@id":"https:\/\/www.reciplasa.es\/#website"},"primaryImageOfPage":{"@id":"https:\/\/www.reciplasa.es\/la-catedra-reciplasa-de-la-uji-aborda-en-una-jornada-la-recogida-selectiva-de-la-basura-por-parte-de-la-ciudadania\/#primaryimage"},"image":{"@id":"https:\/\/www.reciplasa.es\/la-catedra-reciplasa-de-la-uji-aborda-en-una-jornada-la-recogida-selectiva-de-la-basura-por-parte-de-la-ciudadania\/#primaryimage"},"thumbnailUrl":"https:\/\/www.reciplasa.es\/wp-content\/uploads\/2019\/10\/llotja-del-c\u00e0nem-conferencia-catedra-reciplasa-uji.jpg","datePublished":"2019-10-22T13:35:45+00:00","dateModified":"2019-10-23T06:50:15+00:00","author":{"@id":"https:\/\/www.reciplasa.es\/#\/schema\/person\/608ffc094e3c56d49e6c6ec8f1ea0e82"},"breadcrumb":{"@id":"https:\/\/www.reciplasa.es\/la-catedra-reciplasa-de-la-uji-aborda-en-una-jornada-la-recogida-selectiva-de-la-basura-por-parte-de-la-ciudadania\/#breadcrumb"},"inLanguage":"va-VA","potentialAction":[{"@type":"ReadAction","target":["https:\/\/www.reciplasa.es\/la-catedra-reciplasa-de-la-uji-aborda-en-una-jornada-la-recogida-selectiva-de-la-basura-por-parte-de-la-ciudadania\/"]}]},{"@type":"ImageObject","inLanguage":"va-VA","@id":"https:\/\/www.reciplasa.es\/la-catedra-reciplasa-de-la-uji-aborda-en-una-jornada-la-recogida-selectiva-de-la-basura-por-parte-de-la-ciudadania\/#primaryimage","url":"https:\/\/www.reciplasa.es\/wp-content\/uploads\/2019\/10\/llotja-del-c\u00e0nem-conferencia-catedra-reciplasa-uji.jpg","contentUrl":"https:\/\/www.reciplasa.es\/wp-content\/uploads\/2019\/10\/llotja-del-c\u00e0nem-conferencia-catedra-reciplasa-uji.jpg","width":1772,"height":1181,"caption":"lugar de la conferencia El ciudadano frente a la recogida selectiva de la basura"},{"@type":"BreadcrumbList","@id":"https:\/\/www.reciplasa.es\/la-catedra-reciplasa-de-la-uji-aborda-en-una-jornada-la-recogida-selectiva-de-la-basura-por-parte-de-la-ciudadania\/#breadcrumb","itemListElement":[{"@type":"ListItem","position":1,"name":"Portada","item":"https:\/\/www.reciplasa.es\/va\/"},{"@type":"ListItem","position":2,"name":"La C\u00e0tedra Reciplasa de l\u2019UJI aborda en una jornada la recollida selectiva del fem per part de la ciutadania"}]},{"@type":"WebSite","@id":"https:\/\/www.reciplasa.es\/#website","url":"https:\/\/www.reciplasa.es\/","name":"RECIPLASA","description":"Reciclats de Residus La Plana SA","potentialAction":[{"@type":"SearchAction","target":{"@type":"EntryPoint","urlTemplate":"https:\/\/www.reciplasa.es\/?s={search_term_string}"},"query-input":{"@type":"PropertyValueSpecification","valueRequired":true,"valueName":"search_term_string"}}],"inLanguage":"va-VA"},{"@type":"Person","@id":"https:\/\/www.reciplasa.es\/#\/schema\/person\/608ffc094e3c56d49e6c6ec8f1ea0e82","name":"Cristina Marco","image":{"@type":"ImageObject","inLanguage":"va-VA","@id":"https:\/\/secure.gravatar.com\/avatar\/6da7e00dc41d26d3c4245f3b2d70d687293df0dfc18f03719354383f7be4f34b?s=96&d=mm&r=g","url":"https:\/\/secure.gravatar.com\/avatar\/6da7e00dc41d26d3c4245f3b2d70d687293df0dfc18f03719354383f7be4f34b?s=96&d=mm&r=g","contentUrl":"https:\/\/secure.gravatar.com\/avatar\/6da7e00dc41d26d3c4245f3b2d70d687293df0dfc18f03719354383f7be4f34b?s=96&d=mm&r=g","caption":"Cristina Marco"},"url":"https:\/\/www.reciplasa.es\/va\/author\/cristina\/"}]}},"_links":{"self":[{"href":"https:\/\/www.reciplasa.es\/va\/wp-json\/wp\/v2\/posts\/14222","targetHints":{"allow":["GET"]}}],"collection":[{"href":"https:\/\/www.reciplasa.es\/va\/wp-json\/wp\/v2\/posts"}],"about":[{"href":"https:\/\/www.reciplasa.es\/va\/wp-json\/wp\/v2\/types\/post"}],"author":[{"embeddable":true,"href":"https:\/\/www.reciplasa.es\/va\/wp-json\/wp\/v2\/users\/3"}],"replies":[{"embeddable":true,"href":"https:\/\/www.reciplasa.es\/va\/wp-json\/wp\/v2\/comments?post=14222"}],"version-history":[{"count":4,"href":"https:\/\/www.reciplasa.es\/va\/wp-json\/wp\/v2\/posts\/14222\/revisions"}],"predecessor-version":[{"id":14233,"href":"https:\/\/www.reciplasa.es\/va\/wp-json\/wp\/v2\/posts\/14222\/revisions\/14233"}],"wp:featuredmedia":[{"embeddable":true,"href":"https:\/\/www.reciplasa.es\/va\/wp-json\/wp\/v2\/media\/14219"}],"wp:attachment":[{"href":"https:\/\/www.reciplasa.es\/va\/wp-json\/wp\/v2\/media?parent=14222"}],"wp:term":[{"taxonomy":"category","embeddable":true,"href":"https:\/\/www.reciplasa.es\/va\/wp-json\/wp\/v2\/categories?post=14222"},{"taxonomy":"post_tag","embeddable":true,"href":"https:\/\/www.reciplasa.es\/va\/wp-json\/wp\/v2\/tags?post=14222"}],"curies":[{"name":"wp","href":"https:\/\/api.w.org\/{rel}","templated":true}]}}