{"id":14263,"date":"2019-11-13T10:46:23","date_gmt":"2019-11-13T10:46:23","guid":{"rendered":"http:\/\/www.reciplasa.es\/?p=14263\/"},"modified":"2019-11-13T11:05:40","modified_gmt":"2019-11-13T11:05:40","slug":"reciplasa-sadhereix-al-pacte-per-leconomia-circular-de-anepma","status":"publish","type":"post","link":"https:\/\/www.reciplasa.es\/va\/reciplasa-sadhereix-al-pacte-per-leconomia-circular-de-anepma\/","title":{"rendered":"Reciplasa s&#8217;adhereix al pacte per l&#8217;economia circular de ANEPMA"},"content":{"rendered":"\n<h6 class=\"wp-block-heading\"><em><span style=\"font-weight: 400;\">Aquest nou model econ\u00f2mic pren exemple de la naturalesa en tractar d&#8217;aprofitar al m\u00e0xim els recursos i convertir els residus de nou en recursos<\/span><\/em><\/h6>\n\n\n\n<p>El consell d&#8217;administraci\u00f3 de Reciplasa ha aprovat l&#8217;adhesi\u00f3 al pacte per l&#8217;economia circular de <a href=\"http:\/\/anepma.es\/\" target=\"_blank\" rel=\"noreferrer noopener\" aria-label=\"l'Associaci\u00f3 Nacional d'Empreses P\u00fabliques de Medi Ambient (ANEPMA) (abre en una nueva pesta\u00f1a)\">l&#8217;Associaci\u00f3 Nacional d&#8217;Empreses P\u00fabliques de Medi Ambient (ANEPMA)<\/a>, de la qual Reciplasa forma part. L&#8217;objectiu d&#8217;aquest pacte \u00e9s impulsar la transici\u00f3 a aquest nou model econ\u00f2mic que promou el m\u00e0xim aprofitament dels recursos i la reducci\u00f3 de residus. El president de Reciplasa, Ignasi Garcia, afirma que \u201cens adherim perqu\u00e8 estem davant una situaci\u00f3 ambiental cr\u00edtica i hem de prendre decisions valentes i contundents per a acabar amb el canvi clim\u00e0tic i aconseguir un m\u00f3n m\u00e9s sostenible\u201d.<\/p>\n\n\n\n<p>El dec\u00e0leg posa l&#8217;accent en la necessitat de reduir els\nmaterials que no siguen reutilitzables en els diferents productes, a m\u00e9s de\ntreballar a allargar la seua vida \u00fatil i que incorporen criteris de l\u2019ecodiseny.\nUns altres dels compromisos s\u00f3n: afavorir la jerarquitzaci\u00f3 de residus,\nprevindre la seua generaci\u00f3, fomentar la reutilitzaci\u00f3 i el reciclatge i afavorir\nla seua tra\u00e7abilitat. Aix\u00ed mateix, promou un consum responsable i sostenible i\nla innovaci\u00f3 i l&#8217;efici\u00e8ncia en els processos productius. \u201cAquestes idees van en\nla l\u00ednia del que volem per a l&#8217;empresa p\u00fablica, com l&#8217;exposici\u00f3 en la p\u00e0gina\nweb de les dades de recuperaci\u00f3, informant sobre el treball que estem duent a\nterme\u201d, explica Garcia.<\/p>\n\n\n\n<p>Ignasi Garcia indica que \u201calguns dels compromisos del pacte ja els estem complint, com \u00e9s la col\u00b7laboraci\u00f3 entre la investigaci\u00f3, les empreses i la societat civil per a poder crear aqueixa consci\u00e8ncia i canviar a un model productiu que ens permeta una economia circular i no gastar m\u00e9s recursos naturals dels quals disposem, ja que actualment hem esgotat tots els que el planeta pot regenerar en un any\u201d. Aix\u00ed mateix, Reciplasa participar\u00e0 de manera activa en les <a href=\"http:\/\/jornadasanepma.com\/\" target=\"_blank\" rel=\"noreferrer noopener\" aria-label=\"Jornades T\u00e8cniques de ANEMPA (abre en una nueva pesta\u00f1a)\">Jornades T\u00e8cniques de ANEMPA<\/a> que se celebraran els pr\u00f2xims 19, 20 i 21 de novembre a Tenerife.<\/p>\n","protected":false},"excerpt":{"rendered":"<p>Aquest nou model econ\u00f2mic pren exemple de la naturalesa en tractar d&#8217;aprofitar al m\u00e0xim els recursos i convertir els residus de nou en recursos El consell d&#8217;administraci\u00f3 de Reciplasa ha aprovat l&#8217;adhesi\u00f3 al pacte per l&#8217;economia circular de l&#8217;Associaci\u00f3 Nacional d&#8217;Empreses P\u00fabliques de Medi Ambient (ANEPMA), de la qual Reciplasa forma part. L&#8217;objectiu d&#8217;aquest pacteDale que hay m\u00e1s &#8230;<\/p>\n","protected":false},"author":3,"featured_media":14099,"comment_status":"closed","ping_status":"closed","sticky":false,"template":"","format":"standard","meta":{"footnotes":""},"categories":[87],"tags":[],"class_list":["post-14263","post","type-post","status-publish","format-standard","has-post-thumbnail","hentry","category-noticies-corporatives"],"yoast_head":"<!-- This site is optimized with the Yoast SEO plugin v27.4 - https:\/\/yoast.com\/product\/yoast-seo-wordpress\/ -->\n<title>Reciplasa s&#039;adhereix al pacte per l&#039;economia circular de ANEPMA - RECIPLASA<\/title>\n<meta name=\"robots\" content=\"index, follow, max-snippet:-1, max-image-preview:large, max-video-preview:-1\" \/>\n<link rel=\"canonical\" href=\"https:\/\/www.reciplasa.es\/reciplasa-se-adhiere-al-pacto-por-la-economia-circular-de-anepma\/\" \/>\n<meta property=\"og:locale\" content=\"en_US\" \/>\n<meta property=\"og:type\" content=\"article\" \/>\n<meta property=\"og:title\" content=\"Reciplasa s&#039;adhereix al pacte per l&#039;economia circular de ANEPMA - RECIPLASA\" \/>\n<meta property=\"og:description\" content=\"Aquest nou model econ\u00f2mic pren exemple de la naturalesa en tractar d&#8217;aprofitar al m\u00e0xim els recursos i convertir els residus de nou en recursos El consell d&#8217;administraci\u00f3 de Reciplasa ha aprovat l&#8217;adhesi\u00f3 al pacte per l&#8217;economia circular de l&#8217;Associaci\u00f3 Nacional d&#8217;Empreses P\u00fabliques de Medi Ambient (ANEPMA), de la qual Reciplasa forma part. L&#8217;objectiu d&#8217;aquest pacteDale que hay m\u00e1s ...\" \/>\n<meta property=\"og:url\" content=\"https:\/\/www.reciplasa.es\/reciplasa-se-adhiere-al-pacto-por-la-economia-circular-de-anepma\/\" \/>\n<meta property=\"og:site_name\" content=\"RECIPLASA\" \/>\n<meta property=\"article:published_time\" content=\"2019-11-13T10:46:23+00:00\" \/>\n<meta property=\"article:modified_time\" content=\"2019-11-13T11:05:40+00:00\" \/>\n<meta property=\"og:image\" content=\"https:\/\/www.reciplasa.es\/wp-content\/uploads\/2019\/10\/ReunionConsejoReciplasa.jpg\" \/>\n\t<meta property=\"og:image:width\" content=\"4928\" \/>\n\t<meta property=\"og:image:height\" content=\"3264\" \/>\n\t<meta property=\"og:image:type\" content=\"image\/jpeg\" \/>\n<meta name=\"author\" content=\"Cristina Marco\" \/>\n<meta name=\"twitter:card\" content=\"summary_large_image\" \/>\n<meta name=\"twitter:label1\" content=\"Written by\" \/>\n\t<meta name=\"twitter:data1\" content=\"Cristina Marco\" \/>\n\t<meta name=\"twitter:label2\" content=\"Est. reading time\" \/>\n\t<meta name=\"twitter:data2\" content=\"2 minutes\" \/>\n<script type=\"application\/ld+json\" class=\"yoast-schema-graph\">{\"@context\":\"https:\\\/\\\/schema.org\",\"@graph\":[{\"@type\":\"Article\",\"@id\":\"https:\\\/\\\/www.reciplasa.es\\\/reciplasa-se-adhiere-al-pacto-por-la-economia-circular-de-anepma\\\/#article\",\"isPartOf\":{\"@id\":\"https:\\\/\\\/www.reciplasa.es\\\/reciplasa-se-adhiere-al-pacto-por-la-economia-circular-de-anepma\\\/\"},\"author\":{\"name\":\"Cristina Marco\",\"@id\":\"https:\\\/\\\/www.reciplasa.es\\\/#\\\/schema\\\/person\\\/608ffc094e3c56d49e6c6ec8f1ea0e82\"},\"headline\":\"Reciplasa s&#8217;adhereix al pacte per l&#8217;economia circular de ANEPMA\",\"datePublished\":\"2019-11-13T10:46:23+00:00\",\"dateModified\":\"2019-11-13T11:05:40+00:00\",\"mainEntityOfPage\":{\"@id\":\"https:\\\/\\\/www.reciplasa.es\\\/reciplasa-se-adhiere-al-pacto-por-la-economia-circular-de-anepma\\\/\"},\"wordCount\":363,\"image\":{\"@id\":\"https:\\\/\\\/www.reciplasa.es\\\/reciplasa-se-adhiere-al-pacto-por-la-economia-circular-de-anepma\\\/#primaryimage\"},\"thumbnailUrl\":\"https:\\\/\\\/www.reciplasa.es\\\/wp-content\\\/uploads\\\/2019\\\/10\\\/ReunionConsejoReciplasa.jpg\",\"articleSection\":[\"Not\u00edcies corporatives\"],\"inLanguage\":\"va-VA\"},{\"@type\":\"WebPage\",\"@id\":\"https:\\\/\\\/www.reciplasa.es\\\/reciplasa-se-adhiere-al-pacto-por-la-economia-circular-de-anepma\\\/\",\"url\":\"https:\\\/\\\/www.reciplasa.es\\\/reciplasa-se-adhiere-al-pacto-por-la-economia-circular-de-anepma\\\/\",\"name\":\"Reciplasa s'adhereix al pacte per l'economia circular de ANEPMA - RECIPLASA\",\"isPartOf\":{\"@id\":\"https:\\\/\\\/www.reciplasa.es\\\/#website\"},\"primaryImageOfPage\":{\"@id\":\"https:\\\/\\\/www.reciplasa.es\\\/reciplasa-se-adhiere-al-pacto-por-la-economia-circular-de-anepma\\\/#primaryimage\"},\"image\":{\"@id\":\"https:\\\/\\\/www.reciplasa.es\\\/reciplasa-se-adhiere-al-pacto-por-la-economia-circular-de-anepma\\\/#primaryimage\"},\"thumbnailUrl\":\"https:\\\/\\\/www.reciplasa.es\\\/wp-content\\\/uploads\\\/2019\\\/10\\\/ReunionConsejoReciplasa.jpg\",\"datePublished\":\"2019-11-13T10:46:23+00:00\",\"dateModified\":\"2019-11-13T11:05:40+00:00\",\"author\":{\"@id\":\"https:\\\/\\\/www.reciplasa.es\\\/#\\\/schema\\\/person\\\/608ffc094e3c56d49e6c6ec8f1ea0e82\"},\"breadcrumb\":{\"@id\":\"https:\\\/\\\/www.reciplasa.es\\\/reciplasa-se-adhiere-al-pacto-por-la-economia-circular-de-anepma\\\/#breadcrumb\"},\"inLanguage\":\"va-VA\",\"potentialAction\":[{\"@type\":\"ReadAction\",\"target\":[\"https:\\\/\\\/www.reciplasa.es\\\/reciplasa-se-adhiere-al-pacto-por-la-economia-circular-de-anepma\\\/\"]}]},{\"@type\":\"ImageObject\",\"inLanguage\":\"va-VA\",\"@id\":\"https:\\\/\\\/www.reciplasa.es\\\/reciplasa-se-adhiere-al-pacto-por-la-economia-circular-de-anepma\\\/#primaryimage\",\"url\":\"https:\\\/\\\/www.reciplasa.es\\\/wp-content\\\/uploads\\\/2019\\\/10\\\/ReunionConsejoReciplasa.jpg\",\"contentUrl\":\"https:\\\/\\\/www.reciplasa.es\\\/wp-content\\\/uploads\\\/2019\\\/10\\\/ReunionConsejoReciplasa.jpg\",\"width\":4928,\"height\":3264,\"caption\":\"consejo administraci\u00f3n de reciplasa\"},{\"@type\":\"BreadcrumbList\",\"@id\":\"https:\\\/\\\/www.reciplasa.es\\\/reciplasa-se-adhiere-al-pacto-por-la-economia-circular-de-anepma\\\/#breadcrumb\",\"itemListElement\":[{\"@type\":\"ListItem\",\"position\":1,\"name\":\"Portada\",\"item\":\"https:\\\/\\\/www.reciplasa.es\\\/va\\\/\"},{\"@type\":\"ListItem\",\"position\":2,\"name\":\"Reciplasa s&#8217;adhereix al pacte per l&#8217;economia circular de ANEPMA\"}]},{\"@type\":\"WebSite\",\"@id\":\"https:\\\/\\\/www.reciplasa.es\\\/#website\",\"url\":\"https:\\\/\\\/www.reciplasa.es\\\/\",\"name\":\"RECIPLASA\",\"description\":\"Reciclats de Residus La Plana SA\",\"potentialAction\":[{\"@type\":\"SearchAction\",\"target\":{\"@type\":\"EntryPoint\",\"urlTemplate\":\"https:\\\/\\\/www.reciplasa.es\\\/?s={search_term_string}\"},\"query-input\":{\"@type\":\"PropertyValueSpecification\",\"valueRequired\":true,\"valueName\":\"search_term_string\"}}],\"inLanguage\":\"va-VA\"},{\"@type\":\"Person\",\"@id\":\"https:\\\/\\\/www.reciplasa.es\\\/#\\\/schema\\\/person\\\/608ffc094e3c56d49e6c6ec8f1ea0e82\",\"name\":\"Cristina Marco\",\"image\":{\"@type\":\"ImageObject\",\"inLanguage\":\"va-VA\",\"@id\":\"https:\\\/\\\/secure.gravatar.com\\\/avatar\\\/6da7e00dc41d26d3c4245f3b2d70d687293df0dfc18f03719354383f7be4f34b?s=96&d=mm&r=g\",\"url\":\"https:\\\/\\\/secure.gravatar.com\\\/avatar\\\/6da7e00dc41d26d3c4245f3b2d70d687293df0dfc18f03719354383f7be4f34b?s=96&d=mm&r=g\",\"contentUrl\":\"https:\\\/\\\/secure.gravatar.com\\\/avatar\\\/6da7e00dc41d26d3c4245f3b2d70d687293df0dfc18f03719354383f7be4f34b?s=96&d=mm&r=g\",\"caption\":\"Cristina Marco\"},\"url\":\"https:\\\/\\\/www.reciplasa.es\\\/va\\\/author\\\/cristina\\\/\"}]}<\/script>\n<!-- \/ Yoast SEO plugin. -->","yoast_head_json":{"title":"Reciplasa s'adhereix al pacte per l'economia circular de ANEPMA - RECIPLASA","robots":{"index":"index","follow":"follow","max-snippet":"max-snippet:-1","max-image-preview":"max-image-preview:large","max-video-preview":"max-video-preview:-1"},"canonical":"https:\/\/www.reciplasa.es\/reciplasa-se-adhiere-al-pacto-por-la-economia-circular-de-anepma\/","og_locale":"en_US","og_type":"article","og_title":"Reciplasa s'adhereix al pacte per l'economia circular de ANEPMA - RECIPLASA","og_description":"Aquest nou model econ\u00f2mic pren exemple de la naturalesa en tractar d&#8217;aprofitar al m\u00e0xim els recursos i convertir els residus de nou en recursos El consell d&#8217;administraci\u00f3 de Reciplasa ha aprovat l&#8217;adhesi\u00f3 al pacte per l&#8217;economia circular de l&#8217;Associaci\u00f3 Nacional d&#8217;Empreses P\u00fabliques de Medi Ambient (ANEPMA), de la qual Reciplasa forma part. L&#8217;objectiu d&#8217;aquest pacteDale que hay m\u00e1s ...","og_url":"https:\/\/www.reciplasa.es\/reciplasa-se-adhiere-al-pacto-por-la-economia-circular-de-anepma\/","og_site_name":"RECIPLASA","article_published_time":"2019-11-13T10:46:23+00:00","article_modified_time":"2019-11-13T11:05:40+00:00","og_image":[{"width":4928,"height":3264,"url":"https:\/\/www.reciplasa.es\/wp-content\/uploads\/2019\/10\/ReunionConsejoReciplasa.jpg","type":"image\/jpeg"}],"author":"Cristina Marco","twitter_card":"summary_large_image","twitter_misc":{"Written by":"Cristina Marco","Est. reading time":"2 minutes"},"schema":{"@context":"https:\/\/schema.org","@graph":[{"@type":"Article","@id":"https:\/\/www.reciplasa.es\/reciplasa-se-adhiere-al-pacto-por-la-economia-circular-de-anepma\/#article","isPartOf":{"@id":"https:\/\/www.reciplasa.es\/reciplasa-se-adhiere-al-pacto-por-la-economia-circular-de-anepma\/"},"author":{"name":"Cristina Marco","@id":"https:\/\/www.reciplasa.es\/#\/schema\/person\/608ffc094e3c56d49e6c6ec8f1ea0e82"},"headline":"Reciplasa s&#8217;adhereix al pacte per l&#8217;economia circular de ANEPMA","datePublished":"2019-11-13T10:46:23+00:00","dateModified":"2019-11-13T11:05:40+00:00","mainEntityOfPage":{"@id":"https:\/\/www.reciplasa.es\/reciplasa-se-adhiere-al-pacto-por-la-economia-circular-de-anepma\/"},"wordCount":363,"image":{"@id":"https:\/\/www.reciplasa.es\/reciplasa-se-adhiere-al-pacto-por-la-economia-circular-de-anepma\/#primaryimage"},"thumbnailUrl":"https:\/\/www.reciplasa.es\/wp-content\/uploads\/2019\/10\/ReunionConsejoReciplasa.jpg","articleSection":["Not\u00edcies corporatives"],"inLanguage":"va-VA"},{"@type":"WebPage","@id":"https:\/\/www.reciplasa.es\/reciplasa-se-adhiere-al-pacto-por-la-economia-circular-de-anepma\/","url":"https:\/\/www.reciplasa.es\/reciplasa-se-adhiere-al-pacto-por-la-economia-circular-de-anepma\/","name":"Reciplasa s'adhereix al pacte per l'economia circular de ANEPMA - RECIPLASA","isPartOf":{"@id":"https:\/\/www.reciplasa.es\/#website"},"primaryImageOfPage":{"@id":"https:\/\/www.reciplasa.es\/reciplasa-se-adhiere-al-pacto-por-la-economia-circular-de-anepma\/#primaryimage"},"image":{"@id":"https:\/\/www.reciplasa.es\/reciplasa-se-adhiere-al-pacto-por-la-economia-circular-de-anepma\/#primaryimage"},"thumbnailUrl":"https:\/\/www.reciplasa.es\/wp-content\/uploads\/2019\/10\/ReunionConsejoReciplasa.jpg","datePublished":"2019-11-13T10:46:23+00:00","dateModified":"2019-11-13T11:05:40+00:00","author":{"@id":"https:\/\/www.reciplasa.es\/#\/schema\/person\/608ffc094e3c56d49e6c6ec8f1ea0e82"},"breadcrumb":{"@id":"https:\/\/www.reciplasa.es\/reciplasa-se-adhiere-al-pacto-por-la-economia-circular-de-anepma\/#breadcrumb"},"inLanguage":"va-VA","potentialAction":[{"@type":"ReadAction","target":["https:\/\/www.reciplasa.es\/reciplasa-se-adhiere-al-pacto-por-la-economia-circular-de-anepma\/"]}]},{"@type":"ImageObject","inLanguage":"va-VA","@id":"https:\/\/www.reciplasa.es\/reciplasa-se-adhiere-al-pacto-por-la-economia-circular-de-anepma\/#primaryimage","url":"https:\/\/www.reciplasa.es\/wp-content\/uploads\/2019\/10\/ReunionConsejoReciplasa.jpg","contentUrl":"https:\/\/www.reciplasa.es\/wp-content\/uploads\/2019\/10\/ReunionConsejoReciplasa.jpg","width":4928,"height":3264,"caption":"consejo administraci\u00f3n de reciplasa"},{"@type":"BreadcrumbList","@id":"https:\/\/www.reciplasa.es\/reciplasa-se-adhiere-al-pacto-por-la-economia-circular-de-anepma\/#breadcrumb","itemListElement":[{"@type":"ListItem","position":1,"name":"Portada","item":"https:\/\/www.reciplasa.es\/va\/"},{"@type":"ListItem","position":2,"name":"Reciplasa s&#8217;adhereix al pacte per l&#8217;economia circular de ANEPMA"}]},{"@type":"WebSite","@id":"https:\/\/www.reciplasa.es\/#website","url":"https:\/\/www.reciplasa.es\/","name":"RECIPLASA","description":"Reciclats de Residus La Plana SA","potentialAction":[{"@type":"SearchAction","target":{"@type":"EntryPoint","urlTemplate":"https:\/\/www.reciplasa.es\/?s={search_term_string}"},"query-input":{"@type":"PropertyValueSpecification","valueRequired":true,"valueName":"search_term_string"}}],"inLanguage":"va-VA"},{"@type":"Person","@id":"https:\/\/www.reciplasa.es\/#\/schema\/person\/608ffc094e3c56d49e6c6ec8f1ea0e82","name":"Cristina Marco","image":{"@type":"ImageObject","inLanguage":"va-VA","@id":"https:\/\/secure.gravatar.com\/avatar\/6da7e00dc41d26d3c4245f3b2d70d687293df0dfc18f03719354383f7be4f34b?s=96&d=mm&r=g","url":"https:\/\/secure.gravatar.com\/avatar\/6da7e00dc41d26d3c4245f3b2d70d687293df0dfc18f03719354383f7be4f34b?s=96&d=mm&r=g","contentUrl":"https:\/\/secure.gravatar.com\/avatar\/6da7e00dc41d26d3c4245f3b2d70d687293df0dfc18f03719354383f7be4f34b?s=96&d=mm&r=g","caption":"Cristina Marco"},"url":"https:\/\/www.reciplasa.es\/va\/author\/cristina\/"}]}},"_links":{"self":[{"href":"https:\/\/www.reciplasa.es\/va\/wp-json\/wp\/v2\/posts\/14263","targetHints":{"allow":["GET"]}}],"collection":[{"href":"https:\/\/www.reciplasa.es\/va\/wp-json\/wp\/v2\/posts"}],"about":[{"href":"https:\/\/www.reciplasa.es\/va\/wp-json\/wp\/v2\/types\/post"}],"author":[{"embeddable":true,"href":"https:\/\/www.reciplasa.es\/va\/wp-json\/wp\/v2\/users\/3"}],"replies":[{"embeddable":true,"href":"https:\/\/www.reciplasa.es\/va\/wp-json\/wp\/v2\/comments?post=14263"}],"version-history":[{"count":3,"href":"https:\/\/www.reciplasa.es\/va\/wp-json\/wp\/v2\/posts\/14263\/revisions"}],"predecessor-version":[{"id":14268,"href":"https:\/\/www.reciplasa.es\/va\/wp-json\/wp\/v2\/posts\/14263\/revisions\/14268"}],"wp:featuredmedia":[{"embeddable":true,"href":"https:\/\/www.reciplasa.es\/va\/wp-json\/wp\/v2\/media\/14099"}],"wp:attachment":[{"href":"https:\/\/www.reciplasa.es\/va\/wp-json\/wp\/v2\/media?parent=14263"}],"wp:term":[{"taxonomy":"category","embeddable":true,"href":"https:\/\/www.reciplasa.es\/va\/wp-json\/wp\/v2\/categories?post=14263"},{"taxonomy":"post_tag","embeddable":true,"href":"https:\/\/www.reciplasa.es\/va\/wp-json\/wp\/v2\/tags?post=14263"}],"curies":[{"name":"wp","href":"https:\/\/api.w.org\/{rel}","templated":true}]}}