{"id":14306,"date":"2019-12-20T07:28:59","date_gmt":"2019-12-20T07:28:59","guid":{"rendered":"http:\/\/www.reciplasa.es\/?p=14306\/"},"modified":"2019-12-20T07:31:23","modified_gmt":"2019-12-20T07:31:23","slug":"reciplasa-aprova-les-bases-per-a-destinar-200-000-euros-a-projectes-mediambientals-en-els-municipis","status":"publish","type":"post","link":"https:\/\/www.reciplasa.es\/va\/reciplasa-aprova-les-bases-per-a-destinar-200-000-euros-a-projectes-mediambientals-en-els-municipis\/","title":{"rendered":"Reciplasa aprova les bases per a destinar 200.000 euros a projectes mediambientals en els municipis"},"content":{"rendered":"\n<h6 class=\"wp-block-heading\"><em><span style=\"font-weight: 400;\">L&#8217;objectiu \u00e9s impulsar projectes que durant el 2020 milloren la gesti\u00f3 dels residus i propicien la reducci\u00f3 d&#8217;aquests<\/span><\/em><\/h6>\n\n\n\n<p>L&#8217;empresa\np\u00fablica per a la gesti\u00f3 de residus de la zona centre de la prov\u00edncia de\nCastell\u00f3, Reciplasa, ha aprovat les bases per a destinar 200.000 euros a\nprojectes mediambientals per a l&#8217;any vinent 2020. El president de Reciplasa,\nIgnasi Garcia, afirma que \u201camb aquestes ajudes volem millorar la gesti\u00f3 dels\nresidus a les ciutats i reduir la quantitat que arriba a la planta. D&#8217;aquesta\nmanera, podrem reduir el seu impacte tant econ\u00f2mic, com ecol\u00f2gic.\u201d<\/p>\n\n\n\n<p>Tots els\nAjuntaments socis podran participar en el concurs presentant els seus projectes\nmediambientals o fins i tot seguir donant continu\u00eftat als presentats en anys\nanteriors, com per exemple la implantaci\u00f3 de la recollida selectiva de la\nfracci\u00f3 org\u00e0nica amb el nou contenidor marr\u00f3. Garcia explica que \u201cen els \u00faltims\nanys, gr\u00e0cies a aquest concurs tamb\u00e9 s&#8217;han implantat nous contenidors de\nreciclatge per a millorar la separaci\u00f3 en origen, els consistoris han posat en\nmarxa campanyes de conscienciaci\u00f3 o han promogut la reducci\u00f3 d&#8217;objectes d&#8217;un\nsol \u00fas\u201d.<\/p>\n\n\n\n<p>El president\nde Reciplasa conclou que \u201cpromoure aquest tipus de projectes \u00e9s una de les\ndiferents mesures que estem duent a terme per a reduir els 439.000 kg diaris\nque es generen en el centre de la prov\u00edncia, com pot ser la nostra recent\nadhesi\u00f3 al pacte per l&#8217;economia circular o promoure el consum responsable a\ntrav\u00e9s de xarxes socials i confer\u00e8ncies\u201d i conclou que \u201centre tots hem de\ncaminar cap a una societat m\u00e9s sostenible i aix\u00f2 inclou una millor gesti\u00f3 dels\nresidus, sobretot en origen, ja que el millor residu \u00e9s el que no es genera\u201d.<\/p>\n","protected":false},"excerpt":{"rendered":"<p>L&#8217;objectiu \u00e9s impulsar projectes que durant el 2020 milloren la gesti\u00f3 dels residus i propicien la reducci\u00f3 d&#8217;aquests L&#8217;empresa p\u00fablica per a la gesti\u00f3 de residus de la zona centre de la prov\u00edncia de Castell\u00f3, Reciplasa, ha aprovat les bases per a destinar 200.000 euros a projectes mediambientals per a l&#8217;any vinent 2020. El presidentDale que hay m\u00e1s &#8230;<\/p>\n","protected":false},"author":3,"featured_media":14303,"comment_status":"closed","ping_status":"closed","sticky":false,"template":"","format":"standard","meta":{"footnotes":""},"categories":[87],"tags":[],"class_list":["post-14306","post","type-post","status-publish","format-standard","has-post-thumbnail","hentry","category-noticies-corporatives"],"yoast_head":"<!-- This site is optimized with the Yoast SEO plugin v27.4 - https:\/\/yoast.com\/product\/yoast-seo-wordpress\/ -->\n<title>Reciplasa aprova les bases per a destinar 200.000 euros a projectes mediambientals en els municipis - RECIPLASA<\/title>\n<meta name=\"description\" content=\"L&#039;objectiu \u00e9s impulsar projectes que durant el 2020 milloren la gesti\u00f3 dels residus i propicien la reducci\u00f3 d&#039;aquests\" \/>\n<meta name=\"robots\" content=\"index, follow, max-snippet:-1, max-image-preview:large, max-video-preview:-1\" \/>\n<link rel=\"canonical\" href=\"https:\/\/www.reciplasa.es\/reciplasa-aprueba-las-bases-para-destinar-200-000-euros-a-proyectos-medioambientales-en-los-municipios\/\" \/>\n<meta property=\"og:locale\" content=\"en_US\" \/>\n<meta property=\"og:type\" content=\"article\" \/>\n<meta property=\"og:title\" content=\"Reciplasa aprova les bases per a destinar 200.000 euros a projectes mediambientals en els municipis - RECIPLASA\" \/>\n<meta property=\"og:description\" content=\"L&#039;objectiu \u00e9s impulsar projectes que durant el 2020 milloren la gesti\u00f3 dels residus i propicien la reducci\u00f3 d&#039;aquests\" \/>\n<meta property=\"og:url\" content=\"https:\/\/www.reciplasa.es\/reciplasa-aprueba-las-bases-para-destinar-200-000-euros-a-proyectos-medioambientales-en-los-municipios\/\" \/>\n<meta property=\"og:site_name\" content=\"RECIPLASA\" \/>\n<meta property=\"article:published_time\" content=\"2019-12-20T07:28:59+00:00\" \/>\n<meta property=\"article:modified_time\" content=\"2019-12-20T07:31:23+00:00\" \/>\n<meta property=\"og:image\" content=\"https:\/\/www.reciplasa.es\/wp-content\/uploads\/2019\/12\/conselladministracio18desembre.jpg\" \/>\n\t<meta property=\"og:image:width\" content=\"3504\" \/>\n\t<meta property=\"og:image:height\" content=\"2336\" \/>\n\t<meta property=\"og:image:type\" content=\"image\/jpeg\" \/>\n<meta name=\"author\" content=\"Cristina Marco\" \/>\n<meta name=\"twitter:card\" content=\"summary_large_image\" \/>\n<meta name=\"twitter:label1\" content=\"Written by\" \/>\n\t<meta name=\"twitter:data1\" content=\"Cristina Marco\" \/>\n\t<meta name=\"twitter:label2\" content=\"Est. reading time\" \/>\n\t<meta name=\"twitter:data2\" content=\"1 minute\" \/>\n<script type=\"application\/ld+json\" class=\"yoast-schema-graph\">{\"@context\":\"https:\\\/\\\/schema.org\",\"@graph\":[{\"@type\":\"Article\",\"@id\":\"https:\\\/\\\/www.reciplasa.es\\\/reciplasa-aprueba-las-bases-para-destinar-200-000-euros-a-proyectos-medioambientales-en-los-municipios\\\/#article\",\"isPartOf\":{\"@id\":\"https:\\\/\\\/www.reciplasa.es\\\/reciplasa-aprueba-las-bases-para-destinar-200-000-euros-a-proyectos-medioambientales-en-los-municipios\\\/\"},\"author\":{\"name\":\"Cristina Marco\",\"@id\":\"https:\\\/\\\/www.reciplasa.es\\\/#\\\/schema\\\/person\\\/608ffc094e3c56d49e6c6ec8f1ea0e82\"},\"headline\":\"Reciplasa aprova les bases per a destinar 200.000 euros a projectes mediambientals en els municipis\",\"datePublished\":\"2019-12-20T07:28:59+00:00\",\"dateModified\":\"2019-12-20T07:31:23+00:00\",\"mainEntityOfPage\":{\"@id\":\"https:\\\/\\\/www.reciplasa.es\\\/reciplasa-aprueba-las-bases-para-destinar-200-000-euros-a-proyectos-medioambientales-en-los-municipios\\\/\"},\"wordCount\":308,\"image\":{\"@id\":\"https:\\\/\\\/www.reciplasa.es\\\/reciplasa-aprueba-las-bases-para-destinar-200-000-euros-a-proyectos-medioambientales-en-los-municipios\\\/#primaryimage\"},\"thumbnailUrl\":\"https:\\\/\\\/www.reciplasa.es\\\/wp-content\\\/uploads\\\/2019\\\/12\\\/conselladministracio18desembre.jpg\",\"articleSection\":[\"Not\u00edcies corporatives\"],\"inLanguage\":\"va-VA\"},{\"@type\":\"WebPage\",\"@id\":\"https:\\\/\\\/www.reciplasa.es\\\/reciplasa-aprueba-las-bases-para-destinar-200-000-euros-a-proyectos-medioambientales-en-los-municipios\\\/\",\"url\":\"https:\\\/\\\/www.reciplasa.es\\\/reciplasa-aprueba-las-bases-para-destinar-200-000-euros-a-proyectos-medioambientales-en-los-municipios\\\/\",\"name\":\"Reciplasa aprova les bases per a destinar 200.000 euros a projectes mediambientals en els municipis - RECIPLASA\",\"isPartOf\":{\"@id\":\"https:\\\/\\\/www.reciplasa.es\\\/#website\"},\"primaryImageOfPage\":{\"@id\":\"https:\\\/\\\/www.reciplasa.es\\\/reciplasa-aprueba-las-bases-para-destinar-200-000-euros-a-proyectos-medioambientales-en-los-municipios\\\/#primaryimage\"},\"image\":{\"@id\":\"https:\\\/\\\/www.reciplasa.es\\\/reciplasa-aprueba-las-bases-para-destinar-200-000-euros-a-proyectos-medioambientales-en-los-municipios\\\/#primaryimage\"},\"thumbnailUrl\":\"https:\\\/\\\/www.reciplasa.es\\\/wp-content\\\/uploads\\\/2019\\\/12\\\/conselladministracio18desembre.jpg\",\"datePublished\":\"2019-12-20T07:28:59+00:00\",\"dateModified\":\"2019-12-20T07:31:23+00:00\",\"author\":{\"@id\":\"https:\\\/\\\/www.reciplasa.es\\\/#\\\/schema\\\/person\\\/608ffc094e3c56d49e6c6ec8f1ea0e82\"},\"description\":\"L'objectiu \u00e9s impulsar projectes que durant el 2020 milloren la gesti\u00f3 dels residus i propicien la reducci\u00f3 d'aquests\",\"breadcrumb\":{\"@id\":\"https:\\\/\\\/www.reciplasa.es\\\/reciplasa-aprueba-las-bases-para-destinar-200-000-euros-a-proyectos-medioambientales-en-los-municipios\\\/#breadcrumb\"},\"inLanguage\":\"va-VA\",\"potentialAction\":[{\"@type\":\"ReadAction\",\"target\":[\"https:\\\/\\\/www.reciplasa.es\\\/reciplasa-aprueba-las-bases-para-destinar-200-000-euros-a-proyectos-medioambientales-en-los-municipios\\\/\"]}]},{\"@type\":\"ImageObject\",\"inLanguage\":\"va-VA\",\"@id\":\"https:\\\/\\\/www.reciplasa.es\\\/reciplasa-aprueba-las-bases-para-destinar-200-000-euros-a-proyectos-medioambientales-en-los-municipios\\\/#primaryimage\",\"url\":\"https:\\\/\\\/www.reciplasa.es\\\/wp-content\\\/uploads\\\/2019\\\/12\\\/conselladministracio18desembre.jpg\",\"contentUrl\":\"https:\\\/\\\/www.reciplasa.es\\\/wp-content\\\/uploads\\\/2019\\\/12\\\/conselladministracio18desembre.jpg\",\"width\":3504,\"height\":2336,\"caption\":\"consejo de administracion en la reunion del 18 de diciembre de 2019\"},{\"@type\":\"BreadcrumbList\",\"@id\":\"https:\\\/\\\/www.reciplasa.es\\\/reciplasa-aprueba-las-bases-para-destinar-200-000-euros-a-proyectos-medioambientales-en-los-municipios\\\/#breadcrumb\",\"itemListElement\":[{\"@type\":\"ListItem\",\"position\":1,\"name\":\"Portada\",\"item\":\"https:\\\/\\\/www.reciplasa.es\\\/va\\\/\"},{\"@type\":\"ListItem\",\"position\":2,\"name\":\"Reciplasa aprova les bases per a destinar 200.000 euros a projectes mediambientals en els municipis\"}]},{\"@type\":\"WebSite\",\"@id\":\"https:\\\/\\\/www.reciplasa.es\\\/#website\",\"url\":\"https:\\\/\\\/www.reciplasa.es\\\/\",\"name\":\"RECIPLASA\",\"description\":\"Reciclats de Residus La Plana SA\",\"potentialAction\":[{\"@type\":\"SearchAction\",\"target\":{\"@type\":\"EntryPoint\",\"urlTemplate\":\"https:\\\/\\\/www.reciplasa.es\\\/?s={search_term_string}\"},\"query-input\":{\"@type\":\"PropertyValueSpecification\",\"valueRequired\":true,\"valueName\":\"search_term_string\"}}],\"inLanguage\":\"va-VA\"},{\"@type\":\"Person\",\"@id\":\"https:\\\/\\\/www.reciplasa.es\\\/#\\\/schema\\\/person\\\/608ffc094e3c56d49e6c6ec8f1ea0e82\",\"name\":\"Cristina Marco\",\"image\":{\"@type\":\"ImageObject\",\"inLanguage\":\"va-VA\",\"@id\":\"https:\\\/\\\/secure.gravatar.com\\\/avatar\\\/6da7e00dc41d26d3c4245f3b2d70d687293df0dfc18f03719354383f7be4f34b?s=96&d=mm&r=g\",\"url\":\"https:\\\/\\\/secure.gravatar.com\\\/avatar\\\/6da7e00dc41d26d3c4245f3b2d70d687293df0dfc18f03719354383f7be4f34b?s=96&d=mm&r=g\",\"contentUrl\":\"https:\\\/\\\/secure.gravatar.com\\\/avatar\\\/6da7e00dc41d26d3c4245f3b2d70d687293df0dfc18f03719354383f7be4f34b?s=96&d=mm&r=g\",\"caption\":\"Cristina Marco\"},\"url\":\"https:\\\/\\\/www.reciplasa.es\\\/va\\\/author\\\/cristina\\\/\"}]}<\/script>\n<!-- \/ Yoast SEO plugin. -->","yoast_head_json":{"title":"Reciplasa aprova les bases per a destinar 200.000 euros a projectes mediambientals en els municipis - RECIPLASA","description":"L'objectiu \u00e9s impulsar projectes que durant el 2020 milloren la gesti\u00f3 dels residus i propicien la reducci\u00f3 d'aquests","robots":{"index":"index","follow":"follow","max-snippet":"max-snippet:-1","max-image-preview":"max-image-preview:large","max-video-preview":"max-video-preview:-1"},"canonical":"https:\/\/www.reciplasa.es\/reciplasa-aprueba-las-bases-para-destinar-200-000-euros-a-proyectos-medioambientales-en-los-municipios\/","og_locale":"en_US","og_type":"article","og_title":"Reciplasa aprova les bases per a destinar 200.000 euros a projectes mediambientals en els municipis - RECIPLASA","og_description":"L'objectiu \u00e9s impulsar projectes que durant el 2020 milloren la gesti\u00f3 dels residus i propicien la reducci\u00f3 d'aquests","og_url":"https:\/\/www.reciplasa.es\/reciplasa-aprueba-las-bases-para-destinar-200-000-euros-a-proyectos-medioambientales-en-los-municipios\/","og_site_name":"RECIPLASA","article_published_time":"2019-12-20T07:28:59+00:00","article_modified_time":"2019-12-20T07:31:23+00:00","og_image":[{"width":3504,"height":2336,"url":"https:\/\/www.reciplasa.es\/wp-content\/uploads\/2019\/12\/conselladministracio18desembre.jpg","type":"image\/jpeg"}],"author":"Cristina Marco","twitter_card":"summary_large_image","twitter_misc":{"Written by":"Cristina Marco","Est. reading time":"1 minute"},"schema":{"@context":"https:\/\/schema.org","@graph":[{"@type":"Article","@id":"https:\/\/www.reciplasa.es\/reciplasa-aprueba-las-bases-para-destinar-200-000-euros-a-proyectos-medioambientales-en-los-municipios\/#article","isPartOf":{"@id":"https:\/\/www.reciplasa.es\/reciplasa-aprueba-las-bases-para-destinar-200-000-euros-a-proyectos-medioambientales-en-los-municipios\/"},"author":{"name":"Cristina Marco","@id":"https:\/\/www.reciplasa.es\/#\/schema\/person\/608ffc094e3c56d49e6c6ec8f1ea0e82"},"headline":"Reciplasa aprova les bases per a destinar 200.000 euros a projectes mediambientals en els municipis","datePublished":"2019-12-20T07:28:59+00:00","dateModified":"2019-12-20T07:31:23+00:00","mainEntityOfPage":{"@id":"https:\/\/www.reciplasa.es\/reciplasa-aprueba-las-bases-para-destinar-200-000-euros-a-proyectos-medioambientales-en-los-municipios\/"},"wordCount":308,"image":{"@id":"https:\/\/www.reciplasa.es\/reciplasa-aprueba-las-bases-para-destinar-200-000-euros-a-proyectos-medioambientales-en-los-municipios\/#primaryimage"},"thumbnailUrl":"https:\/\/www.reciplasa.es\/wp-content\/uploads\/2019\/12\/conselladministracio18desembre.jpg","articleSection":["Not\u00edcies corporatives"],"inLanguage":"va-VA"},{"@type":"WebPage","@id":"https:\/\/www.reciplasa.es\/reciplasa-aprueba-las-bases-para-destinar-200-000-euros-a-proyectos-medioambientales-en-los-municipios\/","url":"https:\/\/www.reciplasa.es\/reciplasa-aprueba-las-bases-para-destinar-200-000-euros-a-proyectos-medioambientales-en-los-municipios\/","name":"Reciplasa aprova les bases per a destinar 200.000 euros a projectes mediambientals en els municipis - RECIPLASA","isPartOf":{"@id":"https:\/\/www.reciplasa.es\/#website"},"primaryImageOfPage":{"@id":"https:\/\/www.reciplasa.es\/reciplasa-aprueba-las-bases-para-destinar-200-000-euros-a-proyectos-medioambientales-en-los-municipios\/#primaryimage"},"image":{"@id":"https:\/\/www.reciplasa.es\/reciplasa-aprueba-las-bases-para-destinar-200-000-euros-a-proyectos-medioambientales-en-los-municipios\/#primaryimage"},"thumbnailUrl":"https:\/\/www.reciplasa.es\/wp-content\/uploads\/2019\/12\/conselladministracio18desembre.jpg","datePublished":"2019-12-20T07:28:59+00:00","dateModified":"2019-12-20T07:31:23+00:00","author":{"@id":"https:\/\/www.reciplasa.es\/#\/schema\/person\/608ffc094e3c56d49e6c6ec8f1ea0e82"},"description":"L'objectiu \u00e9s impulsar projectes que durant el 2020 milloren la gesti\u00f3 dels residus i propicien la reducci\u00f3 d'aquests","breadcrumb":{"@id":"https:\/\/www.reciplasa.es\/reciplasa-aprueba-las-bases-para-destinar-200-000-euros-a-proyectos-medioambientales-en-los-municipios\/#breadcrumb"},"inLanguage":"va-VA","potentialAction":[{"@type":"ReadAction","target":["https:\/\/www.reciplasa.es\/reciplasa-aprueba-las-bases-para-destinar-200-000-euros-a-proyectos-medioambientales-en-los-municipios\/"]}]},{"@type":"ImageObject","inLanguage":"va-VA","@id":"https:\/\/www.reciplasa.es\/reciplasa-aprueba-las-bases-para-destinar-200-000-euros-a-proyectos-medioambientales-en-los-municipios\/#primaryimage","url":"https:\/\/www.reciplasa.es\/wp-content\/uploads\/2019\/12\/conselladministracio18desembre.jpg","contentUrl":"https:\/\/www.reciplasa.es\/wp-content\/uploads\/2019\/12\/conselladministracio18desembre.jpg","width":3504,"height":2336,"caption":"consejo de administracion en la reunion del 18 de diciembre de 2019"},{"@type":"BreadcrumbList","@id":"https:\/\/www.reciplasa.es\/reciplasa-aprueba-las-bases-para-destinar-200-000-euros-a-proyectos-medioambientales-en-los-municipios\/#breadcrumb","itemListElement":[{"@type":"ListItem","position":1,"name":"Portada","item":"https:\/\/www.reciplasa.es\/va\/"},{"@type":"ListItem","position":2,"name":"Reciplasa aprova les bases per a destinar 200.000 euros a projectes mediambientals en els municipis"}]},{"@type":"WebSite","@id":"https:\/\/www.reciplasa.es\/#website","url":"https:\/\/www.reciplasa.es\/","name":"RECIPLASA","description":"Reciclats de Residus La Plana SA","potentialAction":[{"@type":"SearchAction","target":{"@type":"EntryPoint","urlTemplate":"https:\/\/www.reciplasa.es\/?s={search_term_string}"},"query-input":{"@type":"PropertyValueSpecification","valueRequired":true,"valueName":"search_term_string"}}],"inLanguage":"va-VA"},{"@type":"Person","@id":"https:\/\/www.reciplasa.es\/#\/schema\/person\/608ffc094e3c56d49e6c6ec8f1ea0e82","name":"Cristina Marco","image":{"@type":"ImageObject","inLanguage":"va-VA","@id":"https:\/\/secure.gravatar.com\/avatar\/6da7e00dc41d26d3c4245f3b2d70d687293df0dfc18f03719354383f7be4f34b?s=96&d=mm&r=g","url":"https:\/\/secure.gravatar.com\/avatar\/6da7e00dc41d26d3c4245f3b2d70d687293df0dfc18f03719354383f7be4f34b?s=96&d=mm&r=g","contentUrl":"https:\/\/secure.gravatar.com\/avatar\/6da7e00dc41d26d3c4245f3b2d70d687293df0dfc18f03719354383f7be4f34b?s=96&d=mm&r=g","caption":"Cristina Marco"},"url":"https:\/\/www.reciplasa.es\/va\/author\/cristina\/"}]}},"_links":{"self":[{"href":"https:\/\/www.reciplasa.es\/va\/wp-json\/wp\/v2\/posts\/14306","targetHints":{"allow":["GET"]}}],"collection":[{"href":"https:\/\/www.reciplasa.es\/va\/wp-json\/wp\/v2\/posts"}],"about":[{"href":"https:\/\/www.reciplasa.es\/va\/wp-json\/wp\/v2\/types\/post"}],"author":[{"embeddable":true,"href":"https:\/\/www.reciplasa.es\/va\/wp-json\/wp\/v2\/users\/3"}],"replies":[{"embeddable":true,"href":"https:\/\/www.reciplasa.es\/va\/wp-json\/wp\/v2\/comments?post=14306"}],"version-history":[{"count":1,"href":"https:\/\/www.reciplasa.es\/va\/wp-json\/wp\/v2\/posts\/14306\/revisions"}],"predecessor-version":[{"id":14308,"href":"https:\/\/www.reciplasa.es\/va\/wp-json\/wp\/v2\/posts\/14306\/revisions\/14308"}],"wp:featuredmedia":[{"embeddable":true,"href":"https:\/\/www.reciplasa.es\/va\/wp-json\/wp\/v2\/media\/14303"}],"wp:attachment":[{"href":"https:\/\/www.reciplasa.es\/va\/wp-json\/wp\/v2\/media?parent=14306"}],"wp:term":[{"taxonomy":"category","embeddable":true,"href":"https:\/\/www.reciplasa.es\/va\/wp-json\/wp\/v2\/categories?post=14306"},{"taxonomy":"post_tag","embeddable":true,"href":"https:\/\/www.reciplasa.es\/va\/wp-json\/wp\/v2\/tags?post=14306"}],"curies":[{"name":"wp","href":"https:\/\/api.w.org\/{rel}","templated":true}]}}