{"id":14323,"date":"2019-12-23T08:17:38","date_gmt":"2019-12-23T08:17:38","guid":{"rendered":"http:\/\/www.reciplasa.es\/?p=14323\/"},"modified":"2019-12-23T08:20:23","modified_gmt":"2019-12-23T08:20:23","slug":"la-catedra-reciplasa-de-luji-realitzara-accions-formatives-en-gestio-mediambiental-amb-centres-educatius-en-2020","status":"publish","type":"post","link":"https:\/\/www.reciplasa.es\/va\/la-catedra-reciplasa-de-luji-realitzara-accions-formatives-en-gestio-mediambiental-amb-centres-educatius-en-2020\/","title":{"rendered":"La C\u00e0tedra Reciplasa de l\u2019UJI realitzar\u00e0 accions formatives en gesti\u00f3 mediambiental amb centres educatius en 2020"},"content":{"rendered":"\n<p>La Comissi\u00f3 Mixta de Seguiment de la C\u00e0tedra Reciplasa de Gesti\u00f3 de Residus Urbans de la Universitat Jaume I ha presentat avui la mem\u00f2ria de les activitats realitzades durant l\u2019any 2019 i el programa d\u2019activitats previstes per a 2020.&nbsp;<\/p>\n\n\n\n<p>Entre les <strong>activitats realitzades en&nbsp;l&#8217;any 2019<\/strong>, cal destacar una nova edici\u00f3 del concurs \u00abQu\u00e8 fem amb el fem?\u00bb, al qual&nbsp;es van presentar m\u00e9s d&#8217;una vintena de treballs, i que est\u00e0 dirigit a l&#8217;estudiantat preuniversitari amb el prop\u00f2sit&nbsp;de fomentar en els centres d&#8217;ensenyament una major conscienciaci\u00f3&nbsp;sobre la gesti\u00f3 responsable dels residus urbans; el cicle de confer\u00e8ncies de la C\u00e0tedra; i la nova convocat\u00f2ria dels premis al millor treball final de grau (TFG) i millor treball final de m\u00e0ster (TFM) en les \u00e0rees d&#8217;inter\u00e8s de la C\u00e0tedra, que s&#8217;entregaran el pr\u00f2xim mes de gener.<\/p>\n\n\n\n<figure class=\"wp-block-image\"><img loading=\"lazy\" decoding=\"async\" width=\"1024\" height=\"683\" src=\"http:\/\/www.reciplasa.es\/wp-content\/uploads\/2019\/12\/Reunio_Catedra_Reciplasa_19DLL34-1024x683.jpg\" alt=\"firma de la catedra reciplasa para 2020\" class=\"wp-image-14320\" srcset=\"https:\/\/www.reciplasa.es\/wp-content\/uploads\/2019\/12\/Reunio_Catedra_Reciplasa_19DLL34-1024x683.jpg 1024w, https:\/\/www.reciplasa.es\/wp-content\/uploads\/2019\/12\/Reunio_Catedra_Reciplasa_19DLL34-300x200.jpg 300w, https:\/\/www.reciplasa.es\/wp-content\/uploads\/2019\/12\/Reunio_Catedra_Reciplasa_19DLL34-768x512.jpg 768w\" sizes=\"auto, (max-width: 1024px) 100vw, 1024px\" \/><\/figure>\n\n\n\n<p>Quant a la proposta d&#8217;<strong>activitats&nbsp;per a l&#8217;any 2020<\/strong> cal destacar, com a novetat, la col\u00b7laboraci\u00f3 amb centres educatius de la prov\u00edncia de Castell\u00f3 per a la formaci\u00f3 espec\u00edfica del professorat en gesti\u00f3 mediambiental, reciclatge, reutilitzaci\u00f3 i reducci\u00f3 dels residus mitjan\u00e7ant la realitzaci\u00f3 de cursos de formaci\u00f3. A m\u00e9s&nbsp;d&#8217;aquesta col\u00b7laboraci\u00f3 amb la comunitat de centres per la sostenibilitat de la prov\u00edncia de Castell\u00f3, es realitzar\u00e0 una nova edici\u00f3 del concurs&nbsp;\u00abQu\u00e8 fem amb el fem?\u00bb i dels Premis de la C\u00e0tedra; i es desenvoluparan dos projectes d&#8217;investigaci\u00f3 en el marc de la C\u00e0tedra: una investigaci\u00f3 sobre el control de contaminants org\u00e0nics en les aig\u00fces de l&#8217;entorn de la planta de Reciplasa, a realitzar per l&#8217;Institut Universitari de Plaguicides i&nbsp;Aig\u00fces; i una altra sobre el combustible s\u00f2lid recuperat (CSR) produ\u00eft a partir de rebutjos de la planta de tractament mec\u00e0nico-biol\u00f2gica d&#8217;Onda, que ser\u00e0 realitzada pel Grup d&#8217;Enginyeria de Residus de l&#8217;UJI (INGRES).<\/p>\n\n\n\n<p>En la comissi\u00f3 han estat presents, per part de l&#8217;UJI, la rectora, Eva Alc\u00f3n; el vicerector d&#8217;Investigaci\u00f3 i Transfer\u00e8ncia, Jes\u00fas Lancis;&nbsp;Modesto Fabra, vicerector de Planificaci\u00f3, Coordinaci\u00f3 i Comunicaci\u00f3;&nbsp;F\u00e9lix Hern\u00e1ndez, director de la C\u00e0tedra i catedr\u00e0tic de Qu\u00edmica Anal\u00edtica, i el catedr\u00e0tic de Projectes d\u2019Enginyeria,&nbsp;Antonio Gallardo.&nbsp; Per part de Reciplasa, el president, Ignasi Garcia; el vicepresident, Salvador Aguilella, i&nbsp;el director t\u00e8cnic de&nbsp;l&#8217;entitat,&nbsp;Fernando Albarr\u00e1n.&nbsp;&nbsp;<\/p>\n\n\n\n<figure class=\"wp-block-image\"><img loading=\"lazy\" decoding=\"async\" width=\"1024\" height=\"683\" src=\"http:\/\/www.reciplasa.es\/wp-content\/uploads\/2019\/12\/Reunio_Catedra_Reciplasa_19DLL25-1024x683.jpg\" alt=\"reunion entre la uji y reciplasa\" class=\"wp-image-14321\" srcset=\"https:\/\/www.reciplasa.es\/wp-content\/uploads\/2019\/12\/Reunio_Catedra_Reciplasa_19DLL25-1024x683.jpg 1024w, https:\/\/www.reciplasa.es\/wp-content\/uploads\/2019\/12\/Reunio_Catedra_Reciplasa_19DLL25-300x200.jpg 300w, https:\/\/www.reciplasa.es\/wp-content\/uploads\/2019\/12\/Reunio_Catedra_Reciplasa_19DLL25-768x512.jpg 768w\" sizes=\"auto, (max-width: 1024px) 100vw, 1024px\" \/><\/figure>\n\n\n\n<p>Aprofitant la reuni\u00f3 de la comissi\u00f3, la rectora de la Universitat Jaume I, Eva Alc\u00f3n; el president de&nbsp;Reciplasa, Ignasi Garcia, i el conseller delegat de l&#8217;entitat, Salvador Aguilella, han signat un annex&nbsp;per a modificar una cl\u00e0usula de gesti\u00f3 administrativa del conveni de renovaci\u00f3 de la C\u00e0tedra firmat el passat mes de mar\u00e7 de 2019.&nbsp;&nbsp;<\/p>\n\n\n\n<p>La C\u00e0tedra Reciplasa de Gesti\u00f3 de Residus Urbans es va crear l&#8217;any 2016 mitjan\u00e7ant un conveni entre l&#8217;UJI i Reciclados de Residuos la Plana, S.A.&nbsp;i t\u00e9 com a objectius generals el foment de la doc\u00e8ncia, la investigaci\u00f3, la difusi\u00f3 del coneixement i la innovaci\u00f3 en el sector de gesti\u00f3 i tractament de residus s\u00f2lids urbans.<\/p>\n","protected":false},"excerpt":{"rendered":"<p>La Comissi\u00f3 Mixta de Seguiment de la C\u00e0tedra Reciplasa de Gesti\u00f3 de Residus Urbans de la Universitat Jaume I ha presentat avui la mem\u00f2ria de les activitats realitzades durant l\u2019any 2019 i el programa d\u2019activitats previstes per a 2020.&nbsp; Entre les activitats realitzades en&nbsp;l&#8217;any 2019, cal destacar una nova edici\u00f3 del concurs \u00abQu\u00e8 fem ambDale que hay m\u00e1s &#8230;<\/p>\n","protected":false},"author":3,"featured_media":14319,"comment_status":"closed","ping_status":"closed","sticky":false,"template":"","format":"standard","meta":{"footnotes":""},"categories":[87],"tags":[],"class_list":["post-14323","post","type-post","status-publish","format-standard","has-post-thumbnail","hentry","category-noticies-corporatives"],"yoast_head":"<!-- This site is optimized with the Yoast SEO plugin v27.4 - https:\/\/yoast.com\/product\/yoast-seo-wordpress\/ -->\n<title>La C\u00e0tedra Reciplasa de l\u2019UJI realitzar\u00e0 accions formatives en gesti\u00f3 mediambiental amb centres educatius en 2020 - RECIPLASA<\/title>\n<meta name=\"description\" content=\"Com la col\u00b7laboraci\u00f3 amb centres educatius, una nova edici\u00f3 del concurs \u00abQu\u00e8 fem amb el fem?\u00bb, els premis de la C\u00e0tedra i dos projectes d&#039;investigaci\u00f3.\" \/>\n<meta name=\"robots\" content=\"index, follow, max-snippet:-1, max-image-preview:large, max-video-preview:-1\" \/>\n<link rel=\"canonical\" href=\"https:\/\/www.reciplasa.es\/va\/la-catedra-reciplasa-de-luji-realitzara-accions-formatives-en-gestio-mediambiental-amb-centres-educatius-en-2020\/\" \/>\n<meta property=\"og:locale\" content=\"en_US\" \/>\n<meta property=\"og:type\" content=\"article\" \/>\n<meta property=\"og:title\" content=\"La C\u00e0tedra Reciplasa de l\u2019UJI realitzar\u00e0 accions formatives en gesti\u00f3 mediambiental amb centres educatius en 2020 - RECIPLASA\" \/>\n<meta property=\"og:description\" content=\"Com la col\u00b7laboraci\u00f3 amb centres educatius, una nova edici\u00f3 del concurs \u00abQu\u00e8 fem amb el fem?\u00bb, els premis de la C\u00e0tedra i dos projectes d&#039;investigaci\u00f3.\" \/>\n<meta property=\"og:url\" content=\"https:\/\/www.reciplasa.es\/va\/la-catedra-reciplasa-de-luji-realitzara-accions-formatives-en-gestio-mediambiental-amb-centres-educatius-en-2020\/\" \/>\n<meta property=\"og:site_name\" content=\"RECIPLASA\" \/>\n<meta property=\"article:published_time\" content=\"2019-12-23T08:17:38+00:00\" \/>\n<meta property=\"article:modified_time\" content=\"2019-12-23T08:20:23+00:00\" \/>\n<meta property=\"og:image\" content=\"https:\/\/www.reciplasa.es\/wp-content\/uploads\/2019\/12\/Reunio_Catedra_Reciplasa_19DLL04.jpg\" \/>\n\t<meta property=\"og:image:width\" content=\"3240\" \/>\n\t<meta property=\"og:image:height\" content=\"2160\" \/>\n\t<meta property=\"og:image:type\" content=\"image\/jpeg\" \/>\n<meta name=\"author\" content=\"Cristina Marco\" \/>\n<meta name=\"twitter:card\" content=\"summary_large_image\" \/>\n<meta name=\"twitter:label1\" content=\"Written by\" \/>\n\t<meta name=\"twitter:data1\" content=\"Cristina Marco\" \/>\n\t<meta name=\"twitter:label2\" content=\"Est. reading time\" \/>\n\t<meta name=\"twitter:data2\" content=\"3 minutes\" \/>\n<script type=\"application\/ld+json\" class=\"yoast-schema-graph\">{\"@context\":\"https:\\\/\\\/schema.org\",\"@graph\":[{\"@type\":\"Article\",\"@id\":\"https:\\\/\\\/www.reciplasa.es\\\/va\\\/la-catedra-reciplasa-de-luji-realitzara-accions-formatives-en-gestio-mediambiental-amb-centres-educatius-en-2020\\\/#article\",\"isPartOf\":{\"@id\":\"https:\\\/\\\/www.reciplasa.es\\\/va\\\/la-catedra-reciplasa-de-luji-realitzara-accions-formatives-en-gestio-mediambiental-amb-centres-educatius-en-2020\\\/\"},\"author\":{\"name\":\"Cristina Marco\",\"@id\":\"https:\\\/\\\/www.reciplasa.es\\\/#\\\/schema\\\/person\\\/608ffc094e3c56d49e6c6ec8f1ea0e82\"},\"headline\":\"La C\u00e0tedra Reciplasa de l\u2019UJI realitzar\u00e0 accions formatives en gesti\u00f3 mediambiental amb centres educatius en 2020\",\"datePublished\":\"2019-12-23T08:17:38+00:00\",\"dateModified\":\"2019-12-23T08:20:23+00:00\",\"mainEntityOfPage\":{\"@id\":\"https:\\\/\\\/www.reciplasa.es\\\/va\\\/la-catedra-reciplasa-de-luji-realitzara-accions-formatives-en-gestio-mediambiental-amb-centres-educatius-en-2020\\\/\"},\"wordCount\":573,\"image\":{\"@id\":\"https:\\\/\\\/www.reciplasa.es\\\/va\\\/la-catedra-reciplasa-de-luji-realitzara-accions-formatives-en-gestio-mediambiental-amb-centres-educatius-en-2020\\\/#primaryimage\"},\"thumbnailUrl\":\"https:\\\/\\\/www.reciplasa.es\\\/wp-content\\\/uploads\\\/2019\\\/12\\\/Reunio_Catedra_Reciplasa_19DLL04.jpg\",\"articleSection\":[\"Not\u00edcies corporatives\"],\"inLanguage\":\"va-VA\"},{\"@type\":\"WebPage\",\"@id\":\"https:\\\/\\\/www.reciplasa.es\\\/va\\\/la-catedra-reciplasa-de-luji-realitzara-accions-formatives-en-gestio-mediambiental-amb-centres-educatius-en-2020\\\/\",\"url\":\"https:\\\/\\\/www.reciplasa.es\\\/va\\\/la-catedra-reciplasa-de-luji-realitzara-accions-formatives-en-gestio-mediambiental-amb-centres-educatius-en-2020\\\/\",\"name\":\"La C\u00e0tedra Reciplasa de l\u2019UJI realitzar\u00e0 accions formatives en gesti\u00f3 mediambiental amb centres educatius en 2020 - RECIPLASA\",\"isPartOf\":{\"@id\":\"https:\\\/\\\/www.reciplasa.es\\\/#website\"},\"primaryImageOfPage\":{\"@id\":\"https:\\\/\\\/www.reciplasa.es\\\/va\\\/la-catedra-reciplasa-de-luji-realitzara-accions-formatives-en-gestio-mediambiental-amb-centres-educatius-en-2020\\\/#primaryimage\"},\"image\":{\"@id\":\"https:\\\/\\\/www.reciplasa.es\\\/va\\\/la-catedra-reciplasa-de-luji-realitzara-accions-formatives-en-gestio-mediambiental-amb-centres-educatius-en-2020\\\/#primaryimage\"},\"thumbnailUrl\":\"https:\\\/\\\/www.reciplasa.es\\\/wp-content\\\/uploads\\\/2019\\\/12\\\/Reunio_Catedra_Reciplasa_19DLL04.jpg\",\"datePublished\":\"2019-12-23T08:17:38+00:00\",\"dateModified\":\"2019-12-23T08:20:23+00:00\",\"author\":{\"@id\":\"https:\\\/\\\/www.reciplasa.es\\\/#\\\/schema\\\/person\\\/608ffc094e3c56d49e6c6ec8f1ea0e82\"},\"description\":\"Com la col\u00b7laboraci\u00f3 amb centres educatius, una nova edici\u00f3 del concurs \u00abQu\u00e8 fem amb el fem?\u00bb, els premis de la C\u00e0tedra i dos projectes d'investigaci\u00f3.\",\"breadcrumb\":{\"@id\":\"https:\\\/\\\/www.reciplasa.es\\\/va\\\/la-catedra-reciplasa-de-luji-realitzara-accions-formatives-en-gestio-mediambiental-amb-centres-educatius-en-2020\\\/#breadcrumb\"},\"inLanguage\":\"va-VA\",\"potentialAction\":[{\"@type\":\"ReadAction\",\"target\":[\"https:\\\/\\\/www.reciplasa.es\\\/va\\\/la-catedra-reciplasa-de-luji-realitzara-accions-formatives-en-gestio-mediambiental-amb-centres-educatius-en-2020\\\/\"]}]},{\"@type\":\"ImageObject\",\"inLanguage\":\"va-VA\",\"@id\":\"https:\\\/\\\/www.reciplasa.es\\\/va\\\/la-catedra-reciplasa-de-luji-realitzara-accions-formatives-en-gestio-mediambiental-amb-centres-educatius-en-2020\\\/#primaryimage\",\"url\":\"https:\\\/\\\/www.reciplasa.es\\\/wp-content\\\/uploads\\\/2019\\\/12\\\/Reunio_Catedra_Reciplasa_19DLL04.jpg\",\"contentUrl\":\"https:\\\/\\\/www.reciplasa.es\\\/wp-content\\\/uploads\\\/2019\\\/12\\\/Reunio_Catedra_Reciplasa_19DLL04.jpg\",\"width\":3240,\"height\":2160,\"caption\":\"\"},{\"@type\":\"BreadcrumbList\",\"@id\":\"https:\\\/\\\/www.reciplasa.es\\\/va\\\/la-catedra-reciplasa-de-luji-realitzara-accions-formatives-en-gestio-mediambiental-amb-centres-educatius-en-2020\\\/#breadcrumb\",\"itemListElement\":[{\"@type\":\"ListItem\",\"position\":1,\"name\":\"Portada\",\"item\":\"https:\\\/\\\/www.reciplasa.es\\\/va\\\/\"},{\"@type\":\"ListItem\",\"position\":2,\"name\":\"La C\u00e0tedra Reciplasa de l\u2019UJI realitzar\u00e0 accions formatives en gesti\u00f3 mediambiental amb centres educatius en 2020\"}]},{\"@type\":\"WebSite\",\"@id\":\"https:\\\/\\\/www.reciplasa.es\\\/#website\",\"url\":\"https:\\\/\\\/www.reciplasa.es\\\/\",\"name\":\"RECIPLASA\",\"description\":\"Reciclats de Residus La Plana SA\",\"potentialAction\":[{\"@type\":\"SearchAction\",\"target\":{\"@type\":\"EntryPoint\",\"urlTemplate\":\"https:\\\/\\\/www.reciplasa.es\\\/?s={search_term_string}\"},\"query-input\":{\"@type\":\"PropertyValueSpecification\",\"valueRequired\":true,\"valueName\":\"search_term_string\"}}],\"inLanguage\":\"va-VA\"},{\"@type\":\"Person\",\"@id\":\"https:\\\/\\\/www.reciplasa.es\\\/#\\\/schema\\\/person\\\/608ffc094e3c56d49e6c6ec8f1ea0e82\",\"name\":\"Cristina Marco\",\"image\":{\"@type\":\"ImageObject\",\"inLanguage\":\"va-VA\",\"@id\":\"https:\\\/\\\/secure.gravatar.com\\\/avatar\\\/6da7e00dc41d26d3c4245f3b2d70d687293df0dfc18f03719354383f7be4f34b?s=96&d=mm&r=g\",\"url\":\"https:\\\/\\\/secure.gravatar.com\\\/avatar\\\/6da7e00dc41d26d3c4245f3b2d70d687293df0dfc18f03719354383f7be4f34b?s=96&d=mm&r=g\",\"contentUrl\":\"https:\\\/\\\/secure.gravatar.com\\\/avatar\\\/6da7e00dc41d26d3c4245f3b2d70d687293df0dfc18f03719354383f7be4f34b?s=96&d=mm&r=g\",\"caption\":\"Cristina Marco\"},\"url\":\"https:\\\/\\\/www.reciplasa.es\\\/va\\\/author\\\/cristina\\\/\"}]}<\/script>\n<!-- \/ Yoast SEO plugin. -->","yoast_head_json":{"title":"La C\u00e0tedra Reciplasa de l\u2019UJI realitzar\u00e0 accions formatives en gesti\u00f3 mediambiental amb centres educatius en 2020 - RECIPLASA","description":"Com la col\u00b7laboraci\u00f3 amb centres educatius, una nova edici\u00f3 del concurs \u00abQu\u00e8 fem amb el fem?\u00bb, els premis de la C\u00e0tedra i dos projectes d'investigaci\u00f3.","robots":{"index":"index","follow":"follow","max-snippet":"max-snippet:-1","max-image-preview":"max-image-preview:large","max-video-preview":"max-video-preview:-1"},"canonical":"https:\/\/www.reciplasa.es\/va\/la-catedra-reciplasa-de-luji-realitzara-accions-formatives-en-gestio-mediambiental-amb-centres-educatius-en-2020\/","og_locale":"en_US","og_type":"article","og_title":"La C\u00e0tedra Reciplasa de l\u2019UJI realitzar\u00e0 accions formatives en gesti\u00f3 mediambiental amb centres educatius en 2020 - RECIPLASA","og_description":"Com la col\u00b7laboraci\u00f3 amb centres educatius, una nova edici\u00f3 del concurs \u00abQu\u00e8 fem amb el fem?\u00bb, els premis de la C\u00e0tedra i dos projectes d'investigaci\u00f3.","og_url":"https:\/\/www.reciplasa.es\/va\/la-catedra-reciplasa-de-luji-realitzara-accions-formatives-en-gestio-mediambiental-amb-centres-educatius-en-2020\/","og_site_name":"RECIPLASA","article_published_time":"2019-12-23T08:17:38+00:00","article_modified_time":"2019-12-23T08:20:23+00:00","og_image":[{"width":3240,"height":2160,"url":"https:\/\/www.reciplasa.es\/wp-content\/uploads\/2019\/12\/Reunio_Catedra_Reciplasa_19DLL04.jpg","type":"image\/jpeg"}],"author":"Cristina Marco","twitter_card":"summary_large_image","twitter_misc":{"Written by":"Cristina Marco","Est. reading time":"3 minutes"},"schema":{"@context":"https:\/\/schema.org","@graph":[{"@type":"Article","@id":"https:\/\/www.reciplasa.es\/va\/la-catedra-reciplasa-de-luji-realitzara-accions-formatives-en-gestio-mediambiental-amb-centres-educatius-en-2020\/#article","isPartOf":{"@id":"https:\/\/www.reciplasa.es\/va\/la-catedra-reciplasa-de-luji-realitzara-accions-formatives-en-gestio-mediambiental-amb-centres-educatius-en-2020\/"},"author":{"name":"Cristina Marco","@id":"https:\/\/www.reciplasa.es\/#\/schema\/person\/608ffc094e3c56d49e6c6ec8f1ea0e82"},"headline":"La C\u00e0tedra Reciplasa de l\u2019UJI realitzar\u00e0 accions formatives en gesti\u00f3 mediambiental amb centres educatius en 2020","datePublished":"2019-12-23T08:17:38+00:00","dateModified":"2019-12-23T08:20:23+00:00","mainEntityOfPage":{"@id":"https:\/\/www.reciplasa.es\/va\/la-catedra-reciplasa-de-luji-realitzara-accions-formatives-en-gestio-mediambiental-amb-centres-educatius-en-2020\/"},"wordCount":573,"image":{"@id":"https:\/\/www.reciplasa.es\/va\/la-catedra-reciplasa-de-luji-realitzara-accions-formatives-en-gestio-mediambiental-amb-centres-educatius-en-2020\/#primaryimage"},"thumbnailUrl":"https:\/\/www.reciplasa.es\/wp-content\/uploads\/2019\/12\/Reunio_Catedra_Reciplasa_19DLL04.jpg","articleSection":["Not\u00edcies corporatives"],"inLanguage":"va-VA"},{"@type":"WebPage","@id":"https:\/\/www.reciplasa.es\/va\/la-catedra-reciplasa-de-luji-realitzara-accions-formatives-en-gestio-mediambiental-amb-centres-educatius-en-2020\/","url":"https:\/\/www.reciplasa.es\/va\/la-catedra-reciplasa-de-luji-realitzara-accions-formatives-en-gestio-mediambiental-amb-centres-educatius-en-2020\/","name":"La C\u00e0tedra Reciplasa de l\u2019UJI realitzar\u00e0 accions formatives en gesti\u00f3 mediambiental amb centres educatius en 2020 - RECIPLASA","isPartOf":{"@id":"https:\/\/www.reciplasa.es\/#website"},"primaryImageOfPage":{"@id":"https:\/\/www.reciplasa.es\/va\/la-catedra-reciplasa-de-luji-realitzara-accions-formatives-en-gestio-mediambiental-amb-centres-educatius-en-2020\/#primaryimage"},"image":{"@id":"https:\/\/www.reciplasa.es\/va\/la-catedra-reciplasa-de-luji-realitzara-accions-formatives-en-gestio-mediambiental-amb-centres-educatius-en-2020\/#primaryimage"},"thumbnailUrl":"https:\/\/www.reciplasa.es\/wp-content\/uploads\/2019\/12\/Reunio_Catedra_Reciplasa_19DLL04.jpg","datePublished":"2019-12-23T08:17:38+00:00","dateModified":"2019-12-23T08:20:23+00:00","author":{"@id":"https:\/\/www.reciplasa.es\/#\/schema\/person\/608ffc094e3c56d49e6c6ec8f1ea0e82"},"description":"Com la col\u00b7laboraci\u00f3 amb centres educatius, una nova edici\u00f3 del concurs \u00abQu\u00e8 fem amb el fem?\u00bb, els premis de la C\u00e0tedra i dos projectes d'investigaci\u00f3.","breadcrumb":{"@id":"https:\/\/www.reciplasa.es\/va\/la-catedra-reciplasa-de-luji-realitzara-accions-formatives-en-gestio-mediambiental-amb-centres-educatius-en-2020\/#breadcrumb"},"inLanguage":"va-VA","potentialAction":[{"@type":"ReadAction","target":["https:\/\/www.reciplasa.es\/va\/la-catedra-reciplasa-de-luji-realitzara-accions-formatives-en-gestio-mediambiental-amb-centres-educatius-en-2020\/"]}]},{"@type":"ImageObject","inLanguage":"va-VA","@id":"https:\/\/www.reciplasa.es\/va\/la-catedra-reciplasa-de-luji-realitzara-accions-formatives-en-gestio-mediambiental-amb-centres-educatius-en-2020\/#primaryimage","url":"https:\/\/www.reciplasa.es\/wp-content\/uploads\/2019\/12\/Reunio_Catedra_Reciplasa_19DLL04.jpg","contentUrl":"https:\/\/www.reciplasa.es\/wp-content\/uploads\/2019\/12\/Reunio_Catedra_Reciplasa_19DLL04.jpg","width":3240,"height":2160,"caption":""},{"@type":"BreadcrumbList","@id":"https:\/\/www.reciplasa.es\/va\/la-catedra-reciplasa-de-luji-realitzara-accions-formatives-en-gestio-mediambiental-amb-centres-educatius-en-2020\/#breadcrumb","itemListElement":[{"@type":"ListItem","position":1,"name":"Portada","item":"https:\/\/www.reciplasa.es\/va\/"},{"@type":"ListItem","position":2,"name":"La C\u00e0tedra Reciplasa de l\u2019UJI realitzar\u00e0 accions formatives en gesti\u00f3 mediambiental amb centres educatius en 2020"}]},{"@type":"WebSite","@id":"https:\/\/www.reciplasa.es\/#website","url":"https:\/\/www.reciplasa.es\/","name":"RECIPLASA","description":"Reciclats de Residus La Plana SA","potentialAction":[{"@type":"SearchAction","target":{"@type":"EntryPoint","urlTemplate":"https:\/\/www.reciplasa.es\/?s={search_term_string}"},"query-input":{"@type":"PropertyValueSpecification","valueRequired":true,"valueName":"search_term_string"}}],"inLanguage":"va-VA"},{"@type":"Person","@id":"https:\/\/www.reciplasa.es\/#\/schema\/person\/608ffc094e3c56d49e6c6ec8f1ea0e82","name":"Cristina Marco","image":{"@type":"ImageObject","inLanguage":"va-VA","@id":"https:\/\/secure.gravatar.com\/avatar\/6da7e00dc41d26d3c4245f3b2d70d687293df0dfc18f03719354383f7be4f34b?s=96&d=mm&r=g","url":"https:\/\/secure.gravatar.com\/avatar\/6da7e00dc41d26d3c4245f3b2d70d687293df0dfc18f03719354383f7be4f34b?s=96&d=mm&r=g","contentUrl":"https:\/\/secure.gravatar.com\/avatar\/6da7e00dc41d26d3c4245f3b2d70d687293df0dfc18f03719354383f7be4f34b?s=96&d=mm&r=g","caption":"Cristina Marco"},"url":"https:\/\/www.reciplasa.es\/va\/author\/cristina\/"}]}},"_links":{"self":[{"href":"https:\/\/www.reciplasa.es\/va\/wp-json\/wp\/v2\/posts\/14323","targetHints":{"allow":["GET"]}}],"collection":[{"href":"https:\/\/www.reciplasa.es\/va\/wp-json\/wp\/v2\/posts"}],"about":[{"href":"https:\/\/www.reciplasa.es\/va\/wp-json\/wp\/v2\/types\/post"}],"author":[{"embeddable":true,"href":"https:\/\/www.reciplasa.es\/va\/wp-json\/wp\/v2\/users\/3"}],"replies":[{"embeddable":true,"href":"https:\/\/www.reciplasa.es\/va\/wp-json\/wp\/v2\/comments?post=14323"}],"version-history":[{"count":2,"href":"https:\/\/www.reciplasa.es\/va\/wp-json\/wp\/v2\/posts\/14323\/revisions"}],"predecessor-version":[{"id":14325,"href":"https:\/\/www.reciplasa.es\/va\/wp-json\/wp\/v2\/posts\/14323\/revisions\/14325"}],"wp:featuredmedia":[{"embeddable":true,"href":"https:\/\/www.reciplasa.es\/va\/wp-json\/wp\/v2\/media\/14319"}],"wp:attachment":[{"href":"https:\/\/www.reciplasa.es\/va\/wp-json\/wp\/v2\/media?parent=14323"}],"wp:term":[{"taxonomy":"category","embeddable":true,"href":"https:\/\/www.reciplasa.es\/va\/wp-json\/wp\/v2\/categories?post=14323"},{"taxonomy":"post_tag","embeddable":true,"href":"https:\/\/www.reciplasa.es\/va\/wp-json\/wp\/v2\/tags?post=14323"}],"curies":[{"name":"wp","href":"https:\/\/api.w.org\/{rel}","templated":true}]}}