{"id":14340,"date":"2020-01-22T11:18:41","date_gmt":"2020-01-22T11:18:41","guid":{"rendered":"http:\/\/www.reciplasa.es\/?p=14340\/"},"modified":"2020-01-22T11:26:28","modified_gmt":"2020-01-22T11:26:28","slug":"reciplasa-acordara-amb-asfplant-lentrada-de-poda-dempreses-privades-en-les-plantes-donda-i-almassora","status":"publish","type":"post","link":"https:\/\/www.reciplasa.es\/va\/reciplasa-acordara-amb-asfplant-lentrada-de-poda-dempreses-privades-en-les-plantes-donda-i-almassora\/","title":{"rendered":"Reciplasa acordar\u00e0 amb Asfplant l&#8217;entrada de poda d&#8217;empreses privades en les plantes d&#8217;Onda i Almassora"},"content":{"rendered":"\n<h6 class=\"wp-block-heading\"><em><span style=\"font-weight: 400;\">L&#8217;Associaci\u00f3 Professional de Flors i Plantes i Tecnologia Hort\u00edcola de la Comunitat Valenciana va demanar a l&#8217;ens p\u00fablic un acord per a poder depositar les restes de la seua activitat en les instal\u2022lacions p\u00fabliques<\/span><\/em><\/h6>\n\n\n\n<p>L&#8217;empresa p\u00fablica per al tractament dels residus de la zona centre de la prov\u00edncia de Castell\u00f3, Reciplasa, ha avan\u00e7at en la signatura d&#8217;un conveni amb <a href=\"http:\/\/www.asfplant.com\/\">l&#8217;Associaci\u00f3 Professional de Flors i Plantes i Tecnologia Hort\u00edcola (Asfplant)<\/a> perqu\u00e8 les empreses legalitzades i que pertanguen a aquesta associaci\u00f3 puguen portar les restes de poda de la seua activitat directament a les plantes d&#8217;Onda i Almassora. El president de Reciplasa, Ignasi Garcia, s&#8217;ha reunit amb Jos\u00e9 Forcadell, secretari general, i Ra\u00fal Aznar, directiu de Centre Verd, una de les empreses que formen part d&#8217;aquesta associaci\u00f3 que reuneix les companyies de vivers i jardineries de la Comunitat Valenciana. <\/p>\n\n\n\n<p>Garcia\nha indicat que \u201cfacilitarem el treball a aquestes empreses del sector de la\njardineria perqu\u00e8 depositen en les nostres instal\u00b7lacions les restes vegetals\npr\u00f2pies del manteniment de jardins i plantes de viver i els residus pl\u00e0stics\npropis de l&#8217;activitat. Per\u00f2 per a aix\u00f2, hauran de complir amb els requisits de\nl&#8217;associaci\u00f3, de manera que evitarem irregularitats\u201d. Els requisits marcats per\nAsfplant s\u00f3n: que l&#8217;empresa estiga donada d&#8217;alta en la seua activitat i al dia\nen les seues corresponents obligacions; tindre grand\u00e0ria de Pime i que les\nrestes vegetals i residus que s&#8217;aporten provinguen d&#8217;alguna localitat a la qual\ndone servei Reciplasa.<\/p>\n\n\n\n<figure class=\"wp-block-image\"><img loading=\"lazy\" decoding=\"async\" width=\"1024\" height=\"683\" src=\"http:\/\/www.reciplasa.es\/wp-content\/uploads\/2020\/01\/Conveni-jardiners-1024x683.jpg\" alt=\"reciplasa firma un convenio con los jardineros\" class=\"wp-image-14336\" srcset=\"https:\/\/www.reciplasa.es\/wp-content\/uploads\/2020\/01\/Conveni-jardiners-1024x683.jpg 1024w, https:\/\/www.reciplasa.es\/wp-content\/uploads\/2020\/01\/Conveni-jardiners-300x200.jpg 300w, https:\/\/www.reciplasa.es\/wp-content\/uploads\/2020\/01\/Conveni-jardiners-768x512.jpg 768w\" sizes=\"auto, (max-width: 1024px) 100vw, 1024px\" \/><\/figure>\n\n\n\n<p>El\npresident de l&#8217;empresa p\u00fablica assenyala que \u201caquest material s&#8217;usa, d&#8217;una\nbanda, com a estructurant en el proc\u00e9s de fermentaci\u00f3 de la mat\u00e8ria org\u00e0nica,\ni, per una altra, \u00e9s sotm\u00e9s a un proc\u00e9s de compostatge directe, amb la\nfinalitat d&#8217;obtindre un compost d&#8217;alta qualitat, \u00e9s important aprofitar al\nm\u00e0xim aquest recurs amb la fi que, una vegada tractat i degudament garbellat,\npuga ser reintrodu\u00eft als parcs i jardins municipals, acostant-nos aix\u00ed a\nl&#8217;economia circular i reduir els costos econ\u00f2mics i ecol\u00f2gics del tractament de\nresidus. En aquesta reuni\u00f3 amb Asfplant hem fet un xicotet pas, per\u00f2 obrim una\nvia de col\u00b7laboraci\u00f3 amb aquesta entitat per a millorar els nostres processos\u201d\ni afig que \u201c\u00e9s una aposta per la implicaci\u00f3 de tots els sectors en el\ntractament de residus que mantindrem en el temps i que tenim la intenci\u00f3\nd&#8217;ampliar en el futur\u201d, tenint en compte, a m\u00e9s, que estan duent a terme acords\nd&#8217;aquest tipus amb la resta de Consorcis de la Comunitat Valenciana.<\/p>\n\n\n\n<p>Finalment,\nIgnasi Garcia argumenta que \u201c\u00e9s necessari posar en marxa un pla d&#8217;ecoparcs en\nel Consorci C2 que tinga en compte factors com aquest, ja que en Reciplasa es\nvan tractar en el passat 2019 m\u00e9s de 3.000 tones de poda. Per\u00f2 el citat\nprograma d&#8217;instal\u00b7lacions de reciclatge ha de contemplar altres aspectes i\ngarantir la coordinaci\u00f3 entre ajuntaments i el propi consorci\u201d.<\/p>\n","protected":false},"excerpt":{"rendered":"<p>L&#8217;Associaci\u00f3 Professional de Flors i Plantes i Tecnologia Hort\u00edcola de la Comunitat Valenciana va demanar a l&#8217;ens p\u00fablic un acord per a poder depositar les restes de la seua activitat en les instal\u2022lacions p\u00fabliques L&#8217;empresa p\u00fablica per al tractament dels residus de la zona centre de la prov\u00edncia de Castell\u00f3, Reciplasa, ha avan\u00e7at en laDale que hay m\u00e1s &#8230;<\/p>\n","protected":false},"author":3,"featured_media":14335,"comment_status":"closed","ping_status":"closed","sticky":false,"template":"","format":"standard","meta":{"footnotes":""},"categories":[87],"tags":[],"class_list":["post-14340","post","type-post","status-publish","format-standard","has-post-thumbnail","hentry","category-noticies-corporatives"],"yoast_head":"<!-- This site is optimized with the Yoast SEO plugin v27.4 - https:\/\/yoast.com\/product\/yoast-seo-wordpress\/ -->\n<title>Reciplasa acordar\u00e0 amb Asfplant l&#039;entrada de poda d&#039;empreses privades en les plantes d&#039;Onda i Almassora - RECIPLASA<\/title>\n<meta name=\"description\" content=\"Garcia ha indicat que \u201cfacilitarem el treball a aquestes empreses perqu\u00e8 depositen en les nostres instal\u00b7lacions les restes vegetals&quot;.\" \/>\n<meta name=\"robots\" content=\"index, follow, max-snippet:-1, max-image-preview:large, max-video-preview:-1\" \/>\n<link rel=\"canonical\" href=\"https:\/\/www.reciplasa.es\/reciplasa-conveniara-con-asfplant-la-entrada-de-poda-de-empresas-privadas-en-las-plantas-de-onda-y-almassora\/\" \/>\n<meta property=\"og:locale\" content=\"en_US\" \/>\n<meta property=\"og:type\" content=\"article\" \/>\n<meta property=\"og:title\" content=\"Reciplasa acordar\u00e0 amb Asfplant l&#039;entrada de poda d&#039;empreses privades en les plantes d&#039;Onda i Almassora - RECIPLASA\" \/>\n<meta property=\"og:description\" content=\"Garcia ha indicat que \u201cfacilitarem el treball a aquestes empreses perqu\u00e8 depositen en les nostres instal\u00b7lacions les restes vegetals&quot;.\" \/>\n<meta property=\"og:url\" content=\"https:\/\/www.reciplasa.es\/reciplasa-conveniara-con-asfplant-la-entrada-de-poda-de-empresas-privadas-en-las-plantas-de-onda-y-almassora\/\" \/>\n<meta property=\"og:site_name\" content=\"RECIPLASA\" \/>\n<meta property=\"article:published_time\" content=\"2020-01-22T11:18:41+00:00\" \/>\n<meta property=\"article:modified_time\" content=\"2020-01-22T11:26:28+00:00\" \/>\n<meta property=\"og:image\" content=\"https:\/\/www.reciplasa.es\/wp-content\/uploads\/2020\/01\/Conveni-associacio\u0301-jardiners.jpg\" \/>\n\t<meta property=\"og:image:width\" content=\"4272\" \/>\n\t<meta property=\"og:image:height\" content=\"2848\" \/>\n\t<meta property=\"og:image:type\" content=\"image\/jpeg\" \/>\n<meta name=\"author\" content=\"Cristina Marco\" \/>\n<meta name=\"twitter:card\" content=\"summary_large_image\" \/>\n<meta name=\"twitter:label1\" content=\"Written by\" \/>\n\t<meta name=\"twitter:data1\" content=\"Cristina Marco\" \/>\n\t<meta name=\"twitter:label2\" content=\"Est. reading time\" \/>\n\t<meta name=\"twitter:data2\" content=\"2 minutes\" \/>\n<script type=\"application\/ld+json\" class=\"yoast-schema-graph\">{\"@context\":\"https:\\\/\\\/schema.org\",\"@graph\":[{\"@type\":\"Article\",\"@id\":\"https:\\\/\\\/www.reciplasa.es\\\/reciplasa-conveniara-con-asfplant-la-entrada-de-poda-de-empresas-privadas-en-las-plantas-de-onda-y-almassora\\\/#article\",\"isPartOf\":{\"@id\":\"https:\\\/\\\/www.reciplasa.es\\\/reciplasa-conveniara-con-asfplant-la-entrada-de-poda-de-empresas-privadas-en-las-plantas-de-onda-y-almassora\\\/\"},\"author\":{\"name\":\"Cristina Marco\",\"@id\":\"https:\\\/\\\/www.reciplasa.es\\\/#\\\/schema\\\/person\\\/608ffc094e3c56d49e6c6ec8f1ea0e82\"},\"headline\":\"Reciplasa acordar\u00e0 amb Asfplant l&#8217;entrada de poda d&#8217;empreses privades en les plantes d&#8217;Onda i Almassora\",\"datePublished\":\"2020-01-22T11:18:41+00:00\",\"dateModified\":\"2020-01-22T11:26:28+00:00\",\"mainEntityOfPage\":{\"@id\":\"https:\\\/\\\/www.reciplasa.es\\\/reciplasa-conveniara-con-asfplant-la-entrada-de-poda-de-empresas-privadas-en-las-plantas-de-onda-y-almassora\\\/\"},\"wordCount\":534,\"image\":{\"@id\":\"https:\\\/\\\/www.reciplasa.es\\\/reciplasa-conveniara-con-asfplant-la-entrada-de-poda-de-empresas-privadas-en-las-plantas-de-onda-y-almassora\\\/#primaryimage\"},\"thumbnailUrl\":\"https:\\\/\\\/www.reciplasa.es\\\/wp-content\\\/uploads\\\/2020\\\/01\\\/Conveni-associacio\u0301-jardiners.jpg\",\"articleSection\":[\"Not\u00edcies corporatives\"],\"inLanguage\":\"va-VA\"},{\"@type\":\"WebPage\",\"@id\":\"https:\\\/\\\/www.reciplasa.es\\\/reciplasa-conveniara-con-asfplant-la-entrada-de-poda-de-empresas-privadas-en-las-plantas-de-onda-y-almassora\\\/\",\"url\":\"https:\\\/\\\/www.reciplasa.es\\\/reciplasa-conveniara-con-asfplant-la-entrada-de-poda-de-empresas-privadas-en-las-plantas-de-onda-y-almassora\\\/\",\"name\":\"Reciplasa acordar\u00e0 amb Asfplant l'entrada de poda d'empreses privades en les plantes d'Onda i Almassora - RECIPLASA\",\"isPartOf\":{\"@id\":\"https:\\\/\\\/www.reciplasa.es\\\/#website\"},\"primaryImageOfPage\":{\"@id\":\"https:\\\/\\\/www.reciplasa.es\\\/reciplasa-conveniara-con-asfplant-la-entrada-de-poda-de-empresas-privadas-en-las-plantas-de-onda-y-almassora\\\/#primaryimage\"},\"image\":{\"@id\":\"https:\\\/\\\/www.reciplasa.es\\\/reciplasa-conveniara-con-asfplant-la-entrada-de-poda-de-empresas-privadas-en-las-plantas-de-onda-y-almassora\\\/#primaryimage\"},\"thumbnailUrl\":\"https:\\\/\\\/www.reciplasa.es\\\/wp-content\\\/uploads\\\/2020\\\/01\\\/Conveni-associacio\u0301-jardiners.jpg\",\"datePublished\":\"2020-01-22T11:18:41+00:00\",\"dateModified\":\"2020-01-22T11:26:28+00:00\",\"author\":{\"@id\":\"https:\\\/\\\/www.reciplasa.es\\\/#\\\/schema\\\/person\\\/608ffc094e3c56d49e6c6ec8f1ea0e82\"},\"description\":\"Garcia ha indicat que \u201cfacilitarem el treball a aquestes empreses perqu\u00e8 depositen en les nostres instal\u00b7lacions les restes vegetals\\\".\",\"breadcrumb\":{\"@id\":\"https:\\\/\\\/www.reciplasa.es\\\/reciplasa-conveniara-con-asfplant-la-entrada-de-poda-de-empresas-privadas-en-las-plantas-de-onda-y-almassora\\\/#breadcrumb\"},\"inLanguage\":\"va-VA\",\"potentialAction\":[{\"@type\":\"ReadAction\",\"target\":[\"https:\\\/\\\/www.reciplasa.es\\\/reciplasa-conveniara-con-asfplant-la-entrada-de-poda-de-empresas-privadas-en-las-plantas-de-onda-y-almassora\\\/\"]}]},{\"@type\":\"ImageObject\",\"inLanguage\":\"va-VA\",\"@id\":\"https:\\\/\\\/www.reciplasa.es\\\/reciplasa-conveniara-con-asfplant-la-entrada-de-poda-de-empresas-privadas-en-las-plantas-de-onda-y-almassora\\\/#primaryimage\",\"url\":\"https:\\\/\\\/www.reciplasa.es\\\/wp-content\\\/uploads\\\/2020\\\/01\\\/Conveni-associacio\u0301-jardiners.jpg\",\"contentUrl\":\"https:\\\/\\\/www.reciplasa.es\\\/wp-content\\\/uploads\\\/2020\\\/01\\\/Conveni-associacio\u0301-jardiners.jpg\",\"width\":4272,\"height\":2848,\"caption\":\"reciplasa firma un convenio con los jardineros\"},{\"@type\":\"BreadcrumbList\",\"@id\":\"https:\\\/\\\/www.reciplasa.es\\\/reciplasa-conveniara-con-asfplant-la-entrada-de-poda-de-empresas-privadas-en-las-plantas-de-onda-y-almassora\\\/#breadcrumb\",\"itemListElement\":[{\"@type\":\"ListItem\",\"position\":1,\"name\":\"Portada\",\"item\":\"https:\\\/\\\/www.reciplasa.es\\\/va\\\/\"},{\"@type\":\"ListItem\",\"position\":2,\"name\":\"Reciplasa acordar\u00e0 amb Asfplant l&#8217;entrada de poda d&#8217;empreses privades en les plantes d&#8217;Onda i Almassora\"}]},{\"@type\":\"WebSite\",\"@id\":\"https:\\\/\\\/www.reciplasa.es\\\/#website\",\"url\":\"https:\\\/\\\/www.reciplasa.es\\\/\",\"name\":\"RECIPLASA\",\"description\":\"Reciclats de Residus La Plana SA\",\"potentialAction\":[{\"@type\":\"SearchAction\",\"target\":{\"@type\":\"EntryPoint\",\"urlTemplate\":\"https:\\\/\\\/www.reciplasa.es\\\/?s={search_term_string}\"},\"query-input\":{\"@type\":\"PropertyValueSpecification\",\"valueRequired\":true,\"valueName\":\"search_term_string\"}}],\"inLanguage\":\"va-VA\"},{\"@type\":\"Person\",\"@id\":\"https:\\\/\\\/www.reciplasa.es\\\/#\\\/schema\\\/person\\\/608ffc094e3c56d49e6c6ec8f1ea0e82\",\"name\":\"Cristina Marco\",\"image\":{\"@type\":\"ImageObject\",\"inLanguage\":\"va-VA\",\"@id\":\"https:\\\/\\\/secure.gravatar.com\\\/avatar\\\/6da7e00dc41d26d3c4245f3b2d70d687293df0dfc18f03719354383f7be4f34b?s=96&d=mm&r=g\",\"url\":\"https:\\\/\\\/secure.gravatar.com\\\/avatar\\\/6da7e00dc41d26d3c4245f3b2d70d687293df0dfc18f03719354383f7be4f34b?s=96&d=mm&r=g\",\"contentUrl\":\"https:\\\/\\\/secure.gravatar.com\\\/avatar\\\/6da7e00dc41d26d3c4245f3b2d70d687293df0dfc18f03719354383f7be4f34b?s=96&d=mm&r=g\",\"caption\":\"Cristina Marco\"},\"url\":\"https:\\\/\\\/www.reciplasa.es\\\/va\\\/author\\\/cristina\\\/\"}]}<\/script>\n<!-- \/ Yoast SEO plugin. -->","yoast_head_json":{"title":"Reciplasa acordar\u00e0 amb Asfplant l'entrada de poda d'empreses privades en les plantes d'Onda i Almassora - RECIPLASA","description":"Garcia ha indicat que \u201cfacilitarem el treball a aquestes empreses perqu\u00e8 depositen en les nostres instal\u00b7lacions les restes vegetals\".","robots":{"index":"index","follow":"follow","max-snippet":"max-snippet:-1","max-image-preview":"max-image-preview:large","max-video-preview":"max-video-preview:-1"},"canonical":"https:\/\/www.reciplasa.es\/reciplasa-conveniara-con-asfplant-la-entrada-de-poda-de-empresas-privadas-en-las-plantas-de-onda-y-almassora\/","og_locale":"en_US","og_type":"article","og_title":"Reciplasa acordar\u00e0 amb Asfplant l'entrada de poda d'empreses privades en les plantes d'Onda i Almassora - RECIPLASA","og_description":"Garcia ha indicat que \u201cfacilitarem el treball a aquestes empreses perqu\u00e8 depositen en les nostres instal\u00b7lacions les restes vegetals\".","og_url":"https:\/\/www.reciplasa.es\/reciplasa-conveniara-con-asfplant-la-entrada-de-poda-de-empresas-privadas-en-las-plantas-de-onda-y-almassora\/","og_site_name":"RECIPLASA","article_published_time":"2020-01-22T11:18:41+00:00","article_modified_time":"2020-01-22T11:26:28+00:00","og_image":[{"width":4272,"height":2848,"url":"https:\/\/www.reciplasa.es\/wp-content\/uploads\/2020\/01\/Conveni-associacio\u0301-jardiners.jpg","type":"image\/jpeg"}],"author":"Cristina Marco","twitter_card":"summary_large_image","twitter_misc":{"Written by":"Cristina Marco","Est. reading time":"2 minutes"},"schema":{"@context":"https:\/\/schema.org","@graph":[{"@type":"Article","@id":"https:\/\/www.reciplasa.es\/reciplasa-conveniara-con-asfplant-la-entrada-de-poda-de-empresas-privadas-en-las-plantas-de-onda-y-almassora\/#article","isPartOf":{"@id":"https:\/\/www.reciplasa.es\/reciplasa-conveniara-con-asfplant-la-entrada-de-poda-de-empresas-privadas-en-las-plantas-de-onda-y-almassora\/"},"author":{"name":"Cristina Marco","@id":"https:\/\/www.reciplasa.es\/#\/schema\/person\/608ffc094e3c56d49e6c6ec8f1ea0e82"},"headline":"Reciplasa acordar\u00e0 amb Asfplant l&#8217;entrada de poda d&#8217;empreses privades en les plantes d&#8217;Onda i Almassora","datePublished":"2020-01-22T11:18:41+00:00","dateModified":"2020-01-22T11:26:28+00:00","mainEntityOfPage":{"@id":"https:\/\/www.reciplasa.es\/reciplasa-conveniara-con-asfplant-la-entrada-de-poda-de-empresas-privadas-en-las-plantas-de-onda-y-almassora\/"},"wordCount":534,"image":{"@id":"https:\/\/www.reciplasa.es\/reciplasa-conveniara-con-asfplant-la-entrada-de-poda-de-empresas-privadas-en-las-plantas-de-onda-y-almassora\/#primaryimage"},"thumbnailUrl":"https:\/\/www.reciplasa.es\/wp-content\/uploads\/2020\/01\/Conveni-associacio\u0301-jardiners.jpg","articleSection":["Not\u00edcies corporatives"],"inLanguage":"va-VA"},{"@type":"WebPage","@id":"https:\/\/www.reciplasa.es\/reciplasa-conveniara-con-asfplant-la-entrada-de-poda-de-empresas-privadas-en-las-plantas-de-onda-y-almassora\/","url":"https:\/\/www.reciplasa.es\/reciplasa-conveniara-con-asfplant-la-entrada-de-poda-de-empresas-privadas-en-las-plantas-de-onda-y-almassora\/","name":"Reciplasa acordar\u00e0 amb Asfplant l'entrada de poda d'empreses privades en les plantes d'Onda i Almassora - RECIPLASA","isPartOf":{"@id":"https:\/\/www.reciplasa.es\/#website"},"primaryImageOfPage":{"@id":"https:\/\/www.reciplasa.es\/reciplasa-conveniara-con-asfplant-la-entrada-de-poda-de-empresas-privadas-en-las-plantas-de-onda-y-almassora\/#primaryimage"},"image":{"@id":"https:\/\/www.reciplasa.es\/reciplasa-conveniara-con-asfplant-la-entrada-de-poda-de-empresas-privadas-en-las-plantas-de-onda-y-almassora\/#primaryimage"},"thumbnailUrl":"https:\/\/www.reciplasa.es\/wp-content\/uploads\/2020\/01\/Conveni-associacio\u0301-jardiners.jpg","datePublished":"2020-01-22T11:18:41+00:00","dateModified":"2020-01-22T11:26:28+00:00","author":{"@id":"https:\/\/www.reciplasa.es\/#\/schema\/person\/608ffc094e3c56d49e6c6ec8f1ea0e82"},"description":"Garcia ha indicat que \u201cfacilitarem el treball a aquestes empreses perqu\u00e8 depositen en les nostres instal\u00b7lacions les restes vegetals\".","breadcrumb":{"@id":"https:\/\/www.reciplasa.es\/reciplasa-conveniara-con-asfplant-la-entrada-de-poda-de-empresas-privadas-en-las-plantas-de-onda-y-almassora\/#breadcrumb"},"inLanguage":"va-VA","potentialAction":[{"@type":"ReadAction","target":["https:\/\/www.reciplasa.es\/reciplasa-conveniara-con-asfplant-la-entrada-de-poda-de-empresas-privadas-en-las-plantas-de-onda-y-almassora\/"]}]},{"@type":"ImageObject","inLanguage":"va-VA","@id":"https:\/\/www.reciplasa.es\/reciplasa-conveniara-con-asfplant-la-entrada-de-poda-de-empresas-privadas-en-las-plantas-de-onda-y-almassora\/#primaryimage","url":"https:\/\/www.reciplasa.es\/wp-content\/uploads\/2020\/01\/Conveni-associacio\u0301-jardiners.jpg","contentUrl":"https:\/\/www.reciplasa.es\/wp-content\/uploads\/2020\/01\/Conveni-associacio\u0301-jardiners.jpg","width":4272,"height":2848,"caption":"reciplasa firma un convenio con los jardineros"},{"@type":"BreadcrumbList","@id":"https:\/\/www.reciplasa.es\/reciplasa-conveniara-con-asfplant-la-entrada-de-poda-de-empresas-privadas-en-las-plantas-de-onda-y-almassora\/#breadcrumb","itemListElement":[{"@type":"ListItem","position":1,"name":"Portada","item":"https:\/\/www.reciplasa.es\/va\/"},{"@type":"ListItem","position":2,"name":"Reciplasa acordar\u00e0 amb Asfplant l&#8217;entrada de poda d&#8217;empreses privades en les plantes d&#8217;Onda i Almassora"}]},{"@type":"WebSite","@id":"https:\/\/www.reciplasa.es\/#website","url":"https:\/\/www.reciplasa.es\/","name":"RECIPLASA","description":"Reciclats de Residus La Plana SA","potentialAction":[{"@type":"SearchAction","target":{"@type":"EntryPoint","urlTemplate":"https:\/\/www.reciplasa.es\/?s={search_term_string}"},"query-input":{"@type":"PropertyValueSpecification","valueRequired":true,"valueName":"search_term_string"}}],"inLanguage":"va-VA"},{"@type":"Person","@id":"https:\/\/www.reciplasa.es\/#\/schema\/person\/608ffc094e3c56d49e6c6ec8f1ea0e82","name":"Cristina Marco","image":{"@type":"ImageObject","inLanguage":"va-VA","@id":"https:\/\/secure.gravatar.com\/avatar\/6da7e00dc41d26d3c4245f3b2d70d687293df0dfc18f03719354383f7be4f34b?s=96&d=mm&r=g","url":"https:\/\/secure.gravatar.com\/avatar\/6da7e00dc41d26d3c4245f3b2d70d687293df0dfc18f03719354383f7be4f34b?s=96&d=mm&r=g","contentUrl":"https:\/\/secure.gravatar.com\/avatar\/6da7e00dc41d26d3c4245f3b2d70d687293df0dfc18f03719354383f7be4f34b?s=96&d=mm&r=g","caption":"Cristina Marco"},"url":"https:\/\/www.reciplasa.es\/va\/author\/cristina\/"}]}},"_links":{"self":[{"href":"https:\/\/www.reciplasa.es\/va\/wp-json\/wp\/v2\/posts\/14340","targetHints":{"allow":["GET"]}}],"collection":[{"href":"https:\/\/www.reciplasa.es\/va\/wp-json\/wp\/v2\/posts"}],"about":[{"href":"https:\/\/www.reciplasa.es\/va\/wp-json\/wp\/v2\/types\/post"}],"author":[{"embeddable":true,"href":"https:\/\/www.reciplasa.es\/va\/wp-json\/wp\/v2\/users\/3"}],"replies":[{"embeddable":true,"href":"https:\/\/www.reciplasa.es\/va\/wp-json\/wp\/v2\/comments?post=14340"}],"version-history":[{"count":2,"href":"https:\/\/www.reciplasa.es\/va\/wp-json\/wp\/v2\/posts\/14340\/revisions"}],"predecessor-version":[{"id":14344,"href":"https:\/\/www.reciplasa.es\/va\/wp-json\/wp\/v2\/posts\/14340\/revisions\/14344"}],"wp:featuredmedia":[{"embeddable":true,"href":"https:\/\/www.reciplasa.es\/va\/wp-json\/wp\/v2\/media\/14335"}],"wp:attachment":[{"href":"https:\/\/www.reciplasa.es\/va\/wp-json\/wp\/v2\/media?parent=14340"}],"wp:term":[{"taxonomy":"category","embeddable":true,"href":"https:\/\/www.reciplasa.es\/va\/wp-json\/wp\/v2\/categories?post=14340"},{"taxonomy":"post_tag","embeddable":true,"href":"https:\/\/www.reciplasa.es\/va\/wp-json\/wp\/v2\/tags?post=14340"}],"curies":[{"name":"wp","href":"https:\/\/api.w.org\/{rel}","templated":true}]}}