{"id":14359,"date":"2020-01-29T10:19:33","date_gmt":"2020-01-29T10:19:33","guid":{"rendered":"http:\/\/www.reciplasa.es\/?p=14359\/"},"modified":"2020-01-29T10:21:40","modified_gmt":"2020-01-29T10:21:40","slug":"reciplasa-avanca-tramits-per-a-les-inversions-de-40-milions-deuros-en-la-millora-de-la-planta","status":"publish","type":"post","link":"https:\/\/www.reciplasa.es\/va\/reciplasa-avanca-tramits-per-a-les-inversions-de-40-milions-deuros-en-la-millora-de-la-planta\/","title":{"rendered":"Reciplasa avan\u00e7a tr\u00e0mits per a les inversions de 40 milions d&#8217;euros en la millora de la planta"},"content":{"rendered":"\n<h6 class=\"wp-block-heading\"><em><span style=\"font-weight: 400;\">El consell d&#8217;administraci\u00f3 avan\u00e7a en l&#8217;elaboraci\u00f3 dels informes t\u00e8cnics dels nous t\u00fanels de fermentaci\u00f3 de mat\u00e8ria org\u00e0nica i ha autoritzat la licitaci\u00f3 del canvi de la infraestructura el\u00e8ctrica de la planta<\/span><\/em><\/h6>\n\n\n\n<p>El consell d&#8217;administraci\u00f3 de l&#8217;empresa p\u00fablica per al\ntractament dels residus de la zona centre de la prov\u00edncia de Castell\u00f3,\nReciplasa, ha avan\u00e7at en diversos tr\u00e0mits per a les inversions de 40 milions\nd&#8217;euros que est\u00e0 previst realitzar en la millora de les plantes d&#8217;Onda i\nAlmassora. El president de Reciplasa, Ignasi Garcia, explica que \u201canem donant\ntots els passos conforme al Projecte de Gesti\u00f3 que es va aprovar en el seu\nmoment i que transformaran les instal\u00b7lacions d&#8217;Onda per a convertir-les en un\ncentre de tractament de residus m\u00e9s modern i eficient. \u00c9s un dels grans reptes\nque tenim com a societat i Reciplasa ha empr\u00e9s el cam\u00ed en els \u00faltims anys cap a\nuna millora responsable de les seues instal\u00b7lacions perqu\u00e8 es redu\u00efsquen els\ncostos econ\u00f2mics i ecol\u00f2gics del tractament dels residus\u201d.<\/p>\n\n\n\n<p>Aix\u00ed, el consell de\nReciplasa ha continuat amb els tr\u00e0mits d&#8217;elaboraci\u00f3 dels informes t\u00e8cnics per\nals t\u00fanels de fermentaci\u00f3 de mat\u00e8ria org\u00e0nica, com a pas previ a la redacci\u00f3\ndel projecte de construcci\u00f3 i ha sol\u00b7licitat la modificaci\u00f3 de l&#8217;autoritzaci\u00f3\nambiental integrada i construcci\u00f3 d&#8217;aquests. A m\u00e9s, s&#8217;ha autoritzat la\nlicitaci\u00f3 de la modificaci\u00f3 de la infraestructura el\u00e8ctrica de la planta,\nnecess\u00e0ria per a quan entren en funcionament les diferents obres de millora\ncontemplades en el Projecte de Gesti\u00f3. D&#8217;altra banda, s&#8217;ha adjudicat la\nredacci\u00f3 dels treballs complementaris al document inicial d&#8217;aquest projecte,\nque s\u00f3n l&#8217;estudi d&#8217;inundabilitat, el d&#8217;integraci\u00f3 paisatg\u00edstica i el de\npatrimoni. Finalment, s&#8217;ha rem\u00e9s un escrit al Consorci perqu\u00e8 sol\u00b7licite a\nl&#8217;Institut Geominer d&#8217;Espanya un informe previ d&#8217;idone\u00eftat sobre l&#8217;empla\u00e7ament\nde l&#8217;abocador.<\/p>\n\n\n\n<figure class=\"wp-block-image\"><img loading=\"lazy\" decoding=\"async\" width=\"1024\" height=\"665\" src=\"http:\/\/www.reciplasa.es\/wp-content\/uploads\/2020\/01\/IMG_1216--1024x665.jpg\" alt=\"reunion consejo reciplasa\" class=\"wp-image-14356\" srcset=\"https:\/\/www.reciplasa.es\/wp-content\/uploads\/2020\/01\/IMG_1216--1024x665.jpg 1024w, https:\/\/www.reciplasa.es\/wp-content\/uploads\/2020\/01\/IMG_1216--300x195.jpg 300w, https:\/\/www.reciplasa.es\/wp-content\/uploads\/2020\/01\/IMG_1216--768x499.jpg 768w\" sizes=\"auto, (max-width: 1024px) 100vw, 1024px\" \/><\/figure>\n\n\n\n<p>\u201cEstem treballant amb\nceleritat per\u00f2 amb garanties de seguretat, com no podia ser d&#8217;una altra forma,\nperqu\u00e8 la planta es vaja adaptant als est\u00e0ndards actuals i prompte puga donar\nun servei \u00f2ptim a les m\u00e9s de 370.000 persones a les quals at\u00e9n Reciplasa dels\n46 municipis que formen el Consorci C2\u201d indica el president que conclou dient\nque \u201cla planta d&#8217;Onda es va obrir en 1998 i en els \u00faltims quatre anys s&#8217;ha\ndissenyat un pla per a renovar-la i modernitzar-la, ja que tenim un objectiu\nmanat, no sols per la legislaci\u00f3 europea, si no per la responsabilitat social i\nel comprom\u00eds amb la ciutadania. Tenim un model com el de Alg\u00edmia, que sabem que\nest\u00e0 funcionant i volem aplicar-lo i millorar-lo, si cap, en les nostres\ninstal\u00b7lacions de la prov\u00edncia de Castell\u00f3\u201d.<\/p>\n","protected":false},"excerpt":{"rendered":"<p>El consell d&#8217;administraci\u00f3 avan\u00e7a en l&#8217;elaboraci\u00f3 dels informes t\u00e8cnics dels nous t\u00fanels de fermentaci\u00f3 de mat\u00e8ria org\u00e0nica i ha autoritzat la licitaci\u00f3 del canvi de la infraestructura el\u00e8ctrica de la planta El consell d&#8217;administraci\u00f3 de l&#8217;empresa p\u00fablica per al tractament dels residus de la zona centre de la prov\u00edncia de Castell\u00f3, Reciplasa, ha avan\u00e7at enDale que hay m\u00e1s &#8230;<\/p>\n","protected":false},"author":3,"featured_media":14353,"comment_status":"closed","ping_status":"closed","sticky":false,"template":"","format":"standard","meta":{"footnotes":""},"categories":[87],"tags":[],"class_list":["post-14359","post","type-post","status-publish","format-standard","has-post-thumbnail","hentry","category-noticies-corporatives"],"yoast_head":"<!-- This site is optimized with the Yoast SEO plugin v27.4 - https:\/\/yoast.com\/product\/yoast-seo-wordpress\/ -->\n<title>Reciplasa avan\u00e7a tr\u00e0mits per a les inversions de 40 milions d&#039;euros en la millora de la planta - RECIPLASA<\/title>\n<meta name=\"robots\" content=\"index, follow, max-snippet:-1, max-image-preview:large, max-video-preview:-1\" \/>\n<link rel=\"canonical\" href=\"https:\/\/www.reciplasa.es\/va\/reciplasa-avanca-tramits-per-a-les-inversions-de-40-milions-deuros-en-la-millora-de-la-planta\/\" \/>\n<meta property=\"og:locale\" content=\"en_US\" \/>\n<meta property=\"og:type\" content=\"article\" \/>\n<meta property=\"og:title\" content=\"Reciplasa avan\u00e7a tr\u00e0mits per a les inversions de 40 milions d&#039;euros en la millora de la planta - RECIPLASA\" \/>\n<meta property=\"og:description\" content=\"El consell d&#8217;administraci\u00f3 avan\u00e7a en l&#8217;elaboraci\u00f3 dels informes t\u00e8cnics dels nous t\u00fanels de fermentaci\u00f3 de mat\u00e8ria org\u00e0nica i ha autoritzat la licitaci\u00f3 del canvi de la infraestructura el\u00e8ctrica de la planta El consell d&#8217;administraci\u00f3 de l&#8217;empresa p\u00fablica per al tractament dels residus de la zona centre de la prov\u00edncia de Castell\u00f3, Reciplasa, ha avan\u00e7at enDale que hay m\u00e1s ...\" \/>\n<meta property=\"og:url\" content=\"https:\/\/www.reciplasa.es\/va\/reciplasa-avanca-tramits-per-a-les-inversions-de-40-milions-deuros-en-la-millora-de-la-planta\/\" \/>\n<meta property=\"og:site_name\" content=\"RECIPLASA\" \/>\n<meta property=\"article:published_time\" content=\"2020-01-29T10:19:33+00:00\" \/>\n<meta property=\"article:modified_time\" content=\"2020-01-29T10:21:40+00:00\" \/>\n<meta property=\"og:image\" content=\"https:\/\/www.reciplasa.es\/wp-content\/uploads\/2020\/01\/Consell-Administracio-28-01-2020.jpg\" \/>\n\t<meta property=\"og:image:width\" content=\"3504\" \/>\n\t<meta property=\"og:image:height\" content=\"2336\" \/>\n\t<meta property=\"og:image:type\" content=\"image\/jpeg\" \/>\n<meta name=\"author\" content=\"Cristina Marco\" \/>\n<meta name=\"twitter:card\" content=\"summary_large_image\" \/>\n<meta name=\"twitter:label1\" content=\"Written by\" \/>\n\t<meta name=\"twitter:data1\" content=\"Cristina Marco\" \/>\n\t<meta name=\"twitter:label2\" content=\"Est. reading time\" \/>\n\t<meta name=\"twitter:data2\" content=\"2 minutes\" \/>\n<script type=\"application\/ld+json\" class=\"yoast-schema-graph\">{\"@context\":\"https:\\\/\\\/schema.org\",\"@graph\":[{\"@type\":\"Article\",\"@id\":\"https:\\\/\\\/www.reciplasa.es\\\/va\\\/reciplasa-avanca-tramits-per-a-les-inversions-de-40-milions-deuros-en-la-millora-de-la-planta\\\/#article\",\"isPartOf\":{\"@id\":\"https:\\\/\\\/www.reciplasa.es\\\/va\\\/reciplasa-avanca-tramits-per-a-les-inversions-de-40-milions-deuros-en-la-millora-de-la-planta\\\/\"},\"author\":{\"name\":\"Cristina Marco\",\"@id\":\"https:\\\/\\\/www.reciplasa.es\\\/#\\\/schema\\\/person\\\/608ffc094e3c56d49e6c6ec8f1ea0e82\"},\"headline\":\"Reciplasa avan\u00e7a tr\u00e0mits per a les inversions de 40 milions d&#8217;euros en la millora de la planta\",\"datePublished\":\"2020-01-29T10:19:33+00:00\",\"dateModified\":\"2020-01-29T10:21:40+00:00\",\"mainEntityOfPage\":{\"@id\":\"https:\\\/\\\/www.reciplasa.es\\\/va\\\/reciplasa-avanca-tramits-per-a-les-inversions-de-40-milions-deuros-en-la-millora-de-la-planta\\\/\"},\"wordCount\":503,\"image\":{\"@id\":\"https:\\\/\\\/www.reciplasa.es\\\/va\\\/reciplasa-avanca-tramits-per-a-les-inversions-de-40-milions-deuros-en-la-millora-de-la-planta\\\/#primaryimage\"},\"thumbnailUrl\":\"https:\\\/\\\/www.reciplasa.es\\\/wp-content\\\/uploads\\\/2020\\\/01\\\/Consell-Administracio-28-01-2020.jpg\",\"articleSection\":[\"Not\u00edcies corporatives\"],\"inLanguage\":\"va-VA\"},{\"@type\":\"WebPage\",\"@id\":\"https:\\\/\\\/www.reciplasa.es\\\/va\\\/reciplasa-avanca-tramits-per-a-les-inversions-de-40-milions-deuros-en-la-millora-de-la-planta\\\/\",\"url\":\"https:\\\/\\\/www.reciplasa.es\\\/va\\\/reciplasa-avanca-tramits-per-a-les-inversions-de-40-milions-deuros-en-la-millora-de-la-planta\\\/\",\"name\":\"Reciplasa avan\u00e7a tr\u00e0mits per a les inversions de 40 milions d'euros en la millora de la planta - RECIPLASA\",\"isPartOf\":{\"@id\":\"https:\\\/\\\/www.reciplasa.es\\\/#website\"},\"primaryImageOfPage\":{\"@id\":\"https:\\\/\\\/www.reciplasa.es\\\/va\\\/reciplasa-avanca-tramits-per-a-les-inversions-de-40-milions-deuros-en-la-millora-de-la-planta\\\/#primaryimage\"},\"image\":{\"@id\":\"https:\\\/\\\/www.reciplasa.es\\\/va\\\/reciplasa-avanca-tramits-per-a-les-inversions-de-40-milions-deuros-en-la-millora-de-la-planta\\\/#primaryimage\"},\"thumbnailUrl\":\"https:\\\/\\\/www.reciplasa.es\\\/wp-content\\\/uploads\\\/2020\\\/01\\\/Consell-Administracio-28-01-2020.jpg\",\"datePublished\":\"2020-01-29T10:19:33+00:00\",\"dateModified\":\"2020-01-29T10:21:40+00:00\",\"author\":{\"@id\":\"https:\\\/\\\/www.reciplasa.es\\\/#\\\/schema\\\/person\\\/608ffc094e3c56d49e6c6ec8f1ea0e82\"},\"breadcrumb\":{\"@id\":\"https:\\\/\\\/www.reciplasa.es\\\/va\\\/reciplasa-avanca-tramits-per-a-les-inversions-de-40-milions-deuros-en-la-millora-de-la-planta\\\/#breadcrumb\"},\"inLanguage\":\"va-VA\",\"potentialAction\":[{\"@type\":\"ReadAction\",\"target\":[\"https:\\\/\\\/www.reciplasa.es\\\/va\\\/reciplasa-avanca-tramits-per-a-les-inversions-de-40-milions-deuros-en-la-millora-de-la-planta\\\/\"]}]},{\"@type\":\"ImageObject\",\"inLanguage\":\"va-VA\",\"@id\":\"https:\\\/\\\/www.reciplasa.es\\\/va\\\/reciplasa-avanca-tramits-per-a-les-inversions-de-40-milions-deuros-en-la-millora-de-la-planta\\\/#primaryimage\",\"url\":\"https:\\\/\\\/www.reciplasa.es\\\/wp-content\\\/uploads\\\/2020\\\/01\\\/Consell-Administracio-28-01-2020.jpg\",\"contentUrl\":\"https:\\\/\\\/www.reciplasa.es\\\/wp-content\\\/uploads\\\/2020\\\/01\\\/Consell-Administracio-28-01-2020.jpg\",\"width\":3504,\"height\":2336,\"caption\":\"reunion consejo administracion de reciplasa en castellon\"},{\"@type\":\"BreadcrumbList\",\"@id\":\"https:\\\/\\\/www.reciplasa.es\\\/va\\\/reciplasa-avanca-tramits-per-a-les-inversions-de-40-milions-deuros-en-la-millora-de-la-planta\\\/#breadcrumb\",\"itemListElement\":[{\"@type\":\"ListItem\",\"position\":1,\"name\":\"Portada\",\"item\":\"https:\\\/\\\/www.reciplasa.es\\\/va\\\/\"},{\"@type\":\"ListItem\",\"position\":2,\"name\":\"Reciplasa avan\u00e7a tr\u00e0mits per a les inversions de 40 milions d&#8217;euros en la millora de la planta\"}]},{\"@type\":\"WebSite\",\"@id\":\"https:\\\/\\\/www.reciplasa.es\\\/#website\",\"url\":\"https:\\\/\\\/www.reciplasa.es\\\/\",\"name\":\"RECIPLASA\",\"description\":\"Reciclats de Residus La Plana SA\",\"potentialAction\":[{\"@type\":\"SearchAction\",\"target\":{\"@type\":\"EntryPoint\",\"urlTemplate\":\"https:\\\/\\\/www.reciplasa.es\\\/?s={search_term_string}\"},\"query-input\":{\"@type\":\"PropertyValueSpecification\",\"valueRequired\":true,\"valueName\":\"search_term_string\"}}],\"inLanguage\":\"va-VA\"},{\"@type\":\"Person\",\"@id\":\"https:\\\/\\\/www.reciplasa.es\\\/#\\\/schema\\\/person\\\/608ffc094e3c56d49e6c6ec8f1ea0e82\",\"name\":\"Cristina Marco\",\"image\":{\"@type\":\"ImageObject\",\"inLanguage\":\"va-VA\",\"@id\":\"https:\\\/\\\/secure.gravatar.com\\\/avatar\\\/6da7e00dc41d26d3c4245f3b2d70d687293df0dfc18f03719354383f7be4f34b?s=96&d=mm&r=g\",\"url\":\"https:\\\/\\\/secure.gravatar.com\\\/avatar\\\/6da7e00dc41d26d3c4245f3b2d70d687293df0dfc18f03719354383f7be4f34b?s=96&d=mm&r=g\",\"contentUrl\":\"https:\\\/\\\/secure.gravatar.com\\\/avatar\\\/6da7e00dc41d26d3c4245f3b2d70d687293df0dfc18f03719354383f7be4f34b?s=96&d=mm&r=g\",\"caption\":\"Cristina Marco\"},\"url\":\"https:\\\/\\\/www.reciplasa.es\\\/va\\\/author\\\/cristina\\\/\"}]}<\/script>\n<!-- \/ Yoast SEO plugin. -->","yoast_head_json":{"title":"Reciplasa avan\u00e7a tr\u00e0mits per a les inversions de 40 milions d'euros en la millora de la planta - RECIPLASA","robots":{"index":"index","follow":"follow","max-snippet":"max-snippet:-1","max-image-preview":"max-image-preview:large","max-video-preview":"max-video-preview:-1"},"canonical":"https:\/\/www.reciplasa.es\/va\/reciplasa-avanca-tramits-per-a-les-inversions-de-40-milions-deuros-en-la-millora-de-la-planta\/","og_locale":"en_US","og_type":"article","og_title":"Reciplasa avan\u00e7a tr\u00e0mits per a les inversions de 40 milions d'euros en la millora de la planta - RECIPLASA","og_description":"El consell d&#8217;administraci\u00f3 avan\u00e7a en l&#8217;elaboraci\u00f3 dels informes t\u00e8cnics dels nous t\u00fanels de fermentaci\u00f3 de mat\u00e8ria org\u00e0nica i ha autoritzat la licitaci\u00f3 del canvi de la infraestructura el\u00e8ctrica de la planta El consell d&#8217;administraci\u00f3 de l&#8217;empresa p\u00fablica per al tractament dels residus de la zona centre de la prov\u00edncia de Castell\u00f3, Reciplasa, ha avan\u00e7at enDale que hay m\u00e1s ...","og_url":"https:\/\/www.reciplasa.es\/va\/reciplasa-avanca-tramits-per-a-les-inversions-de-40-milions-deuros-en-la-millora-de-la-planta\/","og_site_name":"RECIPLASA","article_published_time":"2020-01-29T10:19:33+00:00","article_modified_time":"2020-01-29T10:21:40+00:00","og_image":[{"width":3504,"height":2336,"url":"https:\/\/www.reciplasa.es\/wp-content\/uploads\/2020\/01\/Consell-Administracio-28-01-2020.jpg","type":"image\/jpeg"}],"author":"Cristina Marco","twitter_card":"summary_large_image","twitter_misc":{"Written by":"Cristina Marco","Est. reading time":"2 minutes"},"schema":{"@context":"https:\/\/schema.org","@graph":[{"@type":"Article","@id":"https:\/\/www.reciplasa.es\/va\/reciplasa-avanca-tramits-per-a-les-inversions-de-40-milions-deuros-en-la-millora-de-la-planta\/#article","isPartOf":{"@id":"https:\/\/www.reciplasa.es\/va\/reciplasa-avanca-tramits-per-a-les-inversions-de-40-milions-deuros-en-la-millora-de-la-planta\/"},"author":{"name":"Cristina Marco","@id":"https:\/\/www.reciplasa.es\/#\/schema\/person\/608ffc094e3c56d49e6c6ec8f1ea0e82"},"headline":"Reciplasa avan\u00e7a tr\u00e0mits per a les inversions de 40 milions d&#8217;euros en la millora de la planta","datePublished":"2020-01-29T10:19:33+00:00","dateModified":"2020-01-29T10:21:40+00:00","mainEntityOfPage":{"@id":"https:\/\/www.reciplasa.es\/va\/reciplasa-avanca-tramits-per-a-les-inversions-de-40-milions-deuros-en-la-millora-de-la-planta\/"},"wordCount":503,"image":{"@id":"https:\/\/www.reciplasa.es\/va\/reciplasa-avanca-tramits-per-a-les-inversions-de-40-milions-deuros-en-la-millora-de-la-planta\/#primaryimage"},"thumbnailUrl":"https:\/\/www.reciplasa.es\/wp-content\/uploads\/2020\/01\/Consell-Administracio-28-01-2020.jpg","articleSection":["Not\u00edcies corporatives"],"inLanguage":"va-VA"},{"@type":"WebPage","@id":"https:\/\/www.reciplasa.es\/va\/reciplasa-avanca-tramits-per-a-les-inversions-de-40-milions-deuros-en-la-millora-de-la-planta\/","url":"https:\/\/www.reciplasa.es\/va\/reciplasa-avanca-tramits-per-a-les-inversions-de-40-milions-deuros-en-la-millora-de-la-planta\/","name":"Reciplasa avan\u00e7a tr\u00e0mits per a les inversions de 40 milions d'euros en la millora de la planta - RECIPLASA","isPartOf":{"@id":"https:\/\/www.reciplasa.es\/#website"},"primaryImageOfPage":{"@id":"https:\/\/www.reciplasa.es\/va\/reciplasa-avanca-tramits-per-a-les-inversions-de-40-milions-deuros-en-la-millora-de-la-planta\/#primaryimage"},"image":{"@id":"https:\/\/www.reciplasa.es\/va\/reciplasa-avanca-tramits-per-a-les-inversions-de-40-milions-deuros-en-la-millora-de-la-planta\/#primaryimage"},"thumbnailUrl":"https:\/\/www.reciplasa.es\/wp-content\/uploads\/2020\/01\/Consell-Administracio-28-01-2020.jpg","datePublished":"2020-01-29T10:19:33+00:00","dateModified":"2020-01-29T10:21:40+00:00","author":{"@id":"https:\/\/www.reciplasa.es\/#\/schema\/person\/608ffc094e3c56d49e6c6ec8f1ea0e82"},"breadcrumb":{"@id":"https:\/\/www.reciplasa.es\/va\/reciplasa-avanca-tramits-per-a-les-inversions-de-40-milions-deuros-en-la-millora-de-la-planta\/#breadcrumb"},"inLanguage":"va-VA","potentialAction":[{"@type":"ReadAction","target":["https:\/\/www.reciplasa.es\/va\/reciplasa-avanca-tramits-per-a-les-inversions-de-40-milions-deuros-en-la-millora-de-la-planta\/"]}]},{"@type":"ImageObject","inLanguage":"va-VA","@id":"https:\/\/www.reciplasa.es\/va\/reciplasa-avanca-tramits-per-a-les-inversions-de-40-milions-deuros-en-la-millora-de-la-planta\/#primaryimage","url":"https:\/\/www.reciplasa.es\/wp-content\/uploads\/2020\/01\/Consell-Administracio-28-01-2020.jpg","contentUrl":"https:\/\/www.reciplasa.es\/wp-content\/uploads\/2020\/01\/Consell-Administracio-28-01-2020.jpg","width":3504,"height":2336,"caption":"reunion consejo administracion de reciplasa en castellon"},{"@type":"BreadcrumbList","@id":"https:\/\/www.reciplasa.es\/va\/reciplasa-avanca-tramits-per-a-les-inversions-de-40-milions-deuros-en-la-millora-de-la-planta\/#breadcrumb","itemListElement":[{"@type":"ListItem","position":1,"name":"Portada","item":"https:\/\/www.reciplasa.es\/va\/"},{"@type":"ListItem","position":2,"name":"Reciplasa avan\u00e7a tr\u00e0mits per a les inversions de 40 milions d&#8217;euros en la millora de la planta"}]},{"@type":"WebSite","@id":"https:\/\/www.reciplasa.es\/#website","url":"https:\/\/www.reciplasa.es\/","name":"RECIPLASA","description":"Reciclats de Residus La Plana SA","potentialAction":[{"@type":"SearchAction","target":{"@type":"EntryPoint","urlTemplate":"https:\/\/www.reciplasa.es\/?s={search_term_string}"},"query-input":{"@type":"PropertyValueSpecification","valueRequired":true,"valueName":"search_term_string"}}],"inLanguage":"va-VA"},{"@type":"Person","@id":"https:\/\/www.reciplasa.es\/#\/schema\/person\/608ffc094e3c56d49e6c6ec8f1ea0e82","name":"Cristina Marco","image":{"@type":"ImageObject","inLanguage":"va-VA","@id":"https:\/\/secure.gravatar.com\/avatar\/6da7e00dc41d26d3c4245f3b2d70d687293df0dfc18f03719354383f7be4f34b?s=96&d=mm&r=g","url":"https:\/\/secure.gravatar.com\/avatar\/6da7e00dc41d26d3c4245f3b2d70d687293df0dfc18f03719354383f7be4f34b?s=96&d=mm&r=g","contentUrl":"https:\/\/secure.gravatar.com\/avatar\/6da7e00dc41d26d3c4245f3b2d70d687293df0dfc18f03719354383f7be4f34b?s=96&d=mm&r=g","caption":"Cristina Marco"},"url":"https:\/\/www.reciplasa.es\/va\/author\/cristina\/"}]}},"_links":{"self":[{"href":"https:\/\/www.reciplasa.es\/va\/wp-json\/wp\/v2\/posts\/14359","targetHints":{"allow":["GET"]}}],"collection":[{"href":"https:\/\/www.reciplasa.es\/va\/wp-json\/wp\/v2\/posts"}],"about":[{"href":"https:\/\/www.reciplasa.es\/va\/wp-json\/wp\/v2\/types\/post"}],"author":[{"embeddable":true,"href":"https:\/\/www.reciplasa.es\/va\/wp-json\/wp\/v2\/users\/3"}],"replies":[{"embeddable":true,"href":"https:\/\/www.reciplasa.es\/va\/wp-json\/wp\/v2\/comments?post=14359"}],"version-history":[{"count":2,"href":"https:\/\/www.reciplasa.es\/va\/wp-json\/wp\/v2\/posts\/14359\/revisions"}],"predecessor-version":[{"id":14362,"href":"https:\/\/www.reciplasa.es\/va\/wp-json\/wp\/v2\/posts\/14359\/revisions\/14362"}],"wp:featuredmedia":[{"embeddable":true,"href":"https:\/\/www.reciplasa.es\/va\/wp-json\/wp\/v2\/media\/14353"}],"wp:attachment":[{"href":"https:\/\/www.reciplasa.es\/va\/wp-json\/wp\/v2\/media?parent=14359"}],"wp:term":[{"taxonomy":"category","embeddable":true,"href":"https:\/\/www.reciplasa.es\/va\/wp-json\/wp\/v2\/categories?post=14359"},{"taxonomy":"post_tag","embeddable":true,"href":"https:\/\/www.reciplasa.es\/va\/wp-json\/wp\/v2\/tags?post=14359"}],"curies":[{"name":"wp","href":"https:\/\/api.w.org\/{rel}","templated":true}]}}