{"id":14386,"date":"2020-02-13T10:46:11","date_gmt":"2020-02-13T10:46:11","guid":{"rendered":"http:\/\/www.reciplasa.es\/?p=14386\/"},"modified":"2023-07-25T15:00:13","modified_gmt":"2023-07-25T15:00:13","slug":"lestudiant-de-luji-ionut-cristian-ilie-guanya-el-premi-de-la-catedra-reciplasa-al-millor-tfm","status":"publish","type":"post","link":"https:\/\/www.reciplasa.es\/va\/lestudiant-de-luji-ionut-cristian-ilie-guanya-el-premi-de-la-catedra-reciplasa-al-millor-tfm\/","title":{"rendered":"L\u2019estudiant de l&#8217;UJI Ionut-Cristian Ilie guanya el premi de la C\u00e0tedra Reciplasa al millor TFM"},"content":{"rendered":"\n<h6 class=\"wp-block-heading\"><em><span style=\"font-weight: 400;\">El president de Reciplasa i el vicerector d\u2019Investigaci\u00f3 i Transfer\u00e8ncia han entregat el guard\u00f3, dotat de 600\u20ac, per \u2018Dise\u00f1o del proceso de gasificaci\u00f3n para los CSR procedentes de una planta de tratamiento mec\u00e1nico\u2019<\/span><\/em><\/h6>\n\n\n\n<p>La\u00a0<a href=\"http:\/\/catedrareciplasa.uji.es\/ca\/home-alternativa-cat\/\">C\u00e0tedra\u00a0Reciplasa<\/a>\u00a0de la <a href=\"https:\/\/www.uji.es\/\">Universitat Jaume I<\/a>, impulsada per l&#8217;empresa p\u00fablica per al tractament i reciclatge dels residus s\u00f2lids urbans de la zona centre de la prov\u00edncia de Castell\u00f3, ha atorgat el\u00a0premi\u00a0al millor treball final de m\u00e0ster (TFM) a l\u2019estudiant Ionut-Cristian Ilie, del M\u00e0ster Universitari en Efici\u00e8ncia Energ\u00e8tica i Sostenibilitat.<\/p>\n\n\n\n<p>El vicerector d\u2019Investigaci\u00f3 i Transfer\u00e8ncia, Jes\u00fas Lancis; el president de Reciplasa, Ignasi Garcia Felip; el director de la C\u00e0tedra, F\u00e9lix Hern\u00e1ndez; el director t\u00e8cnic de Reciplasa, Fernando Albarr\u00e1n, i el coordinador del grup d\u2019investigaci\u00f3 <a href=\"http:\/\/www.ingres.uji.es\/\">INGRES<\/a> i tutor de l\u2019alumne guanyador, Antonio Gallardo, han segut els encarregats de portar a terme l\u2019acte de lliurament del guard\u00f3.<\/p>\n\n\n\n<figure class=\"wp-block-image\"><img loading=\"lazy\" decoding=\"async\" width=\"1024\" height=\"683\" src=\"http:\/\/www.reciplasa.es\/wp-content\/uploads\/2013\/12\/s9b9347-1024x683.jpg\" alt=\"Presidente de Reciplasa, Ignasi Garcia, Felip; el director de la C\u00e1tedra, F\u00e9lix Hern\u00e1ndez; el director t\u00e9cnico de Reciplasa entregan premio mejor TFM\" class=\"wp-image-14383\" srcset=\"https:\/\/www.reciplasa.es\/wp-content\/uploads\/2013\/12\/s9b9347-1024x683.jpg 1024w, https:\/\/www.reciplasa.es\/wp-content\/uploads\/2013\/12\/s9b9347-300x200.jpg 300w, https:\/\/www.reciplasa.es\/wp-content\/uploads\/2013\/12\/s9b9347-768x512.jpg 768w\" sizes=\"auto, (max-width: 1024px) 100vw, 1024px\" \/><\/figure>\n\n\n\n<p>El treball premiat es titula \u00abDise\u00f1o del proceso de\ngasificaci\u00f3n para los combustibles s\u00f3lidos recuperados procedentes de una\nplanta de tratamiento mec\u00e1nico\u00bb.<\/p>\n\n\n\n<p>El projecte tenia com a objectiu dissenyar un proc\u00e9s per\na la producci\u00f3 de gas de s\u00edntesi mitjan\u00e7ant la tecnologia de gasificaci\u00f3, des\nd\u2019un punt de vista sostenible i controlat. En ell s\u2019estableixen les\ncaracter\u00edstiques t\u00e8cniques del reactor de gasificaci\u00f3, aix\u00ed com de la\ntecnologia utilitzada per al condicionament i neteja del gas.<\/p>\n\n\n\n<p>El premi&nbsp;al millor TFM est\u00e0 dotat amb 600 euros. La\nconvocat\u00f2ria es va realitzar el passat mes de mar\u00e7 i han pogut participar tots\naquells estudiants que han defensat el seu projecte final de m\u00e0ster a l\u2019UJI\ndurant el curs 2018-2019 en \u00e0rees de recerca relacionades amb\nla&nbsp;C\u00e0tedra&nbsp;Reciplasa.<\/p>\n\n\n\n<figure class=\"wp-block-image\"><img loading=\"lazy\" decoding=\"async\" width=\"1024\" height=\"683\" src=\"http:\/\/www.reciplasa.es\/wp-content\/uploads\/2013\/12\/s9b9457-1024x683.jpg\" alt=\"Ionut-Cristian posa con su premio al mejor TFM\" class=\"wp-image-14382\" srcset=\"https:\/\/www.reciplasa.es\/wp-content\/uploads\/2013\/12\/s9b9457-1024x683.jpg 1024w, https:\/\/www.reciplasa.es\/wp-content\/uploads\/2013\/12\/s9b9457-300x200.jpg 300w, https:\/\/www.reciplasa.es\/wp-content\/uploads\/2013\/12\/s9b9457-768x512.jpg 768w\" sizes=\"auto, (max-width: 1024px) 100vw, 1024px\" \/><\/figure>\n","protected":false},"excerpt":{"rendered":"<p>El president de Reciplasa i el vicerector d\u2019Investigaci\u00f3 i Transfer\u00e8ncia han entregat el guard\u00f3, dotat de 600\u20ac, per \u2018Dise\u00f1o del proceso de gasificaci\u00f3n para los CSR procedentes de una planta de tratamiento mec\u00e1nico\u2019 La\u00a0C\u00e0tedra\u00a0Reciplasa\u00a0de la Universitat Jaume I, impulsada per l&#8217;empresa p\u00fablica per al tractament i reciclatge dels residus s\u00f2lids urbans de la zona centreDale que hay m\u00e1s &#8230;<\/p>\n","protected":false},"author":3,"featured_media":14381,"comment_status":"closed","ping_status":"closed","sticky":false,"template":"","format":"standard","meta":{"footnotes":""},"categories":[88],"tags":[],"class_list":["post-14386","post","type-post","status-publish","format-standard","has-post-thumbnail","hentry","category-catedra-reciplasa-uji"],"yoast_head":"<!-- This site is optimized with the Yoast SEO plugin v27.4 - https:\/\/yoast.com\/product\/yoast-seo-wordpress\/ -->\n<title>L\u2019estudiant de l&#039;UJI Ionut-Cristian Ilie guanya el premi de la C\u00e0tedra Reciplasa al millor TFM - RECIPLASA<\/title>\n<meta name=\"robots\" content=\"index, follow, max-snippet:-1, max-image-preview:large, max-video-preview:-1\" \/>\n<link rel=\"canonical\" href=\"https:\/\/www.reciplasa.es\/va\/lestudiant-de-luji-ionut-cristian-ilie-guanya-el-premi-de-la-catedra-reciplasa-al-millor-tfm\/\" \/>\n<meta property=\"og:locale\" content=\"en_US\" \/>\n<meta property=\"og:type\" content=\"article\" \/>\n<meta property=\"og:title\" content=\"L\u2019estudiant de l&#039;UJI Ionut-Cristian Ilie guanya el premi de la C\u00e0tedra Reciplasa al millor TFM - RECIPLASA\" \/>\n<meta property=\"og:description\" content=\"El president de Reciplasa i el vicerector d\u2019Investigaci\u00f3 i Transfer\u00e8ncia han entregat el guard\u00f3, dotat de 600\u20ac, per \u2018Dise\u00f1o del proceso de gasificaci\u00f3n para los CSR procedentes de una planta de tratamiento mec\u00e1nico\u2019 La\u00a0C\u00e0tedra\u00a0Reciplasa\u00a0de la Universitat Jaume I, impulsada per l&#8217;empresa p\u00fablica per al tractament i reciclatge dels residus s\u00f2lids urbans de la zona centreDale que hay m\u00e1s ...\" \/>\n<meta property=\"og:url\" content=\"https:\/\/www.reciplasa.es\/va\/lestudiant-de-luji-ionut-cristian-ilie-guanya-el-premi-de-la-catedra-reciplasa-al-millor-tfm\/\" \/>\n<meta property=\"og:site_name\" content=\"RECIPLASA\" \/>\n<meta property=\"article:published_time\" content=\"2020-02-13T10:46:11+00:00\" \/>\n<meta property=\"article:modified_time\" content=\"2023-07-25T15:00:13+00:00\" \/>\n<meta property=\"og:image\" content=\"https:\/\/www.reciplasa.es\/wp-content\/uploads\/2013\/12\/s9b9440.jpg\" \/>\n\t<meta property=\"og:image:width\" content=\"3464\" \/>\n\t<meta property=\"og:image:height\" content=\"2309\" \/>\n\t<meta property=\"og:image:type\" content=\"image\/jpeg\" \/>\n<meta name=\"author\" content=\"Cristina Marco\" \/>\n<meta name=\"twitter:card\" content=\"summary_large_image\" \/>\n<meta name=\"twitter:label1\" content=\"Written by\" \/>\n\t<meta name=\"twitter:data1\" content=\"Cristina Marco\" \/>\n\t<meta name=\"twitter:label2\" content=\"Est. reading time\" \/>\n\t<meta name=\"twitter:data2\" content=\"2 minutes\" \/>\n<script type=\"application\/ld+json\" class=\"yoast-schema-graph\">{\"@context\":\"https:\\\/\\\/schema.org\",\"@graph\":[{\"@type\":\"Article\",\"@id\":\"https:\\\/\\\/www.reciplasa.es\\\/va\\\/lestudiant-de-luji-ionut-cristian-ilie-guanya-el-premi-de-la-catedra-reciplasa-al-millor-tfm\\\/#article\",\"isPartOf\":{\"@id\":\"https:\\\/\\\/www.reciplasa.es\\\/va\\\/lestudiant-de-luji-ionut-cristian-ilie-guanya-el-premi-de-la-catedra-reciplasa-al-millor-tfm\\\/\"},\"author\":{\"name\":\"Cristina Marco\",\"@id\":\"https:\\\/\\\/www.reciplasa.es\\\/#\\\/schema\\\/person\\\/608ffc094e3c56d49e6c6ec8f1ea0e82\"},\"headline\":\"L\u2019estudiant de l&#8217;UJI Ionut-Cristian Ilie guanya el premi de la C\u00e0tedra Reciplasa al millor TFM\",\"datePublished\":\"2020-02-13T10:46:11+00:00\",\"dateModified\":\"2023-07-25T15:00:13+00:00\",\"mainEntityOfPage\":{\"@id\":\"https:\\\/\\\/www.reciplasa.es\\\/va\\\/lestudiant-de-luji-ionut-cristian-ilie-guanya-el-premi-de-la-catedra-reciplasa-al-millor-tfm\\\/\"},\"wordCount\":327,\"image\":{\"@id\":\"https:\\\/\\\/www.reciplasa.es\\\/va\\\/lestudiant-de-luji-ionut-cristian-ilie-guanya-el-premi-de-la-catedra-reciplasa-al-millor-tfm\\\/#primaryimage\"},\"thumbnailUrl\":\"https:\\\/\\\/www.reciplasa.es\\\/wp-content\\\/uploads\\\/2013\\\/12\\\/s9b9440.jpg\",\"articleSection\":[\"C\u00e0tedra Reciplasa-UJI\"],\"inLanguage\":\"va-VA\"},{\"@type\":\"WebPage\",\"@id\":\"https:\\\/\\\/www.reciplasa.es\\\/va\\\/lestudiant-de-luji-ionut-cristian-ilie-guanya-el-premi-de-la-catedra-reciplasa-al-millor-tfm\\\/\",\"url\":\"https:\\\/\\\/www.reciplasa.es\\\/va\\\/lestudiant-de-luji-ionut-cristian-ilie-guanya-el-premi-de-la-catedra-reciplasa-al-millor-tfm\\\/\",\"name\":\"L\u2019estudiant de l'UJI Ionut-Cristian Ilie guanya el premi de la C\u00e0tedra Reciplasa al millor TFM - RECIPLASA\",\"isPartOf\":{\"@id\":\"https:\\\/\\\/www.reciplasa.es\\\/#website\"},\"primaryImageOfPage\":{\"@id\":\"https:\\\/\\\/www.reciplasa.es\\\/va\\\/lestudiant-de-luji-ionut-cristian-ilie-guanya-el-premi-de-la-catedra-reciplasa-al-millor-tfm\\\/#primaryimage\"},\"image\":{\"@id\":\"https:\\\/\\\/www.reciplasa.es\\\/va\\\/lestudiant-de-luji-ionut-cristian-ilie-guanya-el-premi-de-la-catedra-reciplasa-al-millor-tfm\\\/#primaryimage\"},\"thumbnailUrl\":\"https:\\\/\\\/www.reciplasa.es\\\/wp-content\\\/uploads\\\/2013\\\/12\\\/s9b9440.jpg\",\"datePublished\":\"2020-02-13T10:46:11+00:00\",\"dateModified\":\"2023-07-25T15:00:13+00:00\",\"author\":{\"@id\":\"https:\\\/\\\/www.reciplasa.es\\\/#\\\/schema\\\/person\\\/608ffc094e3c56d49e6c6ec8f1ea0e82\"},\"breadcrumb\":{\"@id\":\"https:\\\/\\\/www.reciplasa.es\\\/va\\\/lestudiant-de-luji-ionut-cristian-ilie-guanya-el-premi-de-la-catedra-reciplasa-al-millor-tfm\\\/#breadcrumb\"},\"inLanguage\":\"va-VA\",\"potentialAction\":[{\"@type\":\"ReadAction\",\"target\":[\"https:\\\/\\\/www.reciplasa.es\\\/va\\\/lestudiant-de-luji-ionut-cristian-ilie-guanya-el-premi-de-la-catedra-reciplasa-al-millor-tfm\\\/\"]}]},{\"@type\":\"ImageObject\",\"inLanguage\":\"va-VA\",\"@id\":\"https:\\\/\\\/www.reciplasa.es\\\/va\\\/lestudiant-de-luji-ionut-cristian-ilie-guanya-el-premi-de-la-catedra-reciplasa-al-millor-tfm\\\/#primaryimage\",\"url\":\"https:\\\/\\\/www.reciplasa.es\\\/wp-content\\\/uploads\\\/2013\\\/12\\\/s9b9440.jpg\",\"contentUrl\":\"https:\\\/\\\/www.reciplasa.es\\\/wp-content\\\/uploads\\\/2013\\\/12\\\/s9b9440.jpg\",\"width\":3464,\"height\":2309,\"caption\":\"Ionut-Cristian Ilie gana el premio de la C\u00e1tedra Reciplasa al mejor TFM\"},{\"@type\":\"BreadcrumbList\",\"@id\":\"https:\\\/\\\/www.reciplasa.es\\\/va\\\/lestudiant-de-luji-ionut-cristian-ilie-guanya-el-premi-de-la-catedra-reciplasa-al-millor-tfm\\\/#breadcrumb\",\"itemListElement\":[{\"@type\":\"ListItem\",\"position\":1,\"name\":\"Portada\",\"item\":\"https:\\\/\\\/www.reciplasa.es\\\/va\\\/\"},{\"@type\":\"ListItem\",\"position\":2,\"name\":\"L\u2019estudiant de l&#8217;UJI Ionut-Cristian Ilie guanya el premi de la C\u00e0tedra Reciplasa al millor TFM\"}]},{\"@type\":\"WebSite\",\"@id\":\"https:\\\/\\\/www.reciplasa.es\\\/#website\",\"url\":\"https:\\\/\\\/www.reciplasa.es\\\/\",\"name\":\"RECIPLASA\",\"description\":\"Reciclats de Residus La Plana SA\",\"potentialAction\":[{\"@type\":\"SearchAction\",\"target\":{\"@type\":\"EntryPoint\",\"urlTemplate\":\"https:\\\/\\\/www.reciplasa.es\\\/?s={search_term_string}\"},\"query-input\":{\"@type\":\"PropertyValueSpecification\",\"valueRequired\":true,\"valueName\":\"search_term_string\"}}],\"inLanguage\":\"va-VA\"},{\"@type\":\"Person\",\"@id\":\"https:\\\/\\\/www.reciplasa.es\\\/#\\\/schema\\\/person\\\/608ffc094e3c56d49e6c6ec8f1ea0e82\",\"name\":\"Cristina Marco\",\"image\":{\"@type\":\"ImageObject\",\"inLanguage\":\"va-VA\",\"@id\":\"https:\\\/\\\/secure.gravatar.com\\\/avatar\\\/6da7e00dc41d26d3c4245f3b2d70d687293df0dfc18f03719354383f7be4f34b?s=96&d=mm&r=g\",\"url\":\"https:\\\/\\\/secure.gravatar.com\\\/avatar\\\/6da7e00dc41d26d3c4245f3b2d70d687293df0dfc18f03719354383f7be4f34b?s=96&d=mm&r=g\",\"contentUrl\":\"https:\\\/\\\/secure.gravatar.com\\\/avatar\\\/6da7e00dc41d26d3c4245f3b2d70d687293df0dfc18f03719354383f7be4f34b?s=96&d=mm&r=g\",\"caption\":\"Cristina Marco\"},\"url\":\"https:\\\/\\\/www.reciplasa.es\\\/va\\\/author\\\/cristina\\\/\"}]}<\/script>\n<!-- \/ Yoast SEO plugin. -->","yoast_head_json":{"title":"L\u2019estudiant de l'UJI Ionut-Cristian Ilie guanya el premi de la C\u00e0tedra Reciplasa al millor TFM - RECIPLASA","robots":{"index":"index","follow":"follow","max-snippet":"max-snippet:-1","max-image-preview":"max-image-preview:large","max-video-preview":"max-video-preview:-1"},"canonical":"https:\/\/www.reciplasa.es\/va\/lestudiant-de-luji-ionut-cristian-ilie-guanya-el-premi-de-la-catedra-reciplasa-al-millor-tfm\/","og_locale":"en_US","og_type":"article","og_title":"L\u2019estudiant de l'UJI Ionut-Cristian Ilie guanya el premi de la C\u00e0tedra Reciplasa al millor TFM - RECIPLASA","og_description":"El president de Reciplasa i el vicerector d\u2019Investigaci\u00f3 i Transfer\u00e8ncia han entregat el guard\u00f3, dotat de 600\u20ac, per \u2018Dise\u00f1o del proceso de gasificaci\u00f3n para los CSR procedentes de una planta de tratamiento mec\u00e1nico\u2019 La\u00a0C\u00e0tedra\u00a0Reciplasa\u00a0de la Universitat Jaume I, impulsada per l&#8217;empresa p\u00fablica per al tractament i reciclatge dels residus s\u00f2lids urbans de la zona centreDale que hay m\u00e1s ...","og_url":"https:\/\/www.reciplasa.es\/va\/lestudiant-de-luji-ionut-cristian-ilie-guanya-el-premi-de-la-catedra-reciplasa-al-millor-tfm\/","og_site_name":"RECIPLASA","article_published_time":"2020-02-13T10:46:11+00:00","article_modified_time":"2023-07-25T15:00:13+00:00","og_image":[{"width":3464,"height":2309,"url":"https:\/\/www.reciplasa.es\/wp-content\/uploads\/2013\/12\/s9b9440.jpg","type":"image\/jpeg"}],"author":"Cristina Marco","twitter_card":"summary_large_image","twitter_misc":{"Written by":"Cristina Marco","Est. reading time":"2 minutes"},"schema":{"@context":"https:\/\/schema.org","@graph":[{"@type":"Article","@id":"https:\/\/www.reciplasa.es\/va\/lestudiant-de-luji-ionut-cristian-ilie-guanya-el-premi-de-la-catedra-reciplasa-al-millor-tfm\/#article","isPartOf":{"@id":"https:\/\/www.reciplasa.es\/va\/lestudiant-de-luji-ionut-cristian-ilie-guanya-el-premi-de-la-catedra-reciplasa-al-millor-tfm\/"},"author":{"name":"Cristina Marco","@id":"https:\/\/www.reciplasa.es\/#\/schema\/person\/608ffc094e3c56d49e6c6ec8f1ea0e82"},"headline":"L\u2019estudiant de l&#8217;UJI Ionut-Cristian Ilie guanya el premi de la C\u00e0tedra Reciplasa al millor TFM","datePublished":"2020-02-13T10:46:11+00:00","dateModified":"2023-07-25T15:00:13+00:00","mainEntityOfPage":{"@id":"https:\/\/www.reciplasa.es\/va\/lestudiant-de-luji-ionut-cristian-ilie-guanya-el-premi-de-la-catedra-reciplasa-al-millor-tfm\/"},"wordCount":327,"image":{"@id":"https:\/\/www.reciplasa.es\/va\/lestudiant-de-luji-ionut-cristian-ilie-guanya-el-premi-de-la-catedra-reciplasa-al-millor-tfm\/#primaryimage"},"thumbnailUrl":"https:\/\/www.reciplasa.es\/wp-content\/uploads\/2013\/12\/s9b9440.jpg","articleSection":["C\u00e0tedra Reciplasa-UJI"],"inLanguage":"va-VA"},{"@type":"WebPage","@id":"https:\/\/www.reciplasa.es\/va\/lestudiant-de-luji-ionut-cristian-ilie-guanya-el-premi-de-la-catedra-reciplasa-al-millor-tfm\/","url":"https:\/\/www.reciplasa.es\/va\/lestudiant-de-luji-ionut-cristian-ilie-guanya-el-premi-de-la-catedra-reciplasa-al-millor-tfm\/","name":"L\u2019estudiant de l'UJI Ionut-Cristian Ilie guanya el premi de la C\u00e0tedra Reciplasa al millor TFM - RECIPLASA","isPartOf":{"@id":"https:\/\/www.reciplasa.es\/#website"},"primaryImageOfPage":{"@id":"https:\/\/www.reciplasa.es\/va\/lestudiant-de-luji-ionut-cristian-ilie-guanya-el-premi-de-la-catedra-reciplasa-al-millor-tfm\/#primaryimage"},"image":{"@id":"https:\/\/www.reciplasa.es\/va\/lestudiant-de-luji-ionut-cristian-ilie-guanya-el-premi-de-la-catedra-reciplasa-al-millor-tfm\/#primaryimage"},"thumbnailUrl":"https:\/\/www.reciplasa.es\/wp-content\/uploads\/2013\/12\/s9b9440.jpg","datePublished":"2020-02-13T10:46:11+00:00","dateModified":"2023-07-25T15:00:13+00:00","author":{"@id":"https:\/\/www.reciplasa.es\/#\/schema\/person\/608ffc094e3c56d49e6c6ec8f1ea0e82"},"breadcrumb":{"@id":"https:\/\/www.reciplasa.es\/va\/lestudiant-de-luji-ionut-cristian-ilie-guanya-el-premi-de-la-catedra-reciplasa-al-millor-tfm\/#breadcrumb"},"inLanguage":"va-VA","potentialAction":[{"@type":"ReadAction","target":["https:\/\/www.reciplasa.es\/va\/lestudiant-de-luji-ionut-cristian-ilie-guanya-el-premi-de-la-catedra-reciplasa-al-millor-tfm\/"]}]},{"@type":"ImageObject","inLanguage":"va-VA","@id":"https:\/\/www.reciplasa.es\/va\/lestudiant-de-luji-ionut-cristian-ilie-guanya-el-premi-de-la-catedra-reciplasa-al-millor-tfm\/#primaryimage","url":"https:\/\/www.reciplasa.es\/wp-content\/uploads\/2013\/12\/s9b9440.jpg","contentUrl":"https:\/\/www.reciplasa.es\/wp-content\/uploads\/2013\/12\/s9b9440.jpg","width":3464,"height":2309,"caption":"Ionut-Cristian Ilie gana el premio de la C\u00e1tedra Reciplasa al mejor TFM"},{"@type":"BreadcrumbList","@id":"https:\/\/www.reciplasa.es\/va\/lestudiant-de-luji-ionut-cristian-ilie-guanya-el-premi-de-la-catedra-reciplasa-al-millor-tfm\/#breadcrumb","itemListElement":[{"@type":"ListItem","position":1,"name":"Portada","item":"https:\/\/www.reciplasa.es\/va\/"},{"@type":"ListItem","position":2,"name":"L\u2019estudiant de l&#8217;UJI Ionut-Cristian Ilie guanya el premi de la C\u00e0tedra Reciplasa al millor TFM"}]},{"@type":"WebSite","@id":"https:\/\/www.reciplasa.es\/#website","url":"https:\/\/www.reciplasa.es\/","name":"RECIPLASA","description":"Reciclats de Residus La Plana SA","potentialAction":[{"@type":"SearchAction","target":{"@type":"EntryPoint","urlTemplate":"https:\/\/www.reciplasa.es\/?s={search_term_string}"},"query-input":{"@type":"PropertyValueSpecification","valueRequired":true,"valueName":"search_term_string"}}],"inLanguage":"va-VA"},{"@type":"Person","@id":"https:\/\/www.reciplasa.es\/#\/schema\/person\/608ffc094e3c56d49e6c6ec8f1ea0e82","name":"Cristina Marco","image":{"@type":"ImageObject","inLanguage":"va-VA","@id":"https:\/\/secure.gravatar.com\/avatar\/6da7e00dc41d26d3c4245f3b2d70d687293df0dfc18f03719354383f7be4f34b?s=96&d=mm&r=g","url":"https:\/\/secure.gravatar.com\/avatar\/6da7e00dc41d26d3c4245f3b2d70d687293df0dfc18f03719354383f7be4f34b?s=96&d=mm&r=g","contentUrl":"https:\/\/secure.gravatar.com\/avatar\/6da7e00dc41d26d3c4245f3b2d70d687293df0dfc18f03719354383f7be4f34b?s=96&d=mm&r=g","caption":"Cristina Marco"},"url":"https:\/\/www.reciplasa.es\/va\/author\/cristina\/"}]}},"_links":{"self":[{"href":"https:\/\/www.reciplasa.es\/va\/wp-json\/wp\/v2\/posts\/14386","targetHints":{"allow":["GET"]}}],"collection":[{"href":"https:\/\/www.reciplasa.es\/va\/wp-json\/wp\/v2\/posts"}],"about":[{"href":"https:\/\/www.reciplasa.es\/va\/wp-json\/wp\/v2\/types\/post"}],"author":[{"embeddable":true,"href":"https:\/\/www.reciplasa.es\/va\/wp-json\/wp\/v2\/users\/3"}],"replies":[{"embeddable":true,"href":"https:\/\/www.reciplasa.es\/va\/wp-json\/wp\/v2\/comments?post=14386"}],"version-history":[{"count":2,"href":"https:\/\/www.reciplasa.es\/va\/wp-json\/wp\/v2\/posts\/14386\/revisions"}],"predecessor-version":[{"id":14389,"href":"https:\/\/www.reciplasa.es\/va\/wp-json\/wp\/v2\/posts\/14386\/revisions\/14389"}],"wp:featuredmedia":[{"embeddable":true,"href":"https:\/\/www.reciplasa.es\/va\/wp-json\/wp\/v2\/media\/14381"}],"wp:attachment":[{"href":"https:\/\/www.reciplasa.es\/va\/wp-json\/wp\/v2\/media?parent=14386"}],"wp:term":[{"taxonomy":"category","embeddable":true,"href":"https:\/\/www.reciplasa.es\/va\/wp-json\/wp\/v2\/categories?post=14386"},{"taxonomy":"post_tag","embeddable":true,"href":"https:\/\/www.reciplasa.es\/va\/wp-json\/wp\/v2\/tags?post=14386"}],"curies":[{"name":"wp","href":"https:\/\/api.w.org\/{rel}","templated":true}]}}