{"id":14470,"date":"2020-03-21T07:56:40","date_gmt":"2020-03-21T07:56:40","guid":{"rendered":"http:\/\/www.reciplasa.es\/?p=14470\/"},"modified":"2020-03-23T08:44:49","modified_gmt":"2020-03-23T08:44:49","slug":"reciplasa-recomana-guardar-fins-a-tres-dies-els-residus-de-pacients-en-quarantena","status":"publish","type":"post","link":"https:\/\/www.reciplasa.es\/va\/reciplasa-recomana-guardar-fins-a-tres-dies-els-residus-de-pacients-en-quarantena\/","title":{"rendered":"Reciplasa recomana guardar fins a tres dies els residus de pacients en quarantena"},"content":{"rendered":"\n<h6 class=\"wp-block-heading\"><em><span style=\"font-weight: 400;\">Les llars amb positius han de seguir un protocol per a reduir el risc de contagi segons les instruccions del Ministeri de Sanitat<\/span><\/em><\/h6>\n\n\n\n<p>L&#8217;empresa p\u00fablica per a la gesti\u00f3 de residus de la zona centre de la prov\u00edncia de Castell\u00f3, Reciplasa, recomana depositar cada tres dies els de guants, mocadors i m\u00e0scares de persones malaltes en el contenidor de la fracci\u00f3 resta, conegut tamb\u00e9 com a grisa, per a reduir el risc potencial de contagi. El president de Reciplasa, Ignasi Garc\u00eda, explica que \u201c\u00e9s molt important que la poblaci\u00f3 amb pacients amb aquesta malaltia conega com ha de gestionar aquests residus, per aix\u00f2, Reciplasa tracta d&#8217;informar la ciutadania per les diferents vies de comunicaci\u00f3 i seguint les recomanacions que se\u2019ns ha fet des del Ministeri de Transici\u00f3 Ecol\u00f2gica i Repte Demogr\u00e0fic\u201d.<\/p>\n\n\n\n<p>En les llars amb positius han d&#8217;eliminar els residus del\npacient, inclosos els guants, mocadors i m\u00e0scares, en una bossa de pl\u00e0stic en\nun poal de fem a l&#8217;habitaci\u00f3, preferiblement amb tapa i pedal d&#8217;obertura i\nsense realitzar cap separaci\u00f3 per al reciclatge. Aquesta bossa ha de tancar-se\ni introduir-se en una segona bossa en un altre cub de fem al costat de l&#8217;eixida\nde l&#8217;habitaci\u00f3, on a m\u00e9s es depositaran els guants i m\u00e0scara utilitzats pel\ncuidador i es tancar\u00e0 adequadament abans d&#8217;eixir. Aquesta segona bossa es\ndepositar\u00e0 amb la resta dels residus dom\u00e8stics en una altra bossa de fem\ncorresponent al poal de fracci\u00f3 resta. Immediatament despr\u00e9s, cal llavar-se les\nmans, amb aigua i sab\u00f3, almenys 40-60 segons. L&#8217;\u00faltima bossa ha de tirar-se\nnom\u00e9s en el contenidor de fracci\u00f3 resta i est\u00e0 prohibit depositar-la en els\ncontenidors de reciclatge.<\/p>\n\n\n\n<p>A les cases sense positius, la separaci\u00f3 de residus ha de\nfer-se com habitualment. Cal tindre en compte que els guants de l\u00e0tex o nitril\nque s&#8217;empren per a fer la compra o altres usos no han de depositar-se en el\ncontenidor d&#8217;envasos lleugers (groc) perqu\u00e8 no s\u00f3n envasos. Ignasi Garc\u00eda,\nafirma que \u201ccontinua sent important que des de les nostres llars continuem\nseparant els nostres residus de paper, cart\u00f3, vidre i envasos, sobretot ara que\nes produiran m\u00e9s productes d&#8217;un sol \u00fas per a reduir el nostre impacte ecol\u00f2gic\ni econ\u00f2mic\u201d.<\/p>\n","protected":false},"excerpt":{"rendered":"<p>Les llars amb positius han de seguir un protocol per a reduir el risc de contagi segons les instruccions del Ministeri de Sanitat L&#8217;empresa p\u00fablica per a la gesti\u00f3 de residus de la zona centre de la prov\u00edncia de Castell\u00f3, Reciplasa, recomana depositar cada tres dies els de guants, mocadors i m\u00e0scares de persones malaltesDale que hay m\u00e1s &#8230;<\/p>\n","protected":false},"author":3,"featured_media":11991,"comment_status":"closed","ping_status":"closed","sticky":false,"template":"","format":"standard","meta":{"footnotes":""},"categories":[3,87],"tags":[],"class_list":["post-14470","post","type-post","status-publish","format-standard","has-post-thumbnail","hentry","category-noticias-corporativas","category-noticies-corporatives"],"yoast_head":"<!-- This site is optimized with the Yoast SEO plugin v27.4 - https:\/\/yoast.com\/product\/yoast-seo-wordpress\/ -->\n<title>Reciplasa recomana guardar fins a tres dies els residus de pacients en quarantena - RECIPLASA<\/title>\n<meta name=\"robots\" content=\"index, follow, max-snippet:-1, max-image-preview:large, max-video-preview:-1\" \/>\n<link rel=\"canonical\" href=\"https:\/\/www.reciplasa.es\/reciplasa-recomienda-guardar-hasta-tres-dias-los-residuos-de-pacientes-en-cuarentena\/\" \/>\n<meta property=\"og:locale\" content=\"en_US\" \/>\n<meta property=\"og:type\" content=\"article\" \/>\n<meta property=\"og:title\" content=\"Reciplasa recomana guardar fins a tres dies els residus de pacients en quarantena - RECIPLASA\" \/>\n<meta property=\"og:description\" content=\"Les llars amb positius han de seguir un protocol per a reduir el risc de contagi segons les instruccions del Ministeri de Sanitat L&#8217;empresa p\u00fablica per a la gesti\u00f3 de residus de la zona centre de la prov\u00edncia de Castell\u00f3, Reciplasa, recomana depositar cada tres dies els de guants, mocadors i m\u00e0scares de persones malaltesDale que hay m\u00e1s ...\" \/>\n<meta property=\"og:url\" content=\"https:\/\/www.reciplasa.es\/reciplasa-recomienda-guardar-hasta-tres-dias-los-residuos-de-pacientes-en-cuarentena\/\" \/>\n<meta property=\"og:site_name\" content=\"RECIPLASA\" \/>\n<meta property=\"article:published_time\" content=\"2020-03-21T07:56:40+00:00\" \/>\n<meta property=\"article:modified_time\" content=\"2020-03-23T08:44:49+00:00\" \/>\n<meta property=\"og:image\" content=\"https:\/\/www.reciplasa.es\/wp-content\/uploads\/2013\/12\/RECIPLASA-RECICLAJES-LA-PLANA_9868_sin-basura-en-el-suelo-1-1.jpg\" \/>\n\t<meta property=\"og:image:width\" content=\"2816\" \/>\n\t<meta property=\"og:image:height\" content=\"1880\" \/>\n\t<meta property=\"og:image:type\" content=\"image\/jpeg\" \/>\n<meta name=\"author\" content=\"Cristina Marco\" \/>\n<meta name=\"twitter:card\" content=\"summary_large_image\" \/>\n<meta name=\"twitter:label1\" content=\"Written by\" \/>\n\t<meta name=\"twitter:data1\" content=\"Cristina Marco\" \/>\n\t<meta name=\"twitter:label2\" content=\"Est. reading time\" \/>\n\t<meta name=\"twitter:data2\" content=\"2 minutes\" \/>\n<script type=\"application\/ld+json\" class=\"yoast-schema-graph\">{\"@context\":\"https:\\\/\\\/schema.org\",\"@graph\":[{\"@type\":\"Article\",\"@id\":\"https:\\\/\\\/www.reciplasa.es\\\/reciplasa-recomienda-guardar-hasta-tres-dias-los-residuos-de-pacientes-en-cuarentena\\\/#article\",\"isPartOf\":{\"@id\":\"https:\\\/\\\/www.reciplasa.es\\\/reciplasa-recomienda-guardar-hasta-tres-dias-los-residuos-de-pacientes-en-cuarentena\\\/\"},\"author\":{\"name\":\"Cristina Marco\",\"@id\":\"https:\\\/\\\/www.reciplasa.es\\\/#\\\/schema\\\/person\\\/608ffc094e3c56d49e6c6ec8f1ea0e82\"},\"headline\":\"Reciplasa recomana guardar fins a tres dies els residus de pacients en quarantena\",\"datePublished\":\"2020-03-21T07:56:40+00:00\",\"dateModified\":\"2020-03-23T08:44:49+00:00\",\"mainEntityOfPage\":{\"@id\":\"https:\\\/\\\/www.reciplasa.es\\\/reciplasa-recomienda-guardar-hasta-tres-dias-los-residuos-de-pacientes-en-cuarentena\\\/\"},\"wordCount\":409,\"image\":{\"@id\":\"https:\\\/\\\/www.reciplasa.es\\\/reciplasa-recomienda-guardar-hasta-tres-dias-los-residuos-de-pacientes-en-cuarentena\\\/#primaryimage\"},\"thumbnailUrl\":\"https:\\\/\\\/www.reciplasa.es\\\/wp-content\\\/uploads\\\/2013\\\/12\\\/RECIPLASA-RECICLAJES-LA-PLANA_9868_sin-basura-en-el-suelo-1-1.jpg\",\"articleSection\":[\"Noticias corporativas\",\"Not\u00edcies corporatives\"],\"inLanguage\":\"va-VA\"},{\"@type\":\"WebPage\",\"@id\":\"https:\\\/\\\/www.reciplasa.es\\\/reciplasa-recomienda-guardar-hasta-tres-dias-los-residuos-de-pacientes-en-cuarentena\\\/\",\"url\":\"https:\\\/\\\/www.reciplasa.es\\\/reciplasa-recomienda-guardar-hasta-tres-dias-los-residuos-de-pacientes-en-cuarentena\\\/\",\"name\":\"Reciplasa recomana guardar fins a tres dies els residus de pacients en quarantena - RECIPLASA\",\"isPartOf\":{\"@id\":\"https:\\\/\\\/www.reciplasa.es\\\/#website\"},\"primaryImageOfPage\":{\"@id\":\"https:\\\/\\\/www.reciplasa.es\\\/reciplasa-recomienda-guardar-hasta-tres-dias-los-residuos-de-pacientes-en-cuarentena\\\/#primaryimage\"},\"image\":{\"@id\":\"https:\\\/\\\/www.reciplasa.es\\\/reciplasa-recomienda-guardar-hasta-tres-dias-los-residuos-de-pacientes-en-cuarentena\\\/#primaryimage\"},\"thumbnailUrl\":\"https:\\\/\\\/www.reciplasa.es\\\/wp-content\\\/uploads\\\/2013\\\/12\\\/RECIPLASA-RECICLAJES-LA-PLANA_9868_sin-basura-en-el-suelo-1-1.jpg\",\"datePublished\":\"2020-03-21T07:56:40+00:00\",\"dateModified\":\"2020-03-23T08:44:49+00:00\",\"author\":{\"@id\":\"https:\\\/\\\/www.reciplasa.es\\\/#\\\/schema\\\/person\\\/608ffc094e3c56d49e6c6ec8f1ea0e82\"},\"breadcrumb\":{\"@id\":\"https:\\\/\\\/www.reciplasa.es\\\/reciplasa-recomienda-guardar-hasta-tres-dias-los-residuos-de-pacientes-en-cuarentena\\\/#breadcrumb\"},\"inLanguage\":\"va-VA\",\"potentialAction\":[{\"@type\":\"ReadAction\",\"target\":[\"https:\\\/\\\/www.reciplasa.es\\\/reciplasa-recomienda-guardar-hasta-tres-dias-los-residuos-de-pacientes-en-cuarentena\\\/\"]}]},{\"@type\":\"ImageObject\",\"inLanguage\":\"va-VA\",\"@id\":\"https:\\\/\\\/www.reciplasa.es\\\/reciplasa-recomienda-guardar-hasta-tres-dias-los-residuos-de-pacientes-en-cuarentena\\\/#primaryimage\",\"url\":\"https:\\\/\\\/www.reciplasa.es\\\/wp-content\\\/uploads\\\/2013\\\/12\\\/RECIPLASA-RECICLAJES-LA-PLANA_9868_sin-basura-en-el-suelo-1-1.jpg\",\"contentUrl\":\"https:\\\/\\\/www.reciplasa.es\\\/wp-content\\\/uploads\\\/2013\\\/12\\\/RECIPLASA-RECICLAJES-LA-PLANA_9868_sin-basura-en-el-suelo-1-1.jpg\",\"width\":2816,\"height\":1880},{\"@type\":\"BreadcrumbList\",\"@id\":\"https:\\\/\\\/www.reciplasa.es\\\/reciplasa-recomienda-guardar-hasta-tres-dias-los-residuos-de-pacientes-en-cuarentena\\\/#breadcrumb\",\"itemListElement\":[{\"@type\":\"ListItem\",\"position\":1,\"name\":\"Portada\",\"item\":\"https:\\\/\\\/www.reciplasa.es\\\/va\\\/\"},{\"@type\":\"ListItem\",\"position\":2,\"name\":\"Reciplasa recomana guardar fins a tres dies els residus de pacients en quarantena\"}]},{\"@type\":\"WebSite\",\"@id\":\"https:\\\/\\\/www.reciplasa.es\\\/#website\",\"url\":\"https:\\\/\\\/www.reciplasa.es\\\/\",\"name\":\"RECIPLASA\",\"description\":\"Reciclats de Residus La Plana SA\",\"potentialAction\":[{\"@type\":\"SearchAction\",\"target\":{\"@type\":\"EntryPoint\",\"urlTemplate\":\"https:\\\/\\\/www.reciplasa.es\\\/?s={search_term_string}\"},\"query-input\":{\"@type\":\"PropertyValueSpecification\",\"valueRequired\":true,\"valueName\":\"search_term_string\"}}],\"inLanguage\":\"va-VA\"},{\"@type\":\"Person\",\"@id\":\"https:\\\/\\\/www.reciplasa.es\\\/#\\\/schema\\\/person\\\/608ffc094e3c56d49e6c6ec8f1ea0e82\",\"name\":\"Cristina Marco\",\"image\":{\"@type\":\"ImageObject\",\"inLanguage\":\"va-VA\",\"@id\":\"https:\\\/\\\/secure.gravatar.com\\\/avatar\\\/6da7e00dc41d26d3c4245f3b2d70d687293df0dfc18f03719354383f7be4f34b?s=96&d=mm&r=g\",\"url\":\"https:\\\/\\\/secure.gravatar.com\\\/avatar\\\/6da7e00dc41d26d3c4245f3b2d70d687293df0dfc18f03719354383f7be4f34b?s=96&d=mm&r=g\",\"contentUrl\":\"https:\\\/\\\/secure.gravatar.com\\\/avatar\\\/6da7e00dc41d26d3c4245f3b2d70d687293df0dfc18f03719354383f7be4f34b?s=96&d=mm&r=g\",\"caption\":\"Cristina Marco\"},\"url\":\"https:\\\/\\\/www.reciplasa.es\\\/va\\\/author\\\/cristina\\\/\"}]}<\/script>\n<!-- \/ Yoast SEO plugin. -->","yoast_head_json":{"title":"Reciplasa recomana guardar fins a tres dies els residus de pacients en quarantena - RECIPLASA","robots":{"index":"index","follow":"follow","max-snippet":"max-snippet:-1","max-image-preview":"max-image-preview:large","max-video-preview":"max-video-preview:-1"},"canonical":"https:\/\/www.reciplasa.es\/reciplasa-recomienda-guardar-hasta-tres-dias-los-residuos-de-pacientes-en-cuarentena\/","og_locale":"en_US","og_type":"article","og_title":"Reciplasa recomana guardar fins a tres dies els residus de pacients en quarantena - RECIPLASA","og_description":"Les llars amb positius han de seguir un protocol per a reduir el risc de contagi segons les instruccions del Ministeri de Sanitat L&#8217;empresa p\u00fablica per a la gesti\u00f3 de residus de la zona centre de la prov\u00edncia de Castell\u00f3, Reciplasa, recomana depositar cada tres dies els de guants, mocadors i m\u00e0scares de persones malaltesDale que hay m\u00e1s ...","og_url":"https:\/\/www.reciplasa.es\/reciplasa-recomienda-guardar-hasta-tres-dias-los-residuos-de-pacientes-en-cuarentena\/","og_site_name":"RECIPLASA","article_published_time":"2020-03-21T07:56:40+00:00","article_modified_time":"2020-03-23T08:44:49+00:00","og_image":[{"width":2816,"height":1880,"url":"https:\/\/www.reciplasa.es\/wp-content\/uploads\/2013\/12\/RECIPLASA-RECICLAJES-LA-PLANA_9868_sin-basura-en-el-suelo-1-1.jpg","type":"image\/jpeg"}],"author":"Cristina Marco","twitter_card":"summary_large_image","twitter_misc":{"Written by":"Cristina Marco","Est. reading time":"2 minutes"},"schema":{"@context":"https:\/\/schema.org","@graph":[{"@type":"Article","@id":"https:\/\/www.reciplasa.es\/reciplasa-recomienda-guardar-hasta-tres-dias-los-residuos-de-pacientes-en-cuarentena\/#article","isPartOf":{"@id":"https:\/\/www.reciplasa.es\/reciplasa-recomienda-guardar-hasta-tres-dias-los-residuos-de-pacientes-en-cuarentena\/"},"author":{"name":"Cristina Marco","@id":"https:\/\/www.reciplasa.es\/#\/schema\/person\/608ffc094e3c56d49e6c6ec8f1ea0e82"},"headline":"Reciplasa recomana guardar fins a tres dies els residus de pacients en quarantena","datePublished":"2020-03-21T07:56:40+00:00","dateModified":"2020-03-23T08:44:49+00:00","mainEntityOfPage":{"@id":"https:\/\/www.reciplasa.es\/reciplasa-recomienda-guardar-hasta-tres-dias-los-residuos-de-pacientes-en-cuarentena\/"},"wordCount":409,"image":{"@id":"https:\/\/www.reciplasa.es\/reciplasa-recomienda-guardar-hasta-tres-dias-los-residuos-de-pacientes-en-cuarentena\/#primaryimage"},"thumbnailUrl":"https:\/\/www.reciplasa.es\/wp-content\/uploads\/2013\/12\/RECIPLASA-RECICLAJES-LA-PLANA_9868_sin-basura-en-el-suelo-1-1.jpg","articleSection":["Noticias corporativas","Not\u00edcies corporatives"],"inLanguage":"va-VA"},{"@type":"WebPage","@id":"https:\/\/www.reciplasa.es\/reciplasa-recomienda-guardar-hasta-tres-dias-los-residuos-de-pacientes-en-cuarentena\/","url":"https:\/\/www.reciplasa.es\/reciplasa-recomienda-guardar-hasta-tres-dias-los-residuos-de-pacientes-en-cuarentena\/","name":"Reciplasa recomana guardar fins a tres dies els residus de pacients en quarantena - RECIPLASA","isPartOf":{"@id":"https:\/\/www.reciplasa.es\/#website"},"primaryImageOfPage":{"@id":"https:\/\/www.reciplasa.es\/reciplasa-recomienda-guardar-hasta-tres-dias-los-residuos-de-pacientes-en-cuarentena\/#primaryimage"},"image":{"@id":"https:\/\/www.reciplasa.es\/reciplasa-recomienda-guardar-hasta-tres-dias-los-residuos-de-pacientes-en-cuarentena\/#primaryimage"},"thumbnailUrl":"https:\/\/www.reciplasa.es\/wp-content\/uploads\/2013\/12\/RECIPLASA-RECICLAJES-LA-PLANA_9868_sin-basura-en-el-suelo-1-1.jpg","datePublished":"2020-03-21T07:56:40+00:00","dateModified":"2020-03-23T08:44:49+00:00","author":{"@id":"https:\/\/www.reciplasa.es\/#\/schema\/person\/608ffc094e3c56d49e6c6ec8f1ea0e82"},"breadcrumb":{"@id":"https:\/\/www.reciplasa.es\/reciplasa-recomienda-guardar-hasta-tres-dias-los-residuos-de-pacientes-en-cuarentena\/#breadcrumb"},"inLanguage":"va-VA","potentialAction":[{"@type":"ReadAction","target":["https:\/\/www.reciplasa.es\/reciplasa-recomienda-guardar-hasta-tres-dias-los-residuos-de-pacientes-en-cuarentena\/"]}]},{"@type":"ImageObject","inLanguage":"va-VA","@id":"https:\/\/www.reciplasa.es\/reciplasa-recomienda-guardar-hasta-tres-dias-los-residuos-de-pacientes-en-cuarentena\/#primaryimage","url":"https:\/\/www.reciplasa.es\/wp-content\/uploads\/2013\/12\/RECIPLASA-RECICLAJES-LA-PLANA_9868_sin-basura-en-el-suelo-1-1.jpg","contentUrl":"https:\/\/www.reciplasa.es\/wp-content\/uploads\/2013\/12\/RECIPLASA-RECICLAJES-LA-PLANA_9868_sin-basura-en-el-suelo-1-1.jpg","width":2816,"height":1880},{"@type":"BreadcrumbList","@id":"https:\/\/www.reciplasa.es\/reciplasa-recomienda-guardar-hasta-tres-dias-los-residuos-de-pacientes-en-cuarentena\/#breadcrumb","itemListElement":[{"@type":"ListItem","position":1,"name":"Portada","item":"https:\/\/www.reciplasa.es\/va\/"},{"@type":"ListItem","position":2,"name":"Reciplasa recomana guardar fins a tres dies els residus de pacients en quarantena"}]},{"@type":"WebSite","@id":"https:\/\/www.reciplasa.es\/#website","url":"https:\/\/www.reciplasa.es\/","name":"RECIPLASA","description":"Reciclats de Residus La Plana SA","potentialAction":[{"@type":"SearchAction","target":{"@type":"EntryPoint","urlTemplate":"https:\/\/www.reciplasa.es\/?s={search_term_string}"},"query-input":{"@type":"PropertyValueSpecification","valueRequired":true,"valueName":"search_term_string"}}],"inLanguage":"va-VA"},{"@type":"Person","@id":"https:\/\/www.reciplasa.es\/#\/schema\/person\/608ffc094e3c56d49e6c6ec8f1ea0e82","name":"Cristina Marco","image":{"@type":"ImageObject","inLanguage":"va-VA","@id":"https:\/\/secure.gravatar.com\/avatar\/6da7e00dc41d26d3c4245f3b2d70d687293df0dfc18f03719354383f7be4f34b?s=96&d=mm&r=g","url":"https:\/\/secure.gravatar.com\/avatar\/6da7e00dc41d26d3c4245f3b2d70d687293df0dfc18f03719354383f7be4f34b?s=96&d=mm&r=g","contentUrl":"https:\/\/secure.gravatar.com\/avatar\/6da7e00dc41d26d3c4245f3b2d70d687293df0dfc18f03719354383f7be4f34b?s=96&d=mm&r=g","caption":"Cristina Marco"},"url":"https:\/\/www.reciplasa.es\/va\/author\/cristina\/"}]}},"_links":{"self":[{"href":"https:\/\/www.reciplasa.es\/va\/wp-json\/wp\/v2\/posts\/14470","targetHints":{"allow":["GET"]}}],"collection":[{"href":"https:\/\/www.reciplasa.es\/va\/wp-json\/wp\/v2\/posts"}],"about":[{"href":"https:\/\/www.reciplasa.es\/va\/wp-json\/wp\/v2\/types\/post"}],"author":[{"embeddable":true,"href":"https:\/\/www.reciplasa.es\/va\/wp-json\/wp\/v2\/users\/3"}],"replies":[{"embeddable":true,"href":"https:\/\/www.reciplasa.es\/va\/wp-json\/wp\/v2\/comments?post=14470"}],"version-history":[{"count":2,"href":"https:\/\/www.reciplasa.es\/va\/wp-json\/wp\/v2\/posts\/14470\/revisions"}],"predecessor-version":[{"id":14475,"href":"https:\/\/www.reciplasa.es\/va\/wp-json\/wp\/v2\/posts\/14470\/revisions\/14475"}],"wp:featuredmedia":[{"embeddable":true,"href":"https:\/\/www.reciplasa.es\/va\/wp-json\/wp\/v2\/media\/11991"}],"wp:attachment":[{"href":"https:\/\/www.reciplasa.es\/va\/wp-json\/wp\/v2\/media?parent=14470"}],"wp:term":[{"taxonomy":"category","embeddable":true,"href":"https:\/\/www.reciplasa.es\/va\/wp-json\/wp\/v2\/categories?post=14470"},{"taxonomy":"post_tag","embeddable":true,"href":"https:\/\/www.reciplasa.es\/va\/wp-json\/wp\/v2\/tags?post=14470"}],"curies":[{"name":"wp","href":"https:\/\/api.w.org\/{rel}","templated":true}]}}