{"id":14499,"date":"2020-03-24T16:06:42","date_gmt":"2020-03-24T16:06:42","guid":{"rendered":"http:\/\/www.reciplasa.es\/?p=14499\/"},"modified":"2020-03-24T16:08:37","modified_gmt":"2020-03-24T16:08:37","slug":"reciplasa-rep-un-5-menys-de-fem-per-al-seu-tractament-durant-la-setmana-de-confinament","status":"publish","type":"post","link":"https:\/\/www.reciplasa.es\/va\/reciplasa-rep-un-5-menys-de-fem-per-al-seu-tractament-durant-la-setmana-de-confinament\/","title":{"rendered":"Reciplasa rep un 5% menys de fem per al seu tractament durant la setmana de confinament"},"content":{"rendered":"\n<h6 class=\"wp-block-heading\"><em><span style=\"font-weight: 400;\">L&#8217;empresa p\u00fablica insisteix en la necessitat de continuar reciclant a casa i consumir responsablement tamb\u00e9 en aquests dies en qu\u00e8 cal quedar-se en el domicili<\/span><\/em><\/h6>\n\n\n\n<p>L&#8217;empresa p\u00fablica per a la gesti\u00f3 de residus de la zona\ncentre de la prov\u00edncia de Castell\u00f3, Reciplasa, ha rebut un 5% menys de fem de\nla qual haguera sigut habitual en una setmana normal durant el per\u00edode que ha\ndurat l&#8217;estat d&#8217;alarma i el confinament pel COVID19. Aix\u00ed, les xifres en\ncomparativa amb els primers 22 dies del mes de mar\u00e7, en comparaci\u00f3 amb el\nmateix per\u00edode del passat any, passen de 9.165.920 de quilos a 8.692.570.\nAquest descens es repeteix si es comparen les xifres de fem rebut la primera\nsetmana de confinament, del 14 al 22 de mar\u00e7, en contraposici\u00f3 a la setmana del\n7 al 13 de mar\u00e7 d&#8217;aquest mateix any, en la qual es van passar de 2648,7 tones a\n2509,9, reduint-se en 138,8 Tn menys.<br>\n<br>\nEl president de Reciplasa, Ignasi Garcia, explica que \u201cs&#8217;ha produ\u00eft un descens\nen els Residus S\u00f2lids Urbans que han arribat des de les diferents poblacions,\nper\u00f2 no hem de baixar la gu\u00e0rdia i hem de continuar reciclant a les nostres\ncases i consumint amb responsabilitat\u201d i afig que \u201c\u00e9s una situaci\u00f3 delicada,\nper\u00f2 no hem d&#8217;oblidar que cal parar atenci\u00f3 als residus durant tot l&#8217;any, ja\nque el tractament del fem suposa uns costos ecol\u00f2gics i econ\u00f2mics que hem de\nreduir entre totes i tots\u201d.<br>\n<br>\n\u201cEn aquestes setmanes hem de fer l&#8217;esfor\u00e7 de romandre a casa per a evitar la\npropagaci\u00f3 del virus, per\u00f2 cal no descurar altres aspectes i hem de fer la\nseparaci\u00f3 correcta dels nostres residus per a minimitzar els riscos d&#8217;aquelles\npersones que l&#8217;han de fer en Reciplasa\u201d i conclou dient que \u201chem de fer compres\nresponsables i planificar b\u00e9, ja que tot all\u00f2 que h\u00e0gem de tirar sense haver\nconsumit suposar\u00e0 un augment del fem que generem\u201d.<\/p>\n","protected":false},"excerpt":{"rendered":"<p>L&#8217;empresa p\u00fablica insisteix en la necessitat de continuar reciclant a casa i consumir responsablement tamb\u00e9 en aquests dies en qu\u00e8 cal quedar-se en el domicili L&#8217;empresa p\u00fablica per a la gesti\u00f3 de residus de la zona centre de la prov\u00edncia de Castell\u00f3, Reciplasa, ha rebut un 5% menys de fem de la qual haguera sigutDale que hay m\u00e1s &#8230;<\/p>\n","protected":false},"author":3,"featured_media":11996,"comment_status":"closed","ping_status":"closed","sticky":false,"template":"","format":"standard","meta":{"footnotes":""},"categories":[87],"tags":[],"class_list":["post-14499","post","type-post","status-publish","format-standard","has-post-thumbnail","hentry","category-noticies-corporatives"],"yoast_head":"<!-- This site is optimized with the Yoast SEO plugin v27.4 - https:\/\/yoast.com\/product\/yoast-seo-wordpress\/ -->\n<title>Reciplasa rep un 5% menys de fem per al seu tractament durant la setmana de confinament - RECIPLASA<\/title>\n<meta name=\"robots\" content=\"index, follow, max-snippet:-1, max-image-preview:large, max-video-preview:-1\" \/>\n<link rel=\"canonical\" href=\"https:\/\/www.reciplasa.es\/reciplasa-recibe-un-5-menos-de-basura-para-su-tratamiento-durante-la-semana-de-confinamiento\/\" \/>\n<meta property=\"og:locale\" content=\"en_US\" \/>\n<meta property=\"og:type\" content=\"article\" \/>\n<meta property=\"og:title\" content=\"Reciplasa rep un 5% menys de fem per al seu tractament durant la setmana de confinament - RECIPLASA\" \/>\n<meta property=\"og:description\" content=\"L&#8217;empresa p\u00fablica insisteix en la necessitat de continuar reciclant a casa i consumir responsablement tamb\u00e9 en aquests dies en qu\u00e8 cal quedar-se en el domicili L&#8217;empresa p\u00fablica per a la gesti\u00f3 de residus de la zona centre de la prov\u00edncia de Castell\u00f3, Reciplasa, ha rebut un 5% menys de fem de la qual haguera sigutDale que hay m\u00e1s ...\" \/>\n<meta property=\"og:url\" content=\"https:\/\/www.reciplasa.es\/reciplasa-recibe-un-5-menos-de-basura-para-su-tratamiento-durante-la-semana-de-confinamiento\/\" \/>\n<meta property=\"og:site_name\" content=\"RECIPLASA\" \/>\n<meta property=\"article:published_time\" content=\"2020-03-24T16:06:42+00:00\" \/>\n<meta property=\"article:modified_time\" content=\"2020-03-24T16:08:37+00:00\" \/>\n<meta property=\"og:image\" content=\"https:\/\/www.reciplasa.es\/wp-content\/uploads\/2013\/12\/RECIPLASA-RECICLAJES-LA-PLANA_9872-1-1024x684.jpg\" \/>\n\t<meta property=\"og:image:width\" content=\"1024\" \/>\n\t<meta property=\"og:image:height\" content=\"684\" \/>\n\t<meta property=\"og:image:type\" content=\"image\/jpeg\" \/>\n<meta name=\"author\" content=\"Cristina Marco\" \/>\n<meta name=\"twitter:card\" content=\"summary_large_image\" \/>\n<meta name=\"twitter:label1\" content=\"Written by\" \/>\n\t<meta name=\"twitter:data1\" content=\"Cristina Marco\" \/>\n\t<meta name=\"twitter:label2\" content=\"Est. reading time\" \/>\n\t<meta name=\"twitter:data2\" content=\"2 minutes\" \/>\n<script type=\"application\/ld+json\" class=\"yoast-schema-graph\">{\"@context\":\"https:\\\/\\\/schema.org\",\"@graph\":[{\"@type\":\"Article\",\"@id\":\"https:\\\/\\\/www.reciplasa.es\\\/reciplasa-recibe-un-5-menos-de-basura-para-su-tratamiento-durante-la-semana-de-confinamiento\\\/#article\",\"isPartOf\":{\"@id\":\"https:\\\/\\\/www.reciplasa.es\\\/reciplasa-recibe-un-5-menos-de-basura-para-su-tratamiento-durante-la-semana-de-confinamiento\\\/\"},\"author\":{\"name\":\"Cristina Marco\",\"@id\":\"https:\\\/\\\/www.reciplasa.es\\\/#\\\/schema\\\/person\\\/608ffc094e3c56d49e6c6ec8f1ea0e82\"},\"headline\":\"Reciplasa rep un 5% menys de fem per al seu tractament durant la setmana de confinament\",\"datePublished\":\"2020-03-24T16:06:42+00:00\",\"dateModified\":\"2020-03-24T16:08:37+00:00\",\"mainEntityOfPage\":{\"@id\":\"https:\\\/\\\/www.reciplasa.es\\\/reciplasa-recibe-un-5-menos-de-basura-para-su-tratamiento-durante-la-semana-de-confinamiento\\\/\"},\"wordCount\":344,\"image\":{\"@id\":\"https:\\\/\\\/www.reciplasa.es\\\/reciplasa-recibe-un-5-menos-de-basura-para-su-tratamiento-durante-la-semana-de-confinamiento\\\/#primaryimage\"},\"thumbnailUrl\":\"https:\\\/\\\/www.reciplasa.es\\\/wp-content\\\/uploads\\\/2013\\\/12\\\/RECIPLASA-RECICLAJES-LA-PLANA_9872-1.jpg\",\"articleSection\":[\"Not\u00edcies corporatives\"],\"inLanguage\":\"va-VA\"},{\"@type\":\"WebPage\",\"@id\":\"https:\\\/\\\/www.reciplasa.es\\\/reciplasa-recibe-un-5-menos-de-basura-para-su-tratamiento-durante-la-semana-de-confinamiento\\\/\",\"url\":\"https:\\\/\\\/www.reciplasa.es\\\/reciplasa-recibe-un-5-menos-de-basura-para-su-tratamiento-durante-la-semana-de-confinamiento\\\/\",\"name\":\"Reciplasa rep un 5% menys de fem per al seu tractament durant la setmana de confinament - RECIPLASA\",\"isPartOf\":{\"@id\":\"https:\\\/\\\/www.reciplasa.es\\\/#website\"},\"primaryImageOfPage\":{\"@id\":\"https:\\\/\\\/www.reciplasa.es\\\/reciplasa-recibe-un-5-menos-de-basura-para-su-tratamiento-durante-la-semana-de-confinamiento\\\/#primaryimage\"},\"image\":{\"@id\":\"https:\\\/\\\/www.reciplasa.es\\\/reciplasa-recibe-un-5-menos-de-basura-para-su-tratamiento-durante-la-semana-de-confinamiento\\\/#primaryimage\"},\"thumbnailUrl\":\"https:\\\/\\\/www.reciplasa.es\\\/wp-content\\\/uploads\\\/2013\\\/12\\\/RECIPLASA-RECICLAJES-LA-PLANA_9872-1.jpg\",\"datePublished\":\"2020-03-24T16:06:42+00:00\",\"dateModified\":\"2020-03-24T16:08:37+00:00\",\"author\":{\"@id\":\"https:\\\/\\\/www.reciplasa.es\\\/#\\\/schema\\\/person\\\/608ffc094e3c56d49e6c6ec8f1ea0e82\"},\"breadcrumb\":{\"@id\":\"https:\\\/\\\/www.reciplasa.es\\\/reciplasa-recibe-un-5-menos-de-basura-para-su-tratamiento-durante-la-semana-de-confinamiento\\\/#breadcrumb\"},\"inLanguage\":\"va-VA\",\"potentialAction\":[{\"@type\":\"ReadAction\",\"target\":[\"https:\\\/\\\/www.reciplasa.es\\\/reciplasa-recibe-un-5-menos-de-basura-para-su-tratamiento-durante-la-semana-de-confinamiento\\\/\"]}]},{\"@type\":\"ImageObject\",\"inLanguage\":\"va-VA\",\"@id\":\"https:\\\/\\\/www.reciplasa.es\\\/reciplasa-recibe-un-5-menos-de-basura-para-su-tratamiento-durante-la-semana-de-confinamiento\\\/#primaryimage\",\"url\":\"https:\\\/\\\/www.reciplasa.es\\\/wp-content\\\/uploads\\\/2013\\\/12\\\/RECIPLASA-RECICLAJES-LA-PLANA_9872-1.jpg\",\"contentUrl\":\"https:\\\/\\\/www.reciplasa.es\\\/wp-content\\\/uploads\\\/2013\\\/12\\\/RECIPLASA-RECICLAJES-LA-PLANA_9872-1.jpg\",\"width\":2816,\"height\":1880},{\"@type\":\"BreadcrumbList\",\"@id\":\"https:\\\/\\\/www.reciplasa.es\\\/reciplasa-recibe-un-5-menos-de-basura-para-su-tratamiento-durante-la-semana-de-confinamiento\\\/#breadcrumb\",\"itemListElement\":[{\"@type\":\"ListItem\",\"position\":1,\"name\":\"Portada\",\"item\":\"https:\\\/\\\/www.reciplasa.es\\\/va\\\/\"},{\"@type\":\"ListItem\",\"position\":2,\"name\":\"Reciplasa rep un 5% menys de fem per al seu tractament durant la setmana de confinament\"}]},{\"@type\":\"WebSite\",\"@id\":\"https:\\\/\\\/www.reciplasa.es\\\/#website\",\"url\":\"https:\\\/\\\/www.reciplasa.es\\\/\",\"name\":\"RECIPLASA\",\"description\":\"Reciclats de Residus La Plana SA\",\"potentialAction\":[{\"@type\":\"SearchAction\",\"target\":{\"@type\":\"EntryPoint\",\"urlTemplate\":\"https:\\\/\\\/www.reciplasa.es\\\/?s={search_term_string}\"},\"query-input\":{\"@type\":\"PropertyValueSpecification\",\"valueRequired\":true,\"valueName\":\"search_term_string\"}}],\"inLanguage\":\"va-VA\"},{\"@type\":\"Person\",\"@id\":\"https:\\\/\\\/www.reciplasa.es\\\/#\\\/schema\\\/person\\\/608ffc094e3c56d49e6c6ec8f1ea0e82\",\"name\":\"Cristina Marco\",\"image\":{\"@type\":\"ImageObject\",\"inLanguage\":\"va-VA\",\"@id\":\"https:\\\/\\\/secure.gravatar.com\\\/avatar\\\/6da7e00dc41d26d3c4245f3b2d70d687293df0dfc18f03719354383f7be4f34b?s=96&d=mm&r=g\",\"url\":\"https:\\\/\\\/secure.gravatar.com\\\/avatar\\\/6da7e00dc41d26d3c4245f3b2d70d687293df0dfc18f03719354383f7be4f34b?s=96&d=mm&r=g\",\"contentUrl\":\"https:\\\/\\\/secure.gravatar.com\\\/avatar\\\/6da7e00dc41d26d3c4245f3b2d70d687293df0dfc18f03719354383f7be4f34b?s=96&d=mm&r=g\",\"caption\":\"Cristina Marco\"},\"url\":\"https:\\\/\\\/www.reciplasa.es\\\/va\\\/author\\\/cristina\\\/\"}]}<\/script>\n<!-- \/ Yoast SEO plugin. -->","yoast_head_json":{"title":"Reciplasa rep un 5% menys de fem per al seu tractament durant la setmana de confinament - RECIPLASA","robots":{"index":"index","follow":"follow","max-snippet":"max-snippet:-1","max-image-preview":"max-image-preview:large","max-video-preview":"max-video-preview:-1"},"canonical":"https:\/\/www.reciplasa.es\/reciplasa-recibe-un-5-menos-de-basura-para-su-tratamiento-durante-la-semana-de-confinamiento\/","og_locale":"en_US","og_type":"article","og_title":"Reciplasa rep un 5% menys de fem per al seu tractament durant la setmana de confinament - RECIPLASA","og_description":"L&#8217;empresa p\u00fablica insisteix en la necessitat de continuar reciclant a casa i consumir responsablement tamb\u00e9 en aquests dies en qu\u00e8 cal quedar-se en el domicili L&#8217;empresa p\u00fablica per a la gesti\u00f3 de residus de la zona centre de la prov\u00edncia de Castell\u00f3, Reciplasa, ha rebut un 5% menys de fem de la qual haguera sigutDale que hay m\u00e1s ...","og_url":"https:\/\/www.reciplasa.es\/reciplasa-recibe-un-5-menos-de-basura-para-su-tratamiento-durante-la-semana-de-confinamiento\/","og_site_name":"RECIPLASA","article_published_time":"2020-03-24T16:06:42+00:00","article_modified_time":"2020-03-24T16:08:37+00:00","og_image":[{"width":1024,"height":684,"url":"https:\/\/www.reciplasa.es\/wp-content\/uploads\/2013\/12\/RECIPLASA-RECICLAJES-LA-PLANA_9872-1-1024x684.jpg","type":"image\/jpeg"}],"author":"Cristina Marco","twitter_card":"summary_large_image","twitter_misc":{"Written by":"Cristina Marco","Est. reading time":"2 minutes"},"schema":{"@context":"https:\/\/schema.org","@graph":[{"@type":"Article","@id":"https:\/\/www.reciplasa.es\/reciplasa-recibe-un-5-menos-de-basura-para-su-tratamiento-durante-la-semana-de-confinamiento\/#article","isPartOf":{"@id":"https:\/\/www.reciplasa.es\/reciplasa-recibe-un-5-menos-de-basura-para-su-tratamiento-durante-la-semana-de-confinamiento\/"},"author":{"name":"Cristina Marco","@id":"https:\/\/www.reciplasa.es\/#\/schema\/person\/608ffc094e3c56d49e6c6ec8f1ea0e82"},"headline":"Reciplasa rep un 5% menys de fem per al seu tractament durant la setmana de confinament","datePublished":"2020-03-24T16:06:42+00:00","dateModified":"2020-03-24T16:08:37+00:00","mainEntityOfPage":{"@id":"https:\/\/www.reciplasa.es\/reciplasa-recibe-un-5-menos-de-basura-para-su-tratamiento-durante-la-semana-de-confinamiento\/"},"wordCount":344,"image":{"@id":"https:\/\/www.reciplasa.es\/reciplasa-recibe-un-5-menos-de-basura-para-su-tratamiento-durante-la-semana-de-confinamiento\/#primaryimage"},"thumbnailUrl":"https:\/\/www.reciplasa.es\/wp-content\/uploads\/2013\/12\/RECIPLASA-RECICLAJES-LA-PLANA_9872-1.jpg","articleSection":["Not\u00edcies corporatives"],"inLanguage":"va-VA"},{"@type":"WebPage","@id":"https:\/\/www.reciplasa.es\/reciplasa-recibe-un-5-menos-de-basura-para-su-tratamiento-durante-la-semana-de-confinamiento\/","url":"https:\/\/www.reciplasa.es\/reciplasa-recibe-un-5-menos-de-basura-para-su-tratamiento-durante-la-semana-de-confinamiento\/","name":"Reciplasa rep un 5% menys de fem per al seu tractament durant la setmana de confinament - RECIPLASA","isPartOf":{"@id":"https:\/\/www.reciplasa.es\/#website"},"primaryImageOfPage":{"@id":"https:\/\/www.reciplasa.es\/reciplasa-recibe-un-5-menos-de-basura-para-su-tratamiento-durante-la-semana-de-confinamiento\/#primaryimage"},"image":{"@id":"https:\/\/www.reciplasa.es\/reciplasa-recibe-un-5-menos-de-basura-para-su-tratamiento-durante-la-semana-de-confinamiento\/#primaryimage"},"thumbnailUrl":"https:\/\/www.reciplasa.es\/wp-content\/uploads\/2013\/12\/RECIPLASA-RECICLAJES-LA-PLANA_9872-1.jpg","datePublished":"2020-03-24T16:06:42+00:00","dateModified":"2020-03-24T16:08:37+00:00","author":{"@id":"https:\/\/www.reciplasa.es\/#\/schema\/person\/608ffc094e3c56d49e6c6ec8f1ea0e82"},"breadcrumb":{"@id":"https:\/\/www.reciplasa.es\/reciplasa-recibe-un-5-menos-de-basura-para-su-tratamiento-durante-la-semana-de-confinamiento\/#breadcrumb"},"inLanguage":"va-VA","potentialAction":[{"@type":"ReadAction","target":["https:\/\/www.reciplasa.es\/reciplasa-recibe-un-5-menos-de-basura-para-su-tratamiento-durante-la-semana-de-confinamiento\/"]}]},{"@type":"ImageObject","inLanguage":"va-VA","@id":"https:\/\/www.reciplasa.es\/reciplasa-recibe-un-5-menos-de-basura-para-su-tratamiento-durante-la-semana-de-confinamiento\/#primaryimage","url":"https:\/\/www.reciplasa.es\/wp-content\/uploads\/2013\/12\/RECIPLASA-RECICLAJES-LA-PLANA_9872-1.jpg","contentUrl":"https:\/\/www.reciplasa.es\/wp-content\/uploads\/2013\/12\/RECIPLASA-RECICLAJES-LA-PLANA_9872-1.jpg","width":2816,"height":1880},{"@type":"BreadcrumbList","@id":"https:\/\/www.reciplasa.es\/reciplasa-recibe-un-5-menos-de-basura-para-su-tratamiento-durante-la-semana-de-confinamiento\/#breadcrumb","itemListElement":[{"@type":"ListItem","position":1,"name":"Portada","item":"https:\/\/www.reciplasa.es\/va\/"},{"@type":"ListItem","position":2,"name":"Reciplasa rep un 5% menys de fem per al seu tractament durant la setmana de confinament"}]},{"@type":"WebSite","@id":"https:\/\/www.reciplasa.es\/#website","url":"https:\/\/www.reciplasa.es\/","name":"RECIPLASA","description":"Reciclats de Residus La Plana SA","potentialAction":[{"@type":"SearchAction","target":{"@type":"EntryPoint","urlTemplate":"https:\/\/www.reciplasa.es\/?s={search_term_string}"},"query-input":{"@type":"PropertyValueSpecification","valueRequired":true,"valueName":"search_term_string"}}],"inLanguage":"va-VA"},{"@type":"Person","@id":"https:\/\/www.reciplasa.es\/#\/schema\/person\/608ffc094e3c56d49e6c6ec8f1ea0e82","name":"Cristina Marco","image":{"@type":"ImageObject","inLanguage":"va-VA","@id":"https:\/\/secure.gravatar.com\/avatar\/6da7e00dc41d26d3c4245f3b2d70d687293df0dfc18f03719354383f7be4f34b?s=96&d=mm&r=g","url":"https:\/\/secure.gravatar.com\/avatar\/6da7e00dc41d26d3c4245f3b2d70d687293df0dfc18f03719354383f7be4f34b?s=96&d=mm&r=g","contentUrl":"https:\/\/secure.gravatar.com\/avatar\/6da7e00dc41d26d3c4245f3b2d70d687293df0dfc18f03719354383f7be4f34b?s=96&d=mm&r=g","caption":"Cristina Marco"},"url":"https:\/\/www.reciplasa.es\/va\/author\/cristina\/"}]}},"_links":{"self":[{"href":"https:\/\/www.reciplasa.es\/va\/wp-json\/wp\/v2\/posts\/14499","targetHints":{"allow":["GET"]}}],"collection":[{"href":"https:\/\/www.reciplasa.es\/va\/wp-json\/wp\/v2\/posts"}],"about":[{"href":"https:\/\/www.reciplasa.es\/va\/wp-json\/wp\/v2\/types\/post"}],"author":[{"embeddable":true,"href":"https:\/\/www.reciplasa.es\/va\/wp-json\/wp\/v2\/users\/3"}],"replies":[{"embeddable":true,"href":"https:\/\/www.reciplasa.es\/va\/wp-json\/wp\/v2\/comments?post=14499"}],"version-history":[{"count":1,"href":"https:\/\/www.reciplasa.es\/va\/wp-json\/wp\/v2\/posts\/14499\/revisions"}],"predecessor-version":[{"id":14501,"href":"https:\/\/www.reciplasa.es\/va\/wp-json\/wp\/v2\/posts\/14499\/revisions\/14501"}],"wp:featuredmedia":[{"embeddable":true,"href":"https:\/\/www.reciplasa.es\/va\/wp-json\/wp\/v2\/media\/11996"}],"wp:attachment":[{"href":"https:\/\/www.reciplasa.es\/va\/wp-json\/wp\/v2\/media?parent=14499"}],"wp:term":[{"taxonomy":"category","embeddable":true,"href":"https:\/\/www.reciplasa.es\/va\/wp-json\/wp\/v2\/categories?post=14499"},{"taxonomy":"post_tag","embeddable":true,"href":"https:\/\/www.reciplasa.es\/va\/wp-json\/wp\/v2\/tags?post=14499"}],"curies":[{"name":"wp","href":"https:\/\/api.w.org\/{rel}","templated":true}]}}