{"id":14544,"date":"2020-05-15T06:43:17","date_gmt":"2020-05-15T06:43:17","guid":{"rendered":"http:\/\/www.reciplasa.es\/?p=14544\/"},"modified":"2020-05-15T12:04:55","modified_gmt":"2020-05-15T12:04:55","slug":"el-concurs-que-fem-amb-el-fem-previst-per-al-2020-continua-en-marxa-pero-ajorna-la-entrega-de-premis","status":"publish","type":"post","link":"https:\/\/www.reciplasa.es\/va\/el-concurs-que-fem-amb-el-fem-previst-per-al-2020-continua-en-marxa-pero-ajorna-la-entrega-de-premis\/","title":{"rendered":"El concurs \u2018Qu\u00e8 fem amb el fem?\u2019 previst per al 2020 continua en marxa, per\u00f2 ajorna l&#8217;entrega de premis"},"content":{"rendered":"\n<p>La C\u00e0tedra\nReciplasa mant\u00e9 el seu comprom\u00eds amb la formaci\u00f3 en mat\u00e8ria de gesti\u00f3\nsostenible dels residus, particularment en lo relatiu a la reducci\u00f3,\nreutilitzaci\u00f3 i reciclatge. Davant la actual situaci\u00f3 de crisi sanit\u00e0ria i\necon\u00f2mica causada per la pand\u00e8mia COVID-19, estem fent esfor\u00e7os notables per\nmantenir el programa d\u2019activitats previst per al 2020.<\/p>\n\n\n\n<p>La C\u00e0tedra Reciplasa vol agrair la dedicaci\u00f3 dels docents i dels seus alumnes per treballar aquests aspectes i, per tant, a pesar de les dificultats del moment, mantindr\u00e0 actiu el concurs<strong> <a href=\"http:\/\/www.reciplasa.es\/va\/quefemambelfem\/\">\u2018Qu\u00e8 fem amb el fem?\u2019<\/a><\/strong> en la seua tercera edici\u00f3. Fins el moment, s\u2019han rebut un nombre important de treballs que mereixen la atenci\u00f3 adient per la nostra part, i que, en conseq\u00fc\u00e8ncia, seran avaluats per a optar al premi en cadascuna de les categories. El termini m\u00e0xim per a la presentaci\u00f3 de projectes s\u2019ha ampliat fins el pr\u00f2xim 30 de Maig, amb la fi de facilitar l&#8217;entrega de treballs que es realitzen per via telem\u00e0tica, en el seu cas.<\/p>\n\n\n\n<p>En el degut\nmoment, es far\u00e0 p\u00fablic el resultat del concurs a trav\u00e9s de la nostra p\u00e0gina web\ni dels mitjans de comunicaci\u00f3, i es contactar\u00e0 amb les escoles premiades per\nfer-los entrega del certificat per via telem\u00e0tica. No obstant, no ser\u00e0 possible\nla entrega f\u00edsica dels premis, tal i com estava prevista, el 5 de Juny,\ncoincidint amb el Dia Mundial del medi ambient. La entrega es realitzar\u00e0 en el\nmoment en qu\u00e9 les condicions ho permeten, si fora possible abans de finalitzar\nl\u2019any.<\/p>\n\n\n\n<p>Volem aprofitar\nper a agrair el comprom\u00eds dels docents i encoratjar-los en aquests moments\ndif\u00edcils a seguir formant als ciutadans del futur. Demanar-los que continuen\namb la seua important tasca de conscienciaci\u00f3 en lo relatiu a la gesti\u00f3\nadequada dels residus, doncs tan sols aix\u00ed aconseguirem un planeta m\u00e9s net,\nrespectu\u00f3s amb la natura i sostenible en el temps.<\/p>\n","protected":false},"excerpt":{"rendered":"<p>La C\u00e0tedra Reciplasa mant\u00e9 el seu comprom\u00eds amb la formaci\u00f3 en mat\u00e8ria de gesti\u00f3 sostenible dels residus, particularment en lo relatiu a la reducci\u00f3, reutilitzaci\u00f3 i reciclatge. Davant la actual situaci\u00f3 de crisi sanit\u00e0ria i econ\u00f2mica causada per la pand\u00e8mia COVID-19, estem fent esfor\u00e7os notables per mantenir el programa d\u2019activitats previst per al 2020. LaDale que hay m\u00e1s &#8230;<\/p>\n","protected":false},"author":3,"featured_media":14542,"comment_status":"closed","ping_status":"closed","sticky":false,"template":"","format":"standard","meta":{"footnotes":""},"categories":[2,87],"tags":[],"class_list":["post-14544","post","type-post","status-publish","format-standard","has-post-thumbnail","hentry","category-sin-categorizar","category-noticies-corporatives"],"yoast_head":"<!-- This site is optimized with the Yoast SEO plugin v27.4 - https:\/\/yoast.com\/product\/yoast-seo-wordpress\/ -->\n<title>El concurs \u2018Qu\u00e8 fem amb el fem?\u2019 previst per al 2020 continua en marxa, per\u00f2 ajorna l&#039;entrega de premis - RECIPLASA<\/title>\n<meta name=\"robots\" content=\"index, follow, max-snippet:-1, max-image-preview:large, max-video-preview:-1\" \/>\n<link rel=\"canonical\" href=\"https:\/\/www.reciplasa.es\/el-concurso-que-fem-amb-el-fem-previsto-en-2020-sigue-vigente-pero-aplaza-la-entrega-de-premios\/\" \/>\n<meta property=\"og:locale\" content=\"en_US\" \/>\n<meta property=\"og:type\" content=\"article\" \/>\n<meta property=\"og:title\" content=\"El concurs \u2018Qu\u00e8 fem amb el fem?\u2019 previst per al 2020 continua en marxa, per\u00f2 ajorna l&#039;entrega de premis - RECIPLASA\" \/>\n<meta property=\"og:description\" content=\"La C\u00e0tedra Reciplasa mant\u00e9 el seu comprom\u00eds amb la formaci\u00f3 en mat\u00e8ria de gesti\u00f3 sostenible dels residus, particularment en lo relatiu a la reducci\u00f3, reutilitzaci\u00f3 i reciclatge. Davant la actual situaci\u00f3 de crisi sanit\u00e0ria i econ\u00f2mica causada per la pand\u00e8mia COVID-19, estem fent esfor\u00e7os notables per mantenir el programa d\u2019activitats previst per al 2020. LaDale que hay m\u00e1s ...\" \/>\n<meta property=\"og:url\" content=\"https:\/\/www.reciplasa.es\/el-concurso-que-fem-amb-el-fem-previsto-en-2020-sigue-vigente-pero-aplaza-la-entrega-de-premios\/\" \/>\n<meta property=\"og:site_name\" content=\"RECIPLASA\" \/>\n<meta property=\"article:published_time\" content=\"2020-05-15T06:43:17+00:00\" \/>\n<meta property=\"article:modified_time\" content=\"2020-05-15T12:04:55+00:00\" \/>\n<meta property=\"og:image\" content=\"https:\/\/www.reciplasa.es\/wp-content\/uploads\/2020\/05\/Premis_Catedra_Reciplasa_19DLL23.jpg\" \/>\n\t<meta property=\"og:image:width\" content=\"3240\" \/>\n\t<meta property=\"og:image:height\" content=\"2160\" \/>\n\t<meta property=\"og:image:type\" content=\"image\/jpeg\" \/>\n<meta name=\"author\" content=\"Cristina Marco\" \/>\n<meta name=\"twitter:card\" content=\"summary_large_image\" \/>\n<meta name=\"twitter:label1\" content=\"Written by\" \/>\n\t<meta name=\"twitter:data1\" content=\"Cristina Marco\" \/>\n\t<meta name=\"twitter:label2\" content=\"Est. reading time\" \/>\n\t<meta name=\"twitter:data2\" content=\"2 minutes\" \/>\n<script type=\"application\/ld+json\" class=\"yoast-schema-graph\">{\"@context\":\"https:\\\/\\\/schema.org\",\"@graph\":[{\"@type\":\"Article\",\"@id\":\"https:\\\/\\\/www.reciplasa.es\\\/el-concurso-que-fem-amb-el-fem-previsto-en-2020-sigue-vigente-pero-aplaza-la-entrega-de-premios\\\/#article\",\"isPartOf\":{\"@id\":\"https:\\\/\\\/www.reciplasa.es\\\/el-concurso-que-fem-amb-el-fem-previsto-en-2020-sigue-vigente-pero-aplaza-la-entrega-de-premios\\\/\"},\"author\":{\"name\":\"Cristina Marco\",\"@id\":\"https:\\\/\\\/www.reciplasa.es\\\/#\\\/schema\\\/person\\\/608ffc094e3c56d49e6c6ec8f1ea0e82\"},\"headline\":\"El concurs \u2018Qu\u00e8 fem amb el fem?\u2019 previst per al 2020 continua en marxa, per\u00f2 ajorna l&#8217;entrega de premis\",\"datePublished\":\"2020-05-15T06:43:17+00:00\",\"dateModified\":\"2020-05-15T12:04:55+00:00\",\"mainEntityOfPage\":{\"@id\":\"https:\\\/\\\/www.reciplasa.es\\\/el-concurso-que-fem-amb-el-fem-previsto-en-2020-sigue-vigente-pero-aplaza-la-entrega-de-premios\\\/\"},\"wordCount\":351,\"image\":{\"@id\":\"https:\\\/\\\/www.reciplasa.es\\\/el-concurso-que-fem-amb-el-fem-previsto-en-2020-sigue-vigente-pero-aplaza-la-entrega-de-premios\\\/#primaryimage\"},\"thumbnailUrl\":\"https:\\\/\\\/www.reciplasa.es\\\/wp-content\\\/uploads\\\/2020\\\/05\\\/Premis_Catedra_Reciplasa_19DLL23.jpg\",\"articleSection\":[\"Catedra-Reciplasa-UJI\",\"Not\u00edcies corporatives\"],\"inLanguage\":\"va-VA\"},{\"@type\":\"WebPage\",\"@id\":\"https:\\\/\\\/www.reciplasa.es\\\/el-concurso-que-fem-amb-el-fem-previsto-en-2020-sigue-vigente-pero-aplaza-la-entrega-de-premios\\\/\",\"url\":\"https:\\\/\\\/www.reciplasa.es\\\/el-concurso-que-fem-amb-el-fem-previsto-en-2020-sigue-vigente-pero-aplaza-la-entrega-de-premios\\\/\",\"name\":\"El concurs \u2018Qu\u00e8 fem amb el fem?\u2019 previst per al 2020 continua en marxa, per\u00f2 ajorna l'entrega de premis - RECIPLASA\",\"isPartOf\":{\"@id\":\"https:\\\/\\\/www.reciplasa.es\\\/#website\"},\"primaryImageOfPage\":{\"@id\":\"https:\\\/\\\/www.reciplasa.es\\\/el-concurso-que-fem-amb-el-fem-previsto-en-2020-sigue-vigente-pero-aplaza-la-entrega-de-premios\\\/#primaryimage\"},\"image\":{\"@id\":\"https:\\\/\\\/www.reciplasa.es\\\/el-concurso-que-fem-amb-el-fem-previsto-en-2020-sigue-vigente-pero-aplaza-la-entrega-de-premios\\\/#primaryimage\"},\"thumbnailUrl\":\"https:\\\/\\\/www.reciplasa.es\\\/wp-content\\\/uploads\\\/2020\\\/05\\\/Premis_Catedra_Reciplasa_19DLL23.jpg\",\"datePublished\":\"2020-05-15T06:43:17+00:00\",\"dateModified\":\"2020-05-15T12:04:55+00:00\",\"author\":{\"@id\":\"https:\\\/\\\/www.reciplasa.es\\\/#\\\/schema\\\/person\\\/608ffc094e3c56d49e6c6ec8f1ea0e82\"},\"breadcrumb\":{\"@id\":\"https:\\\/\\\/www.reciplasa.es\\\/el-concurso-que-fem-amb-el-fem-previsto-en-2020-sigue-vigente-pero-aplaza-la-entrega-de-premios\\\/#breadcrumb\"},\"inLanguage\":\"va-VA\",\"potentialAction\":[{\"@type\":\"ReadAction\",\"target\":[\"https:\\\/\\\/www.reciplasa.es\\\/el-concurso-que-fem-amb-el-fem-previsto-en-2020-sigue-vigente-pero-aplaza-la-entrega-de-premios\\\/\"]}]},{\"@type\":\"ImageObject\",\"inLanguage\":\"va-VA\",\"@id\":\"https:\\\/\\\/www.reciplasa.es\\\/el-concurso-que-fem-amb-el-fem-previsto-en-2020-sigue-vigente-pero-aplaza-la-entrega-de-premios\\\/#primaryimage\",\"url\":\"https:\\\/\\\/www.reciplasa.es\\\/wp-content\\\/uploads\\\/2020\\\/05\\\/Premis_Catedra_Reciplasa_19DLL23.jpg\",\"contentUrl\":\"https:\\\/\\\/www.reciplasa.es\\\/wp-content\\\/uploads\\\/2020\\\/05\\\/Premis_Catedra_Reciplasa_19DLL23.jpg\",\"width\":3240,\"height\":2160,\"caption\":\"entrrega premios que fem amb el fem 2019\"},{\"@type\":\"BreadcrumbList\",\"@id\":\"https:\\\/\\\/www.reciplasa.es\\\/el-concurso-que-fem-amb-el-fem-previsto-en-2020-sigue-vigente-pero-aplaza-la-entrega-de-premios\\\/#breadcrumb\",\"itemListElement\":[{\"@type\":\"ListItem\",\"position\":1,\"name\":\"Portada\",\"item\":\"https:\\\/\\\/www.reciplasa.es\\\/va\\\/\"},{\"@type\":\"ListItem\",\"position\":2,\"name\":\"El concurs \u2018Qu\u00e8 fem amb el fem?\u2019 previst per al 2020 continua en marxa, per\u00f2 ajorna l&#8217;entrega de premis\"}]},{\"@type\":\"WebSite\",\"@id\":\"https:\\\/\\\/www.reciplasa.es\\\/#website\",\"url\":\"https:\\\/\\\/www.reciplasa.es\\\/\",\"name\":\"RECIPLASA\",\"description\":\"Reciclats de Residus La Plana SA\",\"potentialAction\":[{\"@type\":\"SearchAction\",\"target\":{\"@type\":\"EntryPoint\",\"urlTemplate\":\"https:\\\/\\\/www.reciplasa.es\\\/?s={search_term_string}\"},\"query-input\":{\"@type\":\"PropertyValueSpecification\",\"valueRequired\":true,\"valueName\":\"search_term_string\"}}],\"inLanguage\":\"va-VA\"},{\"@type\":\"Person\",\"@id\":\"https:\\\/\\\/www.reciplasa.es\\\/#\\\/schema\\\/person\\\/608ffc094e3c56d49e6c6ec8f1ea0e82\",\"name\":\"Cristina Marco\",\"image\":{\"@type\":\"ImageObject\",\"inLanguage\":\"va-VA\",\"@id\":\"https:\\\/\\\/secure.gravatar.com\\\/avatar\\\/6da7e00dc41d26d3c4245f3b2d70d687293df0dfc18f03719354383f7be4f34b?s=96&d=mm&r=g\",\"url\":\"https:\\\/\\\/secure.gravatar.com\\\/avatar\\\/6da7e00dc41d26d3c4245f3b2d70d687293df0dfc18f03719354383f7be4f34b?s=96&d=mm&r=g\",\"contentUrl\":\"https:\\\/\\\/secure.gravatar.com\\\/avatar\\\/6da7e00dc41d26d3c4245f3b2d70d687293df0dfc18f03719354383f7be4f34b?s=96&d=mm&r=g\",\"caption\":\"Cristina Marco\"},\"url\":\"https:\\\/\\\/www.reciplasa.es\\\/va\\\/author\\\/cristina\\\/\"}]}<\/script>\n<!-- \/ Yoast SEO plugin. -->","yoast_head_json":{"title":"El concurs \u2018Qu\u00e8 fem amb el fem?\u2019 previst per al 2020 continua en marxa, per\u00f2 ajorna l'entrega de premis - RECIPLASA","robots":{"index":"index","follow":"follow","max-snippet":"max-snippet:-1","max-image-preview":"max-image-preview:large","max-video-preview":"max-video-preview:-1"},"canonical":"https:\/\/www.reciplasa.es\/el-concurso-que-fem-amb-el-fem-previsto-en-2020-sigue-vigente-pero-aplaza-la-entrega-de-premios\/","og_locale":"en_US","og_type":"article","og_title":"El concurs \u2018Qu\u00e8 fem amb el fem?\u2019 previst per al 2020 continua en marxa, per\u00f2 ajorna l'entrega de premis - RECIPLASA","og_description":"La C\u00e0tedra Reciplasa mant\u00e9 el seu comprom\u00eds amb la formaci\u00f3 en mat\u00e8ria de gesti\u00f3 sostenible dels residus, particularment en lo relatiu a la reducci\u00f3, reutilitzaci\u00f3 i reciclatge. Davant la actual situaci\u00f3 de crisi sanit\u00e0ria i econ\u00f2mica causada per la pand\u00e8mia COVID-19, estem fent esfor\u00e7os notables per mantenir el programa d\u2019activitats previst per al 2020. LaDale que hay m\u00e1s ...","og_url":"https:\/\/www.reciplasa.es\/el-concurso-que-fem-amb-el-fem-previsto-en-2020-sigue-vigente-pero-aplaza-la-entrega-de-premios\/","og_site_name":"RECIPLASA","article_published_time":"2020-05-15T06:43:17+00:00","article_modified_time":"2020-05-15T12:04:55+00:00","og_image":[{"width":3240,"height":2160,"url":"https:\/\/www.reciplasa.es\/wp-content\/uploads\/2020\/05\/Premis_Catedra_Reciplasa_19DLL23.jpg","type":"image\/jpeg"}],"author":"Cristina Marco","twitter_card":"summary_large_image","twitter_misc":{"Written by":"Cristina Marco","Est. reading time":"2 minutes"},"schema":{"@context":"https:\/\/schema.org","@graph":[{"@type":"Article","@id":"https:\/\/www.reciplasa.es\/el-concurso-que-fem-amb-el-fem-previsto-en-2020-sigue-vigente-pero-aplaza-la-entrega-de-premios\/#article","isPartOf":{"@id":"https:\/\/www.reciplasa.es\/el-concurso-que-fem-amb-el-fem-previsto-en-2020-sigue-vigente-pero-aplaza-la-entrega-de-premios\/"},"author":{"name":"Cristina Marco","@id":"https:\/\/www.reciplasa.es\/#\/schema\/person\/608ffc094e3c56d49e6c6ec8f1ea0e82"},"headline":"El concurs \u2018Qu\u00e8 fem amb el fem?\u2019 previst per al 2020 continua en marxa, per\u00f2 ajorna l&#8217;entrega de premis","datePublished":"2020-05-15T06:43:17+00:00","dateModified":"2020-05-15T12:04:55+00:00","mainEntityOfPage":{"@id":"https:\/\/www.reciplasa.es\/el-concurso-que-fem-amb-el-fem-previsto-en-2020-sigue-vigente-pero-aplaza-la-entrega-de-premios\/"},"wordCount":351,"image":{"@id":"https:\/\/www.reciplasa.es\/el-concurso-que-fem-amb-el-fem-previsto-en-2020-sigue-vigente-pero-aplaza-la-entrega-de-premios\/#primaryimage"},"thumbnailUrl":"https:\/\/www.reciplasa.es\/wp-content\/uploads\/2020\/05\/Premis_Catedra_Reciplasa_19DLL23.jpg","articleSection":["Catedra-Reciplasa-UJI","Not\u00edcies corporatives"],"inLanguage":"va-VA"},{"@type":"WebPage","@id":"https:\/\/www.reciplasa.es\/el-concurso-que-fem-amb-el-fem-previsto-en-2020-sigue-vigente-pero-aplaza-la-entrega-de-premios\/","url":"https:\/\/www.reciplasa.es\/el-concurso-que-fem-amb-el-fem-previsto-en-2020-sigue-vigente-pero-aplaza-la-entrega-de-premios\/","name":"El concurs \u2018Qu\u00e8 fem amb el fem?\u2019 previst per al 2020 continua en marxa, per\u00f2 ajorna l'entrega de premis - RECIPLASA","isPartOf":{"@id":"https:\/\/www.reciplasa.es\/#website"},"primaryImageOfPage":{"@id":"https:\/\/www.reciplasa.es\/el-concurso-que-fem-amb-el-fem-previsto-en-2020-sigue-vigente-pero-aplaza-la-entrega-de-premios\/#primaryimage"},"image":{"@id":"https:\/\/www.reciplasa.es\/el-concurso-que-fem-amb-el-fem-previsto-en-2020-sigue-vigente-pero-aplaza-la-entrega-de-premios\/#primaryimage"},"thumbnailUrl":"https:\/\/www.reciplasa.es\/wp-content\/uploads\/2020\/05\/Premis_Catedra_Reciplasa_19DLL23.jpg","datePublished":"2020-05-15T06:43:17+00:00","dateModified":"2020-05-15T12:04:55+00:00","author":{"@id":"https:\/\/www.reciplasa.es\/#\/schema\/person\/608ffc094e3c56d49e6c6ec8f1ea0e82"},"breadcrumb":{"@id":"https:\/\/www.reciplasa.es\/el-concurso-que-fem-amb-el-fem-previsto-en-2020-sigue-vigente-pero-aplaza-la-entrega-de-premios\/#breadcrumb"},"inLanguage":"va-VA","potentialAction":[{"@type":"ReadAction","target":["https:\/\/www.reciplasa.es\/el-concurso-que-fem-amb-el-fem-previsto-en-2020-sigue-vigente-pero-aplaza-la-entrega-de-premios\/"]}]},{"@type":"ImageObject","inLanguage":"va-VA","@id":"https:\/\/www.reciplasa.es\/el-concurso-que-fem-amb-el-fem-previsto-en-2020-sigue-vigente-pero-aplaza-la-entrega-de-premios\/#primaryimage","url":"https:\/\/www.reciplasa.es\/wp-content\/uploads\/2020\/05\/Premis_Catedra_Reciplasa_19DLL23.jpg","contentUrl":"https:\/\/www.reciplasa.es\/wp-content\/uploads\/2020\/05\/Premis_Catedra_Reciplasa_19DLL23.jpg","width":3240,"height":2160,"caption":"entrrega premios que fem amb el fem 2019"},{"@type":"BreadcrumbList","@id":"https:\/\/www.reciplasa.es\/el-concurso-que-fem-amb-el-fem-previsto-en-2020-sigue-vigente-pero-aplaza-la-entrega-de-premios\/#breadcrumb","itemListElement":[{"@type":"ListItem","position":1,"name":"Portada","item":"https:\/\/www.reciplasa.es\/va\/"},{"@type":"ListItem","position":2,"name":"El concurs \u2018Qu\u00e8 fem amb el fem?\u2019 previst per al 2020 continua en marxa, per\u00f2 ajorna l&#8217;entrega de premis"}]},{"@type":"WebSite","@id":"https:\/\/www.reciplasa.es\/#website","url":"https:\/\/www.reciplasa.es\/","name":"RECIPLASA","description":"Reciclats de Residus La Plana SA","potentialAction":[{"@type":"SearchAction","target":{"@type":"EntryPoint","urlTemplate":"https:\/\/www.reciplasa.es\/?s={search_term_string}"},"query-input":{"@type":"PropertyValueSpecification","valueRequired":true,"valueName":"search_term_string"}}],"inLanguage":"va-VA"},{"@type":"Person","@id":"https:\/\/www.reciplasa.es\/#\/schema\/person\/608ffc094e3c56d49e6c6ec8f1ea0e82","name":"Cristina Marco","image":{"@type":"ImageObject","inLanguage":"va-VA","@id":"https:\/\/secure.gravatar.com\/avatar\/6da7e00dc41d26d3c4245f3b2d70d687293df0dfc18f03719354383f7be4f34b?s=96&d=mm&r=g","url":"https:\/\/secure.gravatar.com\/avatar\/6da7e00dc41d26d3c4245f3b2d70d687293df0dfc18f03719354383f7be4f34b?s=96&d=mm&r=g","contentUrl":"https:\/\/secure.gravatar.com\/avatar\/6da7e00dc41d26d3c4245f3b2d70d687293df0dfc18f03719354383f7be4f34b?s=96&d=mm&r=g","caption":"Cristina Marco"},"url":"https:\/\/www.reciplasa.es\/va\/author\/cristina\/"}]}},"_links":{"self":[{"href":"https:\/\/www.reciplasa.es\/va\/wp-json\/wp\/v2\/posts\/14544","targetHints":{"allow":["GET"]}}],"collection":[{"href":"https:\/\/www.reciplasa.es\/va\/wp-json\/wp\/v2\/posts"}],"about":[{"href":"https:\/\/www.reciplasa.es\/va\/wp-json\/wp\/v2\/types\/post"}],"author":[{"embeddable":true,"href":"https:\/\/www.reciplasa.es\/va\/wp-json\/wp\/v2\/users\/3"}],"replies":[{"embeddable":true,"href":"https:\/\/www.reciplasa.es\/va\/wp-json\/wp\/v2\/comments?post=14544"}],"version-history":[{"count":2,"href":"https:\/\/www.reciplasa.es\/va\/wp-json\/wp\/v2\/posts\/14544\/revisions"}],"predecessor-version":[{"id":14546,"href":"https:\/\/www.reciplasa.es\/va\/wp-json\/wp\/v2\/posts\/14544\/revisions\/14546"}],"wp:featuredmedia":[{"embeddable":true,"href":"https:\/\/www.reciplasa.es\/va\/wp-json\/wp\/v2\/media\/14542"}],"wp:attachment":[{"href":"https:\/\/www.reciplasa.es\/va\/wp-json\/wp\/v2\/media?parent=14544"}],"wp:term":[{"taxonomy":"category","embeddable":true,"href":"https:\/\/www.reciplasa.es\/va\/wp-json\/wp\/v2\/categories?post=14544"},{"taxonomy":"post_tag","embeddable":true,"href":"https:\/\/www.reciplasa.es\/va\/wp-json\/wp\/v2\/tags?post=14544"}],"curies":[{"name":"wp","href":"https:\/\/api.w.org\/{rel}","templated":true}]}}