{"id":14551,"date":"2020-06-09T11:45:27","date_gmt":"2020-06-09T11:45:27","guid":{"rendered":"http:\/\/www.reciplasa.es\/?p=14551\/"},"modified":"2023-07-25T14:56:58","modified_gmt":"2023-07-25T14:56:58","slug":"reciplasa-aprova-invertir-26-milions-deuros-en-la-millora-dequips-de-tractament-de-residus","status":"publish","type":"post","link":"https:\/\/www.reciplasa.es\/va\/reciplasa-aprova-invertir-26-milions-deuros-en-la-millora-dequips-de-tractament-de-residus\/","title":{"rendered":"Reciplasa aprova invertir 2,6 milions d&#8217;euros en la millora d&#8217;equips de tractament de residus"},"content":{"rendered":"\n<h6 class=\"wp-block-heading\"><em><span style=\"font-weight: 400;\">El consell d&#8217;administraci\u00f3 aprova un contacte amb l&#8217;empresa adjudicat\u00e0ria per a poder escometre millores dins del contracte actual de gesti\u00f3 de la planta d&#8217;Onda&lt;<\/span><\/em><p><\/p><\/h6>\n\n\n\n<p>L&#8217;empresa p\u00fablica per a la gesti\u00f3 de residus de la zona\ncentre de la prov\u00edncia de Castell\u00f3, Reciplasa, ha celebrat un consell\nd&#8217;administraci\u00f3 telem\u00e0tic en el qual s&#8217;ha aprovat la inversi\u00f3 de 2,6 milions\nd&#8217;euros en la millora de l&#8217;equipament de la planta d&#8217;Onda per al tractament de\nresidus. El president de Reciplasa, Ignasi Garcia, ha explicat que \u201caquest \u00e9s\nun tr\u00e0mit m\u00e9s per a avan\u00e7ar en la millora de la planta d&#8217;Onda, ja que\ns&#8217;instal\u00b7lar\u00e0 una nova tecnologia de separaci\u00f3 per a disminuir el contacte del\npersonal amb els residus, per\u00f2 al mateix temps, reduir el material de rebuig,\n\u00e9s a dir, aquell que arriba a abocador\u201d.<\/p>\n\n\n\n<p>Aix\u00ed mateix, el consell d&#8217;administraci\u00f3 ha traslladat a\nla UTE Explotaci\u00f3 Onda, encarregada de la gesti\u00f3 de la planta de tractament\nsituada en la localitat, un document comprovar la disponibilitat d&#8217;aquesta per\na escometre les inversions de millora que s\u2019han de portar a terme, per a\nl&#8217;execuci\u00f3 del Projecte de Gesti\u00f3, dins del contracte actual. \u201cEs tracta de\nsaber si, amb totes les garanties legals, les empreses que formen aquesta uni\u00f3\nactualment volen assumir aquestes inversions o si s&#8217;han de traure a licitaci\u00f3\nper a escometre-les com m\u00e9s prompte millor, ja que hem de complir amb els\nterminis marcats pel Projecte de Gesti\u00f3 aprovat. A m\u00e9s, est\u00e0 pendent complir\namb un requeriment de la Generalitat per a executar unes millores a causa de la\ncrisi sanit\u00e0ria del COVID-19, del qual ja s&#8217;han iniciat els tr\u00e0mits per a, quan\ns&#8217;aprove, comen\u00e7ar la seua execuci\u00f3, com, per exemple, sol\u00b7licitar la\nmodificaci\u00f3 no substancial de l&#8217;autoritzaci\u00f3 ambiental integrada a la\nConselleria\u201d, explica Garcia<\/p>\n\n\n\n<p>Cal recordar, que la Conselleria ha fet un requeriment a\nReciplasa per a adequar les instal\u00b7lacions, dotant-les de nous equips de\nseparaci\u00f3, com m\u00e9s prompte millor, ja que les circumst\u00e0ncies actuals\nrequereixen implantar mesures que facen m\u00e9s segur el triatge dels residus que\narriben a la planta. Aix\u00ed, s&#8217;agilitaran les inversions que ja estaven previstes\nen el pla de modernitzaci\u00f3 de la planta, en estar incloses en aquestes, que\npreveu destinar 40 milions d&#8217;euros en diversos anys per a millorar l&#8217;efici\u00e8ncia\ndel tractament en la planta d&#8217;Onda. Per a desenvolupar aquesta inversi\u00f3, la\ndirecci\u00f3 general de Qualitat i Educaci\u00f3 Ambiental aportar\u00e0 125.000 euros en\nforma d&#8217;ajuda tal com es recull en el Decret llei 4\/2020, de 17 d&#8217;abril, de la\nGeneralitat, de mesures extraordin\u00e0ries de gesti\u00f3 economicofinancera per a fer\nfront a la crisi produ\u00efda per la Covid-19. Aix\u00ed, aquesta ordre estableix una\nmodificaci\u00f3 pressupost\u00e0ria del pressupost en favor del Consorci de residus C2\nde la Comunitat Valenciana, que \u00e9s el que afecta a Reciplasa, addicional a\nl&#8217;existent, per a inversions, per import addicional de 100.000 euros, deixant\nl&#8217;aplicaci\u00f3 pressupost\u00e0ria completa en 125.000 euros.<\/p>\n\n\n\n<p>Aix\u00ed, aquestes inversions consistirien en dues unitats\nd&#8217;equips bal\u00edstics, dues cintes de recuperaci\u00f3 de fins, dues cintes de\nrecuperaci\u00f3 i dues de selecci\u00f3 rodants i dues cintes de recuperaci\u00f3 planars, a\nm\u00e9s de la recuperaci\u00f3 de les dues cintes actuals com a cintes de selecci\u00f3\nsecund\u00e0ria, aix\u00ed com un equip de separaci\u00f3 de vol\u00e0tils a l&#8217;eixida del bal\u00edstic.\nA causa de la instal\u00b7laci\u00f3 d&#8217;aquestes unitats l&#8217;empresa ha de realitzar una\nadequaci\u00f3 de les actuals instal\u00b7lacions del final de l\u00ednia, posterior a la\ncabina de secundari, per a garantir el grau de recuperaci\u00f3 de materials f\u00e8rrics\ni la correcta alimentaci\u00f3 de les premses de rebuig. Aix\u00ed, es donar\u00e0 servei a\nles quatre l\u00ednies de rebuig que tindr\u00e0 la futura instal\u00b7laci\u00f3 a l&#8217;eixida de la\ncabina de secundari pel que s&#8217;adequar\u00e0 tot a la nova maquin\u00e0ria i s&#8217;instal\u00b7lar\u00e0\ndos electroimants m\u00e9s i una cinta recol\u00b7lectora de f\u00e8rrics.<\/p>\n\n\n\n<p>D&#8217;altra banda, tamb\u00e9 est\u00e0 prevista una inversi\u00f3 per a la\nmillora de la recuperaci\u00f3 del vidre amb dos equips \u00f2ptics amb alimentadors\nvibrants que disposaran tamb\u00e9 de les corresponents cintes transportadores i que\ntamb\u00e9 precisaran d&#8217;adequaci\u00f3 de les instal\u00b7lacions per a fer les instal\u00b7lacions\nm\u00e9s eficients. El president de Reciplasa conclou dient que \u201caquest \u00e9s un pas\nm\u00e9s dins de les inversions de 40 milions d&#8217;euros previstes i que milloraran les\ncondicions de la planta per a adequar-la a la situaci\u00f3 actual i garantir la\nseguretat del personal, per\u00f2 tamb\u00e9 per a anar incrementant l&#8217;efic\u00e0cia a l&#8217;hora\nde separar els residus, de manera que redu\u00efsquen el seu impacte econ\u00f2mic, per\u00f2\nsobretot l&#8217;ecol\u00f2gic\u201d.<\/p>\n","protected":false},"excerpt":{"rendered":"<p>El consell d&#8217;administraci\u00f3 aprova un contacte amb l&#8217;empresa adjudicat\u00e0ria per a poder escometre millores dins del contracte actual de gesti\u00f3 de la planta d&#8217;Onda&lt; L&#8217;empresa p\u00fablica per a la gesti\u00f3 de residus de la zona centre de la prov\u00edncia de Castell\u00f3, Reciplasa, ha celebrat un consell d&#8217;administraci\u00f3 telem\u00e0tic en el qual s&#8217;ha aprovat la inversi\u00f3Dale que hay m\u00e1s &#8230;<\/p>\n","protected":false},"author":3,"featured_media":14549,"comment_status":"closed","ping_status":"closed","sticky":false,"template":"","format":"standard","meta":{"footnotes":""},"categories":[87],"tags":[],"class_list":["post-14551","post","type-post","status-publish","format-standard","has-post-thumbnail","hentry","category-noticies-corporatives"],"yoast_head":"<!-- This site is optimized with the Yoast SEO plugin v27.4 - https:\/\/yoast.com\/product\/yoast-seo-wordpress\/ -->\n<title>Reciplasa aprova invertir 2,6 milions d&#039;euros en la millora d&#039;equips de tractament de residus - RECIPLASA<\/title>\n<meta name=\"robots\" content=\"index, follow, max-snippet:-1, max-image-preview:large, max-video-preview:-1\" \/>\n<link rel=\"canonical\" href=\"https:\/\/www.reciplasa.es\/reciplasa-aprueba-invertir-26-millones-de-euros-en-la-mejora-de-equipos-de-tratamiento-de-residuos\/\" \/>\n<meta property=\"og:locale\" content=\"en_US\" \/>\n<meta property=\"og:type\" content=\"article\" \/>\n<meta property=\"og:title\" content=\"Reciplasa aprova invertir 2,6 milions d&#039;euros en la millora d&#039;equips de tractament de residus - RECIPLASA\" \/>\n<meta property=\"og:description\" content=\"El consell d&#8217;administraci\u00f3 aprova un contacte amb l&#8217;empresa adjudicat\u00e0ria per a poder escometre millores dins del contracte actual de gesti\u00f3 de la planta d&#8217;Onda&lt; L&#8217;empresa p\u00fablica per a la gesti\u00f3 de residus de la zona centre de la prov\u00edncia de Castell\u00f3, Reciplasa, ha celebrat un consell d&#8217;administraci\u00f3 telem\u00e0tic en el qual s&#8217;ha aprovat la inversi\u00f3Dale que hay m\u00e1s ...\" \/>\n<meta property=\"og:url\" content=\"https:\/\/www.reciplasa.es\/reciplasa-aprueba-invertir-26-millones-de-euros-en-la-mejora-de-equipos-de-tratamiento-de-residuos\/\" \/>\n<meta property=\"og:site_name\" content=\"RECIPLASA\" \/>\n<meta property=\"article:published_time\" content=\"2020-06-09T11:45:27+00:00\" \/>\n<meta property=\"article:modified_time\" content=\"2023-07-25T14:56:58+00:00\" \/>\n<meta property=\"og:image\" content=\"https:\/\/www.reciplasa.es\/wp-content\/uploads\/2020\/06\/Consell-Administracio\u011b-9-06-2020.png\" \/>\n\t<meta property=\"og:image:width\" content=\"982\" \/>\n\t<meta property=\"og:image:height\" content=\"714\" \/>\n\t<meta property=\"og:image:type\" content=\"image\/png\" \/>\n<meta name=\"author\" content=\"Cristina Marco\" \/>\n<meta name=\"twitter:card\" content=\"summary_large_image\" \/>\n<meta name=\"twitter:label1\" content=\"Written by\" \/>\n\t<meta name=\"twitter:data1\" content=\"Cristina Marco\" \/>\n\t<meta name=\"twitter:label2\" content=\"Est. reading time\" \/>\n\t<meta name=\"twitter:data2\" content=\"4 minutes\" \/>\n<script type=\"application\/ld+json\" class=\"yoast-schema-graph\">{\"@context\":\"https:\\\/\\\/schema.org\",\"@graph\":[{\"@type\":\"Article\",\"@id\":\"https:\\\/\\\/www.reciplasa.es\\\/reciplasa-aprueba-invertir-26-millones-de-euros-en-la-mejora-de-equipos-de-tratamiento-de-residuos\\\/#article\",\"isPartOf\":{\"@id\":\"https:\\\/\\\/www.reciplasa.es\\\/reciplasa-aprueba-invertir-26-millones-de-euros-en-la-mejora-de-equipos-de-tratamiento-de-residuos\\\/\"},\"author\":{\"name\":\"Cristina Marco\",\"@id\":\"https:\\\/\\\/www.reciplasa.es\\\/#\\\/schema\\\/person\\\/608ffc094e3c56d49e6c6ec8f1ea0e82\"},\"headline\":\"Reciplasa aprova invertir 2,6 milions d&#8217;euros en la millora d&#8217;equips de tractament de residus\",\"datePublished\":\"2020-06-09T11:45:27+00:00\",\"dateModified\":\"2023-07-25T14:56:58+00:00\",\"mainEntityOfPage\":{\"@id\":\"https:\\\/\\\/www.reciplasa.es\\\/reciplasa-aprueba-invertir-26-millones-de-euros-en-la-mejora-de-equipos-de-tratamiento-de-residuos\\\/\"},\"wordCount\":828,\"image\":{\"@id\":\"https:\\\/\\\/www.reciplasa.es\\\/reciplasa-aprueba-invertir-26-millones-de-euros-en-la-mejora-de-equipos-de-tratamiento-de-residuos\\\/#primaryimage\"},\"thumbnailUrl\":\"https:\\\/\\\/www.reciplasa.es\\\/wp-content\\\/uploads\\\/2020\\\/06\\\/Consell-Administracio\u011b-9-06-2020.png\",\"articleSection\":[\"Not\u00edcies corporatives\"],\"inLanguage\":\"va-VA\"},{\"@type\":\"WebPage\",\"@id\":\"https:\\\/\\\/www.reciplasa.es\\\/reciplasa-aprueba-invertir-26-millones-de-euros-en-la-mejora-de-equipos-de-tratamiento-de-residuos\\\/\",\"url\":\"https:\\\/\\\/www.reciplasa.es\\\/reciplasa-aprueba-invertir-26-millones-de-euros-en-la-mejora-de-equipos-de-tratamiento-de-residuos\\\/\",\"name\":\"Reciplasa aprova invertir 2,6 milions d'euros en la millora d'equips de tractament de residus - RECIPLASA\",\"isPartOf\":{\"@id\":\"https:\\\/\\\/www.reciplasa.es\\\/#website\"},\"primaryImageOfPage\":{\"@id\":\"https:\\\/\\\/www.reciplasa.es\\\/reciplasa-aprueba-invertir-26-millones-de-euros-en-la-mejora-de-equipos-de-tratamiento-de-residuos\\\/#primaryimage\"},\"image\":{\"@id\":\"https:\\\/\\\/www.reciplasa.es\\\/reciplasa-aprueba-invertir-26-millones-de-euros-en-la-mejora-de-equipos-de-tratamiento-de-residuos\\\/#primaryimage\"},\"thumbnailUrl\":\"https:\\\/\\\/www.reciplasa.es\\\/wp-content\\\/uploads\\\/2020\\\/06\\\/Consell-Administracio\u011b-9-06-2020.png\",\"datePublished\":\"2020-06-09T11:45:27+00:00\",\"dateModified\":\"2023-07-25T14:56:58+00:00\",\"author\":{\"@id\":\"https:\\\/\\\/www.reciplasa.es\\\/#\\\/schema\\\/person\\\/608ffc094e3c56d49e6c6ec8f1ea0e82\"},\"breadcrumb\":{\"@id\":\"https:\\\/\\\/www.reciplasa.es\\\/reciplasa-aprueba-invertir-26-millones-de-euros-en-la-mejora-de-equipos-de-tratamiento-de-residuos\\\/#breadcrumb\"},\"inLanguage\":\"va-VA\",\"potentialAction\":[{\"@type\":\"ReadAction\",\"target\":[\"https:\\\/\\\/www.reciplasa.es\\\/reciplasa-aprueba-invertir-26-millones-de-euros-en-la-mejora-de-equipos-de-tratamiento-de-residuos\\\/\"]}]},{\"@type\":\"ImageObject\",\"inLanguage\":\"va-VA\",\"@id\":\"https:\\\/\\\/www.reciplasa.es\\\/reciplasa-aprueba-invertir-26-millones-de-euros-en-la-mejora-de-equipos-de-tratamiento-de-residuos\\\/#primaryimage\",\"url\":\"https:\\\/\\\/www.reciplasa.es\\\/wp-content\\\/uploads\\\/2020\\\/06\\\/Consell-Administracio\u011b-9-06-2020.png\",\"contentUrl\":\"https:\\\/\\\/www.reciplasa.es\\\/wp-content\\\/uploads\\\/2020\\\/06\\\/Consell-Administracio\u011b-9-06-2020.png\",\"width\":982,\"height\":714},{\"@type\":\"BreadcrumbList\",\"@id\":\"https:\\\/\\\/www.reciplasa.es\\\/reciplasa-aprueba-invertir-26-millones-de-euros-en-la-mejora-de-equipos-de-tratamiento-de-residuos\\\/#breadcrumb\",\"itemListElement\":[{\"@type\":\"ListItem\",\"position\":1,\"name\":\"Portada\",\"item\":\"https:\\\/\\\/www.reciplasa.es\\\/va\\\/\"},{\"@type\":\"ListItem\",\"position\":2,\"name\":\"Reciplasa aprova invertir 2,6 milions d&#8217;euros en la millora d&#8217;equips de tractament de residus\"}]},{\"@type\":\"WebSite\",\"@id\":\"https:\\\/\\\/www.reciplasa.es\\\/#website\",\"url\":\"https:\\\/\\\/www.reciplasa.es\\\/\",\"name\":\"RECIPLASA\",\"description\":\"Reciclats de Residus La Plana SA\",\"potentialAction\":[{\"@type\":\"SearchAction\",\"target\":{\"@type\":\"EntryPoint\",\"urlTemplate\":\"https:\\\/\\\/www.reciplasa.es\\\/?s={search_term_string}\"},\"query-input\":{\"@type\":\"PropertyValueSpecification\",\"valueRequired\":true,\"valueName\":\"search_term_string\"}}],\"inLanguage\":\"va-VA\"},{\"@type\":\"Person\",\"@id\":\"https:\\\/\\\/www.reciplasa.es\\\/#\\\/schema\\\/person\\\/608ffc094e3c56d49e6c6ec8f1ea0e82\",\"name\":\"Cristina Marco\",\"image\":{\"@type\":\"ImageObject\",\"inLanguage\":\"va-VA\",\"@id\":\"https:\\\/\\\/secure.gravatar.com\\\/avatar\\\/6da7e00dc41d26d3c4245f3b2d70d687293df0dfc18f03719354383f7be4f34b?s=96&d=mm&r=g\",\"url\":\"https:\\\/\\\/secure.gravatar.com\\\/avatar\\\/6da7e00dc41d26d3c4245f3b2d70d687293df0dfc18f03719354383f7be4f34b?s=96&d=mm&r=g\",\"contentUrl\":\"https:\\\/\\\/secure.gravatar.com\\\/avatar\\\/6da7e00dc41d26d3c4245f3b2d70d687293df0dfc18f03719354383f7be4f34b?s=96&d=mm&r=g\",\"caption\":\"Cristina Marco\"},\"url\":\"https:\\\/\\\/www.reciplasa.es\\\/va\\\/author\\\/cristina\\\/\"}]}<\/script>\n<!-- \/ Yoast SEO plugin. -->","yoast_head_json":{"title":"Reciplasa aprova invertir 2,6 milions d'euros en la millora d'equips de tractament de residus - RECIPLASA","robots":{"index":"index","follow":"follow","max-snippet":"max-snippet:-1","max-image-preview":"max-image-preview:large","max-video-preview":"max-video-preview:-1"},"canonical":"https:\/\/www.reciplasa.es\/reciplasa-aprueba-invertir-26-millones-de-euros-en-la-mejora-de-equipos-de-tratamiento-de-residuos\/","og_locale":"en_US","og_type":"article","og_title":"Reciplasa aprova invertir 2,6 milions d'euros en la millora d'equips de tractament de residus - RECIPLASA","og_description":"El consell d&#8217;administraci\u00f3 aprova un contacte amb l&#8217;empresa adjudicat\u00e0ria per a poder escometre millores dins del contracte actual de gesti\u00f3 de la planta d&#8217;Onda&lt; L&#8217;empresa p\u00fablica per a la gesti\u00f3 de residus de la zona centre de la prov\u00edncia de Castell\u00f3, Reciplasa, ha celebrat un consell d&#8217;administraci\u00f3 telem\u00e0tic en el qual s&#8217;ha aprovat la inversi\u00f3Dale que hay m\u00e1s ...","og_url":"https:\/\/www.reciplasa.es\/reciplasa-aprueba-invertir-26-millones-de-euros-en-la-mejora-de-equipos-de-tratamiento-de-residuos\/","og_site_name":"RECIPLASA","article_published_time":"2020-06-09T11:45:27+00:00","article_modified_time":"2023-07-25T14:56:58+00:00","og_image":[{"width":982,"height":714,"url":"https:\/\/www.reciplasa.es\/wp-content\/uploads\/2020\/06\/Consell-Administracio\u011b-9-06-2020.png","type":"image\/png"}],"author":"Cristina Marco","twitter_card":"summary_large_image","twitter_misc":{"Written by":"Cristina Marco","Est. reading time":"4 minutes"},"schema":{"@context":"https:\/\/schema.org","@graph":[{"@type":"Article","@id":"https:\/\/www.reciplasa.es\/reciplasa-aprueba-invertir-26-millones-de-euros-en-la-mejora-de-equipos-de-tratamiento-de-residuos\/#article","isPartOf":{"@id":"https:\/\/www.reciplasa.es\/reciplasa-aprueba-invertir-26-millones-de-euros-en-la-mejora-de-equipos-de-tratamiento-de-residuos\/"},"author":{"name":"Cristina Marco","@id":"https:\/\/www.reciplasa.es\/#\/schema\/person\/608ffc094e3c56d49e6c6ec8f1ea0e82"},"headline":"Reciplasa aprova invertir 2,6 milions d&#8217;euros en la millora d&#8217;equips de tractament de residus","datePublished":"2020-06-09T11:45:27+00:00","dateModified":"2023-07-25T14:56:58+00:00","mainEntityOfPage":{"@id":"https:\/\/www.reciplasa.es\/reciplasa-aprueba-invertir-26-millones-de-euros-en-la-mejora-de-equipos-de-tratamiento-de-residuos\/"},"wordCount":828,"image":{"@id":"https:\/\/www.reciplasa.es\/reciplasa-aprueba-invertir-26-millones-de-euros-en-la-mejora-de-equipos-de-tratamiento-de-residuos\/#primaryimage"},"thumbnailUrl":"https:\/\/www.reciplasa.es\/wp-content\/uploads\/2020\/06\/Consell-Administracio\u011b-9-06-2020.png","articleSection":["Not\u00edcies corporatives"],"inLanguage":"va-VA"},{"@type":"WebPage","@id":"https:\/\/www.reciplasa.es\/reciplasa-aprueba-invertir-26-millones-de-euros-en-la-mejora-de-equipos-de-tratamiento-de-residuos\/","url":"https:\/\/www.reciplasa.es\/reciplasa-aprueba-invertir-26-millones-de-euros-en-la-mejora-de-equipos-de-tratamiento-de-residuos\/","name":"Reciplasa aprova invertir 2,6 milions d'euros en la millora d'equips de tractament de residus - RECIPLASA","isPartOf":{"@id":"https:\/\/www.reciplasa.es\/#website"},"primaryImageOfPage":{"@id":"https:\/\/www.reciplasa.es\/reciplasa-aprueba-invertir-26-millones-de-euros-en-la-mejora-de-equipos-de-tratamiento-de-residuos\/#primaryimage"},"image":{"@id":"https:\/\/www.reciplasa.es\/reciplasa-aprueba-invertir-26-millones-de-euros-en-la-mejora-de-equipos-de-tratamiento-de-residuos\/#primaryimage"},"thumbnailUrl":"https:\/\/www.reciplasa.es\/wp-content\/uploads\/2020\/06\/Consell-Administracio\u011b-9-06-2020.png","datePublished":"2020-06-09T11:45:27+00:00","dateModified":"2023-07-25T14:56:58+00:00","author":{"@id":"https:\/\/www.reciplasa.es\/#\/schema\/person\/608ffc094e3c56d49e6c6ec8f1ea0e82"},"breadcrumb":{"@id":"https:\/\/www.reciplasa.es\/reciplasa-aprueba-invertir-26-millones-de-euros-en-la-mejora-de-equipos-de-tratamiento-de-residuos\/#breadcrumb"},"inLanguage":"va-VA","potentialAction":[{"@type":"ReadAction","target":["https:\/\/www.reciplasa.es\/reciplasa-aprueba-invertir-26-millones-de-euros-en-la-mejora-de-equipos-de-tratamiento-de-residuos\/"]}]},{"@type":"ImageObject","inLanguage":"va-VA","@id":"https:\/\/www.reciplasa.es\/reciplasa-aprueba-invertir-26-millones-de-euros-en-la-mejora-de-equipos-de-tratamiento-de-residuos\/#primaryimage","url":"https:\/\/www.reciplasa.es\/wp-content\/uploads\/2020\/06\/Consell-Administracio\u011b-9-06-2020.png","contentUrl":"https:\/\/www.reciplasa.es\/wp-content\/uploads\/2020\/06\/Consell-Administracio\u011b-9-06-2020.png","width":982,"height":714},{"@type":"BreadcrumbList","@id":"https:\/\/www.reciplasa.es\/reciplasa-aprueba-invertir-26-millones-de-euros-en-la-mejora-de-equipos-de-tratamiento-de-residuos\/#breadcrumb","itemListElement":[{"@type":"ListItem","position":1,"name":"Portada","item":"https:\/\/www.reciplasa.es\/va\/"},{"@type":"ListItem","position":2,"name":"Reciplasa aprova invertir 2,6 milions d&#8217;euros en la millora d&#8217;equips de tractament de residus"}]},{"@type":"WebSite","@id":"https:\/\/www.reciplasa.es\/#website","url":"https:\/\/www.reciplasa.es\/","name":"RECIPLASA","description":"Reciclats de Residus La Plana SA","potentialAction":[{"@type":"SearchAction","target":{"@type":"EntryPoint","urlTemplate":"https:\/\/www.reciplasa.es\/?s={search_term_string}"},"query-input":{"@type":"PropertyValueSpecification","valueRequired":true,"valueName":"search_term_string"}}],"inLanguage":"va-VA"},{"@type":"Person","@id":"https:\/\/www.reciplasa.es\/#\/schema\/person\/608ffc094e3c56d49e6c6ec8f1ea0e82","name":"Cristina Marco","image":{"@type":"ImageObject","inLanguage":"va-VA","@id":"https:\/\/secure.gravatar.com\/avatar\/6da7e00dc41d26d3c4245f3b2d70d687293df0dfc18f03719354383f7be4f34b?s=96&d=mm&r=g","url":"https:\/\/secure.gravatar.com\/avatar\/6da7e00dc41d26d3c4245f3b2d70d687293df0dfc18f03719354383f7be4f34b?s=96&d=mm&r=g","contentUrl":"https:\/\/secure.gravatar.com\/avatar\/6da7e00dc41d26d3c4245f3b2d70d687293df0dfc18f03719354383f7be4f34b?s=96&d=mm&r=g","caption":"Cristina Marco"},"url":"https:\/\/www.reciplasa.es\/va\/author\/cristina\/"}]}},"_links":{"self":[{"href":"https:\/\/www.reciplasa.es\/va\/wp-json\/wp\/v2\/posts\/14551","targetHints":{"allow":["GET"]}}],"collection":[{"href":"https:\/\/www.reciplasa.es\/va\/wp-json\/wp\/v2\/posts"}],"about":[{"href":"https:\/\/www.reciplasa.es\/va\/wp-json\/wp\/v2\/types\/post"}],"author":[{"embeddable":true,"href":"https:\/\/www.reciplasa.es\/va\/wp-json\/wp\/v2\/users\/3"}],"replies":[{"embeddable":true,"href":"https:\/\/www.reciplasa.es\/va\/wp-json\/wp\/v2\/comments?post=14551"}],"version-history":[{"count":1,"href":"https:\/\/www.reciplasa.es\/va\/wp-json\/wp\/v2\/posts\/14551\/revisions"}],"predecessor-version":[{"id":14552,"href":"https:\/\/www.reciplasa.es\/va\/wp-json\/wp\/v2\/posts\/14551\/revisions\/14552"}],"wp:featuredmedia":[{"embeddable":true,"href":"https:\/\/www.reciplasa.es\/va\/wp-json\/wp\/v2\/media\/14549"}],"wp:attachment":[{"href":"https:\/\/www.reciplasa.es\/va\/wp-json\/wp\/v2\/media?parent=14551"}],"wp:term":[{"taxonomy":"category","embeddable":true,"href":"https:\/\/www.reciplasa.es\/va\/wp-json\/wp\/v2\/categories?post=14551"},{"taxonomy":"post_tag","embeddable":true,"href":"https:\/\/www.reciplasa.es\/va\/wp-json\/wp\/v2\/tags?post=14551"}],"curies":[{"name":"wp","href":"https:\/\/api.w.org\/{rel}","templated":true}]}}