{"id":14559,"date":"2020-06-22T08:20:31","date_gmt":"2020-06-22T08:20:31","guid":{"rendered":"http:\/\/www.reciplasa.es\/?p=14559\/"},"modified":"2023-07-25T14:59:53","modified_gmt":"2023-07-25T14:59:53","slug":"el-concurs-que-fem-amb-el-fem-premia-als-millors-treballs-sobre-la-gestio-de-residus-i-el-seu-impacte-ambiental","status":"publish","type":"post","link":"https:\/\/www.reciplasa.es\/va\/el-concurs-que-fem-amb-el-fem-premia-als-millors-treballs-sobre-la-gestio-de-residus-i-el-seu-impacte-ambiental\/","title":{"rendered":"El concurs \u2018Qu\u00e8 fem amb el fem? premia als millors treballs sobre la gesti\u00f3 de residus i el seu impacte ambiental"},"content":{"rendered":"\n<p><em>Els centres premiats han sigut Centre d\u2019Educaci\u00f3 Especial Penyeta Roja, Col\u00b7legi Lope de Castell\u00f3, CEIP Lope de Vega de Nules i Col\u00b7legi Villa F\u00e1tima de Borriana<\/em><\/p>\n\n\n\n<p>El\nconcurs \u2018Qu\u00e8 fem amb el fem?\u2019 organitzat per Reciplasa, amb la col\u00b7laboraci\u00f3 de\nla C\u00e0tedra Reciplasa UJI i el Seminari d&#8217;Educaci\u00f3 Ambiental de Castell\u00f3 ha fet\np\u00fablic els premiats de la tercera edici\u00f3. Enguany s&#8217;han presentat un total de\n13 projectes duts a terme en els diferents centres d&#8217;educaci\u00f3 de la prov\u00edncia\nde Castell\u00f3. Ignasi Garc\u00eda, president de Reciplasa, explica que \u201cmalgrat\nsituaci\u00f3 de crisi causada per la COVID-19 hem volgut recon\u00e9ixer la gran faena\ndels alumnes i els docents que han fet al llarg de l&#8217;any amb els seus treballs\nsobre la gesti\u00f3 responsable dels residus urbans i el seu impacte\nmediambiental\u201d.<\/p>\n\n\n\n<p>El guanyador de la categoria d&#8217;educaci\u00f3 especial ha sigut el Centre d\u2019Educaci\u00f3 Especial Penyeta Roja amb el seu projecte <strong>\u2018Pati Reciclat\u2019<\/strong> a c\u00e0rrec de la professora Julia Peris. En educaci\u00f3 infantil el millor treball ha sigut <strong>\u2018Reciclem i Juguem en temps de Confinament\u2019<\/strong> del Col\u00b7legi Lope de Castell\u00f3 coordinat per la professora Inmaculada Tirado. Els alumnes de Virg\u00ednia Gavald\u00e1 del CEIP Lope de Vega de Nules han aconseguit el premi en la categoria de prim\u00e0ria amb el seu projecte <strong>\u2018Guardians i Guardians del Planeta\u2019<\/strong>. Finalment, el millor treball de secund\u00e0ria l&#8217;han presentat els alumnes del Col\u00b7legi Villa F\u00e1tima de Borriana coordinats pel professor \u00d3scar Mart\u00ed amb el t\u00edtol <strong>\u2018INVERCD\u2019<\/strong>. L&#8217;esment especial a la &#8216;internacionalitat&#8217; enguany ha sigut per a <strong>\u2018ECOBRICKS: the best way to redueix light plastics and build houses\u2019<\/strong> de l&#8217;IES Polit\u00e8cnic de Castell\u00f3 coordinat per la professora M\u00aa Angeles Sos.<\/p>\n\n\n\n<p>El lliurament de premis estava prevista per al 5 de juny, coincidint amb el Dia Mundial del Medi Ambient, per\u00f2 s&#8217;ha posposat a quan les condicions sanit\u00e0ries ho permeten. Ignasi Garc\u00eda, demana a tots els concursants que \u201cmantinguen la il\u00b7lusi\u00f3 perqu\u00e8 estem desitjant escoltar els seus treballs i quan siga possible informarem sobre la data de la cerim\u00f2nia\u201d. A m\u00e9s, destaca \u201cel treball que han fet tots ells malgrat haver de seguir amb els projectes des de casa i l&#8217;esfor\u00e7 dels professors. Des de Reciplasa volem fomentar l&#8217;educaci\u00f3 mediambiental i conscienciar sobre els beneficis que cadascun de nosaltres fem una gesti\u00f3 responsable dels nostres residus i aix\u00ed reduir el seu impacte\u201d.<\/p>\n\n\n\n<p>La Comissi\u00f3 Avaluadora ha estat formada per F\u00e9lix Hern\u00e1ndez, catedr\u00e0tic de Qu\u00edmica Anal\u00edtica i director de la C\u00e0tedra; Fernando Albarr\u00e1n, director t\u00e8cnic de Reciplasa; i Luc\u00eda Prado i Francisco Rambla, del Seminari d&#8217;Educaci\u00f3 Ambiental de Castell\u00f3. Els integrants de la comissi\u00f3 han destacat l&#8217;alta qualitat de tots els projectes presentats, que ha posat complicada la seua tasca d&#8217;elecci\u00f3 i han felicitat a tots els participants per &#8220;el lliurament, la passi\u00f3 i la il\u00b7lusi\u00f3 depositada en els projectes realitzats i lamenten no poder premiar a tothom&#8221;. <\/p>\n","protected":false},"excerpt":{"rendered":"<p>Els centres premiats han sigut Centre d\u2019Educaci\u00f3 Especial Penyeta Roja, Col\u00b7legi Lope de Castell\u00f3, CEIP Lope de Vega de Nules i Col\u00b7legi Villa F\u00e1tima de Borriana El concurs \u2018Qu\u00e8 fem amb el fem?\u2019 organitzat per Reciplasa, amb la col\u00b7laboraci\u00f3 de la C\u00e0tedra Reciplasa UJI i el Seminari d&#8217;Educaci\u00f3 Ambiental de Castell\u00f3 ha fet p\u00fablic elsDale que hay m\u00e1s &#8230;<\/p>\n","protected":false},"author":3,"featured_media":14556,"comment_status":"closed","ping_status":"closed","sticky":false,"template":"","format":"standard","meta":{"footnotes":""},"categories":[88],"tags":[],"class_list":["post-14559","post","type-post","status-publish","format-standard","has-post-thumbnail","hentry","category-catedra-reciplasa-uji"],"yoast_head":"<!-- This site is optimized with the Yoast SEO plugin v27.4 - https:\/\/yoast.com\/product\/yoast-seo-wordpress\/ -->\n<title>El concurs \u2018Qu\u00e8 fem amb el fem? premia als millors treballs sobre la gesti\u00f3 de residus i el seu impacte ambiental - RECIPLASA<\/title>\n<meta name=\"robots\" content=\"index, follow, max-snippet:-1, max-image-preview:large, max-video-preview:-1\" \/>\n<link rel=\"canonical\" href=\"https:\/\/www.reciplasa.es\/el-concurso-que-fem-amb-el-fem-premia-a-los-mejores-trabajos-sobre-la-gestion-de-residuos-y-su-impacto-ambiental\/\" \/>\n<meta property=\"og:locale\" content=\"en_US\" \/>\n<meta property=\"og:type\" content=\"article\" \/>\n<meta property=\"og:title\" content=\"El concurs \u2018Qu\u00e8 fem amb el fem? premia als millors treballs sobre la gesti\u00f3 de residus i el seu impacte ambiental - RECIPLASA\" \/>\n<meta property=\"og:description\" content=\"Els centres premiats han sigut Centre d\u2019Educaci\u00f3 Especial Penyeta Roja, Col\u00b7legi Lope de Castell\u00f3, CEIP Lope de Vega de Nules i Col\u00b7legi Villa F\u00e1tima de Borriana El concurs \u2018Qu\u00e8 fem amb el fem?\u2019 organitzat per Reciplasa, amb la col\u00b7laboraci\u00f3 de la C\u00e0tedra Reciplasa UJI i el Seminari d&#8217;Educaci\u00f3 Ambiental de Castell\u00f3 ha fet p\u00fablic elsDale que hay m\u00e1s ...\" \/>\n<meta property=\"og:url\" content=\"https:\/\/www.reciplasa.es\/el-concurso-que-fem-amb-el-fem-premia-a-los-mejores-trabajos-sobre-la-gestion-de-residuos-y-su-impacto-ambiental\/\" \/>\n<meta property=\"og:site_name\" content=\"RECIPLASA\" \/>\n<meta property=\"article:published_time\" content=\"2020-06-22T08:20:31+00:00\" \/>\n<meta property=\"article:modified_time\" content=\"2023-07-25T14:59:53+00:00\" \/>\n<meta property=\"og:image\" content=\"https:\/\/www.reciplasa.es\/wp-content\/uploads\/2020\/06\/reunion-eleccion-premiados-que-fem-amb-el-fem-tercera-edicion.jpg\" \/>\n\t<meta property=\"og:image:width\" content=\"584\" \/>\n\t<meta property=\"og:image:height\" content=\"374\" \/>\n\t<meta property=\"og:image:type\" content=\"image\/jpeg\" \/>\n<meta name=\"author\" content=\"Cristina Marco\" \/>\n<meta name=\"twitter:card\" content=\"summary_large_image\" \/>\n<meta name=\"twitter:label1\" content=\"Written by\" \/>\n\t<meta name=\"twitter:data1\" content=\"Cristina Marco\" \/>\n\t<meta name=\"twitter:label2\" content=\"Est. reading time\" \/>\n\t<meta name=\"twitter:data2\" content=\"3 minutes\" \/>\n<script type=\"application\/ld+json\" class=\"yoast-schema-graph\">{\"@context\":\"https:\\\/\\\/schema.org\",\"@graph\":[{\"@type\":\"Article\",\"@id\":\"https:\\\/\\\/www.reciplasa.es\\\/el-concurso-que-fem-amb-el-fem-premia-a-los-mejores-trabajos-sobre-la-gestion-de-residuos-y-su-impacto-ambiental\\\/#article\",\"isPartOf\":{\"@id\":\"https:\\\/\\\/www.reciplasa.es\\\/el-concurso-que-fem-amb-el-fem-premia-a-los-mejores-trabajos-sobre-la-gestion-de-residuos-y-su-impacto-ambiental\\\/\"},\"author\":{\"name\":\"Cristina Marco\",\"@id\":\"https:\\\/\\\/www.reciplasa.es\\\/#\\\/schema\\\/person\\\/608ffc094e3c56d49e6c6ec8f1ea0e82\"},\"headline\":\"El concurs \u2018Qu\u00e8 fem amb el fem? premia als millors treballs sobre la gesti\u00f3 de residus i el seu impacte ambiental\",\"datePublished\":\"2020-06-22T08:20:31+00:00\",\"dateModified\":\"2023-07-25T14:59:53+00:00\",\"mainEntityOfPage\":{\"@id\":\"https:\\\/\\\/www.reciplasa.es\\\/el-concurso-que-fem-amb-el-fem-premia-a-los-mejores-trabajos-sobre-la-gestion-de-residuos-y-su-impacto-ambiental\\\/\"},\"wordCount\":536,\"image\":{\"@id\":\"https:\\\/\\\/www.reciplasa.es\\\/el-concurso-que-fem-amb-el-fem-premia-a-los-mejores-trabajos-sobre-la-gestion-de-residuos-y-su-impacto-ambiental\\\/#primaryimage\"},\"thumbnailUrl\":\"https:\\\/\\\/www.reciplasa.es\\\/wp-content\\\/uploads\\\/2020\\\/06\\\/reunion-eleccion-premiados-que-fem-amb-el-fem-tercera-edicion.jpg\",\"articleSection\":[\"C\u00e0tedra Reciplasa-UJI\"],\"inLanguage\":\"va-VA\"},{\"@type\":\"WebPage\",\"@id\":\"https:\\\/\\\/www.reciplasa.es\\\/el-concurso-que-fem-amb-el-fem-premia-a-los-mejores-trabajos-sobre-la-gestion-de-residuos-y-su-impacto-ambiental\\\/\",\"url\":\"https:\\\/\\\/www.reciplasa.es\\\/el-concurso-que-fem-amb-el-fem-premia-a-los-mejores-trabajos-sobre-la-gestion-de-residuos-y-su-impacto-ambiental\\\/\",\"name\":\"El concurs \u2018Qu\u00e8 fem amb el fem? premia als millors treballs sobre la gesti\u00f3 de residus i el seu impacte ambiental - RECIPLASA\",\"isPartOf\":{\"@id\":\"https:\\\/\\\/www.reciplasa.es\\\/#website\"},\"primaryImageOfPage\":{\"@id\":\"https:\\\/\\\/www.reciplasa.es\\\/el-concurso-que-fem-amb-el-fem-premia-a-los-mejores-trabajos-sobre-la-gestion-de-residuos-y-su-impacto-ambiental\\\/#primaryimage\"},\"image\":{\"@id\":\"https:\\\/\\\/www.reciplasa.es\\\/el-concurso-que-fem-amb-el-fem-premia-a-los-mejores-trabajos-sobre-la-gestion-de-residuos-y-su-impacto-ambiental\\\/#primaryimage\"},\"thumbnailUrl\":\"https:\\\/\\\/www.reciplasa.es\\\/wp-content\\\/uploads\\\/2020\\\/06\\\/reunion-eleccion-premiados-que-fem-amb-el-fem-tercera-edicion.jpg\",\"datePublished\":\"2020-06-22T08:20:31+00:00\",\"dateModified\":\"2023-07-25T14:59:53+00:00\",\"author\":{\"@id\":\"https:\\\/\\\/www.reciplasa.es\\\/#\\\/schema\\\/person\\\/608ffc094e3c56d49e6c6ec8f1ea0e82\"},\"breadcrumb\":{\"@id\":\"https:\\\/\\\/www.reciplasa.es\\\/el-concurso-que-fem-amb-el-fem-premia-a-los-mejores-trabajos-sobre-la-gestion-de-residuos-y-su-impacto-ambiental\\\/#breadcrumb\"},\"inLanguage\":\"va-VA\",\"potentialAction\":[{\"@type\":\"ReadAction\",\"target\":[\"https:\\\/\\\/www.reciplasa.es\\\/el-concurso-que-fem-amb-el-fem-premia-a-los-mejores-trabajos-sobre-la-gestion-de-residuos-y-su-impacto-ambiental\\\/\"]}]},{\"@type\":\"ImageObject\",\"inLanguage\":\"va-VA\",\"@id\":\"https:\\\/\\\/www.reciplasa.es\\\/el-concurso-que-fem-amb-el-fem-premia-a-los-mejores-trabajos-sobre-la-gestion-de-residuos-y-su-impacto-ambiental\\\/#primaryimage\",\"url\":\"https:\\\/\\\/www.reciplasa.es\\\/wp-content\\\/uploads\\\/2020\\\/06\\\/reunion-eleccion-premiados-que-fem-amb-el-fem-tercera-edicion.jpg\",\"contentUrl\":\"https:\\\/\\\/www.reciplasa.es\\\/wp-content\\\/uploads\\\/2020\\\/06\\\/reunion-eleccion-premiados-que-fem-amb-el-fem-tercera-edicion.jpg\",\"width\":584,\"height\":374,\"caption\":\"reunion premiados que fem amb el fem 2020\"},{\"@type\":\"BreadcrumbList\",\"@id\":\"https:\\\/\\\/www.reciplasa.es\\\/el-concurso-que-fem-amb-el-fem-premia-a-los-mejores-trabajos-sobre-la-gestion-de-residuos-y-su-impacto-ambiental\\\/#breadcrumb\",\"itemListElement\":[{\"@type\":\"ListItem\",\"position\":1,\"name\":\"Portada\",\"item\":\"https:\\\/\\\/www.reciplasa.es\\\/va\\\/\"},{\"@type\":\"ListItem\",\"position\":2,\"name\":\"El concurs \u2018Qu\u00e8 fem amb el fem? premia als millors treballs sobre la gesti\u00f3 de residus i el seu impacte ambiental\"}]},{\"@type\":\"WebSite\",\"@id\":\"https:\\\/\\\/www.reciplasa.es\\\/#website\",\"url\":\"https:\\\/\\\/www.reciplasa.es\\\/\",\"name\":\"RECIPLASA\",\"description\":\"Reciclats de Residus La Plana SA\",\"potentialAction\":[{\"@type\":\"SearchAction\",\"target\":{\"@type\":\"EntryPoint\",\"urlTemplate\":\"https:\\\/\\\/www.reciplasa.es\\\/?s={search_term_string}\"},\"query-input\":{\"@type\":\"PropertyValueSpecification\",\"valueRequired\":true,\"valueName\":\"search_term_string\"}}],\"inLanguage\":\"va-VA\"},{\"@type\":\"Person\",\"@id\":\"https:\\\/\\\/www.reciplasa.es\\\/#\\\/schema\\\/person\\\/608ffc094e3c56d49e6c6ec8f1ea0e82\",\"name\":\"Cristina Marco\",\"image\":{\"@type\":\"ImageObject\",\"inLanguage\":\"va-VA\",\"@id\":\"https:\\\/\\\/secure.gravatar.com\\\/avatar\\\/6da7e00dc41d26d3c4245f3b2d70d687293df0dfc18f03719354383f7be4f34b?s=96&d=mm&r=g\",\"url\":\"https:\\\/\\\/secure.gravatar.com\\\/avatar\\\/6da7e00dc41d26d3c4245f3b2d70d687293df0dfc18f03719354383f7be4f34b?s=96&d=mm&r=g\",\"contentUrl\":\"https:\\\/\\\/secure.gravatar.com\\\/avatar\\\/6da7e00dc41d26d3c4245f3b2d70d687293df0dfc18f03719354383f7be4f34b?s=96&d=mm&r=g\",\"caption\":\"Cristina Marco\"},\"url\":\"https:\\\/\\\/www.reciplasa.es\\\/va\\\/author\\\/cristina\\\/\"}]}<\/script>\n<!-- \/ Yoast SEO plugin. -->","yoast_head_json":{"title":"El concurs \u2018Qu\u00e8 fem amb el fem? premia als millors treballs sobre la gesti\u00f3 de residus i el seu impacte ambiental - RECIPLASA","robots":{"index":"index","follow":"follow","max-snippet":"max-snippet:-1","max-image-preview":"max-image-preview:large","max-video-preview":"max-video-preview:-1"},"canonical":"https:\/\/www.reciplasa.es\/el-concurso-que-fem-amb-el-fem-premia-a-los-mejores-trabajos-sobre-la-gestion-de-residuos-y-su-impacto-ambiental\/","og_locale":"en_US","og_type":"article","og_title":"El concurs \u2018Qu\u00e8 fem amb el fem? premia als millors treballs sobre la gesti\u00f3 de residus i el seu impacte ambiental - RECIPLASA","og_description":"Els centres premiats han sigut Centre d\u2019Educaci\u00f3 Especial Penyeta Roja, Col\u00b7legi Lope de Castell\u00f3, CEIP Lope de Vega de Nules i Col\u00b7legi Villa F\u00e1tima de Borriana El concurs \u2018Qu\u00e8 fem amb el fem?\u2019 organitzat per Reciplasa, amb la col\u00b7laboraci\u00f3 de la C\u00e0tedra Reciplasa UJI i el Seminari d&#8217;Educaci\u00f3 Ambiental de Castell\u00f3 ha fet p\u00fablic elsDale que hay m\u00e1s ...","og_url":"https:\/\/www.reciplasa.es\/el-concurso-que-fem-amb-el-fem-premia-a-los-mejores-trabajos-sobre-la-gestion-de-residuos-y-su-impacto-ambiental\/","og_site_name":"RECIPLASA","article_published_time":"2020-06-22T08:20:31+00:00","article_modified_time":"2023-07-25T14:59:53+00:00","og_image":[{"width":584,"height":374,"url":"https:\/\/www.reciplasa.es\/wp-content\/uploads\/2020\/06\/reunion-eleccion-premiados-que-fem-amb-el-fem-tercera-edicion.jpg","type":"image\/jpeg"}],"author":"Cristina Marco","twitter_card":"summary_large_image","twitter_misc":{"Written by":"Cristina Marco","Est. reading time":"3 minutes"},"schema":{"@context":"https:\/\/schema.org","@graph":[{"@type":"Article","@id":"https:\/\/www.reciplasa.es\/el-concurso-que-fem-amb-el-fem-premia-a-los-mejores-trabajos-sobre-la-gestion-de-residuos-y-su-impacto-ambiental\/#article","isPartOf":{"@id":"https:\/\/www.reciplasa.es\/el-concurso-que-fem-amb-el-fem-premia-a-los-mejores-trabajos-sobre-la-gestion-de-residuos-y-su-impacto-ambiental\/"},"author":{"name":"Cristina Marco","@id":"https:\/\/www.reciplasa.es\/#\/schema\/person\/608ffc094e3c56d49e6c6ec8f1ea0e82"},"headline":"El concurs \u2018Qu\u00e8 fem amb el fem? premia als millors treballs sobre la gesti\u00f3 de residus i el seu impacte ambiental","datePublished":"2020-06-22T08:20:31+00:00","dateModified":"2023-07-25T14:59:53+00:00","mainEntityOfPage":{"@id":"https:\/\/www.reciplasa.es\/el-concurso-que-fem-amb-el-fem-premia-a-los-mejores-trabajos-sobre-la-gestion-de-residuos-y-su-impacto-ambiental\/"},"wordCount":536,"image":{"@id":"https:\/\/www.reciplasa.es\/el-concurso-que-fem-amb-el-fem-premia-a-los-mejores-trabajos-sobre-la-gestion-de-residuos-y-su-impacto-ambiental\/#primaryimage"},"thumbnailUrl":"https:\/\/www.reciplasa.es\/wp-content\/uploads\/2020\/06\/reunion-eleccion-premiados-que-fem-amb-el-fem-tercera-edicion.jpg","articleSection":["C\u00e0tedra Reciplasa-UJI"],"inLanguage":"va-VA"},{"@type":"WebPage","@id":"https:\/\/www.reciplasa.es\/el-concurso-que-fem-amb-el-fem-premia-a-los-mejores-trabajos-sobre-la-gestion-de-residuos-y-su-impacto-ambiental\/","url":"https:\/\/www.reciplasa.es\/el-concurso-que-fem-amb-el-fem-premia-a-los-mejores-trabajos-sobre-la-gestion-de-residuos-y-su-impacto-ambiental\/","name":"El concurs \u2018Qu\u00e8 fem amb el fem? premia als millors treballs sobre la gesti\u00f3 de residus i el seu impacte ambiental - RECIPLASA","isPartOf":{"@id":"https:\/\/www.reciplasa.es\/#website"},"primaryImageOfPage":{"@id":"https:\/\/www.reciplasa.es\/el-concurso-que-fem-amb-el-fem-premia-a-los-mejores-trabajos-sobre-la-gestion-de-residuos-y-su-impacto-ambiental\/#primaryimage"},"image":{"@id":"https:\/\/www.reciplasa.es\/el-concurso-que-fem-amb-el-fem-premia-a-los-mejores-trabajos-sobre-la-gestion-de-residuos-y-su-impacto-ambiental\/#primaryimage"},"thumbnailUrl":"https:\/\/www.reciplasa.es\/wp-content\/uploads\/2020\/06\/reunion-eleccion-premiados-que-fem-amb-el-fem-tercera-edicion.jpg","datePublished":"2020-06-22T08:20:31+00:00","dateModified":"2023-07-25T14:59:53+00:00","author":{"@id":"https:\/\/www.reciplasa.es\/#\/schema\/person\/608ffc094e3c56d49e6c6ec8f1ea0e82"},"breadcrumb":{"@id":"https:\/\/www.reciplasa.es\/el-concurso-que-fem-amb-el-fem-premia-a-los-mejores-trabajos-sobre-la-gestion-de-residuos-y-su-impacto-ambiental\/#breadcrumb"},"inLanguage":"va-VA","potentialAction":[{"@type":"ReadAction","target":["https:\/\/www.reciplasa.es\/el-concurso-que-fem-amb-el-fem-premia-a-los-mejores-trabajos-sobre-la-gestion-de-residuos-y-su-impacto-ambiental\/"]}]},{"@type":"ImageObject","inLanguage":"va-VA","@id":"https:\/\/www.reciplasa.es\/el-concurso-que-fem-amb-el-fem-premia-a-los-mejores-trabajos-sobre-la-gestion-de-residuos-y-su-impacto-ambiental\/#primaryimage","url":"https:\/\/www.reciplasa.es\/wp-content\/uploads\/2020\/06\/reunion-eleccion-premiados-que-fem-amb-el-fem-tercera-edicion.jpg","contentUrl":"https:\/\/www.reciplasa.es\/wp-content\/uploads\/2020\/06\/reunion-eleccion-premiados-que-fem-amb-el-fem-tercera-edicion.jpg","width":584,"height":374,"caption":"reunion premiados que fem amb el fem 2020"},{"@type":"BreadcrumbList","@id":"https:\/\/www.reciplasa.es\/el-concurso-que-fem-amb-el-fem-premia-a-los-mejores-trabajos-sobre-la-gestion-de-residuos-y-su-impacto-ambiental\/#breadcrumb","itemListElement":[{"@type":"ListItem","position":1,"name":"Portada","item":"https:\/\/www.reciplasa.es\/va\/"},{"@type":"ListItem","position":2,"name":"El concurs \u2018Qu\u00e8 fem amb el fem? premia als millors treballs sobre la gesti\u00f3 de residus i el seu impacte ambiental"}]},{"@type":"WebSite","@id":"https:\/\/www.reciplasa.es\/#website","url":"https:\/\/www.reciplasa.es\/","name":"RECIPLASA","description":"Reciclats de Residus La Plana SA","potentialAction":[{"@type":"SearchAction","target":{"@type":"EntryPoint","urlTemplate":"https:\/\/www.reciplasa.es\/?s={search_term_string}"},"query-input":{"@type":"PropertyValueSpecification","valueRequired":true,"valueName":"search_term_string"}}],"inLanguage":"va-VA"},{"@type":"Person","@id":"https:\/\/www.reciplasa.es\/#\/schema\/person\/608ffc094e3c56d49e6c6ec8f1ea0e82","name":"Cristina Marco","image":{"@type":"ImageObject","inLanguage":"va-VA","@id":"https:\/\/secure.gravatar.com\/avatar\/6da7e00dc41d26d3c4245f3b2d70d687293df0dfc18f03719354383f7be4f34b?s=96&d=mm&r=g","url":"https:\/\/secure.gravatar.com\/avatar\/6da7e00dc41d26d3c4245f3b2d70d687293df0dfc18f03719354383f7be4f34b?s=96&d=mm&r=g","contentUrl":"https:\/\/secure.gravatar.com\/avatar\/6da7e00dc41d26d3c4245f3b2d70d687293df0dfc18f03719354383f7be4f34b?s=96&d=mm&r=g","caption":"Cristina Marco"},"url":"https:\/\/www.reciplasa.es\/va\/author\/cristina\/"}]}},"_links":{"self":[{"href":"https:\/\/www.reciplasa.es\/va\/wp-json\/wp\/v2\/posts\/14559","targetHints":{"allow":["GET"]}}],"collection":[{"href":"https:\/\/www.reciplasa.es\/va\/wp-json\/wp\/v2\/posts"}],"about":[{"href":"https:\/\/www.reciplasa.es\/va\/wp-json\/wp\/v2\/types\/post"}],"author":[{"embeddable":true,"href":"https:\/\/www.reciplasa.es\/va\/wp-json\/wp\/v2\/users\/3"}],"replies":[{"embeddable":true,"href":"https:\/\/www.reciplasa.es\/va\/wp-json\/wp\/v2\/comments?post=14559"}],"version-history":[{"count":3,"href":"https:\/\/www.reciplasa.es\/va\/wp-json\/wp\/v2\/posts\/14559\/revisions"}],"predecessor-version":[{"id":14564,"href":"https:\/\/www.reciplasa.es\/va\/wp-json\/wp\/v2\/posts\/14559\/revisions\/14564"}],"wp:featuredmedia":[{"embeddable":true,"href":"https:\/\/www.reciplasa.es\/va\/wp-json\/wp\/v2\/media\/14556"}],"wp:attachment":[{"href":"https:\/\/www.reciplasa.es\/va\/wp-json\/wp\/v2\/media?parent=14559"}],"wp:term":[{"taxonomy":"category","embeddable":true,"href":"https:\/\/www.reciplasa.es\/va\/wp-json\/wp\/v2\/categories?post=14559"},{"taxonomy":"post_tag","embeddable":true,"href":"https:\/\/www.reciplasa.es\/va\/wp-json\/wp\/v2\/tags?post=14559"}],"curies":[{"name":"wp","href":"https:\/\/api.w.org\/{rel}","templated":true}]}}