{"id":14580,"date":"2020-09-10T06:25:53","date_gmt":"2020-09-10T06:25:53","guid":{"rendered":"http:\/\/www.reciplasa.es\/?p=14580\/"},"modified":"2023-07-25T14:58:15","modified_gmt":"2023-07-25T14:58:15","slug":"reciplasa-acorda-sollicitar-la-suspensio-cautelar-de-la-subhasta-dels-terrenys-adjacents-a-la-seua-planta-i-demana-a-onda-analitzar-alternatives-per-a-la-seua-adquisicio","status":"publish","type":"post","link":"https:\/\/www.reciplasa.es\/va\/reciplasa-acorda-sollicitar-la-suspensio-cautelar-de-la-subhasta-dels-terrenys-adjacents-a-la-seua-planta-i-demana-a-onda-analitzar-alternatives-per-a-la-seua-adquisicio\/","title":{"rendered":"Reciplasa acorda sol\u2022licitar la suspensi\u00f3 cautelar de la subhasta dels terrenys adjacents a la seua planta i demana a Onda analitzar alternatives per a la seua adquisici\u00f3"},"content":{"rendered":"\n<h6 class=\"wp-block-heading\"><em><span style=\"font-weight: 400;\">L&#8217;empresa p\u00fablica sost\u00e9 que aquesta licitaci\u00f3 pot suposar un perjudici a l&#8217;inter\u00e9s com\u00fa i a l&#8217;inter\u00e9s general<\/span><\/em><\/h6>\n\n\n\n<p>L&#8217;empresa p\u00fablica per a la gesti\u00f3 de residus de la zona centre de la prov\u00edncia de Castell\u00f3, Reciplasa, ha celebrat un consell d&#8217;administraci\u00f3 telem\u00e0tic en el qual s&#8217;ha aprovat la petici\u00f3 a l&#8217;Ajuntament d&#8217;Onda de la suspensi\u00f3 cautelar de la subhasta d&#8217;uns terrenys p\u00fablics on es troba situat el got de l&#8217;abocador clausurat que es troba adjacent a la planta de l&#8217;entitat. El president de Reciplasa, Ignasi Garcia, ha explicat que \u201chem acordat presentar un recurs de reposici\u00f3 davant el consistori pel fet que la subhasta podria suposar un perjudici per a l&#8217;inter\u00e9s com\u00fa i inter\u00e9s general, ja que s\u00f3n terrenys necessaris per a la correcta gesti\u00f3 dels residus s\u00f2lids urbans del Consorci C2\u201d.<\/p>\n\n\n\n<p>Al novembre de 2019,Reciplasa es va dirigir a l&#8217;Ajuntament d&#8217;Onda per a anunciar la intenci\u00f3 de regularitzar la situaci\u00f3 de l&#8217;\u00fas dels citats terrenys i s&#8217;informara sobre els tr\u00e0mits i requisits per a aquesta regularitzaci\u00f3. \u201cNo obstant aix\u00f2, el consistori, que \u00e9s tamb\u00e9 accionista i propietari de l&#8217;empresa p\u00fablica, no ha donat resposta a les nostres peticions i ha impulsat aquesta subhasta que podria perjudicar un futur comprador per les disposicions que t\u00e9 el terreny. Cal tindre en compte que aquesta zona requereix un manteniment especial que des de l&#8217;empresa p\u00fablica estem disposats a realitzar\u201d, assegura Garcia.<\/p>\n\n\n\n<p>Segons explica el president \u201cla intenci\u00f3 de Reciplasa \u00e9s, des del primer moment, adquirir este terreny en el qual s&#8217;han abocat residus de tot el Consorci C2 fins que es va reblir i va clausurar a l&#8217;agost del 2013. Esperem poder arribar a un acord dialogat amb l&#8217;Ajuntament d&#8217;Onda i que siga finalment l&#8217;empresa p\u00fablica qui adquirisca aquest terreny perqu\u00e8, en cas contrari, podria suposar una greu problem\u00e0tica per a totes les parts\u201d i conclou dient que \u201cpensem que \u00e9s un assumpte prioritari i instem a actuar amb responsabilitat i vetlant per l&#8217;inter\u00e9s com\u00fa i l&#8217;inter\u00e9s general tant econ\u00f2mic com mediambiental d&#8217;Onda i els altres municipis del Consorci, deixant de costat altres consideracions que no v\u00e9nen al cas en situacions com aquesta\u201d.<\/p>\n","protected":false},"excerpt":{"rendered":"<p>L&#8217;empresa p\u00fablica sost\u00e9 que aquesta licitaci\u00f3 pot suposar un perjudici a l&#8217;inter\u00e9s com\u00fa i a l&#8217;inter\u00e9s general L&#8217;empresa p\u00fablica per a la gesti\u00f3 de residus de la zona centre de la prov\u00edncia de Castell\u00f3, Reciplasa, ha celebrat un consell d&#8217;administraci\u00f3 telem\u00e0tic en el qual s&#8217;ha aprovat la petici\u00f3 a l&#8217;Ajuntament d&#8217;Onda de la suspensi\u00f3 cautelarDale que hay m\u00e1s &#8230;<\/p>\n","protected":false},"author":3,"featured_media":14573,"comment_status":"closed","ping_status":"closed","sticky":false,"template":"","format":"standard","meta":{"footnotes":""},"categories":[87],"tags":[],"class_list":["post-14580","post","type-post","status-publish","format-standard","has-post-thumbnail","hentry","category-noticies-corporatives"],"yoast_head":"<!-- This site is optimized with the Yoast SEO plugin v27.4 - https:\/\/yoast.com\/product\/yoast-seo-wordpress\/ -->\n<title>Reciplasa acorda sol\u2022licitar la suspensi\u00f3 cautelar de la subhasta dels terrenys adjacents a la seua planta i demana a Onda analitzar alternatives per a la seua adquisici\u00f3 - RECIPLASA<\/title>\n<meta name=\"robots\" content=\"index, follow, max-snippet:-1, max-image-preview:large, max-video-preview:-1\" \/>\n<link rel=\"canonical\" href=\"https:\/\/www.reciplasa.es\/va\/reciplasa-acorda-sollicitar-la-suspensio-cautelar-de-la-subhasta-dels-terrenys-adjacents-a-la-seua-planta-i-demana-a-onda-analitzar-alternatives-per-a-la-seua-adquisicio\/\" \/>\n<meta property=\"og:locale\" content=\"en_US\" \/>\n<meta property=\"og:type\" content=\"article\" \/>\n<meta property=\"og:title\" content=\"Reciplasa acorda sol\u2022licitar la suspensi\u00f3 cautelar de la subhasta dels terrenys adjacents a la seua planta i demana a Onda analitzar alternatives per a la seua adquisici\u00f3 - RECIPLASA\" \/>\n<meta property=\"og:description\" content=\"L&#8217;empresa p\u00fablica sost\u00e9 que aquesta licitaci\u00f3 pot suposar un perjudici a l&#8217;inter\u00e9s com\u00fa i a l&#8217;inter\u00e9s general L&#8217;empresa p\u00fablica per a la gesti\u00f3 de residus de la zona centre de la prov\u00edncia de Castell\u00f3, Reciplasa, ha celebrat un consell d&#8217;administraci\u00f3 telem\u00e0tic en el qual s&#8217;ha aprovat la petici\u00f3 a l&#8217;Ajuntament d&#8217;Onda de la suspensi\u00f3 cautelarDale que hay m\u00e1s ...\" \/>\n<meta property=\"og:url\" content=\"https:\/\/www.reciplasa.es\/va\/reciplasa-acorda-sollicitar-la-suspensio-cautelar-de-la-subhasta-dels-terrenys-adjacents-a-la-seua-planta-i-demana-a-onda-analitzar-alternatives-per-a-la-seua-adquisicio\/\" \/>\n<meta property=\"og:site_name\" content=\"RECIPLASA\" \/>\n<meta property=\"article:published_time\" content=\"2020-09-10T06:25:53+00:00\" \/>\n<meta property=\"article:modified_time\" content=\"2023-07-25T14:58:15+00:00\" \/>\n<meta property=\"og:image\" content=\"https:\/\/www.reciplasa.es\/wp-content\/uploads\/2020\/09\/Consell-Administracioe-09-09-2020.jpg\" \/>\n\t<meta property=\"og:image:width\" content=\"2032\" \/>\n\t<meta property=\"og:image:height\" content=\"1518\" \/>\n\t<meta property=\"og:image:type\" content=\"image\/jpeg\" \/>\n<meta name=\"author\" content=\"Cristina Marco\" \/>\n<meta name=\"twitter:card\" content=\"summary_large_image\" \/>\n<meta name=\"twitter:label1\" content=\"Written by\" \/>\n\t<meta name=\"twitter:data1\" content=\"Cristina Marco\" \/>\n\t<meta name=\"twitter:label2\" content=\"Est. reading time\" \/>\n\t<meta name=\"twitter:data2\" content=\"2 minutes\" \/>\n<script type=\"application\/ld+json\" class=\"yoast-schema-graph\">{\"@context\":\"https:\\\/\\\/schema.org\",\"@graph\":[{\"@type\":\"Article\",\"@id\":\"https:\\\/\\\/www.reciplasa.es\\\/va\\\/reciplasa-acorda-sollicitar-la-suspensio-cautelar-de-la-subhasta-dels-terrenys-adjacents-a-la-seua-planta-i-demana-a-onda-analitzar-alternatives-per-a-la-seua-adquisicio\\\/#article\",\"isPartOf\":{\"@id\":\"https:\\\/\\\/www.reciplasa.es\\\/va\\\/reciplasa-acorda-sollicitar-la-suspensio-cautelar-de-la-subhasta-dels-terrenys-adjacents-a-la-seua-planta-i-demana-a-onda-analitzar-alternatives-per-a-la-seua-adquisicio\\\/\"},\"author\":{\"name\":\"Cristina Marco\",\"@id\":\"https:\\\/\\\/www.reciplasa.es\\\/#\\\/schema\\\/person\\\/608ffc094e3c56d49e6c6ec8f1ea0e82\"},\"headline\":\"Reciplasa acorda sol\u2022licitar la suspensi\u00f3 cautelar de la subhasta dels terrenys adjacents a la seua planta i demana a Onda analitzar alternatives per a la seua adquisici\u00f3\",\"datePublished\":\"2020-09-10T06:25:53+00:00\",\"dateModified\":\"2023-07-25T14:58:15+00:00\",\"mainEntityOfPage\":{\"@id\":\"https:\\\/\\\/www.reciplasa.es\\\/va\\\/reciplasa-acorda-sollicitar-la-suspensio-cautelar-de-la-subhasta-dels-terrenys-adjacents-a-la-seua-planta-i-demana-a-onda-analitzar-alternatives-per-a-la-seua-adquisicio\\\/\"},\"wordCount\":423,\"image\":{\"@id\":\"https:\\\/\\\/www.reciplasa.es\\\/va\\\/reciplasa-acorda-sollicitar-la-suspensio-cautelar-de-la-subhasta-dels-terrenys-adjacents-a-la-seua-planta-i-demana-a-onda-analitzar-alternatives-per-a-la-seua-adquisicio\\\/#primaryimage\"},\"thumbnailUrl\":\"https:\\\/\\\/www.reciplasa.es\\\/wp-content\\\/uploads\\\/2020\\\/09\\\/Consell-Administracioe-09-09-2020.jpg\",\"articleSection\":[\"Not\u00edcies corporatives\"],\"inLanguage\":\"va-VA\"},{\"@type\":\"WebPage\",\"@id\":\"https:\\\/\\\/www.reciplasa.es\\\/va\\\/reciplasa-acorda-sollicitar-la-suspensio-cautelar-de-la-subhasta-dels-terrenys-adjacents-a-la-seua-planta-i-demana-a-onda-analitzar-alternatives-per-a-la-seua-adquisicio\\\/\",\"url\":\"https:\\\/\\\/www.reciplasa.es\\\/va\\\/reciplasa-acorda-sollicitar-la-suspensio-cautelar-de-la-subhasta-dels-terrenys-adjacents-a-la-seua-planta-i-demana-a-onda-analitzar-alternatives-per-a-la-seua-adquisicio\\\/\",\"name\":\"Reciplasa acorda sol\u2022licitar la suspensi\u00f3 cautelar de la subhasta dels terrenys adjacents a la seua planta i demana a Onda analitzar alternatives per a la seua adquisici\u00f3 - RECIPLASA\",\"isPartOf\":{\"@id\":\"https:\\\/\\\/www.reciplasa.es\\\/#website\"},\"primaryImageOfPage\":{\"@id\":\"https:\\\/\\\/www.reciplasa.es\\\/va\\\/reciplasa-acorda-sollicitar-la-suspensio-cautelar-de-la-subhasta-dels-terrenys-adjacents-a-la-seua-planta-i-demana-a-onda-analitzar-alternatives-per-a-la-seua-adquisicio\\\/#primaryimage\"},\"image\":{\"@id\":\"https:\\\/\\\/www.reciplasa.es\\\/va\\\/reciplasa-acorda-sollicitar-la-suspensio-cautelar-de-la-subhasta-dels-terrenys-adjacents-a-la-seua-planta-i-demana-a-onda-analitzar-alternatives-per-a-la-seua-adquisicio\\\/#primaryimage\"},\"thumbnailUrl\":\"https:\\\/\\\/www.reciplasa.es\\\/wp-content\\\/uploads\\\/2020\\\/09\\\/Consell-Administracioe-09-09-2020.jpg\",\"datePublished\":\"2020-09-10T06:25:53+00:00\",\"dateModified\":\"2023-07-25T14:58:15+00:00\",\"author\":{\"@id\":\"https:\\\/\\\/www.reciplasa.es\\\/#\\\/schema\\\/person\\\/608ffc094e3c56d49e6c6ec8f1ea0e82\"},\"breadcrumb\":{\"@id\":\"https:\\\/\\\/www.reciplasa.es\\\/va\\\/reciplasa-acorda-sollicitar-la-suspensio-cautelar-de-la-subhasta-dels-terrenys-adjacents-a-la-seua-planta-i-demana-a-onda-analitzar-alternatives-per-a-la-seua-adquisicio\\\/#breadcrumb\"},\"inLanguage\":\"va-VA\",\"potentialAction\":[{\"@type\":\"ReadAction\",\"target\":[\"https:\\\/\\\/www.reciplasa.es\\\/va\\\/reciplasa-acorda-sollicitar-la-suspensio-cautelar-de-la-subhasta-dels-terrenys-adjacents-a-la-seua-planta-i-demana-a-onda-analitzar-alternatives-per-a-la-seua-adquisicio\\\/\"]}]},{\"@type\":\"ImageObject\",\"inLanguage\":\"va-VA\",\"@id\":\"https:\\\/\\\/www.reciplasa.es\\\/va\\\/reciplasa-acorda-sollicitar-la-suspensio-cautelar-de-la-subhasta-dels-terrenys-adjacents-a-la-seua-planta-i-demana-a-onda-analitzar-alternatives-per-a-la-seua-adquisicio\\\/#primaryimage\",\"url\":\"https:\\\/\\\/www.reciplasa.es\\\/wp-content\\\/uploads\\\/2020\\\/09\\\/Consell-Administracioe-09-09-2020.jpg\",\"contentUrl\":\"https:\\\/\\\/www.reciplasa.es\\\/wp-content\\\/uploads\\\/2020\\\/09\\\/Consell-Administracioe-09-09-2020.jpg\",\"width\":2032,\"height\":1518,\"caption\":\"reunion reciplasa 9 septiembre 2020\"},{\"@type\":\"BreadcrumbList\",\"@id\":\"https:\\\/\\\/www.reciplasa.es\\\/va\\\/reciplasa-acorda-sollicitar-la-suspensio-cautelar-de-la-subhasta-dels-terrenys-adjacents-a-la-seua-planta-i-demana-a-onda-analitzar-alternatives-per-a-la-seua-adquisicio\\\/#breadcrumb\",\"itemListElement\":[{\"@type\":\"ListItem\",\"position\":1,\"name\":\"Portada\",\"item\":\"https:\\\/\\\/www.reciplasa.es\\\/va\\\/\"},{\"@type\":\"ListItem\",\"position\":2,\"name\":\"Reciplasa acorda sol\u2022licitar la suspensi\u00f3 cautelar de la subhasta dels terrenys adjacents a la seua planta i demana a Onda analitzar alternatives per a la seua adquisici\u00f3\"}]},{\"@type\":\"WebSite\",\"@id\":\"https:\\\/\\\/www.reciplasa.es\\\/#website\",\"url\":\"https:\\\/\\\/www.reciplasa.es\\\/\",\"name\":\"RECIPLASA\",\"description\":\"Reciclats de Residus La Plana SA\",\"potentialAction\":[{\"@type\":\"SearchAction\",\"target\":{\"@type\":\"EntryPoint\",\"urlTemplate\":\"https:\\\/\\\/www.reciplasa.es\\\/?s={search_term_string}\"},\"query-input\":{\"@type\":\"PropertyValueSpecification\",\"valueRequired\":true,\"valueName\":\"search_term_string\"}}],\"inLanguage\":\"va-VA\"},{\"@type\":\"Person\",\"@id\":\"https:\\\/\\\/www.reciplasa.es\\\/#\\\/schema\\\/person\\\/608ffc094e3c56d49e6c6ec8f1ea0e82\",\"name\":\"Cristina Marco\",\"image\":{\"@type\":\"ImageObject\",\"inLanguage\":\"va-VA\",\"@id\":\"https:\\\/\\\/secure.gravatar.com\\\/avatar\\\/6da7e00dc41d26d3c4245f3b2d70d687293df0dfc18f03719354383f7be4f34b?s=96&d=mm&r=g\",\"url\":\"https:\\\/\\\/secure.gravatar.com\\\/avatar\\\/6da7e00dc41d26d3c4245f3b2d70d687293df0dfc18f03719354383f7be4f34b?s=96&d=mm&r=g\",\"contentUrl\":\"https:\\\/\\\/secure.gravatar.com\\\/avatar\\\/6da7e00dc41d26d3c4245f3b2d70d687293df0dfc18f03719354383f7be4f34b?s=96&d=mm&r=g\",\"caption\":\"Cristina Marco\"},\"url\":\"https:\\\/\\\/www.reciplasa.es\\\/va\\\/author\\\/cristina\\\/\"}]}<\/script>\n<!-- \/ Yoast SEO plugin. -->","yoast_head_json":{"title":"Reciplasa acorda sol\u2022licitar la suspensi\u00f3 cautelar de la subhasta dels terrenys adjacents a la seua planta i demana a Onda analitzar alternatives per a la seua adquisici\u00f3 - RECIPLASA","robots":{"index":"index","follow":"follow","max-snippet":"max-snippet:-1","max-image-preview":"max-image-preview:large","max-video-preview":"max-video-preview:-1"},"canonical":"https:\/\/www.reciplasa.es\/va\/reciplasa-acorda-sollicitar-la-suspensio-cautelar-de-la-subhasta-dels-terrenys-adjacents-a-la-seua-planta-i-demana-a-onda-analitzar-alternatives-per-a-la-seua-adquisicio\/","og_locale":"en_US","og_type":"article","og_title":"Reciplasa acorda sol\u2022licitar la suspensi\u00f3 cautelar de la subhasta dels terrenys adjacents a la seua planta i demana a Onda analitzar alternatives per a la seua adquisici\u00f3 - RECIPLASA","og_description":"L&#8217;empresa p\u00fablica sost\u00e9 que aquesta licitaci\u00f3 pot suposar un perjudici a l&#8217;inter\u00e9s com\u00fa i a l&#8217;inter\u00e9s general L&#8217;empresa p\u00fablica per a la gesti\u00f3 de residus de la zona centre de la prov\u00edncia de Castell\u00f3, Reciplasa, ha celebrat un consell d&#8217;administraci\u00f3 telem\u00e0tic en el qual s&#8217;ha aprovat la petici\u00f3 a l&#8217;Ajuntament d&#8217;Onda de la suspensi\u00f3 cautelarDale que hay m\u00e1s ...","og_url":"https:\/\/www.reciplasa.es\/va\/reciplasa-acorda-sollicitar-la-suspensio-cautelar-de-la-subhasta-dels-terrenys-adjacents-a-la-seua-planta-i-demana-a-onda-analitzar-alternatives-per-a-la-seua-adquisicio\/","og_site_name":"RECIPLASA","article_published_time":"2020-09-10T06:25:53+00:00","article_modified_time":"2023-07-25T14:58:15+00:00","og_image":[{"width":2032,"height":1518,"url":"https:\/\/www.reciplasa.es\/wp-content\/uploads\/2020\/09\/Consell-Administracioe-09-09-2020.jpg","type":"image\/jpeg"}],"author":"Cristina Marco","twitter_card":"summary_large_image","twitter_misc":{"Written by":"Cristina Marco","Est. reading time":"2 minutes"},"schema":{"@context":"https:\/\/schema.org","@graph":[{"@type":"Article","@id":"https:\/\/www.reciplasa.es\/va\/reciplasa-acorda-sollicitar-la-suspensio-cautelar-de-la-subhasta-dels-terrenys-adjacents-a-la-seua-planta-i-demana-a-onda-analitzar-alternatives-per-a-la-seua-adquisicio\/#article","isPartOf":{"@id":"https:\/\/www.reciplasa.es\/va\/reciplasa-acorda-sollicitar-la-suspensio-cautelar-de-la-subhasta-dels-terrenys-adjacents-a-la-seua-planta-i-demana-a-onda-analitzar-alternatives-per-a-la-seua-adquisicio\/"},"author":{"name":"Cristina Marco","@id":"https:\/\/www.reciplasa.es\/#\/schema\/person\/608ffc094e3c56d49e6c6ec8f1ea0e82"},"headline":"Reciplasa acorda sol\u2022licitar la suspensi\u00f3 cautelar de la subhasta dels terrenys adjacents a la seua planta i demana a Onda analitzar alternatives per a la seua adquisici\u00f3","datePublished":"2020-09-10T06:25:53+00:00","dateModified":"2023-07-25T14:58:15+00:00","mainEntityOfPage":{"@id":"https:\/\/www.reciplasa.es\/va\/reciplasa-acorda-sollicitar-la-suspensio-cautelar-de-la-subhasta-dels-terrenys-adjacents-a-la-seua-planta-i-demana-a-onda-analitzar-alternatives-per-a-la-seua-adquisicio\/"},"wordCount":423,"image":{"@id":"https:\/\/www.reciplasa.es\/va\/reciplasa-acorda-sollicitar-la-suspensio-cautelar-de-la-subhasta-dels-terrenys-adjacents-a-la-seua-planta-i-demana-a-onda-analitzar-alternatives-per-a-la-seua-adquisicio\/#primaryimage"},"thumbnailUrl":"https:\/\/www.reciplasa.es\/wp-content\/uploads\/2020\/09\/Consell-Administracioe-09-09-2020.jpg","articleSection":["Not\u00edcies corporatives"],"inLanguage":"va-VA"},{"@type":"WebPage","@id":"https:\/\/www.reciplasa.es\/va\/reciplasa-acorda-sollicitar-la-suspensio-cautelar-de-la-subhasta-dels-terrenys-adjacents-a-la-seua-planta-i-demana-a-onda-analitzar-alternatives-per-a-la-seua-adquisicio\/","url":"https:\/\/www.reciplasa.es\/va\/reciplasa-acorda-sollicitar-la-suspensio-cautelar-de-la-subhasta-dels-terrenys-adjacents-a-la-seua-planta-i-demana-a-onda-analitzar-alternatives-per-a-la-seua-adquisicio\/","name":"Reciplasa acorda sol\u2022licitar la suspensi\u00f3 cautelar de la subhasta dels terrenys adjacents a la seua planta i demana a Onda analitzar alternatives per a la seua adquisici\u00f3 - RECIPLASA","isPartOf":{"@id":"https:\/\/www.reciplasa.es\/#website"},"primaryImageOfPage":{"@id":"https:\/\/www.reciplasa.es\/va\/reciplasa-acorda-sollicitar-la-suspensio-cautelar-de-la-subhasta-dels-terrenys-adjacents-a-la-seua-planta-i-demana-a-onda-analitzar-alternatives-per-a-la-seua-adquisicio\/#primaryimage"},"image":{"@id":"https:\/\/www.reciplasa.es\/va\/reciplasa-acorda-sollicitar-la-suspensio-cautelar-de-la-subhasta-dels-terrenys-adjacents-a-la-seua-planta-i-demana-a-onda-analitzar-alternatives-per-a-la-seua-adquisicio\/#primaryimage"},"thumbnailUrl":"https:\/\/www.reciplasa.es\/wp-content\/uploads\/2020\/09\/Consell-Administracioe-09-09-2020.jpg","datePublished":"2020-09-10T06:25:53+00:00","dateModified":"2023-07-25T14:58:15+00:00","author":{"@id":"https:\/\/www.reciplasa.es\/#\/schema\/person\/608ffc094e3c56d49e6c6ec8f1ea0e82"},"breadcrumb":{"@id":"https:\/\/www.reciplasa.es\/va\/reciplasa-acorda-sollicitar-la-suspensio-cautelar-de-la-subhasta-dels-terrenys-adjacents-a-la-seua-planta-i-demana-a-onda-analitzar-alternatives-per-a-la-seua-adquisicio\/#breadcrumb"},"inLanguage":"va-VA","potentialAction":[{"@type":"ReadAction","target":["https:\/\/www.reciplasa.es\/va\/reciplasa-acorda-sollicitar-la-suspensio-cautelar-de-la-subhasta-dels-terrenys-adjacents-a-la-seua-planta-i-demana-a-onda-analitzar-alternatives-per-a-la-seua-adquisicio\/"]}]},{"@type":"ImageObject","inLanguage":"va-VA","@id":"https:\/\/www.reciplasa.es\/va\/reciplasa-acorda-sollicitar-la-suspensio-cautelar-de-la-subhasta-dels-terrenys-adjacents-a-la-seua-planta-i-demana-a-onda-analitzar-alternatives-per-a-la-seua-adquisicio\/#primaryimage","url":"https:\/\/www.reciplasa.es\/wp-content\/uploads\/2020\/09\/Consell-Administracioe-09-09-2020.jpg","contentUrl":"https:\/\/www.reciplasa.es\/wp-content\/uploads\/2020\/09\/Consell-Administracioe-09-09-2020.jpg","width":2032,"height":1518,"caption":"reunion reciplasa 9 septiembre 2020"},{"@type":"BreadcrumbList","@id":"https:\/\/www.reciplasa.es\/va\/reciplasa-acorda-sollicitar-la-suspensio-cautelar-de-la-subhasta-dels-terrenys-adjacents-a-la-seua-planta-i-demana-a-onda-analitzar-alternatives-per-a-la-seua-adquisicio\/#breadcrumb","itemListElement":[{"@type":"ListItem","position":1,"name":"Portada","item":"https:\/\/www.reciplasa.es\/va\/"},{"@type":"ListItem","position":2,"name":"Reciplasa acorda sol\u2022licitar la suspensi\u00f3 cautelar de la subhasta dels terrenys adjacents a la seua planta i demana a Onda analitzar alternatives per a la seua adquisici\u00f3"}]},{"@type":"WebSite","@id":"https:\/\/www.reciplasa.es\/#website","url":"https:\/\/www.reciplasa.es\/","name":"RECIPLASA","description":"Reciclats de Residus La Plana SA","potentialAction":[{"@type":"SearchAction","target":{"@type":"EntryPoint","urlTemplate":"https:\/\/www.reciplasa.es\/?s={search_term_string}"},"query-input":{"@type":"PropertyValueSpecification","valueRequired":true,"valueName":"search_term_string"}}],"inLanguage":"va-VA"},{"@type":"Person","@id":"https:\/\/www.reciplasa.es\/#\/schema\/person\/608ffc094e3c56d49e6c6ec8f1ea0e82","name":"Cristina Marco","image":{"@type":"ImageObject","inLanguage":"va-VA","@id":"https:\/\/secure.gravatar.com\/avatar\/6da7e00dc41d26d3c4245f3b2d70d687293df0dfc18f03719354383f7be4f34b?s=96&d=mm&r=g","url":"https:\/\/secure.gravatar.com\/avatar\/6da7e00dc41d26d3c4245f3b2d70d687293df0dfc18f03719354383f7be4f34b?s=96&d=mm&r=g","contentUrl":"https:\/\/secure.gravatar.com\/avatar\/6da7e00dc41d26d3c4245f3b2d70d687293df0dfc18f03719354383f7be4f34b?s=96&d=mm&r=g","caption":"Cristina Marco"},"url":"https:\/\/www.reciplasa.es\/va\/author\/cristina\/"}]}},"_links":{"self":[{"href":"https:\/\/www.reciplasa.es\/va\/wp-json\/wp\/v2\/posts\/14580","targetHints":{"allow":["GET"]}}],"collection":[{"href":"https:\/\/www.reciplasa.es\/va\/wp-json\/wp\/v2\/posts"}],"about":[{"href":"https:\/\/www.reciplasa.es\/va\/wp-json\/wp\/v2\/types\/post"}],"author":[{"embeddable":true,"href":"https:\/\/www.reciplasa.es\/va\/wp-json\/wp\/v2\/users\/3"}],"replies":[{"embeddable":true,"href":"https:\/\/www.reciplasa.es\/va\/wp-json\/wp\/v2\/comments?post=14580"}],"version-history":[{"count":3,"href":"https:\/\/www.reciplasa.es\/va\/wp-json\/wp\/v2\/posts\/14580\/revisions"}],"predecessor-version":[{"id":14583,"href":"https:\/\/www.reciplasa.es\/va\/wp-json\/wp\/v2\/posts\/14580\/revisions\/14583"}],"wp:featuredmedia":[{"embeddable":true,"href":"https:\/\/www.reciplasa.es\/va\/wp-json\/wp\/v2\/media\/14573"}],"wp:attachment":[{"href":"https:\/\/www.reciplasa.es\/va\/wp-json\/wp\/v2\/media?parent=14580"}],"wp:term":[{"taxonomy":"category","embeddable":true,"href":"https:\/\/www.reciplasa.es\/va\/wp-json\/wp\/v2\/categories?post=14580"},{"taxonomy":"post_tag","embeddable":true,"href":"https:\/\/www.reciplasa.es\/va\/wp-json\/wp\/v2\/tags?post=14580"}],"curies":[{"name":"wp","href":"https:\/\/api.w.org\/{rel}","templated":true}]}}