{"id":14612,"date":"2020-11-02T07:50:31","date_gmt":"2020-11-02T07:50:31","guid":{"rendered":"http:\/\/www.reciplasa.es\/?p=14612\/"},"modified":"2020-11-02T07:53:05","modified_gmt":"2020-11-02T07:53:05","slug":"reciplasa-mante-reunions-telematiques-amb-els-grups-municipals-per-a-informar-sobre-la-seua-activitat","status":"publish","type":"post","link":"https:\/\/www.reciplasa.es\/va\/reciplasa-mante-reunions-telematiques-amb-els-grups-municipals-per-a-informar-sobre-la-seua-activitat\/","title":{"rendered":"Reciplasa mant\u00e9 reunions telem\u00e0tiques amb els grups municipals per a informar sobre la seua activitat"},"content":{"rendered":"\n<h6 class=\"wp-block-heading\"><em><span style=\"font-weight: 400;\">Ignasi Garcia dirigeix aquestes trobades virtuals davant la impossibilitat de dur a terme una reuni\u00f3 informativa com s&#8217;havia fet fins ara<\/span><\/em><\/h6>\n\n\n\n<p>L&#8217;empresa p\u00fablica de reciclatge i tractament de residus de la zona centre de la prov\u00edncia de Castell\u00f3, Reciplasa, t\u00e9 prevista una s\u00e8rie de reunions telem\u00e0tiques amb els grups municipals dels Ajuntaments de la seua \u00e0rea d&#8217;actuaci\u00f3. Fins al moment, Vila-real, Betx\u00ed i Borriana ja han participat en aquestes trobades virtuals i Castell\u00f3 i Almassora estan ja previstos, per\u00f2 la intenci\u00f3 \u00e9s anar organitzant-los amb tots els consistoris que el sol\u00b7liciten davant la impossibilitat de fer una sola trobada presencial com s&#8217;havia fet fins al moment.<\/p>\n\n\n\n<p>El president de Reciplasa, Ignasi Garcia explica que \u201cel consell d&#8217;administraci\u00f3 de Reciplasa t\u00e9 la intenci\u00f3 de ser el m\u00e9s transparent possible amb la gesti\u00f3 dels residus que duem a terme en Reciplasa, amb les despeses que suposa i l&#8217;impacte ambiental que t\u00e9 la nostra activitat. Per aix\u00f2, en nom d&#8217;aquesta gesti\u00f3, volem donar a con\u00e9ixer quina activitat du a terme Reciplasa i on s&#8217;inverteixen els impostos de la ciutadania. Els grups pol\u00edtics municipals s\u00f3n els representants leg\u00edtims de les ve\u00efnes i ve\u00efns i des de l&#8217;empresa p\u00fablica, els facilitarem tota la informaci\u00f3 que requerisquen\u201d.<\/p>\n\n\n\n<figure class=\"wp-block-image size-large\"><img loading=\"lazy\" decoding=\"async\" width=\"1024\" height=\"576\" src=\"http:\/\/www.reciplasa.es\/wp-content\/uploads\/2020\/11\/Reunio\u0301-Borriana-1024x576.png\" alt=\"\" class=\"wp-image-14606\" srcset=\"https:\/\/www.reciplasa.es\/wp-content\/uploads\/2020\/11\/Reunio\u0301-Borriana-1024x576.png 1024w, https:\/\/www.reciplasa.es\/wp-content\/uploads\/2020\/11\/Reunio\u0301-Borriana-300x169.png 300w, https:\/\/www.reciplasa.es\/wp-content\/uploads\/2020\/11\/Reunio\u0301-Borriana-768x432.png 768w, https:\/\/www.reciplasa.es\/wp-content\/uploads\/2020\/11\/Reunio\u0301-Borriana-1536x864.png 1536w, https:\/\/www.reciplasa.es\/wp-content\/uploads\/2020\/11\/Reunio\u0301-Borriana.png 1920w\" sizes=\"auto, (max-width: 1024px) 100vw, 1024px\" \/><\/figure>\n\n\n\n<p>Garcia ha explicat als representants municipals dades d&#8217;inter\u00e9s sobre l&#8217;empresa p\u00fablica de gesti\u00f3 de residus. Aix\u00ed, ha indicat que la poblaci\u00f3 que at\u00e9n Reciplasa ascendeix a aproximadament 350.000 persones, que suposen un 65% de la prov\u00edncia, i que generen una quantitat que ronda els 400.000 quilograms de residus diaris. \u201cEstem fent molt recalcament en les campanyes de conscienciaci\u00f3 per a reduir aquestes xifres de residus i que el que arribe a la planta de tractament siga all\u00f2 que ha d&#8217;arribar perqu\u00e8 tenim l&#8217;objectiu de disminuir els costos econ\u00f2mics i ecol\u00f2gics del tractament del fem\u201d, ha explicat el president.<\/p>\n\n\n\n<figure class=\"wp-block-image size-large\"><img loading=\"lazy\" decoding=\"async\" width=\"1024\" height=\"640\" src=\"http:\/\/www.reciplasa.es\/wp-content\/uploads\/2020\/11\/Reunio\u0301-Betxi\u0301-1024x640.png\" alt=\"\" class=\"wp-image-14607\" srcset=\"https:\/\/www.reciplasa.es\/wp-content\/uploads\/2020\/11\/Reunio\u0301-Betxi\u0301-1024x640.png 1024w, https:\/\/www.reciplasa.es\/wp-content\/uploads\/2020\/11\/Reunio\u0301-Betxi\u0301-300x188.png 300w, https:\/\/www.reciplasa.es\/wp-content\/uploads\/2020\/11\/Reunio\u0301-Betxi\u0301-768x480.png 768w, https:\/\/www.reciplasa.es\/wp-content\/uploads\/2020\/11\/Reunio\u0301-Betxi\u0301-1536x960.png 1536w, https:\/\/www.reciplasa.es\/wp-content\/uploads\/2020\/11\/Reunio\u0301-Betxi\u0301-2048x1280.png 2048w\" sizes=\"auto, (max-width: 1024px) 100vw, 1024px\" \/><\/figure>\n\n\n\n<p>Aix\u00ed mateix, Garcia anir\u00e0 anunciant els diferents projectes que t\u00e9 l&#8217;entitat en marxa per a la millora de les instal\u00b7lacions que suposaran una inversi\u00f3 de m\u00e9s de 40 milions d&#8217;euros per a adaptar la planta d&#8217;Onda a les normatives europees m\u00e9s exigents perqu\u00e8 aix\u00f2 comportar\u00e0 una millora en la gesti\u00f3 i reduir\u00e0 els costos econ\u00f2mics i mediambientals del tractament dels residus s\u00f2lids urbans. \u201cIntentarem resoldre els dubtes que puguen sorgir als representants de la ciutadania en cada consistori i volem explicar el proc\u00e9s de modernitzaci\u00f3 de Reciplasa que hem iniciat i que continuar\u00e0 en els pr\u00f2xims anys gr\u00e0cies a les inversions que executarem i que es duen a terme amb els c\u00e0nons que es paguen des dels Ajuntaments\u201d, conclou el president.<\/p>\n","protected":false},"excerpt":{"rendered":"<p>Ignasi Garcia dirigeix aquestes trobades virtuals davant la impossibilitat de dur a terme una reuni\u00f3 informativa com s&#8217;havia fet fins ara L&#8217;empresa p\u00fablica de reciclatge i tractament de residus de la zona centre de la prov\u00edncia de Castell\u00f3, Reciplasa, t\u00e9 prevista una s\u00e8rie de reunions telem\u00e0tiques amb els grups municipals dels Ajuntaments de la seuaDale que hay m\u00e1s &#8230;<\/p>\n","protected":false},"author":3,"featured_media":14605,"comment_status":"closed","ping_status":"closed","sticky":false,"template":"","format":"standard","meta":{"footnotes":""},"categories":[87],"tags":[],"class_list":["post-14612","post","type-post","status-publish","format-standard","has-post-thumbnail","hentry","category-noticies-corporatives"],"yoast_head":"<!-- This site is optimized with the Yoast SEO plugin v27.4 - https:\/\/yoast.com\/product\/yoast-seo-wordpress\/ -->\n<title>Reciplasa mant\u00e9 reunions telem\u00e0tiques amb els grups municipals per a informar sobre la seua activitat - RECIPLASA<\/title>\n<meta name=\"robots\" content=\"index, follow, max-snippet:-1, max-image-preview:large, max-video-preview:-1\" \/>\n<link rel=\"canonical\" href=\"https:\/\/www.reciplasa.es\/va\/reciplasa-mante-reunions-telematiques-amb-els-grups-municipals-per-a-informar-sobre-la-seua-activitat\/\" \/>\n<meta property=\"og:locale\" content=\"en_US\" \/>\n<meta property=\"og:type\" content=\"article\" \/>\n<meta property=\"og:title\" content=\"Reciplasa mant\u00e9 reunions telem\u00e0tiques amb els grups municipals per a informar sobre la seua activitat - RECIPLASA\" \/>\n<meta property=\"og:description\" content=\"Ignasi Garcia dirigeix aquestes trobades virtuals davant la impossibilitat de dur a terme una reuni\u00f3 informativa com s&#8217;havia fet fins ara L&#8217;empresa p\u00fablica de reciclatge i tractament de residus de la zona centre de la prov\u00edncia de Castell\u00f3, Reciplasa, t\u00e9 prevista una s\u00e8rie de reunions telem\u00e0tiques amb els grups municipals dels Ajuntaments de la seuaDale que hay m\u00e1s ...\" \/>\n<meta property=\"og:url\" content=\"https:\/\/www.reciplasa.es\/va\/reciplasa-mante-reunions-telematiques-amb-els-grups-municipals-per-a-informar-sobre-la-seua-activitat\/\" \/>\n<meta property=\"og:site_name\" content=\"RECIPLASA\" \/>\n<meta property=\"article:published_time\" content=\"2020-11-02T07:50:31+00:00\" \/>\n<meta property=\"article:modified_time\" content=\"2020-11-02T07:53:05+00:00\" \/>\n<meta property=\"og:image\" content=\"https:\/\/www.reciplasa.es\/wp-content\/uploads\/2020\/11\/Reunio-Vila-real.jpg\" \/>\n\t<meta property=\"og:image:width\" content=\"1314\" \/>\n\t<meta property=\"og:image:height\" content=\"741\" \/>\n\t<meta property=\"og:image:type\" content=\"image\/jpeg\" \/>\n<meta name=\"author\" content=\"Cristina Marco\" \/>\n<meta name=\"twitter:card\" content=\"summary_large_image\" \/>\n<meta name=\"twitter:label1\" content=\"Written by\" \/>\n\t<meta name=\"twitter:data1\" content=\"Cristina Marco\" \/>\n\t<meta name=\"twitter:label2\" content=\"Est. reading time\" \/>\n\t<meta name=\"twitter:data2\" content=\"2 minutes\" \/>\n<script type=\"application\/ld+json\" class=\"yoast-schema-graph\">{\"@context\":\"https:\\\/\\\/schema.org\",\"@graph\":[{\"@type\":\"Article\",\"@id\":\"https:\\\/\\\/www.reciplasa.es\\\/va\\\/reciplasa-mante-reunions-telematiques-amb-els-grups-municipals-per-a-informar-sobre-la-seua-activitat\\\/#article\",\"isPartOf\":{\"@id\":\"https:\\\/\\\/www.reciplasa.es\\\/va\\\/reciplasa-mante-reunions-telematiques-amb-els-grups-municipals-per-a-informar-sobre-la-seua-activitat\\\/\"},\"author\":{\"name\":\"Cristina Marco\",\"@id\":\"https:\\\/\\\/www.reciplasa.es\\\/#\\\/schema\\\/person\\\/608ffc094e3c56d49e6c6ec8f1ea0e82\"},\"headline\":\"Reciplasa mant\u00e9 reunions telem\u00e0tiques amb els grups municipals per a informar sobre la seua activitat\",\"datePublished\":\"2020-11-02T07:50:31+00:00\",\"dateModified\":\"2020-11-02T07:53:05+00:00\",\"mainEntityOfPage\":{\"@id\":\"https:\\\/\\\/www.reciplasa.es\\\/va\\\/reciplasa-mante-reunions-telematiques-amb-els-grups-municipals-per-a-informar-sobre-la-seua-activitat\\\/\"},\"wordCount\":476,\"image\":{\"@id\":\"https:\\\/\\\/www.reciplasa.es\\\/va\\\/reciplasa-mante-reunions-telematiques-amb-els-grups-municipals-per-a-informar-sobre-la-seua-activitat\\\/#primaryimage\"},\"thumbnailUrl\":\"https:\\\/\\\/www.reciplasa.es\\\/wp-content\\\/uploads\\\/2020\\\/11\\\/Reunio-Vila-real.jpg\",\"articleSection\":[\"Not\u00edcies corporatives\"],\"inLanguage\":\"va-VA\"},{\"@type\":\"WebPage\",\"@id\":\"https:\\\/\\\/www.reciplasa.es\\\/va\\\/reciplasa-mante-reunions-telematiques-amb-els-grups-municipals-per-a-informar-sobre-la-seua-activitat\\\/\",\"url\":\"https:\\\/\\\/www.reciplasa.es\\\/va\\\/reciplasa-mante-reunions-telematiques-amb-els-grups-municipals-per-a-informar-sobre-la-seua-activitat\\\/\",\"name\":\"Reciplasa mant\u00e9 reunions telem\u00e0tiques amb els grups municipals per a informar sobre la seua activitat - RECIPLASA\",\"isPartOf\":{\"@id\":\"https:\\\/\\\/www.reciplasa.es\\\/#website\"},\"primaryImageOfPage\":{\"@id\":\"https:\\\/\\\/www.reciplasa.es\\\/va\\\/reciplasa-mante-reunions-telematiques-amb-els-grups-municipals-per-a-informar-sobre-la-seua-activitat\\\/#primaryimage\"},\"image\":{\"@id\":\"https:\\\/\\\/www.reciplasa.es\\\/va\\\/reciplasa-mante-reunions-telematiques-amb-els-grups-municipals-per-a-informar-sobre-la-seua-activitat\\\/#primaryimage\"},\"thumbnailUrl\":\"https:\\\/\\\/www.reciplasa.es\\\/wp-content\\\/uploads\\\/2020\\\/11\\\/Reunio-Vila-real.jpg\",\"datePublished\":\"2020-11-02T07:50:31+00:00\",\"dateModified\":\"2020-11-02T07:53:05+00:00\",\"author\":{\"@id\":\"https:\\\/\\\/www.reciplasa.es\\\/#\\\/schema\\\/person\\\/608ffc094e3c56d49e6c6ec8f1ea0e82\"},\"breadcrumb\":{\"@id\":\"https:\\\/\\\/www.reciplasa.es\\\/va\\\/reciplasa-mante-reunions-telematiques-amb-els-grups-municipals-per-a-informar-sobre-la-seua-activitat\\\/#breadcrumb\"},\"inLanguage\":\"va-VA\",\"potentialAction\":[{\"@type\":\"ReadAction\",\"target\":[\"https:\\\/\\\/www.reciplasa.es\\\/va\\\/reciplasa-mante-reunions-telematiques-amb-els-grups-municipals-per-a-informar-sobre-la-seua-activitat\\\/\"]}]},{\"@type\":\"ImageObject\",\"inLanguage\":\"va-VA\",\"@id\":\"https:\\\/\\\/www.reciplasa.es\\\/va\\\/reciplasa-mante-reunions-telematiques-amb-els-grups-municipals-per-a-informar-sobre-la-seua-activitat\\\/#primaryimage\",\"url\":\"https:\\\/\\\/www.reciplasa.es\\\/wp-content\\\/uploads\\\/2020\\\/11\\\/Reunio-Vila-real.jpg\",\"contentUrl\":\"https:\\\/\\\/www.reciplasa.es\\\/wp-content\\\/uploads\\\/2020\\\/11\\\/Reunio-Vila-real.jpg\",\"width\":1314,\"height\":741},{\"@type\":\"BreadcrumbList\",\"@id\":\"https:\\\/\\\/www.reciplasa.es\\\/va\\\/reciplasa-mante-reunions-telematiques-amb-els-grups-municipals-per-a-informar-sobre-la-seua-activitat\\\/#breadcrumb\",\"itemListElement\":[{\"@type\":\"ListItem\",\"position\":1,\"name\":\"Portada\",\"item\":\"https:\\\/\\\/www.reciplasa.es\\\/va\\\/\"},{\"@type\":\"ListItem\",\"position\":2,\"name\":\"Reciplasa mant\u00e9 reunions telem\u00e0tiques amb els grups municipals per a informar sobre la seua activitat\"}]},{\"@type\":\"WebSite\",\"@id\":\"https:\\\/\\\/www.reciplasa.es\\\/#website\",\"url\":\"https:\\\/\\\/www.reciplasa.es\\\/\",\"name\":\"RECIPLASA\",\"description\":\"Reciclats de Residus La Plana SA\",\"potentialAction\":[{\"@type\":\"SearchAction\",\"target\":{\"@type\":\"EntryPoint\",\"urlTemplate\":\"https:\\\/\\\/www.reciplasa.es\\\/?s={search_term_string}\"},\"query-input\":{\"@type\":\"PropertyValueSpecification\",\"valueRequired\":true,\"valueName\":\"search_term_string\"}}],\"inLanguage\":\"va-VA\"},{\"@type\":\"Person\",\"@id\":\"https:\\\/\\\/www.reciplasa.es\\\/#\\\/schema\\\/person\\\/608ffc094e3c56d49e6c6ec8f1ea0e82\",\"name\":\"Cristina Marco\",\"image\":{\"@type\":\"ImageObject\",\"inLanguage\":\"va-VA\",\"@id\":\"https:\\\/\\\/secure.gravatar.com\\\/avatar\\\/6da7e00dc41d26d3c4245f3b2d70d687293df0dfc18f03719354383f7be4f34b?s=96&d=mm&r=g\",\"url\":\"https:\\\/\\\/secure.gravatar.com\\\/avatar\\\/6da7e00dc41d26d3c4245f3b2d70d687293df0dfc18f03719354383f7be4f34b?s=96&d=mm&r=g\",\"contentUrl\":\"https:\\\/\\\/secure.gravatar.com\\\/avatar\\\/6da7e00dc41d26d3c4245f3b2d70d687293df0dfc18f03719354383f7be4f34b?s=96&d=mm&r=g\",\"caption\":\"Cristina Marco\"},\"url\":\"https:\\\/\\\/www.reciplasa.es\\\/va\\\/author\\\/cristina\\\/\"}]}<\/script>\n<!-- \/ Yoast SEO plugin. -->","yoast_head_json":{"title":"Reciplasa mant\u00e9 reunions telem\u00e0tiques amb els grups municipals per a informar sobre la seua activitat - RECIPLASA","robots":{"index":"index","follow":"follow","max-snippet":"max-snippet:-1","max-image-preview":"max-image-preview:large","max-video-preview":"max-video-preview:-1"},"canonical":"https:\/\/www.reciplasa.es\/va\/reciplasa-mante-reunions-telematiques-amb-els-grups-municipals-per-a-informar-sobre-la-seua-activitat\/","og_locale":"en_US","og_type":"article","og_title":"Reciplasa mant\u00e9 reunions telem\u00e0tiques amb els grups municipals per a informar sobre la seua activitat - RECIPLASA","og_description":"Ignasi Garcia dirigeix aquestes trobades virtuals davant la impossibilitat de dur a terme una reuni\u00f3 informativa com s&#8217;havia fet fins ara L&#8217;empresa p\u00fablica de reciclatge i tractament de residus de la zona centre de la prov\u00edncia de Castell\u00f3, Reciplasa, t\u00e9 prevista una s\u00e8rie de reunions telem\u00e0tiques amb els grups municipals dels Ajuntaments de la seuaDale que hay m\u00e1s ...","og_url":"https:\/\/www.reciplasa.es\/va\/reciplasa-mante-reunions-telematiques-amb-els-grups-municipals-per-a-informar-sobre-la-seua-activitat\/","og_site_name":"RECIPLASA","article_published_time":"2020-11-02T07:50:31+00:00","article_modified_time":"2020-11-02T07:53:05+00:00","og_image":[{"width":1314,"height":741,"url":"https:\/\/www.reciplasa.es\/wp-content\/uploads\/2020\/11\/Reunio-Vila-real.jpg","type":"image\/jpeg"}],"author":"Cristina Marco","twitter_card":"summary_large_image","twitter_misc":{"Written by":"Cristina Marco","Est. reading time":"2 minutes"},"schema":{"@context":"https:\/\/schema.org","@graph":[{"@type":"Article","@id":"https:\/\/www.reciplasa.es\/va\/reciplasa-mante-reunions-telematiques-amb-els-grups-municipals-per-a-informar-sobre-la-seua-activitat\/#article","isPartOf":{"@id":"https:\/\/www.reciplasa.es\/va\/reciplasa-mante-reunions-telematiques-amb-els-grups-municipals-per-a-informar-sobre-la-seua-activitat\/"},"author":{"name":"Cristina Marco","@id":"https:\/\/www.reciplasa.es\/#\/schema\/person\/608ffc094e3c56d49e6c6ec8f1ea0e82"},"headline":"Reciplasa mant\u00e9 reunions telem\u00e0tiques amb els grups municipals per a informar sobre la seua activitat","datePublished":"2020-11-02T07:50:31+00:00","dateModified":"2020-11-02T07:53:05+00:00","mainEntityOfPage":{"@id":"https:\/\/www.reciplasa.es\/va\/reciplasa-mante-reunions-telematiques-amb-els-grups-municipals-per-a-informar-sobre-la-seua-activitat\/"},"wordCount":476,"image":{"@id":"https:\/\/www.reciplasa.es\/va\/reciplasa-mante-reunions-telematiques-amb-els-grups-municipals-per-a-informar-sobre-la-seua-activitat\/#primaryimage"},"thumbnailUrl":"https:\/\/www.reciplasa.es\/wp-content\/uploads\/2020\/11\/Reunio-Vila-real.jpg","articleSection":["Not\u00edcies corporatives"],"inLanguage":"va-VA"},{"@type":"WebPage","@id":"https:\/\/www.reciplasa.es\/va\/reciplasa-mante-reunions-telematiques-amb-els-grups-municipals-per-a-informar-sobre-la-seua-activitat\/","url":"https:\/\/www.reciplasa.es\/va\/reciplasa-mante-reunions-telematiques-amb-els-grups-municipals-per-a-informar-sobre-la-seua-activitat\/","name":"Reciplasa mant\u00e9 reunions telem\u00e0tiques amb els grups municipals per a informar sobre la seua activitat - RECIPLASA","isPartOf":{"@id":"https:\/\/www.reciplasa.es\/#website"},"primaryImageOfPage":{"@id":"https:\/\/www.reciplasa.es\/va\/reciplasa-mante-reunions-telematiques-amb-els-grups-municipals-per-a-informar-sobre-la-seua-activitat\/#primaryimage"},"image":{"@id":"https:\/\/www.reciplasa.es\/va\/reciplasa-mante-reunions-telematiques-amb-els-grups-municipals-per-a-informar-sobre-la-seua-activitat\/#primaryimage"},"thumbnailUrl":"https:\/\/www.reciplasa.es\/wp-content\/uploads\/2020\/11\/Reunio-Vila-real.jpg","datePublished":"2020-11-02T07:50:31+00:00","dateModified":"2020-11-02T07:53:05+00:00","author":{"@id":"https:\/\/www.reciplasa.es\/#\/schema\/person\/608ffc094e3c56d49e6c6ec8f1ea0e82"},"breadcrumb":{"@id":"https:\/\/www.reciplasa.es\/va\/reciplasa-mante-reunions-telematiques-amb-els-grups-municipals-per-a-informar-sobre-la-seua-activitat\/#breadcrumb"},"inLanguage":"va-VA","potentialAction":[{"@type":"ReadAction","target":["https:\/\/www.reciplasa.es\/va\/reciplasa-mante-reunions-telematiques-amb-els-grups-municipals-per-a-informar-sobre-la-seua-activitat\/"]}]},{"@type":"ImageObject","inLanguage":"va-VA","@id":"https:\/\/www.reciplasa.es\/va\/reciplasa-mante-reunions-telematiques-amb-els-grups-municipals-per-a-informar-sobre-la-seua-activitat\/#primaryimage","url":"https:\/\/www.reciplasa.es\/wp-content\/uploads\/2020\/11\/Reunio-Vila-real.jpg","contentUrl":"https:\/\/www.reciplasa.es\/wp-content\/uploads\/2020\/11\/Reunio-Vila-real.jpg","width":1314,"height":741},{"@type":"BreadcrumbList","@id":"https:\/\/www.reciplasa.es\/va\/reciplasa-mante-reunions-telematiques-amb-els-grups-municipals-per-a-informar-sobre-la-seua-activitat\/#breadcrumb","itemListElement":[{"@type":"ListItem","position":1,"name":"Portada","item":"https:\/\/www.reciplasa.es\/va\/"},{"@type":"ListItem","position":2,"name":"Reciplasa mant\u00e9 reunions telem\u00e0tiques amb els grups municipals per a informar sobre la seua activitat"}]},{"@type":"WebSite","@id":"https:\/\/www.reciplasa.es\/#website","url":"https:\/\/www.reciplasa.es\/","name":"RECIPLASA","description":"Reciclats de Residus La Plana SA","potentialAction":[{"@type":"SearchAction","target":{"@type":"EntryPoint","urlTemplate":"https:\/\/www.reciplasa.es\/?s={search_term_string}"},"query-input":{"@type":"PropertyValueSpecification","valueRequired":true,"valueName":"search_term_string"}}],"inLanguage":"va-VA"},{"@type":"Person","@id":"https:\/\/www.reciplasa.es\/#\/schema\/person\/608ffc094e3c56d49e6c6ec8f1ea0e82","name":"Cristina Marco","image":{"@type":"ImageObject","inLanguage":"va-VA","@id":"https:\/\/secure.gravatar.com\/avatar\/6da7e00dc41d26d3c4245f3b2d70d687293df0dfc18f03719354383f7be4f34b?s=96&d=mm&r=g","url":"https:\/\/secure.gravatar.com\/avatar\/6da7e00dc41d26d3c4245f3b2d70d687293df0dfc18f03719354383f7be4f34b?s=96&d=mm&r=g","contentUrl":"https:\/\/secure.gravatar.com\/avatar\/6da7e00dc41d26d3c4245f3b2d70d687293df0dfc18f03719354383f7be4f34b?s=96&d=mm&r=g","caption":"Cristina Marco"},"url":"https:\/\/www.reciplasa.es\/va\/author\/cristina\/"}]}},"_links":{"self":[{"href":"https:\/\/www.reciplasa.es\/va\/wp-json\/wp\/v2\/posts\/14612","targetHints":{"allow":["GET"]}}],"collection":[{"href":"https:\/\/www.reciplasa.es\/va\/wp-json\/wp\/v2\/posts"}],"about":[{"href":"https:\/\/www.reciplasa.es\/va\/wp-json\/wp\/v2\/types\/post"}],"author":[{"embeddable":true,"href":"https:\/\/www.reciplasa.es\/va\/wp-json\/wp\/v2\/users\/3"}],"replies":[{"embeddable":true,"href":"https:\/\/www.reciplasa.es\/va\/wp-json\/wp\/v2\/comments?post=14612"}],"version-history":[{"count":1,"href":"https:\/\/www.reciplasa.es\/va\/wp-json\/wp\/v2\/posts\/14612\/revisions"}],"predecessor-version":[{"id":14613,"href":"https:\/\/www.reciplasa.es\/va\/wp-json\/wp\/v2\/posts\/14612\/revisions\/14613"}],"wp:featuredmedia":[{"embeddable":true,"href":"https:\/\/www.reciplasa.es\/va\/wp-json\/wp\/v2\/media\/14605"}],"wp:attachment":[{"href":"https:\/\/www.reciplasa.es\/va\/wp-json\/wp\/v2\/media?parent=14612"}],"wp:term":[{"taxonomy":"category","embeddable":true,"href":"https:\/\/www.reciplasa.es\/va\/wp-json\/wp\/v2\/categories?post=14612"},{"taxonomy":"post_tag","embeddable":true,"href":"https:\/\/www.reciplasa.es\/va\/wp-json\/wp\/v2\/tags?post=14612"}],"curies":[{"name":"wp","href":"https:\/\/api.w.org\/{rel}","templated":true}]}}