{"id":14628,"date":"2020-11-13T13:32:27","date_gmt":"2020-11-13T13:32:27","guid":{"rendered":"http:\/\/www.reciplasa.es\/?p=14628\/"},"modified":"2023-07-25T14:59:48","modified_gmt":"2023-07-25T14:59:48","slug":"la-catedra-reciplasa-de-gestio-de-residus-urbans-de-luji-lliura-els-premis-que-fem-amb-el-fem-2020","status":"publish","type":"post","link":"https:\/\/www.reciplasa.es\/va\/la-catedra-reciplasa-de-gestio-de-residus-urbans-de-luji-lliura-els-premis-que-fem-amb-el-fem-2020\/","title":{"rendered":"La C\u00e0tedra Reciplasa de Gesti\u00f3 de Residus Urbans de l&#8217;UJI lliura els premis \u00abQu\u00e8 fem amb el fem?\u00bb 2020"},"content":{"rendered":"<h6><em><span style=\"font-weight: 400;\">La C\u00e0tedra Reciplasa i el Seminari d&#8217;Educaci\u00f3 Ambiental de Castell\u00f3 reconeixen el treball de cinc centres educatius de la prov\u00edncia en l&#8217;educaci\u00f3 i conscienciaci\u00f3 sobre la correcta gesti\u00f3 dels residus urbans<\/span><\/em><\/h6>\r\n\r\n\r\nLa C\u00e0tedra UJI-Reciplasa de Gesti\u00f3 de Residus S\u00f2lids Urbans en col\u00b7laboraci\u00f3 amb el Seminari d&#8217;Educaci\u00f3 Ambiental de Castell\u00f3 han organitzat un any m\u00e9s el concurs escolar \u00abQu\u00e8 fem amb el fem?\u00bb, que premia els millors projectes d&#8217;educaci\u00f3 mediambiental des de l&#8217;educaci\u00f3 infantil fins a l&#8217;educaci\u00f3 especial passant per prim\u00e0ria i secund\u00e0ria. El president de Reciplasa, Ignasi Garcia, explica que \u201caquest concurs tracta fomentar l\u2019educaci\u00f3 mediambiental, ja que no tenim un planeta b i hem de con\u00e9ixer l\u2019impacte dels nostres residus. Els alumnes han demostrat amb els seus treballs f\u00f2rmules de com podem fer-ho\u201d.\r\n\r\nGarcia i el catedr\u00e0tic de l&#8217;UJI F\u00e9lix Hern\u00e1ndez, director de la c\u00e0tedra Reciplasa, van ressaltar en el lliurament de premis celebrat el passat 12 de novembre la particularitat d&#8217;aquesta edici\u00f3 del concurs, que va haver de posposar el seu lliurament de premis previst per al mes de juny passat a causa de la COVID-19. Malgrat les dificultats del curs anterior, es van rebre 13 projectes educatius, dels quals alguns van ser duts a terme durant el confinament. A l&#8217;acte de lliurament van assistir tamb\u00e9, Jes\u00fas Lancis, vicerector d&#8217;investigaci\u00f3 de l&#8217;UJI, Fernando Albarr\u00e1n, director t\u00e8cnic de Reciplasa i M. Josep Safont, alcaldessa de Borriana.\r\n\r\n<a href=\"http:\/\/www.reciplasa.es\/wp-content\/uploads\/2020\/11\/PremisReciplasa2020-17-scaled.jpg\" rel=\"lightbox[14628]\"><img loading=\"lazy\" decoding=\"async\" class=\"aligncenter wp-image-14626 size-large\" src=\"http:\/\/www.reciplasa.es\/wp-content\/uploads\/2020\/11\/PremisReciplasa2020-17-1024x683.jpg\" alt=\"\" width=\"800\" height=\"534\" srcset=\"https:\/\/www.reciplasa.es\/wp-content\/uploads\/2020\/11\/PremisReciplasa2020-17-1024x683.jpg 1024w, https:\/\/www.reciplasa.es\/wp-content\/uploads\/2020\/11\/PremisReciplasa2020-17-300x200.jpg 300w, https:\/\/www.reciplasa.es\/wp-content\/uploads\/2020\/11\/PremisReciplasa2020-17-768x512.jpg 768w, https:\/\/www.reciplasa.es\/wp-content\/uploads\/2020\/11\/PremisReciplasa2020-17-1536x1024.jpg 1536w, https:\/\/www.reciplasa.es\/wp-content\/uploads\/2020\/11\/PremisReciplasa2020-17-2048x1365.jpg 2048w\" sizes=\"auto, (max-width: 800px) 100vw, 800px\" \/><\/a>\r\n\r\nEs van premiar quatre projectes, i es va atorgar un esment especial. En la categoria d&#8217;<strong>educaci\u00f3 infanti<\/strong>l, es va premiar el projecte \u00abJuguem i Reciclem en temps de confinament\u00bb, coordinat per la professora Inma Tirado del col\u00b7legi <strong>Lope de Castell\u00f3<\/strong>. En el cas d<strong>&#8216;educaci\u00f3 prim\u00e0ria<\/strong>, el projecte premiat va ser \u00ab Guardians i Guardianes del Planeta\u00bb coordinat per la professora Virginia Gavald\u00e1 del <strong>CEIP Lope de Vega de Nules<\/strong>. En <strong>ESO<\/strong>, es va premiar el projecte \u00abINVERCD\u00bb coordinat pel professor \u00d3scar Mart\u00ed del <strong>Col\u00b7legi Villa F\u00e1tima de Borriana<\/strong>. I, finalment, en la categoria d&#8217;<strong>educaci\u00f3 especial<\/strong> es va premiar al projecte \u00abPatio Reciclado\u00bb coordinat per la professora Julia Peris Trias del <strong>Centre d&#8217;Educaci\u00f3 Especial \u00abPenyeta Roja\u00bb<\/strong>. A m\u00e9s, la C\u00e0tedra Reciplasa va voler recon\u00e9ixer l&#8217;esfor\u00e7 del projecte internacional \u00abECOBRICKS: The best way to reuse light plastics and build houses\u00bb en el qual participa l&#8217;<strong>IES Polit\u00e8cnic de Castell\u00f3<\/strong>, amb M. \u00c1ngeles Sos com a coordinadora, amb un <strong>Esment Especial a la Internacionalitat<\/strong>.\r\n\r\nEl president agraeix \u201cla implicaci\u00f3 del professorat en formar persones respectuoses amb el medi ambient i aix\u00ed crear una societat m\u00e9s sostenible, perqu\u00e8 l\u2019educaci\u00f3 \u00e9s la clau per a aconseguir-ho. A banda de l\u2019esfor\u00e7 extra que han hagut de fer durant aquest \u00faltim curs per a dur endavant els diferents treballs, tant els que han sigut premiats com els que no, i per treure endavant una situaci\u00f3 complicada per la pand\u00e8mia i les dificultats en les que ens ha posat\u201d.\r\n\r\nL&#8217;acte de lliurament dels corresponents diplomes va haver de veure&#8217;s adaptat respecte a anteriors edicions, perqu\u00e8 la situaci\u00f3 sanit\u00e0ria actual no va permetre que f\u00f3ra l&#8217;estudiantat el que recollira els premis sin\u00f3 el seu professorat. Des de la C\u00e0tedra Reciplasa es destaca que l&#8217;alumnat dels centres \u00e9s l&#8217;\u00e0nima d&#8217;aquest concurs i, per aix\u00f2, agraeix l&#8217;esfor\u00e7 tant als premiats com a la resta de participants per lluitar i perseverar en la cerca de solucions als problemes ambientals.\r\n\r\n<div id=\"attachment_14620\" style=\"width: 810px\" class=\"wp-caption alignleft\"><a href=\"http:\/\/www.reciplasa.es\/wp-content\/uploads\/2020\/11\/PremisReciplasa2020-16-educacion-especial-scaled.jpg\" rel=\"lightbox[14628]\"><img loading=\"lazy\" decoding=\"async\" aria-describedby=\"caption-attachment-14620\" class=\"wp-image-14620 size-large\" src=\"http:\/\/www.reciplasa.es\/wp-content\/uploads\/2020\/11\/PremisReciplasa2020-16-educacion-especial-1024x683.jpg\" alt=\"Premio al Centro de Educaci\u00f3n Especial \u00abPenyeta Roja\u00bb. en la categoria de educaci\u00f3n especial\" width=\"800\" height=\"534\" srcset=\"https:\/\/www.reciplasa.es\/wp-content\/uploads\/2020\/11\/PremisReciplasa2020-16-educacion-especial-1024x683.jpg 1024w, https:\/\/www.reciplasa.es\/wp-content\/uploads\/2020\/11\/PremisReciplasa2020-16-educacion-especial-300x200.jpg 300w, https:\/\/www.reciplasa.es\/wp-content\/uploads\/2020\/11\/PremisReciplasa2020-16-educacion-especial-768x512.jpg 768w, https:\/\/www.reciplasa.es\/wp-content\/uploads\/2020\/11\/PremisReciplasa2020-16-educacion-especial-1536x1024.jpg 1536w, https:\/\/www.reciplasa.es\/wp-content\/uploads\/2020\/11\/PremisReciplasa2020-16-educacion-especial-2048x1365.jpg 2048w\" sizes=\"auto, (max-width: 800px) 100vw, 800px\" \/><\/a><p id=\"caption-attachment-14620\" class=\"wp-caption-text\">Premi al Centre d&#8217;Educaci\u00f3 Especial \u00abPenyeta Roja\u00bb en la categoria d&#8217;educaci\u00f3 especial<\/p><\/div>\r\n\r\n<div id=\"attachment_14619\" style=\"width: 810px\" class=\"wp-caption alignleft\"><a href=\"http:\/\/www.reciplasa.es\/wp-content\/uploads\/2020\/11\/PremisReciplasa2020-15-educacion-secundaria-scaled.jpg\" rel=\"lightbox[14628]\"><img loading=\"lazy\" decoding=\"async\" aria-describedby=\"caption-attachment-14619\" class=\"wp-image-14619 size-large\" src=\"http:\/\/www.reciplasa.es\/wp-content\/uploads\/2020\/11\/PremisReciplasa2020-15-educacion-secundaria-1024x683.jpg\" alt=\"Premio al colegio Villa F\u00e1tima en la categoria de eduaci\u00f3n secundaria\" width=\"800\" height=\"534\" srcset=\"https:\/\/www.reciplasa.es\/wp-content\/uploads\/2020\/11\/PremisReciplasa2020-15-educacion-secundaria-1024x683.jpg 1024w, https:\/\/www.reciplasa.es\/wp-content\/uploads\/2020\/11\/PremisReciplasa2020-15-educacion-secundaria-300x200.jpg 300w, https:\/\/www.reciplasa.es\/wp-content\/uploads\/2020\/11\/PremisReciplasa2020-15-educacion-secundaria-768x512.jpg 768w, https:\/\/www.reciplasa.es\/wp-content\/uploads\/2020\/11\/PremisReciplasa2020-15-educacion-secundaria-1536x1024.jpg 1536w, https:\/\/www.reciplasa.es\/wp-content\/uploads\/2020\/11\/PremisReciplasa2020-15-educacion-secundaria-2048x1365.jpg 2048w\" sizes=\"auto, (max-width: 800px) 100vw, 800px\" \/><\/a><p id=\"caption-attachment-14619\" class=\"wp-caption-text\">Premi al col\u00b7legi Vila F\u00e1tima en la categoria d&#8217;educaci\u00f3 secund\u00e0ria<\/p><\/div>\r\n\r\n<div id=\"attachment_14618\" style=\"width: 810px\" class=\"wp-caption alignleft\"><a href=\"http:\/\/www.reciplasa.es\/wp-content\/uploads\/2020\/11\/PremisReciplasa2020-14-educacion-primaria-scaled.jpg\" rel=\"lightbox[14628]\"><img loading=\"lazy\" decoding=\"async\" aria-describedby=\"caption-attachment-14618\" class=\"wp-image-14618 size-large\" src=\"http:\/\/www.reciplasa.es\/wp-content\/uploads\/2020\/11\/PremisReciplasa2020-14-educacion-primaria-1024x683.jpg\" alt=\"Premio al CEIP Lope de Vega de Nules en la categoria de educaci\u00f3n primaria\" width=\"800\" height=\"534\" srcset=\"https:\/\/www.reciplasa.es\/wp-content\/uploads\/2020\/11\/PremisReciplasa2020-14-educacion-primaria-1024x683.jpg 1024w, https:\/\/www.reciplasa.es\/wp-content\/uploads\/2020\/11\/PremisReciplasa2020-14-educacion-primaria-300x200.jpg 300w, https:\/\/www.reciplasa.es\/wp-content\/uploads\/2020\/11\/PremisReciplasa2020-14-educacion-primaria-768x512.jpg 768w, https:\/\/www.reciplasa.es\/wp-content\/uploads\/2020\/11\/PremisReciplasa2020-14-educacion-primaria-1536x1024.jpg 1536w, https:\/\/www.reciplasa.es\/wp-content\/uploads\/2020\/11\/PremisReciplasa2020-14-educacion-primaria-2048x1365.jpg 2048w\" sizes=\"auto, (max-width: 800px) 100vw, 800px\" \/><\/a><p id=\"caption-attachment-14618\" class=\"wp-caption-text\">Premi al CEIP Lope de Vega de Nules en la categoria d&#8217;educaci\u00f3 prim\u00e0ria<\/p><\/div>\r\n\r\n<div id=\"attachment_14617\" style=\"width: 810px\" class=\"wp-caption alignleft\"><a href=\"http:\/\/www.reciplasa.es\/wp-content\/uploads\/2020\/11\/PremisReciplasa2020-13-educacion-infantil-scaled.jpg\" rel=\"lightbox[14628]\"><img loading=\"lazy\" decoding=\"async\" aria-describedby=\"caption-attachment-14617\" class=\"wp-image-14617 size-large\" src=\"http:\/\/www.reciplasa.es\/wp-content\/uploads\/2020\/11\/PremisReciplasa2020-13-educacion-infantil-1024x683.jpg\" alt=\"Premio al Lope de Castell\u00f3 en la categoria de educaci\u00f3n infantil\" width=\"800\" height=\"534\" srcset=\"https:\/\/www.reciplasa.es\/wp-content\/uploads\/2020\/11\/PremisReciplasa2020-13-educacion-infantil-1024x683.jpg 1024w, https:\/\/www.reciplasa.es\/wp-content\/uploads\/2020\/11\/PremisReciplasa2020-13-educacion-infantil-300x200.jpg 300w, https:\/\/www.reciplasa.es\/wp-content\/uploads\/2020\/11\/PremisReciplasa2020-13-educacion-infantil-768x512.jpg 768w, https:\/\/www.reciplasa.es\/wp-content\/uploads\/2020\/11\/PremisReciplasa2020-13-educacion-infantil-1536x1024.jpg 1536w, https:\/\/www.reciplasa.es\/wp-content\/uploads\/2020\/11\/PremisReciplasa2020-13-educacion-infantil-2048x1365.jpg 2048w\" sizes=\"auto, (max-width: 800px) 100vw, 800px\" \/><\/a><p id=\"caption-attachment-14617\" class=\"wp-caption-text\">Premi al Lope de Castell\u00f3 en la categoria d&#8217;educaci\u00f3 infantil<\/p><\/div>\r\n\r\n<div id=\"attachment_14616\" style=\"width: 810px\" class=\"wp-caption alignleft\"><a href=\"http:\/\/www.reciplasa.es\/wp-content\/uploads\/2020\/11\/PremisReciplasa2020-12-mencion-especial-scaled.jpg\" rel=\"lightbox[14628]\"><img loading=\"lazy\" decoding=\"async\" aria-describedby=\"caption-attachment-14616\" class=\"wp-image-14616 size-large\" src=\"http:\/\/www.reciplasa.es\/wp-content\/uploads\/2020\/11\/PremisReciplasa2020-12-mencion-especial-1024x683.jpg\" alt=\"Menci\u00f3n especial al IES Polit\u00e9cnico de Castell\u00f3\" width=\"800\" height=\"534\" srcset=\"https:\/\/www.reciplasa.es\/wp-content\/uploads\/2020\/11\/PremisReciplasa2020-12-mencion-especial-1024x683.jpg 1024w, https:\/\/www.reciplasa.es\/wp-content\/uploads\/2020\/11\/PremisReciplasa2020-12-mencion-especial-300x200.jpg 300w, https:\/\/www.reciplasa.es\/wp-content\/uploads\/2020\/11\/PremisReciplasa2020-12-mencion-especial-768x512.jpg 768w, https:\/\/www.reciplasa.es\/wp-content\/uploads\/2020\/11\/PremisReciplasa2020-12-mencion-especial-1536x1024.jpg 1536w, https:\/\/www.reciplasa.es\/wp-content\/uploads\/2020\/11\/PremisReciplasa2020-12-mencion-especial-2048x1365.jpg 2048w\" sizes=\"auto, (max-width: 800px) 100vw, 800px\" \/><\/a><p id=\"caption-attachment-14616\" class=\"wp-caption-text\">Esment especial a l&#8217;IES Polit\u00e8cnic de Castell\u00f3<\/p><\/div><!-- \/wp:post-content -->","protected":false},"excerpt":{"rendered":"<p>La C\u00e0tedra Reciplasa i el Seminari d&#8217;Educaci\u00f3 Ambiental de Castell\u00f3 reconeixen el treball de cinc centres educatius de la prov\u00edncia en l&#8217;educaci\u00f3 i conscienciaci\u00f3 sobre la correcta gesti\u00f3 dels residus urbans La C\u00e0tedra UJI-Reciplasa de Gesti\u00f3 de Residus S\u00f2lids Urbans en col\u00b7laboraci\u00f3 amb el Seminari d&#8217;Educaci\u00f3 Ambiental de Castell\u00f3 han organitzat un any m\u00e9s elDale que hay m\u00e1s &#8230;<\/p>\n","protected":false},"author":3,"featured_media":14621,"comment_status":"closed","ping_status":"closed","sticky":false,"template":"","format":"standard","meta":{"footnotes":""},"categories":[88],"tags":[],"class_list":["post-14628","post","type-post","status-publish","format-standard","has-post-thumbnail","hentry","category-catedra-reciplasa-uji"],"yoast_head":"<!-- This site is optimized with the Yoast SEO plugin v27.4 - https:\/\/yoast.com\/product\/yoast-seo-wordpress\/ -->\n<title>La C\u00e0tedra Reciplasa de Gesti\u00f3 de Residus Urbans de l&#039;UJI lliura els premis \u00abQu\u00e8 fem amb el fem?\u00bb 2020 - RECIPLASA<\/title>\n<meta name=\"robots\" content=\"index, follow, max-snippet:-1, max-image-preview:large, max-video-preview:-1\" \/>\n<link rel=\"canonical\" href=\"https:\/\/www.reciplasa.es\/la-catedra-reciplasa-de-gestion-de-residuos-urbanos-de-la-uji-entrega-los-premios-que-femamb-el-fem-2020\/\" \/>\n<meta property=\"og:locale\" content=\"en_US\" \/>\n<meta property=\"og:type\" content=\"article\" \/>\n<meta property=\"og:title\" content=\"La C\u00e0tedra Reciplasa de Gesti\u00f3 de Residus Urbans de l&#039;UJI lliura els premis \u00abQu\u00e8 fem amb el fem?\u00bb 2020 - RECIPLASA\" \/>\n<meta property=\"og:description\" content=\"La C\u00e0tedra Reciplasa i el Seminari d&#8217;Educaci\u00f3 Ambiental de Castell\u00f3 reconeixen el treball de cinc centres educatius de la prov\u00edncia en l&#8217;educaci\u00f3 i conscienciaci\u00f3 sobre la correcta gesti\u00f3 dels residus urbans La C\u00e0tedra UJI-Reciplasa de Gesti\u00f3 de Residus S\u00f2lids Urbans en col\u00b7laboraci\u00f3 amb el Seminari d&#8217;Educaci\u00f3 Ambiental de Castell\u00f3 han organitzat un any m\u00e9s elDale que hay m\u00e1s ...\" \/>\n<meta property=\"og:url\" content=\"https:\/\/www.reciplasa.es\/la-catedra-reciplasa-de-gestion-de-residuos-urbanos-de-la-uji-entrega-los-premios-que-femamb-el-fem-2020\/\" \/>\n<meta property=\"og:site_name\" content=\"RECIPLASA\" \/>\n<meta property=\"article:published_time\" content=\"2020-11-13T13:32:27+00:00\" \/>\n<meta property=\"article:modified_time\" content=\"2023-07-25T14:59:48+00:00\" \/>\n<meta property=\"og:image\" content=\"https:\/\/www.reciplasa.es\/wp-content\/uploads\/2020\/11\/PremisReciplasa2020-18-scaled.jpg\" \/>\n\t<meta property=\"og:image:width\" content=\"2560\" \/>\n\t<meta property=\"og:image:height\" content=\"1707\" \/>\n\t<meta property=\"og:image:type\" content=\"image\/jpeg\" \/>\n<meta name=\"author\" content=\"Cristina Marco\" \/>\n<meta name=\"twitter:card\" content=\"summary_large_image\" \/>\n<meta name=\"twitter:label1\" content=\"Written by\" \/>\n\t<meta name=\"twitter:data1\" content=\"Cristina Marco\" \/>\n\t<meta name=\"twitter:label2\" content=\"Est. reading time\" \/>\n\t<meta name=\"twitter:data2\" content=\"3 minutes\" \/>\n<script type=\"application\/ld+json\" class=\"yoast-schema-graph\">{\"@context\":\"https:\\\/\\\/schema.org\",\"@graph\":[{\"@type\":\"Article\",\"@id\":\"https:\\\/\\\/www.reciplasa.es\\\/la-catedra-reciplasa-de-gestion-de-residuos-urbanos-de-la-uji-entrega-los-premios-que-femamb-el-fem-2020\\\/#article\",\"isPartOf\":{\"@id\":\"https:\\\/\\\/www.reciplasa.es\\\/la-catedra-reciplasa-de-gestion-de-residuos-urbanos-de-la-uji-entrega-los-premios-que-femamb-el-fem-2020\\\/\"},\"author\":{\"name\":\"Cristina Marco\",\"@id\":\"https:\\\/\\\/www.reciplasa.es\\\/#\\\/schema\\\/person\\\/608ffc094e3c56d49e6c6ec8f1ea0e82\"},\"headline\":\"La C\u00e0tedra Reciplasa de Gesti\u00f3 de Residus Urbans de l&#8217;UJI lliura els premis \u00abQu\u00e8 fem amb el fem?\u00bb 2020\",\"datePublished\":\"2020-11-13T13:32:27+00:00\",\"dateModified\":\"2023-07-25T14:59:48+00:00\",\"mainEntityOfPage\":{\"@id\":\"https:\\\/\\\/www.reciplasa.es\\\/la-catedra-reciplasa-de-gestion-de-residuos-urbanos-de-la-uji-entrega-los-premios-que-femamb-el-fem-2020\\\/\"},\"wordCount\":716,\"image\":{\"@id\":\"https:\\\/\\\/www.reciplasa.es\\\/la-catedra-reciplasa-de-gestion-de-residuos-urbanos-de-la-uji-entrega-los-premios-que-femamb-el-fem-2020\\\/#primaryimage\"},\"thumbnailUrl\":\"https:\\\/\\\/www.reciplasa.es\\\/wp-content\\\/uploads\\\/2020\\\/11\\\/PremisReciplasa2020-18-scaled.jpg\",\"articleSection\":[\"C\u00e0tedra Reciplasa-UJI\"],\"inLanguage\":\"va-VA\"},{\"@type\":\"WebPage\",\"@id\":\"https:\\\/\\\/www.reciplasa.es\\\/la-catedra-reciplasa-de-gestion-de-residuos-urbanos-de-la-uji-entrega-los-premios-que-femamb-el-fem-2020\\\/\",\"url\":\"https:\\\/\\\/www.reciplasa.es\\\/la-catedra-reciplasa-de-gestion-de-residuos-urbanos-de-la-uji-entrega-los-premios-que-femamb-el-fem-2020\\\/\",\"name\":\"La C\u00e0tedra Reciplasa de Gesti\u00f3 de Residus Urbans de l'UJI lliura els premis \u00abQu\u00e8 fem amb el fem?\u00bb 2020 - RECIPLASA\",\"isPartOf\":{\"@id\":\"https:\\\/\\\/www.reciplasa.es\\\/#website\"},\"primaryImageOfPage\":{\"@id\":\"https:\\\/\\\/www.reciplasa.es\\\/la-catedra-reciplasa-de-gestion-de-residuos-urbanos-de-la-uji-entrega-los-premios-que-femamb-el-fem-2020\\\/#primaryimage\"},\"image\":{\"@id\":\"https:\\\/\\\/www.reciplasa.es\\\/la-catedra-reciplasa-de-gestion-de-residuos-urbanos-de-la-uji-entrega-los-premios-que-femamb-el-fem-2020\\\/#primaryimage\"},\"thumbnailUrl\":\"https:\\\/\\\/www.reciplasa.es\\\/wp-content\\\/uploads\\\/2020\\\/11\\\/PremisReciplasa2020-18-scaled.jpg\",\"datePublished\":\"2020-11-13T13:32:27+00:00\",\"dateModified\":\"2023-07-25T14:59:48+00:00\",\"author\":{\"@id\":\"https:\\\/\\\/www.reciplasa.es\\\/#\\\/schema\\\/person\\\/608ffc094e3c56d49e6c6ec8f1ea0e82\"},\"breadcrumb\":{\"@id\":\"https:\\\/\\\/www.reciplasa.es\\\/la-catedra-reciplasa-de-gestion-de-residuos-urbanos-de-la-uji-entrega-los-premios-que-femamb-el-fem-2020\\\/#breadcrumb\"},\"inLanguage\":\"va-VA\",\"potentialAction\":[{\"@type\":\"ReadAction\",\"target\":[\"https:\\\/\\\/www.reciplasa.es\\\/la-catedra-reciplasa-de-gestion-de-residuos-urbanos-de-la-uji-entrega-los-premios-que-femamb-el-fem-2020\\\/\"]}]},{\"@type\":\"ImageObject\",\"inLanguage\":\"va-VA\",\"@id\":\"https:\\\/\\\/www.reciplasa.es\\\/la-catedra-reciplasa-de-gestion-de-residuos-urbanos-de-la-uji-entrega-los-premios-que-femamb-el-fem-2020\\\/#primaryimage\",\"url\":\"https:\\\/\\\/www.reciplasa.es\\\/wp-content\\\/uploads\\\/2020\\\/11\\\/PremisReciplasa2020-18-scaled.jpg\",\"contentUrl\":\"https:\\\/\\\/www.reciplasa.es\\\/wp-content\\\/uploads\\\/2020\\\/11\\\/PremisReciplasa2020-18-scaled.jpg\",\"width\":2560,\"height\":1707},{\"@type\":\"BreadcrumbList\",\"@id\":\"https:\\\/\\\/www.reciplasa.es\\\/la-catedra-reciplasa-de-gestion-de-residuos-urbanos-de-la-uji-entrega-los-premios-que-femamb-el-fem-2020\\\/#breadcrumb\",\"itemListElement\":[{\"@type\":\"ListItem\",\"position\":1,\"name\":\"Portada\",\"item\":\"https:\\\/\\\/www.reciplasa.es\\\/va\\\/\"},{\"@type\":\"ListItem\",\"position\":2,\"name\":\"La C\u00e0tedra Reciplasa de Gesti\u00f3 de Residus Urbans de l&#8217;UJI lliura els premis \u00abQu\u00e8 fem amb el fem?\u00bb 2020\"}]},{\"@type\":\"WebSite\",\"@id\":\"https:\\\/\\\/www.reciplasa.es\\\/#website\",\"url\":\"https:\\\/\\\/www.reciplasa.es\\\/\",\"name\":\"RECIPLASA\",\"description\":\"Reciclats de Residus La Plana SA\",\"potentialAction\":[{\"@type\":\"SearchAction\",\"target\":{\"@type\":\"EntryPoint\",\"urlTemplate\":\"https:\\\/\\\/www.reciplasa.es\\\/?s={search_term_string}\"},\"query-input\":{\"@type\":\"PropertyValueSpecification\",\"valueRequired\":true,\"valueName\":\"search_term_string\"}}],\"inLanguage\":\"va-VA\"},{\"@type\":\"Person\",\"@id\":\"https:\\\/\\\/www.reciplasa.es\\\/#\\\/schema\\\/person\\\/608ffc094e3c56d49e6c6ec8f1ea0e82\",\"name\":\"Cristina Marco\",\"image\":{\"@type\":\"ImageObject\",\"inLanguage\":\"va-VA\",\"@id\":\"https:\\\/\\\/secure.gravatar.com\\\/avatar\\\/6da7e00dc41d26d3c4245f3b2d70d687293df0dfc18f03719354383f7be4f34b?s=96&d=mm&r=g\",\"url\":\"https:\\\/\\\/secure.gravatar.com\\\/avatar\\\/6da7e00dc41d26d3c4245f3b2d70d687293df0dfc18f03719354383f7be4f34b?s=96&d=mm&r=g\",\"contentUrl\":\"https:\\\/\\\/secure.gravatar.com\\\/avatar\\\/6da7e00dc41d26d3c4245f3b2d70d687293df0dfc18f03719354383f7be4f34b?s=96&d=mm&r=g\",\"caption\":\"Cristina Marco\"},\"url\":\"https:\\\/\\\/www.reciplasa.es\\\/va\\\/author\\\/cristina\\\/\"}]}<\/script>\n<!-- \/ Yoast SEO plugin. -->","yoast_head_json":{"title":"La C\u00e0tedra Reciplasa de Gesti\u00f3 de Residus Urbans de l'UJI lliura els premis \u00abQu\u00e8 fem amb el fem?\u00bb 2020 - RECIPLASA","robots":{"index":"index","follow":"follow","max-snippet":"max-snippet:-1","max-image-preview":"max-image-preview:large","max-video-preview":"max-video-preview:-1"},"canonical":"https:\/\/www.reciplasa.es\/la-catedra-reciplasa-de-gestion-de-residuos-urbanos-de-la-uji-entrega-los-premios-que-femamb-el-fem-2020\/","og_locale":"en_US","og_type":"article","og_title":"La C\u00e0tedra Reciplasa de Gesti\u00f3 de Residus Urbans de l'UJI lliura els premis \u00abQu\u00e8 fem amb el fem?\u00bb 2020 - RECIPLASA","og_description":"La C\u00e0tedra Reciplasa i el Seminari d&#8217;Educaci\u00f3 Ambiental de Castell\u00f3 reconeixen el treball de cinc centres educatius de la prov\u00edncia en l&#8217;educaci\u00f3 i conscienciaci\u00f3 sobre la correcta gesti\u00f3 dels residus urbans La C\u00e0tedra UJI-Reciplasa de Gesti\u00f3 de Residus S\u00f2lids Urbans en col\u00b7laboraci\u00f3 amb el Seminari d&#8217;Educaci\u00f3 Ambiental de Castell\u00f3 han organitzat un any m\u00e9s elDale que hay m\u00e1s ...","og_url":"https:\/\/www.reciplasa.es\/la-catedra-reciplasa-de-gestion-de-residuos-urbanos-de-la-uji-entrega-los-premios-que-femamb-el-fem-2020\/","og_site_name":"RECIPLASA","article_published_time":"2020-11-13T13:32:27+00:00","article_modified_time":"2023-07-25T14:59:48+00:00","og_image":[{"width":2560,"height":1707,"url":"https:\/\/www.reciplasa.es\/wp-content\/uploads\/2020\/11\/PremisReciplasa2020-18-scaled.jpg","type":"image\/jpeg"}],"author":"Cristina Marco","twitter_card":"summary_large_image","twitter_misc":{"Written by":"Cristina Marco","Est. reading time":"3 minutes"},"schema":{"@context":"https:\/\/schema.org","@graph":[{"@type":"Article","@id":"https:\/\/www.reciplasa.es\/la-catedra-reciplasa-de-gestion-de-residuos-urbanos-de-la-uji-entrega-los-premios-que-femamb-el-fem-2020\/#article","isPartOf":{"@id":"https:\/\/www.reciplasa.es\/la-catedra-reciplasa-de-gestion-de-residuos-urbanos-de-la-uji-entrega-los-premios-que-femamb-el-fem-2020\/"},"author":{"name":"Cristina Marco","@id":"https:\/\/www.reciplasa.es\/#\/schema\/person\/608ffc094e3c56d49e6c6ec8f1ea0e82"},"headline":"La C\u00e0tedra Reciplasa de Gesti\u00f3 de Residus Urbans de l&#8217;UJI lliura els premis \u00abQu\u00e8 fem amb el fem?\u00bb 2020","datePublished":"2020-11-13T13:32:27+00:00","dateModified":"2023-07-25T14:59:48+00:00","mainEntityOfPage":{"@id":"https:\/\/www.reciplasa.es\/la-catedra-reciplasa-de-gestion-de-residuos-urbanos-de-la-uji-entrega-los-premios-que-femamb-el-fem-2020\/"},"wordCount":716,"image":{"@id":"https:\/\/www.reciplasa.es\/la-catedra-reciplasa-de-gestion-de-residuos-urbanos-de-la-uji-entrega-los-premios-que-femamb-el-fem-2020\/#primaryimage"},"thumbnailUrl":"https:\/\/www.reciplasa.es\/wp-content\/uploads\/2020\/11\/PremisReciplasa2020-18-scaled.jpg","articleSection":["C\u00e0tedra Reciplasa-UJI"],"inLanguage":"va-VA"},{"@type":"WebPage","@id":"https:\/\/www.reciplasa.es\/la-catedra-reciplasa-de-gestion-de-residuos-urbanos-de-la-uji-entrega-los-premios-que-femamb-el-fem-2020\/","url":"https:\/\/www.reciplasa.es\/la-catedra-reciplasa-de-gestion-de-residuos-urbanos-de-la-uji-entrega-los-premios-que-femamb-el-fem-2020\/","name":"La C\u00e0tedra Reciplasa de Gesti\u00f3 de Residus Urbans de l'UJI lliura els premis \u00abQu\u00e8 fem amb el fem?\u00bb 2020 - RECIPLASA","isPartOf":{"@id":"https:\/\/www.reciplasa.es\/#website"},"primaryImageOfPage":{"@id":"https:\/\/www.reciplasa.es\/la-catedra-reciplasa-de-gestion-de-residuos-urbanos-de-la-uji-entrega-los-premios-que-femamb-el-fem-2020\/#primaryimage"},"image":{"@id":"https:\/\/www.reciplasa.es\/la-catedra-reciplasa-de-gestion-de-residuos-urbanos-de-la-uji-entrega-los-premios-que-femamb-el-fem-2020\/#primaryimage"},"thumbnailUrl":"https:\/\/www.reciplasa.es\/wp-content\/uploads\/2020\/11\/PremisReciplasa2020-18-scaled.jpg","datePublished":"2020-11-13T13:32:27+00:00","dateModified":"2023-07-25T14:59:48+00:00","author":{"@id":"https:\/\/www.reciplasa.es\/#\/schema\/person\/608ffc094e3c56d49e6c6ec8f1ea0e82"},"breadcrumb":{"@id":"https:\/\/www.reciplasa.es\/la-catedra-reciplasa-de-gestion-de-residuos-urbanos-de-la-uji-entrega-los-premios-que-femamb-el-fem-2020\/#breadcrumb"},"inLanguage":"va-VA","potentialAction":[{"@type":"ReadAction","target":["https:\/\/www.reciplasa.es\/la-catedra-reciplasa-de-gestion-de-residuos-urbanos-de-la-uji-entrega-los-premios-que-femamb-el-fem-2020\/"]}]},{"@type":"ImageObject","inLanguage":"va-VA","@id":"https:\/\/www.reciplasa.es\/la-catedra-reciplasa-de-gestion-de-residuos-urbanos-de-la-uji-entrega-los-premios-que-femamb-el-fem-2020\/#primaryimage","url":"https:\/\/www.reciplasa.es\/wp-content\/uploads\/2020\/11\/PremisReciplasa2020-18-scaled.jpg","contentUrl":"https:\/\/www.reciplasa.es\/wp-content\/uploads\/2020\/11\/PremisReciplasa2020-18-scaled.jpg","width":2560,"height":1707},{"@type":"BreadcrumbList","@id":"https:\/\/www.reciplasa.es\/la-catedra-reciplasa-de-gestion-de-residuos-urbanos-de-la-uji-entrega-los-premios-que-femamb-el-fem-2020\/#breadcrumb","itemListElement":[{"@type":"ListItem","position":1,"name":"Portada","item":"https:\/\/www.reciplasa.es\/va\/"},{"@type":"ListItem","position":2,"name":"La C\u00e0tedra Reciplasa de Gesti\u00f3 de Residus Urbans de l&#8217;UJI lliura els premis \u00abQu\u00e8 fem amb el fem?\u00bb 2020"}]},{"@type":"WebSite","@id":"https:\/\/www.reciplasa.es\/#website","url":"https:\/\/www.reciplasa.es\/","name":"RECIPLASA","description":"Reciclats de Residus La Plana SA","potentialAction":[{"@type":"SearchAction","target":{"@type":"EntryPoint","urlTemplate":"https:\/\/www.reciplasa.es\/?s={search_term_string}"},"query-input":{"@type":"PropertyValueSpecification","valueRequired":true,"valueName":"search_term_string"}}],"inLanguage":"va-VA"},{"@type":"Person","@id":"https:\/\/www.reciplasa.es\/#\/schema\/person\/608ffc094e3c56d49e6c6ec8f1ea0e82","name":"Cristina Marco","image":{"@type":"ImageObject","inLanguage":"va-VA","@id":"https:\/\/secure.gravatar.com\/avatar\/6da7e00dc41d26d3c4245f3b2d70d687293df0dfc18f03719354383f7be4f34b?s=96&d=mm&r=g","url":"https:\/\/secure.gravatar.com\/avatar\/6da7e00dc41d26d3c4245f3b2d70d687293df0dfc18f03719354383f7be4f34b?s=96&d=mm&r=g","contentUrl":"https:\/\/secure.gravatar.com\/avatar\/6da7e00dc41d26d3c4245f3b2d70d687293df0dfc18f03719354383f7be4f34b?s=96&d=mm&r=g","caption":"Cristina Marco"},"url":"https:\/\/www.reciplasa.es\/va\/author\/cristina\/"}]}},"_links":{"self":[{"href":"https:\/\/www.reciplasa.es\/va\/wp-json\/wp\/v2\/posts\/14628","targetHints":{"allow":["GET"]}}],"collection":[{"href":"https:\/\/www.reciplasa.es\/va\/wp-json\/wp\/v2\/posts"}],"about":[{"href":"https:\/\/www.reciplasa.es\/va\/wp-json\/wp\/v2\/types\/post"}],"author":[{"embeddable":true,"href":"https:\/\/www.reciplasa.es\/va\/wp-json\/wp\/v2\/users\/3"}],"replies":[{"embeddable":true,"href":"https:\/\/www.reciplasa.es\/va\/wp-json\/wp\/v2\/comments?post=14628"}],"version-history":[{"count":7,"href":"https:\/\/www.reciplasa.es\/va\/wp-json\/wp\/v2\/posts\/14628\/revisions"}],"predecessor-version":[{"id":14637,"href":"https:\/\/www.reciplasa.es\/va\/wp-json\/wp\/v2\/posts\/14628\/revisions\/14637"}],"wp:featuredmedia":[{"embeddable":true,"href":"https:\/\/www.reciplasa.es\/va\/wp-json\/wp\/v2\/media\/14621"}],"wp:attachment":[{"href":"https:\/\/www.reciplasa.es\/va\/wp-json\/wp\/v2\/media?parent=14628"}],"wp:term":[{"taxonomy":"category","embeddable":true,"href":"https:\/\/www.reciplasa.es\/va\/wp-json\/wp\/v2\/categories?post=14628"},{"taxonomy":"post_tag","embeddable":true,"href":"https:\/\/www.reciplasa.es\/va\/wp-json\/wp\/v2\/tags?post=14628"}],"curies":[{"name":"wp","href":"https:\/\/api.w.org\/{rel}","templated":true}]}}