{"id":14665,"date":"2021-01-21T07:33:07","date_gmt":"2021-01-21T07:33:07","guid":{"rendered":"http:\/\/www.reciplasa.es\/?p=14665\/"},"modified":"2021-01-21T07:34:19","modified_gmt":"2021-01-21T07:34:19","slug":"reciplasa-licita-lexplotacio-dun-ecoparc-mobil-per-a-millorar-la-recollida-selectiva-en-origen","status":"publish","type":"post","link":"https:\/\/www.reciplasa.es\/va\/reciplasa-licita-lexplotacio-dun-ecoparc-mobil-per-a-millorar-la-recollida-selectiva-en-origen\/","title":{"rendered":"Reciplasa licita l&#8217;explotaci\u00f3 d&#8217;un ecoparc m\u00f2bil per a millorar la recollida selectiva en origen"},"content":{"rendered":"<p class=\"p1\">L&#8217;empresa p\u00fablica per a la gesti\u00f3 dels residus en la zona centre de la prov\u00edncia de Castell\u00f3, Reciplasa, ha posat a licitaci\u00f3 p\u00fablica amb un pressupost de 385.968 euros l&#8217;explotaci\u00f3 durant dos anys d&#8217;un ecoparc m\u00f2bil que donar\u00e0 servei als municipis del consorci zonal C2 i que pret\u00e9n fomentar la recollida selectiva dels residus dom\u00e8stics. Aix\u00ed, el president Ignasi Garcia, explica que \u201cposarem en funcionament un ecoparc m\u00f2bil perqu\u00e8 el servei d&#8217;ecoparcs arribe als 46 municipis del consorci i que done servei als 330.000 ciutadans. Ha sigut un llarg temps de gestions per a poder arribar a aquesta licitaci\u00f3 i una vegada adjudicat aquest servei, l&#8217;empresa dissenyar\u00e0 un pla per a visitar aquests municipis. Quant a empresa p\u00fablica, tenim un gran repte que \u00e9s posar en marxa un pla d&#8217;ecoparcs i aquest \u00e9s un primer pas molt important\u201d.<\/p>\n<p class=\"p1\">La instal\u00b7laci\u00f3, que ja va ser adquirida en el seu moment, est\u00e0 preparada per a admetre residus urbans o municipals contemplats en la Llei de Residus de la Comunitat Valenciana, exceptuant la poda i els voluminosos per una q\u00fcesti\u00f3 d&#8217;espai. Aix\u00ed mateix, compta amb un sistema inform\u00e0tic i de pesatge integrat i tecnologia solar per al seu funcionament. El contracte per a la seua gesti\u00f3 ser\u00e0 adjudicat per dos anys amb la possibilitat de prorrogar-se dos anys m\u00e9s i s&#8217;haur\u00e0 de prestar servei durant 40 hores setmanals, incloent dues vesprades setmanals per a aquells municipis m\u00e9s xicotets. Com a regla general, en el calendari de servei, s&#8217;establir\u00e0 una freq\u00fc\u00e8ncia m\u00ednima d&#8217;atenci\u00f3 mensual per a aquells municipis de m\u00e9s de 1.300 habitants i cap municipi podr\u00e0 tindre una freq\u00fc\u00e8ncia de servei inferior a les sis setmanes.<\/p>\n<p class=\"p1\">D&#8217;altra banda, el consell d&#8217;administraci\u00f3 celebrat hui de manera telem\u00e0tica s&#8217;ha informat els consellers que ja s&#8217;ha acordat una cita amb l&#8217;alcaldessa d&#8217;Onda per a intentar arribar a una soluci\u00f3 sobre els terrenys confrontants a la planta de tractament de Reciplasa en la localitat i que s\u00f3n de propietat municipal. Aix\u00ed mateix, l&#8217;\u00f2rgan directiu tamb\u00e9 ha rebut un informe sobre la nova fiscalitat associada a l&#8217;abocament de residus de la Generalitat Valenciana.<\/p>\n","protected":false},"excerpt":{"rendered":"<p>L&#8217;empresa p\u00fablica per a la gesti\u00f3 dels residus en la zona centre de la prov\u00edncia de Castell\u00f3, Reciplasa, ha posat a licitaci\u00f3 p\u00fablica amb un pressupost de 385.968 euros l&#8217;explotaci\u00f3 durant dos anys d&#8217;un ecoparc m\u00f2bil que donar\u00e0 servei als municipis del consorci zonal C2 i que pret\u00e9n fomentar la recollida selectiva dels residus dom\u00e8stics.Dale que hay m\u00e1s &#8230;<\/p>\n","protected":false},"author":3,"featured_media":14663,"comment_status":"closed","ping_status":"closed","sticky":false,"template":"","format":"standard","meta":{"footnotes":""},"categories":[87],"tags":[],"class_list":["post-14665","post","type-post","status-publish","format-standard","has-post-thumbnail","hentry","category-noticies-corporatives"],"yoast_head":"<!-- This site is optimized with the Yoast SEO plugin v27.4 - https:\/\/yoast.com\/product\/yoast-seo-wordpress\/ -->\n<title>Reciplasa licita l&#039;explotaci\u00f3 d&#039;un ecoparc m\u00f2bil per a millorar la recollida selectiva en origen - RECIPLASA<\/title>\n<meta name=\"description\" content=\"Un ecoparc m\u00f2bil perqu\u00e8 el servei d&#039;ecoparcs arribe als 46 municipis del consorci i que done servei als 330.000 ciutadans.\" \/>\n<meta name=\"robots\" content=\"index, follow, max-snippet:-1, max-image-preview:large, max-video-preview:-1\" \/>\n<link rel=\"canonical\" href=\"https:\/\/www.reciplasa.es\/reciplasa-licita-la-explotacion-de-un-ecoparque-movil-para-mejorar-la-recogida-selectiva-en-origen\/\" \/>\n<meta property=\"og:locale\" content=\"en_US\" \/>\n<meta property=\"og:type\" content=\"article\" \/>\n<meta property=\"og:title\" content=\"Reciplasa licita l&#039;explotaci\u00f3 d&#039;un ecoparc m\u00f2bil per a millorar la recollida selectiva en origen - RECIPLASA\" \/>\n<meta property=\"og:description\" content=\"Un ecoparc m\u00f2bil perqu\u00e8 el servei d&#039;ecoparcs arribe als 46 municipis del consorci i que done servei als 330.000 ciutadans.\" \/>\n<meta property=\"og:url\" content=\"https:\/\/www.reciplasa.es\/reciplasa-licita-la-explotacion-de-un-ecoparque-movil-para-mejorar-la-recogida-selectiva-en-origen\/\" \/>\n<meta property=\"og:site_name\" content=\"RECIPLASA\" \/>\n<meta property=\"article:published_time\" content=\"2021-01-21T07:33:07+00:00\" \/>\n<meta property=\"article:modified_time\" content=\"2021-01-21T07:34:19+00:00\" \/>\n<meta property=\"og:image\" content=\"https:\/\/www.reciplasa.es\/wp-content\/uploads\/2021\/01\/Consell-Reciplasa-20-01-21.png\" \/>\n\t<meta property=\"og:image:width\" content=\"1784\" \/>\n\t<meta property=\"og:image:height\" content=\"896\" \/>\n\t<meta property=\"og:image:type\" content=\"image\/png\" \/>\n<meta name=\"author\" content=\"Cristina Marco\" \/>\n<meta name=\"twitter:card\" content=\"summary_large_image\" \/>\n<meta name=\"twitter:label1\" content=\"Written by\" \/>\n\t<meta name=\"twitter:data1\" content=\"Cristina Marco\" \/>\n\t<meta name=\"twitter:label2\" content=\"Est. reading time\" \/>\n\t<meta name=\"twitter:data2\" content=\"2 minutes\" \/>\n<script type=\"application\/ld+json\" class=\"yoast-schema-graph\">{\"@context\":\"https:\\\/\\\/schema.org\",\"@graph\":[{\"@type\":\"Article\",\"@id\":\"https:\\\/\\\/www.reciplasa.es\\\/reciplasa-licita-la-explotacion-de-un-ecoparque-movil-para-mejorar-la-recogida-selectiva-en-origen\\\/#article\",\"isPartOf\":{\"@id\":\"https:\\\/\\\/www.reciplasa.es\\\/reciplasa-licita-la-explotacion-de-un-ecoparque-movil-para-mejorar-la-recogida-selectiva-en-origen\\\/\"},\"author\":{\"name\":\"Cristina Marco\",\"@id\":\"https:\\\/\\\/www.reciplasa.es\\\/#\\\/schema\\\/person\\\/608ffc094e3c56d49e6c6ec8f1ea0e82\"},\"headline\":\"Reciplasa licita l&#8217;explotaci\u00f3 d&#8217;un ecoparc m\u00f2bil per a millorar la recollida selectiva en origen\",\"datePublished\":\"2021-01-21T07:33:07+00:00\",\"dateModified\":\"2021-01-21T07:34:19+00:00\",\"mainEntityOfPage\":{\"@id\":\"https:\\\/\\\/www.reciplasa.es\\\/reciplasa-licita-la-explotacion-de-un-ecoparque-movil-para-mejorar-la-recogida-selectiva-en-origen\\\/\"},\"wordCount\":394,\"image\":{\"@id\":\"https:\\\/\\\/www.reciplasa.es\\\/reciplasa-licita-la-explotacion-de-un-ecoparque-movil-para-mejorar-la-recogida-selectiva-en-origen\\\/#primaryimage\"},\"thumbnailUrl\":\"https:\\\/\\\/www.reciplasa.es\\\/wp-content\\\/uploads\\\/2021\\\/01\\\/Consell-Reciplasa-20-01-21.png\",\"articleSection\":[\"Not\u00edcies corporatives\"],\"inLanguage\":\"va-VA\"},{\"@type\":\"WebPage\",\"@id\":\"https:\\\/\\\/www.reciplasa.es\\\/reciplasa-licita-la-explotacion-de-un-ecoparque-movil-para-mejorar-la-recogida-selectiva-en-origen\\\/\",\"url\":\"https:\\\/\\\/www.reciplasa.es\\\/reciplasa-licita-la-explotacion-de-un-ecoparque-movil-para-mejorar-la-recogida-selectiva-en-origen\\\/\",\"name\":\"Reciplasa licita l'explotaci\u00f3 d'un ecoparc m\u00f2bil per a millorar la recollida selectiva en origen - RECIPLASA\",\"isPartOf\":{\"@id\":\"https:\\\/\\\/www.reciplasa.es\\\/#website\"},\"primaryImageOfPage\":{\"@id\":\"https:\\\/\\\/www.reciplasa.es\\\/reciplasa-licita-la-explotacion-de-un-ecoparque-movil-para-mejorar-la-recogida-selectiva-en-origen\\\/#primaryimage\"},\"image\":{\"@id\":\"https:\\\/\\\/www.reciplasa.es\\\/reciplasa-licita-la-explotacion-de-un-ecoparque-movil-para-mejorar-la-recogida-selectiva-en-origen\\\/#primaryimage\"},\"thumbnailUrl\":\"https:\\\/\\\/www.reciplasa.es\\\/wp-content\\\/uploads\\\/2021\\\/01\\\/Consell-Reciplasa-20-01-21.png\",\"datePublished\":\"2021-01-21T07:33:07+00:00\",\"dateModified\":\"2021-01-21T07:34:19+00:00\",\"author\":{\"@id\":\"https:\\\/\\\/www.reciplasa.es\\\/#\\\/schema\\\/person\\\/608ffc094e3c56d49e6c6ec8f1ea0e82\"},\"description\":\"Un ecoparc m\u00f2bil perqu\u00e8 el servei d'ecoparcs arribe als 46 municipis del consorci i que done servei als 330.000 ciutadans.\",\"breadcrumb\":{\"@id\":\"https:\\\/\\\/www.reciplasa.es\\\/reciplasa-licita-la-explotacion-de-un-ecoparque-movil-para-mejorar-la-recogida-selectiva-en-origen\\\/#breadcrumb\"},\"inLanguage\":\"va-VA\",\"potentialAction\":[{\"@type\":\"ReadAction\",\"target\":[\"https:\\\/\\\/www.reciplasa.es\\\/reciplasa-licita-la-explotacion-de-un-ecoparque-movil-para-mejorar-la-recogida-selectiva-en-origen\\\/\"]}]},{\"@type\":\"ImageObject\",\"inLanguage\":\"va-VA\",\"@id\":\"https:\\\/\\\/www.reciplasa.es\\\/reciplasa-licita-la-explotacion-de-un-ecoparque-movil-para-mejorar-la-recogida-selectiva-en-origen\\\/#primaryimage\",\"url\":\"https:\\\/\\\/www.reciplasa.es\\\/wp-content\\\/uploads\\\/2021\\\/01\\\/Consell-Reciplasa-20-01-21.png\",\"contentUrl\":\"https:\\\/\\\/www.reciplasa.es\\\/wp-content\\\/uploads\\\/2021\\\/01\\\/Consell-Reciplasa-20-01-21.png\",\"width\":1784,\"height\":896,\"caption\":\"reuni\u00f3n telem\u00e1tica del consejo de Reciplasa el 20 de enero de 2020\"},{\"@type\":\"BreadcrumbList\",\"@id\":\"https:\\\/\\\/www.reciplasa.es\\\/reciplasa-licita-la-explotacion-de-un-ecoparque-movil-para-mejorar-la-recogida-selectiva-en-origen\\\/#breadcrumb\",\"itemListElement\":[{\"@type\":\"ListItem\",\"position\":1,\"name\":\"Portada\",\"item\":\"https:\\\/\\\/www.reciplasa.es\\\/va\\\/\"},{\"@type\":\"ListItem\",\"position\":2,\"name\":\"Reciplasa licita l&#8217;explotaci\u00f3 d&#8217;un ecoparc m\u00f2bil per a millorar la recollida selectiva en origen\"}]},{\"@type\":\"WebSite\",\"@id\":\"https:\\\/\\\/www.reciplasa.es\\\/#website\",\"url\":\"https:\\\/\\\/www.reciplasa.es\\\/\",\"name\":\"RECIPLASA\",\"description\":\"Reciclats de Residus La Plana SA\",\"potentialAction\":[{\"@type\":\"SearchAction\",\"target\":{\"@type\":\"EntryPoint\",\"urlTemplate\":\"https:\\\/\\\/www.reciplasa.es\\\/?s={search_term_string}\"},\"query-input\":{\"@type\":\"PropertyValueSpecification\",\"valueRequired\":true,\"valueName\":\"search_term_string\"}}],\"inLanguage\":\"va-VA\"},{\"@type\":\"Person\",\"@id\":\"https:\\\/\\\/www.reciplasa.es\\\/#\\\/schema\\\/person\\\/608ffc094e3c56d49e6c6ec8f1ea0e82\",\"name\":\"Cristina Marco\",\"image\":{\"@type\":\"ImageObject\",\"inLanguage\":\"va-VA\",\"@id\":\"https:\\\/\\\/secure.gravatar.com\\\/avatar\\\/6da7e00dc41d26d3c4245f3b2d70d687293df0dfc18f03719354383f7be4f34b?s=96&d=mm&r=g\",\"url\":\"https:\\\/\\\/secure.gravatar.com\\\/avatar\\\/6da7e00dc41d26d3c4245f3b2d70d687293df0dfc18f03719354383f7be4f34b?s=96&d=mm&r=g\",\"contentUrl\":\"https:\\\/\\\/secure.gravatar.com\\\/avatar\\\/6da7e00dc41d26d3c4245f3b2d70d687293df0dfc18f03719354383f7be4f34b?s=96&d=mm&r=g\",\"caption\":\"Cristina Marco\"},\"url\":\"https:\\\/\\\/www.reciplasa.es\\\/va\\\/author\\\/cristina\\\/\"}]}<\/script>\n<!-- \/ Yoast SEO plugin. -->","yoast_head_json":{"title":"Reciplasa licita l'explotaci\u00f3 d'un ecoparc m\u00f2bil per a millorar la recollida selectiva en origen - RECIPLASA","description":"Un ecoparc m\u00f2bil perqu\u00e8 el servei d'ecoparcs arribe als 46 municipis del consorci i que done servei als 330.000 ciutadans.","robots":{"index":"index","follow":"follow","max-snippet":"max-snippet:-1","max-image-preview":"max-image-preview:large","max-video-preview":"max-video-preview:-1"},"canonical":"https:\/\/www.reciplasa.es\/reciplasa-licita-la-explotacion-de-un-ecoparque-movil-para-mejorar-la-recogida-selectiva-en-origen\/","og_locale":"en_US","og_type":"article","og_title":"Reciplasa licita l'explotaci\u00f3 d'un ecoparc m\u00f2bil per a millorar la recollida selectiva en origen - RECIPLASA","og_description":"Un ecoparc m\u00f2bil perqu\u00e8 el servei d'ecoparcs arribe als 46 municipis del consorci i que done servei als 330.000 ciutadans.","og_url":"https:\/\/www.reciplasa.es\/reciplasa-licita-la-explotacion-de-un-ecoparque-movil-para-mejorar-la-recogida-selectiva-en-origen\/","og_site_name":"RECIPLASA","article_published_time":"2021-01-21T07:33:07+00:00","article_modified_time":"2021-01-21T07:34:19+00:00","og_image":[{"width":1784,"height":896,"url":"https:\/\/www.reciplasa.es\/wp-content\/uploads\/2021\/01\/Consell-Reciplasa-20-01-21.png","type":"image\/png"}],"author":"Cristina Marco","twitter_card":"summary_large_image","twitter_misc":{"Written by":"Cristina Marco","Est. reading time":"2 minutes"},"schema":{"@context":"https:\/\/schema.org","@graph":[{"@type":"Article","@id":"https:\/\/www.reciplasa.es\/reciplasa-licita-la-explotacion-de-un-ecoparque-movil-para-mejorar-la-recogida-selectiva-en-origen\/#article","isPartOf":{"@id":"https:\/\/www.reciplasa.es\/reciplasa-licita-la-explotacion-de-un-ecoparque-movil-para-mejorar-la-recogida-selectiva-en-origen\/"},"author":{"name":"Cristina Marco","@id":"https:\/\/www.reciplasa.es\/#\/schema\/person\/608ffc094e3c56d49e6c6ec8f1ea0e82"},"headline":"Reciplasa licita l&#8217;explotaci\u00f3 d&#8217;un ecoparc m\u00f2bil per a millorar la recollida selectiva en origen","datePublished":"2021-01-21T07:33:07+00:00","dateModified":"2021-01-21T07:34:19+00:00","mainEntityOfPage":{"@id":"https:\/\/www.reciplasa.es\/reciplasa-licita-la-explotacion-de-un-ecoparque-movil-para-mejorar-la-recogida-selectiva-en-origen\/"},"wordCount":394,"image":{"@id":"https:\/\/www.reciplasa.es\/reciplasa-licita-la-explotacion-de-un-ecoparque-movil-para-mejorar-la-recogida-selectiva-en-origen\/#primaryimage"},"thumbnailUrl":"https:\/\/www.reciplasa.es\/wp-content\/uploads\/2021\/01\/Consell-Reciplasa-20-01-21.png","articleSection":["Not\u00edcies corporatives"],"inLanguage":"va-VA"},{"@type":"WebPage","@id":"https:\/\/www.reciplasa.es\/reciplasa-licita-la-explotacion-de-un-ecoparque-movil-para-mejorar-la-recogida-selectiva-en-origen\/","url":"https:\/\/www.reciplasa.es\/reciplasa-licita-la-explotacion-de-un-ecoparque-movil-para-mejorar-la-recogida-selectiva-en-origen\/","name":"Reciplasa licita l'explotaci\u00f3 d'un ecoparc m\u00f2bil per a millorar la recollida selectiva en origen - RECIPLASA","isPartOf":{"@id":"https:\/\/www.reciplasa.es\/#website"},"primaryImageOfPage":{"@id":"https:\/\/www.reciplasa.es\/reciplasa-licita-la-explotacion-de-un-ecoparque-movil-para-mejorar-la-recogida-selectiva-en-origen\/#primaryimage"},"image":{"@id":"https:\/\/www.reciplasa.es\/reciplasa-licita-la-explotacion-de-un-ecoparque-movil-para-mejorar-la-recogida-selectiva-en-origen\/#primaryimage"},"thumbnailUrl":"https:\/\/www.reciplasa.es\/wp-content\/uploads\/2021\/01\/Consell-Reciplasa-20-01-21.png","datePublished":"2021-01-21T07:33:07+00:00","dateModified":"2021-01-21T07:34:19+00:00","author":{"@id":"https:\/\/www.reciplasa.es\/#\/schema\/person\/608ffc094e3c56d49e6c6ec8f1ea0e82"},"description":"Un ecoparc m\u00f2bil perqu\u00e8 el servei d'ecoparcs arribe als 46 municipis del consorci i que done servei als 330.000 ciutadans.","breadcrumb":{"@id":"https:\/\/www.reciplasa.es\/reciplasa-licita-la-explotacion-de-un-ecoparque-movil-para-mejorar-la-recogida-selectiva-en-origen\/#breadcrumb"},"inLanguage":"va-VA","potentialAction":[{"@type":"ReadAction","target":["https:\/\/www.reciplasa.es\/reciplasa-licita-la-explotacion-de-un-ecoparque-movil-para-mejorar-la-recogida-selectiva-en-origen\/"]}]},{"@type":"ImageObject","inLanguage":"va-VA","@id":"https:\/\/www.reciplasa.es\/reciplasa-licita-la-explotacion-de-un-ecoparque-movil-para-mejorar-la-recogida-selectiva-en-origen\/#primaryimage","url":"https:\/\/www.reciplasa.es\/wp-content\/uploads\/2021\/01\/Consell-Reciplasa-20-01-21.png","contentUrl":"https:\/\/www.reciplasa.es\/wp-content\/uploads\/2021\/01\/Consell-Reciplasa-20-01-21.png","width":1784,"height":896,"caption":"reuni\u00f3n telem\u00e1tica del consejo de Reciplasa el 20 de enero de 2020"},{"@type":"BreadcrumbList","@id":"https:\/\/www.reciplasa.es\/reciplasa-licita-la-explotacion-de-un-ecoparque-movil-para-mejorar-la-recogida-selectiva-en-origen\/#breadcrumb","itemListElement":[{"@type":"ListItem","position":1,"name":"Portada","item":"https:\/\/www.reciplasa.es\/va\/"},{"@type":"ListItem","position":2,"name":"Reciplasa licita l&#8217;explotaci\u00f3 d&#8217;un ecoparc m\u00f2bil per a millorar la recollida selectiva en origen"}]},{"@type":"WebSite","@id":"https:\/\/www.reciplasa.es\/#website","url":"https:\/\/www.reciplasa.es\/","name":"RECIPLASA","description":"Reciclats de Residus La Plana SA","potentialAction":[{"@type":"SearchAction","target":{"@type":"EntryPoint","urlTemplate":"https:\/\/www.reciplasa.es\/?s={search_term_string}"},"query-input":{"@type":"PropertyValueSpecification","valueRequired":true,"valueName":"search_term_string"}}],"inLanguage":"va-VA"},{"@type":"Person","@id":"https:\/\/www.reciplasa.es\/#\/schema\/person\/608ffc094e3c56d49e6c6ec8f1ea0e82","name":"Cristina Marco","image":{"@type":"ImageObject","inLanguage":"va-VA","@id":"https:\/\/secure.gravatar.com\/avatar\/6da7e00dc41d26d3c4245f3b2d70d687293df0dfc18f03719354383f7be4f34b?s=96&d=mm&r=g","url":"https:\/\/secure.gravatar.com\/avatar\/6da7e00dc41d26d3c4245f3b2d70d687293df0dfc18f03719354383f7be4f34b?s=96&d=mm&r=g","contentUrl":"https:\/\/secure.gravatar.com\/avatar\/6da7e00dc41d26d3c4245f3b2d70d687293df0dfc18f03719354383f7be4f34b?s=96&d=mm&r=g","caption":"Cristina Marco"},"url":"https:\/\/www.reciplasa.es\/va\/author\/cristina\/"}]}},"_links":{"self":[{"href":"https:\/\/www.reciplasa.es\/va\/wp-json\/wp\/v2\/posts\/14665","targetHints":{"allow":["GET"]}}],"collection":[{"href":"https:\/\/www.reciplasa.es\/va\/wp-json\/wp\/v2\/posts"}],"about":[{"href":"https:\/\/www.reciplasa.es\/va\/wp-json\/wp\/v2\/types\/post"}],"author":[{"embeddable":true,"href":"https:\/\/www.reciplasa.es\/va\/wp-json\/wp\/v2\/users\/3"}],"replies":[{"embeddable":true,"href":"https:\/\/www.reciplasa.es\/va\/wp-json\/wp\/v2\/comments?post=14665"}],"version-history":[{"count":1,"href":"https:\/\/www.reciplasa.es\/va\/wp-json\/wp\/v2\/posts\/14665\/revisions"}],"predecessor-version":[{"id":14666,"href":"https:\/\/www.reciplasa.es\/va\/wp-json\/wp\/v2\/posts\/14665\/revisions\/14666"}],"wp:featuredmedia":[{"embeddable":true,"href":"https:\/\/www.reciplasa.es\/va\/wp-json\/wp\/v2\/media\/14663"}],"wp:attachment":[{"href":"https:\/\/www.reciplasa.es\/va\/wp-json\/wp\/v2\/media?parent=14665"}],"wp:term":[{"taxonomy":"category","embeddable":true,"href":"https:\/\/www.reciplasa.es\/va\/wp-json\/wp\/v2\/categories?post=14665"},{"taxonomy":"post_tag","embeddable":true,"href":"https:\/\/www.reciplasa.es\/va\/wp-json\/wp\/v2\/tags?post=14665"}],"curies":[{"name":"wp","href":"https:\/\/api.w.org\/{rel}","templated":true}]}}