{"id":14677,"date":"2021-01-27T10:28:56","date_gmt":"2021-01-27T10:28:56","guid":{"rendered":"http:\/\/www.reciplasa.es\/?p=14677\/"},"modified":"2021-01-27T10:28:56","modified_gmt":"2021-01-27T10:28:56","slug":"la-catedra-reciplasa-realitza-el-80-de-les-activitats-previstes-en-2020-malgrat-la-pandemia","status":"publish","type":"post","link":"https:\/\/www.reciplasa.es\/va\/la-catedra-reciplasa-realitza-el-80-de-les-activitats-previstes-en-2020-malgrat-la-pandemia\/","title":{"rendered":"La C\u00e0tedra Reciplasa realitza el 80% de les activitats previstes en 2020 malgrat la pand\u00e8mia"},"content":{"rendered":"<p>La <a href=\"https:\/\/www.uji.es\/\">Universitat Jaume I<\/a> i l&#8217;empresa p\u00fablica Reciplasa, S. A. han celebrat avui 26 de gener de 2021 la comissi\u00f3 mixta de seguiment de la <a href=\"http:\/\/catedrareciplasa.uji.es\/es\/home-alternativa\/\">C\u00e0tedra Reciplasa de Gesti\u00f3 de Residus Urbans<\/a>. La reuni\u00f3, adaptada a les circumst\u00e0ncies actuals, s&#8217;ha realitzat de manera virtual i ha comptat amb l&#8217;assist\u00e8ncia del catedr\u00e0tic de l&#8217;UJI i director de la C\u00e0tedra, F\u00e9lix Hern\u00e1ndez; el vicerector d&#8217;Investigaci\u00f3 i Transfer\u00e8ncia de l&#8217;UJI, Jes\u00fas Lancis; el president de Reciplasa, Ignasi Garcia; el vicepresident, Salvador Aguilella, i Fernando Albarr\u00e1n, director t\u00e8cnic de Reciplasa.<\/p>\n<p>Durant la reuni\u00f3, els assistents han fet balan\u00e7 d&#8217;un any complicat en molts aspectes, en el qual, no obstant aix\u00f2, la C\u00e0tedra Reciplasa ha pogut dur a terme aproximadament el 80% de les activitats programades per al 2020. Entre les activitats, destaca el concurs <a href=\"http:\/\/www.reciplasa.es\/la-catedra-reciplasa-de-gestion-de-residuos-urbanos-de-la-uji-entrega-los-premios-que-femamb-el-fem-2020\/\">\u00abQu\u00e8 fem amb el fem?\u00bb<\/a> on els centres educatius de la prov\u00edncia de Castell\u00f3 presenten els seus treballs relacionats amb l&#8217;educaci\u00f3 sobre la reducci\u00f3, reutilitzaci\u00f3 i reciclatge de productes, aix\u00ed com la gesti\u00f3 dels residus. El catedr\u00e0tic F\u00e9lix Hern\u00e1ndez ha recordat com s&#8217;han hagut d&#8217;adaptar \u00abalgunes activitats de la C\u00e0tedra a les circumst\u00e0ncies actuals\u00bb i ha ressaltat que les tecnologies han representat un \u00abpaper clau\u00bb durant aquest 2020.<\/p>\n<p>Finalment, la comissi\u00f3 ha aprovat tamb\u00e9 la proposta d&#8217;activitats per al 2021, incloent-hi aquelles que van haver de posposar-se l&#8217;any passat. Entre les activitats previstes destaquen els premis a millor treball final de grau i de m\u00e0ster per a estudiantat de l&#8217;UJI, una nova edici\u00f3 del concurs \u00abQu\u00e8 fem amb el fem?\u00bb per a escolars o una jornada divulgativa sobre l&#8217;\u00fas dels pl\u00e0stics.<\/p>\n","protected":false},"excerpt":{"rendered":"<p>La Universitat Jaume I i l&#8217;empresa p\u00fablica Reciplasa, S. A. han celebrat avui 26 de gener de 2021 la comissi\u00f3 mixta de seguiment de la C\u00e0tedra Reciplasa de Gesti\u00f3 de Residus Urbans. La reuni\u00f3, adaptada a les circumst\u00e0ncies actuals, s&#8217;ha realitzat de manera virtual i ha comptat amb l&#8217;assist\u00e8ncia del catedr\u00e0tic de l&#8217;UJI i directorDale que hay m\u00e1s &#8230;<\/p>\n","protected":false},"author":3,"featured_media":14673,"comment_status":"closed","ping_status":"closed","sticky":false,"template":"","format":"standard","meta":{"footnotes":""},"categories":[88],"tags":[],"class_list":["post-14677","post","type-post","status-publish","format-standard","has-post-thumbnail","hentry","category-catedra-reciplasa-uji"],"yoast_head":"<!-- This site is optimized with the Yoast SEO plugin v27.4 - https:\/\/yoast.com\/product\/yoast-seo-wordpress\/ -->\n<title>La C\u00e0tedra Reciplasa realitza el 80% de les activitats previstes en 2020 malgrat la pand\u00e8mia - RECIPLASA<\/title>\n<meta name=\"robots\" content=\"index, follow, max-snippet:-1, max-image-preview:large, max-video-preview:-1\" \/>\n<link rel=\"canonical\" href=\"https:\/\/www.reciplasa.es\/la-catedra-reciplasa-realiza-el-80-de-las-actividades-previstas-en-2020-a-pesar-de-la-pandemia\/\" \/>\n<meta property=\"og:locale\" content=\"en_US\" \/>\n<meta property=\"og:type\" content=\"article\" \/>\n<meta property=\"og:title\" content=\"La C\u00e0tedra Reciplasa realitza el 80% de les activitats previstes en 2020 malgrat la pand\u00e8mia - RECIPLASA\" \/>\n<meta property=\"og:description\" content=\"La Universitat Jaume I i l&#8217;empresa p\u00fablica Reciplasa, S. A. han celebrat avui 26 de gener de 2021 la comissi\u00f3 mixta de seguiment de la C\u00e0tedra Reciplasa de Gesti\u00f3 de Residus Urbans. La reuni\u00f3, adaptada a les circumst\u00e0ncies actuals, s&#8217;ha realitzat de manera virtual i ha comptat amb l&#8217;assist\u00e8ncia del catedr\u00e0tic de l&#8217;UJI i directorDale que hay m\u00e1s ...\" \/>\n<meta property=\"og:url\" content=\"https:\/\/www.reciplasa.es\/la-catedra-reciplasa-realiza-el-80-de-las-actividades-previstas-en-2020-a-pesar-de-la-pandemia\/\" \/>\n<meta property=\"og:site_name\" content=\"RECIPLASA\" \/>\n<meta property=\"article:published_time\" content=\"2021-01-27T10:28:56+00:00\" \/>\n<meta property=\"og:image\" content=\"https:\/\/www.reciplasa.es\/wp-content\/uploads\/2021\/01\/comissio\u0301-seguiment-Catedra-Reciplasa.jpg\" \/>\n\t<meta property=\"og:image:width\" content=\"1137\" \/>\n\t<meta property=\"og:image:height\" content=\"978\" \/>\n\t<meta property=\"og:image:type\" content=\"image\/jpeg\" \/>\n<meta name=\"author\" content=\"Cristina Marco\" \/>\n<meta name=\"twitter:card\" content=\"summary_large_image\" \/>\n<meta name=\"twitter:label1\" content=\"Written by\" \/>\n\t<meta name=\"twitter:data1\" content=\"Cristina Marco\" \/>\n\t<meta name=\"twitter:label2\" content=\"Est. reading time\" \/>\n\t<meta name=\"twitter:data2\" content=\"1 minute\" \/>\n<script type=\"application\/ld+json\" class=\"yoast-schema-graph\">{\"@context\":\"https:\\\/\\\/schema.org\",\"@graph\":[{\"@type\":\"Article\",\"@id\":\"https:\\\/\\\/www.reciplasa.es\\\/la-catedra-reciplasa-realiza-el-80-de-las-actividades-previstas-en-2020-a-pesar-de-la-pandemia\\\/#article\",\"isPartOf\":{\"@id\":\"https:\\\/\\\/www.reciplasa.es\\\/la-catedra-reciplasa-realiza-el-80-de-las-actividades-previstas-en-2020-a-pesar-de-la-pandemia\\\/\"},\"author\":{\"name\":\"Cristina Marco\",\"@id\":\"https:\\\/\\\/www.reciplasa.es\\\/#\\\/schema\\\/person\\\/608ffc094e3c56d49e6c6ec8f1ea0e82\"},\"headline\":\"La C\u00e0tedra Reciplasa realitza el 80% de les activitats previstes en 2020 malgrat la pand\u00e8mia\",\"datePublished\":\"2021-01-27T10:28:56+00:00\",\"mainEntityOfPage\":{\"@id\":\"https:\\\/\\\/www.reciplasa.es\\\/la-catedra-reciplasa-realiza-el-80-de-las-actividades-previstas-en-2020-a-pesar-de-la-pandemia\\\/\"},\"wordCount\":305,\"image\":{\"@id\":\"https:\\\/\\\/www.reciplasa.es\\\/la-catedra-reciplasa-realiza-el-80-de-las-actividades-previstas-en-2020-a-pesar-de-la-pandemia\\\/#primaryimage\"},\"thumbnailUrl\":\"https:\\\/\\\/www.reciplasa.es\\\/wp-content\\\/uploads\\\/2021\\\/01\\\/comissio\u0301-seguiment-Catedra-Reciplasa.jpg\",\"articleSection\":[\"C\u00e0tedra Reciplasa-UJI\"],\"inLanguage\":\"va-VA\"},{\"@type\":\"WebPage\",\"@id\":\"https:\\\/\\\/www.reciplasa.es\\\/la-catedra-reciplasa-realiza-el-80-de-las-actividades-previstas-en-2020-a-pesar-de-la-pandemia\\\/\",\"url\":\"https:\\\/\\\/www.reciplasa.es\\\/la-catedra-reciplasa-realiza-el-80-de-las-actividades-previstas-en-2020-a-pesar-de-la-pandemia\\\/\",\"name\":\"La C\u00e0tedra Reciplasa realitza el 80% de les activitats previstes en 2020 malgrat la pand\u00e8mia - RECIPLASA\",\"isPartOf\":{\"@id\":\"https:\\\/\\\/www.reciplasa.es\\\/#website\"},\"primaryImageOfPage\":{\"@id\":\"https:\\\/\\\/www.reciplasa.es\\\/la-catedra-reciplasa-realiza-el-80-de-las-actividades-previstas-en-2020-a-pesar-de-la-pandemia\\\/#primaryimage\"},\"image\":{\"@id\":\"https:\\\/\\\/www.reciplasa.es\\\/la-catedra-reciplasa-realiza-el-80-de-las-actividades-previstas-en-2020-a-pesar-de-la-pandemia\\\/#primaryimage\"},\"thumbnailUrl\":\"https:\\\/\\\/www.reciplasa.es\\\/wp-content\\\/uploads\\\/2021\\\/01\\\/comissio\u0301-seguiment-Catedra-Reciplasa.jpg\",\"datePublished\":\"2021-01-27T10:28:56+00:00\",\"author\":{\"@id\":\"https:\\\/\\\/www.reciplasa.es\\\/#\\\/schema\\\/person\\\/608ffc094e3c56d49e6c6ec8f1ea0e82\"},\"breadcrumb\":{\"@id\":\"https:\\\/\\\/www.reciplasa.es\\\/la-catedra-reciplasa-realiza-el-80-de-las-actividades-previstas-en-2020-a-pesar-de-la-pandemia\\\/#breadcrumb\"},\"inLanguage\":\"va-VA\",\"potentialAction\":[{\"@type\":\"ReadAction\",\"target\":[\"https:\\\/\\\/www.reciplasa.es\\\/la-catedra-reciplasa-realiza-el-80-de-las-actividades-previstas-en-2020-a-pesar-de-la-pandemia\\\/\"]}]},{\"@type\":\"ImageObject\",\"inLanguage\":\"va-VA\",\"@id\":\"https:\\\/\\\/www.reciplasa.es\\\/la-catedra-reciplasa-realiza-el-80-de-las-actividades-previstas-en-2020-a-pesar-de-la-pandemia\\\/#primaryimage\",\"url\":\"https:\\\/\\\/www.reciplasa.es\\\/wp-content\\\/uploads\\\/2021\\\/01\\\/comissio\u0301-seguiment-Catedra-Reciplasa.jpg\",\"contentUrl\":\"https:\\\/\\\/www.reciplasa.es\\\/wp-content\\\/uploads\\\/2021\\\/01\\\/comissio\u0301-seguiment-Catedra-Reciplasa.jpg\",\"width\":1137,\"height\":978},{\"@type\":\"BreadcrumbList\",\"@id\":\"https:\\\/\\\/www.reciplasa.es\\\/la-catedra-reciplasa-realiza-el-80-de-las-actividades-previstas-en-2020-a-pesar-de-la-pandemia\\\/#breadcrumb\",\"itemListElement\":[{\"@type\":\"ListItem\",\"position\":1,\"name\":\"Portada\",\"item\":\"https:\\\/\\\/www.reciplasa.es\\\/va\\\/\"},{\"@type\":\"ListItem\",\"position\":2,\"name\":\"La C\u00e0tedra Reciplasa realitza el 80% de les activitats previstes en 2020 malgrat la pand\u00e8mia\"}]},{\"@type\":\"WebSite\",\"@id\":\"https:\\\/\\\/www.reciplasa.es\\\/#website\",\"url\":\"https:\\\/\\\/www.reciplasa.es\\\/\",\"name\":\"RECIPLASA\",\"description\":\"Reciclats de Residus La Plana SA\",\"potentialAction\":[{\"@type\":\"SearchAction\",\"target\":{\"@type\":\"EntryPoint\",\"urlTemplate\":\"https:\\\/\\\/www.reciplasa.es\\\/?s={search_term_string}\"},\"query-input\":{\"@type\":\"PropertyValueSpecification\",\"valueRequired\":true,\"valueName\":\"search_term_string\"}}],\"inLanguage\":\"va-VA\"},{\"@type\":\"Person\",\"@id\":\"https:\\\/\\\/www.reciplasa.es\\\/#\\\/schema\\\/person\\\/608ffc094e3c56d49e6c6ec8f1ea0e82\",\"name\":\"Cristina Marco\",\"image\":{\"@type\":\"ImageObject\",\"inLanguage\":\"va-VA\",\"@id\":\"https:\\\/\\\/secure.gravatar.com\\\/avatar\\\/6da7e00dc41d26d3c4245f3b2d70d687293df0dfc18f03719354383f7be4f34b?s=96&d=mm&r=g\",\"url\":\"https:\\\/\\\/secure.gravatar.com\\\/avatar\\\/6da7e00dc41d26d3c4245f3b2d70d687293df0dfc18f03719354383f7be4f34b?s=96&d=mm&r=g\",\"contentUrl\":\"https:\\\/\\\/secure.gravatar.com\\\/avatar\\\/6da7e00dc41d26d3c4245f3b2d70d687293df0dfc18f03719354383f7be4f34b?s=96&d=mm&r=g\",\"caption\":\"Cristina Marco\"},\"url\":\"https:\\\/\\\/www.reciplasa.es\\\/va\\\/author\\\/cristina\\\/\"}]}<\/script>\n<!-- \/ Yoast SEO plugin. -->","yoast_head_json":{"title":"La C\u00e0tedra Reciplasa realitza el 80% de les activitats previstes en 2020 malgrat la pand\u00e8mia - RECIPLASA","robots":{"index":"index","follow":"follow","max-snippet":"max-snippet:-1","max-image-preview":"max-image-preview:large","max-video-preview":"max-video-preview:-1"},"canonical":"https:\/\/www.reciplasa.es\/la-catedra-reciplasa-realiza-el-80-de-las-actividades-previstas-en-2020-a-pesar-de-la-pandemia\/","og_locale":"en_US","og_type":"article","og_title":"La C\u00e0tedra Reciplasa realitza el 80% de les activitats previstes en 2020 malgrat la pand\u00e8mia - RECIPLASA","og_description":"La Universitat Jaume I i l&#8217;empresa p\u00fablica Reciplasa, S. A. han celebrat avui 26 de gener de 2021 la comissi\u00f3 mixta de seguiment de la C\u00e0tedra Reciplasa de Gesti\u00f3 de Residus Urbans. La reuni\u00f3, adaptada a les circumst\u00e0ncies actuals, s&#8217;ha realitzat de manera virtual i ha comptat amb l&#8217;assist\u00e8ncia del catedr\u00e0tic de l&#8217;UJI i directorDale que hay m\u00e1s ...","og_url":"https:\/\/www.reciplasa.es\/la-catedra-reciplasa-realiza-el-80-de-las-actividades-previstas-en-2020-a-pesar-de-la-pandemia\/","og_site_name":"RECIPLASA","article_published_time":"2021-01-27T10:28:56+00:00","og_image":[{"width":1137,"height":978,"url":"https:\/\/www.reciplasa.es\/wp-content\/uploads\/2021\/01\/comissio\u0301-seguiment-Catedra-Reciplasa.jpg","type":"image\/jpeg"}],"author":"Cristina Marco","twitter_card":"summary_large_image","twitter_misc":{"Written by":"Cristina Marco","Est. reading time":"1 minute"},"schema":{"@context":"https:\/\/schema.org","@graph":[{"@type":"Article","@id":"https:\/\/www.reciplasa.es\/la-catedra-reciplasa-realiza-el-80-de-las-actividades-previstas-en-2020-a-pesar-de-la-pandemia\/#article","isPartOf":{"@id":"https:\/\/www.reciplasa.es\/la-catedra-reciplasa-realiza-el-80-de-las-actividades-previstas-en-2020-a-pesar-de-la-pandemia\/"},"author":{"name":"Cristina Marco","@id":"https:\/\/www.reciplasa.es\/#\/schema\/person\/608ffc094e3c56d49e6c6ec8f1ea0e82"},"headline":"La C\u00e0tedra Reciplasa realitza el 80% de les activitats previstes en 2020 malgrat la pand\u00e8mia","datePublished":"2021-01-27T10:28:56+00:00","mainEntityOfPage":{"@id":"https:\/\/www.reciplasa.es\/la-catedra-reciplasa-realiza-el-80-de-las-actividades-previstas-en-2020-a-pesar-de-la-pandemia\/"},"wordCount":305,"image":{"@id":"https:\/\/www.reciplasa.es\/la-catedra-reciplasa-realiza-el-80-de-las-actividades-previstas-en-2020-a-pesar-de-la-pandemia\/#primaryimage"},"thumbnailUrl":"https:\/\/www.reciplasa.es\/wp-content\/uploads\/2021\/01\/comissio\u0301-seguiment-Catedra-Reciplasa.jpg","articleSection":["C\u00e0tedra Reciplasa-UJI"],"inLanguage":"va-VA"},{"@type":"WebPage","@id":"https:\/\/www.reciplasa.es\/la-catedra-reciplasa-realiza-el-80-de-las-actividades-previstas-en-2020-a-pesar-de-la-pandemia\/","url":"https:\/\/www.reciplasa.es\/la-catedra-reciplasa-realiza-el-80-de-las-actividades-previstas-en-2020-a-pesar-de-la-pandemia\/","name":"La C\u00e0tedra Reciplasa realitza el 80% de les activitats previstes en 2020 malgrat la pand\u00e8mia - RECIPLASA","isPartOf":{"@id":"https:\/\/www.reciplasa.es\/#website"},"primaryImageOfPage":{"@id":"https:\/\/www.reciplasa.es\/la-catedra-reciplasa-realiza-el-80-de-las-actividades-previstas-en-2020-a-pesar-de-la-pandemia\/#primaryimage"},"image":{"@id":"https:\/\/www.reciplasa.es\/la-catedra-reciplasa-realiza-el-80-de-las-actividades-previstas-en-2020-a-pesar-de-la-pandemia\/#primaryimage"},"thumbnailUrl":"https:\/\/www.reciplasa.es\/wp-content\/uploads\/2021\/01\/comissio\u0301-seguiment-Catedra-Reciplasa.jpg","datePublished":"2021-01-27T10:28:56+00:00","author":{"@id":"https:\/\/www.reciplasa.es\/#\/schema\/person\/608ffc094e3c56d49e6c6ec8f1ea0e82"},"breadcrumb":{"@id":"https:\/\/www.reciplasa.es\/la-catedra-reciplasa-realiza-el-80-de-las-actividades-previstas-en-2020-a-pesar-de-la-pandemia\/#breadcrumb"},"inLanguage":"va-VA","potentialAction":[{"@type":"ReadAction","target":["https:\/\/www.reciplasa.es\/la-catedra-reciplasa-realiza-el-80-de-las-actividades-previstas-en-2020-a-pesar-de-la-pandemia\/"]}]},{"@type":"ImageObject","inLanguage":"va-VA","@id":"https:\/\/www.reciplasa.es\/la-catedra-reciplasa-realiza-el-80-de-las-actividades-previstas-en-2020-a-pesar-de-la-pandemia\/#primaryimage","url":"https:\/\/www.reciplasa.es\/wp-content\/uploads\/2021\/01\/comissio\u0301-seguiment-Catedra-Reciplasa.jpg","contentUrl":"https:\/\/www.reciplasa.es\/wp-content\/uploads\/2021\/01\/comissio\u0301-seguiment-Catedra-Reciplasa.jpg","width":1137,"height":978},{"@type":"BreadcrumbList","@id":"https:\/\/www.reciplasa.es\/la-catedra-reciplasa-realiza-el-80-de-las-actividades-previstas-en-2020-a-pesar-de-la-pandemia\/#breadcrumb","itemListElement":[{"@type":"ListItem","position":1,"name":"Portada","item":"https:\/\/www.reciplasa.es\/va\/"},{"@type":"ListItem","position":2,"name":"La C\u00e0tedra Reciplasa realitza el 80% de les activitats previstes en 2020 malgrat la pand\u00e8mia"}]},{"@type":"WebSite","@id":"https:\/\/www.reciplasa.es\/#website","url":"https:\/\/www.reciplasa.es\/","name":"RECIPLASA","description":"Reciclats de Residus La Plana SA","potentialAction":[{"@type":"SearchAction","target":{"@type":"EntryPoint","urlTemplate":"https:\/\/www.reciplasa.es\/?s={search_term_string}"},"query-input":{"@type":"PropertyValueSpecification","valueRequired":true,"valueName":"search_term_string"}}],"inLanguage":"va-VA"},{"@type":"Person","@id":"https:\/\/www.reciplasa.es\/#\/schema\/person\/608ffc094e3c56d49e6c6ec8f1ea0e82","name":"Cristina Marco","image":{"@type":"ImageObject","inLanguage":"va-VA","@id":"https:\/\/secure.gravatar.com\/avatar\/6da7e00dc41d26d3c4245f3b2d70d687293df0dfc18f03719354383f7be4f34b?s=96&d=mm&r=g","url":"https:\/\/secure.gravatar.com\/avatar\/6da7e00dc41d26d3c4245f3b2d70d687293df0dfc18f03719354383f7be4f34b?s=96&d=mm&r=g","contentUrl":"https:\/\/secure.gravatar.com\/avatar\/6da7e00dc41d26d3c4245f3b2d70d687293df0dfc18f03719354383f7be4f34b?s=96&d=mm&r=g","caption":"Cristina Marco"},"url":"https:\/\/www.reciplasa.es\/va\/author\/cristina\/"}]}},"_links":{"self":[{"href":"https:\/\/www.reciplasa.es\/va\/wp-json\/wp\/v2\/posts\/14677","targetHints":{"allow":["GET"]}}],"collection":[{"href":"https:\/\/www.reciplasa.es\/va\/wp-json\/wp\/v2\/posts"}],"about":[{"href":"https:\/\/www.reciplasa.es\/va\/wp-json\/wp\/v2\/types\/post"}],"author":[{"embeddable":true,"href":"https:\/\/www.reciplasa.es\/va\/wp-json\/wp\/v2\/users\/3"}],"replies":[{"embeddable":true,"href":"https:\/\/www.reciplasa.es\/va\/wp-json\/wp\/v2\/comments?post=14677"}],"version-history":[{"count":1,"href":"https:\/\/www.reciplasa.es\/va\/wp-json\/wp\/v2\/posts\/14677\/revisions"}],"predecessor-version":[{"id":14678,"href":"https:\/\/www.reciplasa.es\/va\/wp-json\/wp\/v2\/posts\/14677\/revisions\/14678"}],"wp:featuredmedia":[{"embeddable":true,"href":"https:\/\/www.reciplasa.es\/va\/wp-json\/wp\/v2\/media\/14673"}],"wp:attachment":[{"href":"https:\/\/www.reciplasa.es\/va\/wp-json\/wp\/v2\/media?parent=14677"}],"wp:term":[{"taxonomy":"category","embeddable":true,"href":"https:\/\/www.reciplasa.es\/va\/wp-json\/wp\/v2\/categories?post=14677"},{"taxonomy":"post_tag","embeddable":true,"href":"https:\/\/www.reciplasa.es\/va\/wp-json\/wp\/v2\/tags?post=14677"}],"curies":[{"name":"wp","href":"https:\/\/api.w.org\/{rel}","templated":true}]}}